{"id":34961,"date":"2024-01-03T10:30:38","date_gmt":"2024-01-03T13:30:38","guid":{"rendered":"https:\/\/larevistadigital.com.ar\/blog\/?p=34961"},"modified":"2024-01-03T10:30:38","modified_gmt":"2024-01-03T13:30:38","slug":"bahia-blanca-sera-denunciada-una-empresa-por-derrame-de-petroleo-en-la-ria","status":"publish","type":"post","link":"https:\/\/larevistadigital.com.ar\/blog\/bahia-blanca-sera-denunciada-una-empresa-por-derrame-de-petroleo-en-la-ria\/","title":{"rendered":"BAH\u00cdA BLANCA: SER\u00c1 DENUNCIADA UNA EMPRESA POR DERRAME DE PETR\u00d3LEO EN LA R\u00cdA."},"content":{"rendered":"<h2 class=\"fparrafo ctext fz18 lh25\">|La Municipalidad de Bah\u00eda Blanca denunciar\u00e1 a una empresa, que opera en Puerto Rosales, cercano a la localidad de Punta Alta, tras un derrame de petr\u00f3leo que ocurri\u00f3 el pasado 27 de diciembre en la r\u00eda local.<\/h2>\n<p>3 de enero de 2023<\/p>\n<p><strong>BAH\u00cdA BLANCA &#8211;\u00a0 <em>\u00abComo es sabido, para todos menos para el gerente de Oiltanking Ebytem S.A. Terminal Mar\u00edtima Puerto Rosales, nuestro humedal costero es una unidad ecosist\u00e9mica \u00fanica con aguas y una biodiversidad compartidas por diversos partidos, entre ellos el de Bah\u00eda, cuyo inter\u00e9s represento\u00bb<\/em><\/strong>, agreg\u00f3 <strong>Susbielles<\/strong> en su cuenta de la red social X .<\/p>\n<blockquote>\n<h3>El intendente sostuvo que <em>\u00abla posible activaci\u00f3n tard\u00eda del Plan de Contingencias para Derrames de Hidrocarburos en el Agua (PLANACON) y la falta de diligencia de la compa\u00f1\u00eda que agravaron los riesgos y el da\u00f1o efectivo, deben ser mensuradas por la justicia, m\u00e1s all\u00e1 de los organismos intervinientes\u00bb.<\/em><\/h3>\n<\/blockquote>\n<p>Seg\u00fan se indic\u00f3 el hecho ocurri\u00f3 el 27 de diciembre, en horas de la tarde, cuando se activ\u00f3 el Plan de Contingencias para Derrames de Hidrocarburos en el Agua (PLANACON) mediante aviso a Prefectura Naval Argentina (PNA), con asiento en Bah\u00eda Blanca.<\/p>\n<h3><span style=\"color: #ff0000\"><b>Excusas nada m\u00e1s<\/b><\/span><\/h3>\n<p>En ese sentido, la empresa Oiltanking se\u00f1al\u00f3 que <em><strong>\u00abesto ocurri\u00f3 luego de que, tal como se informara a Prefectura Naval, durante el amarre del Buque Cabo Souni\u00f3n y este sin haber iniciado operaciones (el buque no ten\u00eda sus mangueras de bombeo conectadas), se detectara una oleosidad\u00bb.<\/strong><\/em><\/p>\n<p><strong><em>\u00abEsto motiv\u00f3 la suspensi\u00f3n del amarre, previo barrido de la l\u00ednea mar\u00edtima y posterior inspecci\u00f3n de las instalaciones\u00bb<\/em><\/strong>, agreg\u00f3 la compa\u00f1\u00eda, mediante un comunicado.<\/p>\n<h3><span style=\"color: #ff0000\"><b>\u00abTareas de remediaci\u00f3n y limpieza\u201d<\/b><\/span><\/h3>\n<p>Tambi\u00e9n la empresa se\u00f1al\u00f3 que <strong><em>\u00absin perjuicio de la investigaci\u00f3n se realizaron trabajos de contenci\u00f3n y control de la oleosidad por medio de barreras y booms absorbentes a cargo de la empresa contratista CINTRA\u00bb.<\/em><\/strong><\/p>\n<blockquote>\n<h3>Adem\u00e1s, sostuvo que luego de diversas autorizaciones comenzaron las <em>\u00abtareas de remediaci\u00f3n y limpieza del sector del canal del embudo y adyacencias, afectadas parcialmente por presencia de petr\u00f3leo\u00bb.<\/em><\/h3>\n<\/blockquote>\n<p>Sobre el evento registrado, la empresa agreg\u00f3 que lleva a cabo<strong><em> \u00abinvestigaci\u00f3n de causa ra\u00edz\u00bb<\/em><\/strong>, a fin de detectar en qu\u00e9 parte del proceso de amarre se pudo dar lugar a un error. (<b>InfoGEI<\/b>)Ac<\/p>\n","protected":false},"excerpt":{"rendered":"<div class=\"mh-excerpt\"><p>|La Municipalidad de Bah\u00eda Blanca denunciar\u00e1 a una empresa, que opera en Puerto Rosales, cercano a la localidad de Punta Alta, tras un derrame de petr\u00f3leo que ocurri\u00f3 el pasado 27 de diciembre en la <a class=\"mh-excerpt-more\" href=\"https:\/\/larevistadigital.com.ar\/blog\/bahia-blanca-sera-denunciada-una-empresa-por-derrame-de-petroleo-en-la-ria\/\" title=\"BAH\u00cdA BLANCA: SER\u00c1 DENUNCIADA UNA EMPRESA POR DERRAME DE PETR\u00d3LEO EN LA R\u00cdA.\">[Leer M\u00e1s]<\/a><\/p>\n<\/div>","protected":false},"author":3,"featured_media":34962,"comment_status":"open","ping_status":"open","sticky":false,"template":"","format":"standard","meta":{"_jetpack_memberships_contains_paid_content":false,"footnotes":"","jetpack_publicize_message":"","jetpack_publicize_feature_enabled":true,"jetpack_social_post_already_shared":true,"jetpack_social_options":{"image_generator_settings":{"template":"highway","default_image_id":0,"font":"","enabled":false},"version":2}},"categories":[51],"tags":[],"class_list":{"0":"post-34961","1":"post","2":"type-post","3":"status-publish","4":"format-standard","5":"has-post-thumbnail","7":"category-regionales"},"jetpack_publicize_connections":[],"jetpack_featured_media_url":"https:\/\/i0.wp.com\/larevistadigital.com.ar\/blog\/wp-content\/uploads\/20240103085547_derrame-petroleo-bahia-blanca-denuncia.jpg?fit=880%2C512&ssl=1","jetpack_sharing_enabled":true,"jetpack_shortlink":"https:\/\/wp.me\/p8qtrQ-95T","jetpack-related-posts":[{"id":35480,"url":"https:\/\/larevistadigital.com.ar\/blog\/bahia-blanca-denuncian-un-nuevo-derrame-de-hidrocarburos\/","url_meta":{"origin":34961,"position":0},"title":"BAH\u00cdA BLANCA: DENUNCIAN UN NUEVO DERRAME DE HIDROCARBUROS.","author":"Alejandro Sosa Ruda","date":"10 marzo, 2024","format":false,"excerpt":"Desde fines del 2023 la Estaci\u00f3n de Rescate de Fauna Marina (ERFAM ) viene manifestando p\u00fablicamente su preocupaci\u00f3n por los reiterados derrames de hidrocarburos en el estuario de la bah\u00eda Blanca. 10 de marzo de 2024 BAH\u00cdA BLANCA -\u00a0 La composici\u00f3n de im\u00e1genes satelitales elaboradas por el Observatorio de Sismicidad\u2026","rel":"","context":"En \u00abREGIONALES\u00bb","block_context":{"text":"REGIONALES","link":"https:\/\/larevistadigital.com.ar\/blog\/category\/regionales\/"},"img":{"alt_text":"","src":"https:\/\/i0.wp.com\/larevistadigital.com.ar\/blog\/wp-content\/uploads\/20240309153850_cuarto-derrame-hidrocarburos-estuario-bahia-blanca.jpg?fit=880%2C512&ssl=1&resize=350%2C200","width":350,"height":200,"srcset":"https:\/\/i0.wp.com\/larevistadigital.com.ar\/blog\/wp-content\/uploads\/20240309153850_cuarto-derrame-hidrocarburos-estuario-bahia-blanca.jpg?fit=880%2C512&ssl=1&resize=350%2C200 1x, https:\/\/i0.wp.com\/larevistadigital.com.ar\/blog\/wp-content\/uploads\/20240309153850_cuarto-derrame-hidrocarburos-estuario-bahia-blanca.jpg?fit=880%2C512&ssl=1&resize=525%2C300 1.5x, https:\/\/i0.wp.com\/larevistadigital.com.ar\/blog\/wp-content\/uploads\/20240309153850_cuarto-derrame-hidrocarburos-estuario-bahia-blanca.jpg?fit=880%2C512&ssl=1&resize=700%2C400 2x"},"classes":[]},{"id":33345,"url":"https:\/\/larevistadigital.com.ar\/blog\/kicillof-en-bahia-blanca-vuelven-con-ideas-que-fracasaron-porque-quieren-quedarse-con-vaca-muerta\/","url_meta":{"origin":34961,"position":1},"title":"KICILLOF EN BAH\u00cdA BLANCA: \u00abVUELVEN CON IDEAS QUE FRACASARON PORQUE QUIEREN QUEDARSE CON VACA MUERTA\u00bb","author":"Alejandro Sosa Ruda","date":"7 septiembre, 2023","format":false,"excerpt":"El gobernador bonaerense encabez\u00f3 el cierre de la Jornada por el Derecho al Desarrollo Energ\u00e9tico, en donde destac\u00f3 los avances del Estado en pol\u00edticas energ\u00e9ticas y critic\u00f3 las aspiraciones privatizadoras de Juntos pr el Cambio. 7 De Septiembre de 2023 BAH\u00cdA BLANCA - Telam -\u00a0 El gobernador bonaerense,\u00a0Axel Kicillof, asever\u00f3\u2026","rel":"","context":"En \u00abPOLITICA PROVINCIAL\u00bb","block_context":{"text":"POLITICA PROVINCIAL","link":"https:\/\/larevistadigital.com.ar\/blog\/category\/politica\/politica-provincial\/"},"img":{"alt_text":"","src":"https:\/\/i0.wp.com\/larevistadigital.com.ar\/blog\/wp-content\/uploads\/64f90a2fb3788_1200.jpg?fit=1200%2C675&ssl=1&resize=350%2C200","width":350,"height":200,"srcset":"https:\/\/i0.wp.com\/larevistadigital.com.ar\/blog\/wp-content\/uploads\/64f90a2fb3788_1200.jpg?fit=1200%2C675&ssl=1&resize=350%2C200 1x, https:\/\/i0.wp.com\/larevistadigital.com.ar\/blog\/wp-content\/uploads\/64f90a2fb3788_1200.jpg?fit=1200%2C675&ssl=1&resize=525%2C300 1.5x, https:\/\/i0.wp.com\/larevistadigital.com.ar\/blog\/wp-content\/uploads\/64f90a2fb3788_1200.jpg?fit=1200%2C675&ssl=1&resize=700%2C400 2x, https:\/\/i0.wp.com\/larevistadigital.com.ar\/blog\/wp-content\/uploads\/64f90a2fb3788_1200.jpg?fit=1200%2C675&ssl=1&resize=1050%2C600 3x"},"classes":[]},{"id":32520,"url":"https:\/\/larevistadigital.com.ar\/blog\/bahia-blanca-avanzan-las-obras-de-la-provincia-en-la-avenida-de-circunvalacion-norte\/","url_meta":{"origin":34961,"position":2},"title":"BAH\u00cdA BLANCA: AVANZAN LAS OBRAS DE LA PROVINCIA EN LA AVENIDA DE CIRCUNVALACI\u00d3N NORTE","author":"Alejandro Sosa Ruda","date":"20 julio, 2023","format":false,"excerpt":"Contin\u00faa la construcci\u00f3n de los puentes sobre el Arroyo Napost\u00e1 Grande y sobre el Camino de La Carrindanga. 20 de julio de 2023 BAH\u00cdA BLANCA -\u00a0 La Direcci\u00f3n de Vialidad de la Provincia de Buenos Aires contin\u00faa avanzando en una obra clave para la conectividad y el desarrollo productivo de\u2026","rel":"","context":"En \u00abPOLITICA PROVINCIAL\u00bb","block_context":{"text":"POLITICA PROVINCIAL","link":"https:\/\/larevistadigital.com.ar\/blog\/category\/politica\/politica-provincial\/"},"img":{"alt_text":"","src":"https:\/\/i0.wp.com\/larevistadigital.com.ar\/blog\/wp-content\/uploads\/202307181204100.5.jpg?fit=1200%2C800&ssl=1&resize=350%2C200","width":350,"height":200,"srcset":"https:\/\/i0.wp.com\/larevistadigital.com.ar\/blog\/wp-content\/uploads\/202307181204100.5.jpg?fit=1200%2C800&ssl=1&resize=350%2C200 1x, https:\/\/i0.wp.com\/larevistadigital.com.ar\/blog\/wp-content\/uploads\/202307181204100.5.jpg?fit=1200%2C800&ssl=1&resize=525%2C300 1.5x, https:\/\/i0.wp.com\/larevistadigital.com.ar\/blog\/wp-content\/uploads\/202307181204100.5.jpg?fit=1200%2C800&ssl=1&resize=700%2C400 2x, https:\/\/i0.wp.com\/larevistadigital.com.ar\/blog\/wp-content\/uploads\/202307181204100.5.jpg?fit=1200%2C800&ssl=1&resize=1050%2C600 3x"},"classes":[]},{"id":27954,"url":"https:\/\/larevistadigital.com.ar\/blog\/bahia-blanca-dicen-que-volvio-a-chocar-el-dueno-de-la-drogueria-sur\/","url_meta":{"origin":34961,"position":3},"title":"BAH\u00cdA BLANCA: DICEN QUE VOLVI\u00d3 A CHOCAR EL DUE\u00d1O DE LA DROGUER\u00cdA SUR","author":"Alejandro Sosa Ruda","date":"21 septiembre, 2022","format":false,"excerpt":"No es la primera vez que protagoniza un accidente. 21 de septiembre de 2022 BAH\u00cdA BLANCA -\u00a0 Carlos Carlavan de 65 a\u00f1os volvi\u00f3 a protagonizar otro accidente en Bah\u00eda Blanca. Esta vez impact\u00f3 contra el cartel de la ciudad ubicado en Av. Alfons\u00edn y Cabrera. Fuentes del Municipio aseguran que\u2026","rel":"","context":"En \u00abPOLICIALES\u00bb","block_context":{"text":"POLICIALES","link":"https:\/\/larevistadigital.com.ar\/blog\/category\/policiales\/"},"img":{"alt_text":"","src":"https:\/\/i0.wp.com\/larevistadigital.com.ar\/blog\/wp-content\/uploads\/WhatsApp-Image-2022-09-20-at-16.14.15.jpeg?fit=720%2C405&ssl=1&resize=350%2C200","width":350,"height":200,"srcset":"https:\/\/i0.wp.com\/larevistadigital.com.ar\/blog\/wp-content\/uploads\/WhatsApp-Image-2022-09-20-at-16.14.15.jpeg?fit=720%2C405&ssl=1&resize=350%2C200 1x, https:\/\/i0.wp.com\/larevistadigital.com.ar\/blog\/wp-content\/uploads\/WhatsApp-Image-2022-09-20-at-16.14.15.jpeg?fit=720%2C405&ssl=1&resize=525%2C300 1.5x, https:\/\/i0.wp.com\/larevistadigital.com.ar\/blog\/wp-content\/uploads\/WhatsApp-Image-2022-09-20-at-16.14.15.jpeg?fit=720%2C405&ssl=1&resize=700%2C400 2x"},"classes":[]},{"id":27965,"url":"https:\/\/larevistadigital.com.ar\/blog\/bahia-blanca-un-hombre-cayo-de-4-metros-de-altura\/","url_meta":{"origin":34961,"position":4},"title":"BAH\u00cdA BLANCA: UN HOMBRE CAY\u00d3 DE 4 METROS DE ALTURA","author":"Alejandro Sosa Ruda","date":"21 septiembre, 2022","format":false,"excerpt":"El hecho ocurri\u00f3 a las 10.50 en Zelarrayan y Rodr\u00edguez. Afortunadamente sobrevivi\u00f3 a la ca\u00edda. 21 de septiembre de 2022 BAH\u00cdA BLANCA -\u00a0 Se trata de un obrero de 35 a\u00f1os que estaba haciendo trabajos de reparaci\u00f3n en el techo de un local. Fue trasladado consciente con dolores lumbar y\u2026","rel":"","context":"En \u00abPOLICIALES\u00bb","block_context":{"text":"POLICIALES","link":"https:\/\/larevistadigital.com.ar\/blog\/category\/policiales\/"},"img":{"alt_text":"","src":"https:\/\/i0.wp.com\/larevistadigital.com.ar\/blog\/wp-content\/uploads\/WhatsApp-Image-2022-09-20-at-14.27.13.jpeg?fit=720%2C471&ssl=1&resize=350%2C200","width":350,"height":200,"srcset":"https:\/\/i0.wp.com\/larevistadigital.com.ar\/blog\/wp-content\/uploads\/WhatsApp-Image-2022-09-20-at-14.27.13.jpeg?fit=720%2C471&ssl=1&resize=350%2C200 1x, https:\/\/i0.wp.com\/larevistadigital.com.ar\/blog\/wp-content\/uploads\/WhatsApp-Image-2022-09-20-at-14.27.13.jpeg?fit=720%2C471&ssl=1&resize=525%2C300 1.5x, https:\/\/i0.wp.com\/larevistadigital.com.ar\/blog\/wp-content\/uploads\/WhatsApp-Image-2022-09-20-at-14.27.13.jpeg?fit=720%2C471&ssl=1&resize=700%2C400 2x"},"classes":[]},{"id":30679,"url":"https:\/\/larevistadigital.com.ar\/blog\/a-dos-semanas-de-la-vuelta-descarrilo-tren-de-pasajeros-que-une-capital-con-bahia-blanca\/","url_meta":{"origin":34961,"position":5},"title":"A DOS SEMANAS DE LA VUELTA&#8230; DESCARRIL\u00d3 TREN DE PASAJEROS QUE UNE CAPITAL CON  BAH\u00cdA BLANCA","author":"Alejandro Sosa Ruda","date":"22 marzo, 2023","format":false,"excerpt":"Seg\u00fan se inform\u00f3, el incidente se produjo minutos antes de la medianoche del martes. No hubo heridos. Cabe recordar que este ramal volvi\u00f3 a funcionar el 10 de marzo. 22 de marzo de 2023 BAH\u00cdA BLANCA -\u00a0 \u00a0Un nuevo incidente en la formaci\u00f3n ferroviaria tuvo lugar en las \u00faltimas horas,\u2026","rel":"","context":"En \u00abINTERES GENERAL\u00bb","block_context":{"text":"INTERES GENERAL","link":"https:\/\/larevistadigital.com.ar\/blog\/category\/interes-general\/"},"img":{"alt_text":"","src":"https:\/\/i0.wp.com\/larevistadigital.com.ar\/blog\/wp-content\/uploads\/20230322170255_tren-bahia-bs-as.jpg?fit=880%2C512&ssl=1&resize=350%2C200","width":350,"height":200,"srcset":"https:\/\/i0.wp.com\/larevistadigital.com.ar\/blog\/wp-content\/uploads\/20230322170255_tren-bahia-bs-as.jpg?fit=880%2C512&ssl=1&resize=350%2C200 1x, https:\/\/i0.wp.com\/larevistadigital.com.ar\/blog\/wp-content\/uploads\/20230322170255_tren-bahia-bs-as.jpg?fit=880%2C512&ssl=1&resize=525%2C300 1.5x, https:\/\/i0.wp.com\/larevistadigital.com.ar\/blog\/wp-content\/uploads\/20230322170255_tren-bahia-bs-as.jpg?fit=880%2C512&ssl=1&resize=700%2C400 2x"},"classes":[]}],"_links":{"self":[{"href":"https:\/\/larevistadigital.com.ar\/blog\/wp-json\/wp\/v2\/posts\/34961","targetHints":{"allow":["GET"]}}],"collection":[{"href":"https:\/\/larevistadigital.com.ar\/blog\/wp-json\/wp\/v2\/posts"}],"about":[{"href":"https:\/\/larevistadigital.com.ar\/blog\/wp-json\/wp\/v2\/types\/post"}],"author":[{"embeddable":true,"href":"https:\/\/larevistadigital.com.ar\/blog\/wp-json\/wp\/v2\/users\/3"}],"replies":[{"embeddable":true,"href":"https:\/\/larevistadigital.com.ar\/blog\/wp-json\/wp\/v2\/comments?post=34961"}],"version-history":[{"count":1,"href":"https:\/\/larevistadigital.com.ar\/blog\/wp-json\/wp\/v2\/posts\/34961\/revisions"}],"predecessor-version":[{"id":34963,"href":"https:\/\/larevistadigital.com.ar\/blog\/wp-json\/wp\/v2\/posts\/34961\/revisions\/34963"}],"wp:featuredmedia":[{"embeddable":true,"href":"https:\/\/larevistadigital.com.ar\/blog\/wp-json\/wp\/v2\/media\/34962"}],"wp:attachment":[{"href":"https:\/\/larevistadigital.com.ar\/blog\/wp-json\/wp\/v2\/media?parent=34961"}],"wp:term":[{"taxonomy":"category","embeddable":true,"href":"https:\/\/larevistadigital.com.ar\/blog\/wp-json\/wp\/v2\/categories?post=34961"},{"taxonomy":"post_tag","embeddable":true,"href":"https:\/\/larevistadigital.com.ar\/blog\/wp-json\/wp\/v2\/tags?post=34961"}],"curies":[{"name":"wp","href":"https:\/\/api.w.org\/{rel}","templated":true}]}}