{"id":34964,"date":"2024-01-03T10:40:46","date_gmt":"2024-01-03T13:40:46","guid":{"rendered":"https:\/\/larevistadigital.com.ar\/blog\/?p=34964"},"modified":"2024-01-03T10:40:46","modified_gmt":"2024-01-03T13:40:46","slug":"raro-hallan-muerto-por-supuesto-suicidio-a-un-comisario-que-habia-sido-detenido-por-robar-siete-sobres-de-jugo-y-un-gel","status":"publish","type":"post","link":"https:\/\/larevistadigital.com.ar\/blog\/raro-hallan-muerto-por-supuesto-suicidio-a-un-comisario-que-habia-sido-detenido-por-robar-siete-sobres-de-jugo-y-un-gel\/","title":{"rendered":"RARO&#8230; HALLAN MUERTO POR SUPUESTO SUICIDIO A UN COMISARIO QUE HAB\u00cdA SIDO DETENIDO POR ROBAR SIETE SOBRES DE JUGO Y UN GEL&#8230;"},"content":{"rendered":"<h2 class=\"fparrafo ctext fz18 lh25\">Un comisario de la Polic\u00eda Bonaerense fue hallado sin vida en su auto este s\u00e1bado, seg\u00fan informaron fuentes oficiales. Se trata de Luis Zelarray\u00e1n, de 41 a\u00f1os, con domicilio en esa ciudad del suroeste bonaerense, quien \u00faltimamente prestaba servicios en la comisar\u00eda Tercera de Hurlingham, en el conurbano bonaerense.<\/h2>\n<p>3 de diciembre de 2023<\/p>\n<p><strong>HURLINGHAM &#8211;\u00a0<\/strong> El descubrimiento se produjo alrededor de las 9:30 de este s\u00e1bado, luego de un aviso sobre un Renault Clio blanco con una persona fallecida en el camino vecinal viejo de Calder\u00f3n.<\/p>\n<blockquote>\n<h3>La principal hip\u00f3tesis sugiere que Zelarray\u00e1n podr\u00eda haberse quitado la vida, ya que apareci\u00f3 con un tiro en la sien y el arma en sus manos. El cuerpo se encontraba a 10 metros del auto, indic\u00f3 una fuente de la investigaci\u00f3n.<\/h3>\n<\/blockquote>\n<p>Cabe se\u00f1alar que el comisario hab\u00eda sido detenido la noche del viernes, luego de robar siete sobres de jugo Tang y un gel para el cabello de la Cooperativa de calle S\u00f3crates. Fue trasladado a la comisar\u00eda Cuarta y liberado pasada la medianoche.<\/p>\n<p>La polic\u00eda todav\u00eda trata de establecer si el comisario fue v\u00edctima de homicidio o si se trat\u00f3 de un suicidio. (<b>InfoGEI<\/b>)Ac<\/p>\n","protected":false},"excerpt":{"rendered":"<div class=\"mh-excerpt\"><p>Un comisario de la Polic\u00eda Bonaerense fue hallado sin vida en su auto este s\u00e1bado, seg\u00fan informaron fuentes oficiales. Se trata de Luis Zelarray\u00e1n, de 41 a\u00f1os, con domicilio en esa ciudad del suroeste bonaerense, <a class=\"mh-excerpt-more\" href=\"https:\/\/larevistadigital.com.ar\/blog\/raro-hallan-muerto-por-supuesto-suicidio-a-un-comisario-que-habia-sido-detenido-por-robar-siete-sobres-de-jugo-y-un-gel\/\" title=\"RARO&#8230; HALLAN MUERTO POR SUPUESTO SUICIDIO A UN COMISARIO QUE HAB\u00cdA SIDO DETENIDO POR ROBAR SIETE SOBRES DE JUGO Y UN GEL&#8230;\">[Leer M\u00e1s]<\/a><\/p>\n<\/div>","protected":false},"author":3,"featured_media":34965,"comment_status":"open","ping_status":"open","sticky":false,"template":"","format":"standard","meta":{"_jetpack_memberships_contains_paid_content":false,"footnotes":"","jetpack_publicize_message":"","jetpack_publicize_feature_enabled":true,"jetpack_social_post_already_shared":true,"jetpack_social_options":{"image_generator_settings":{"template":"highway","default_image_id":0,"font":"","enabled":false},"version":2}},"categories":[50,44],"tags":[],"class_list":{"0":"post-34964","1":"post","2":"type-post","3":"status-publish","4":"format-standard","5":"has-post-thumbnail","7":"category-interes-general","8":"category-policiales"},"jetpack_publicize_connections":[],"jetpack_featured_media_url":"https:\/\/i0.wp.com\/larevistadigital.com.ar\/blog\/wp-content\/uploads\/20240101130202_luis-zelarrayan.jpg?fit=880%2C512&ssl=1","jetpack_sharing_enabled":true,"jetpack_shortlink":"https:\/\/wp.me\/p8qtrQ-95W","jetpack-related-posts":[{"id":22502,"url":"https:\/\/larevistadigital.com.ar\/blog\/bahia-blanca-condenan-a-comisario-de-la-bonaerense-por-abusar-de-tres-mujeres-policias\/","url_meta":{"origin":34964,"position":0},"title":"BAH\u00cdA BLANCA: CONDENAN A COMISARIO DE LA BONAERENSE POR ABUSAR DE TRES MUJERES POLIC\u00cdAS","author":"Alejandro Sosa Ruda","date":"28 octubre, 2021","format":false,"excerpt":"BAHIA BLANCA\u00a0 -Seis a\u00f1os y seis meses de prisi\u00f3n le impuso la justicia bahiense a un comisario de la Bonaerense que fue encontrado responsable de varios abusos sexuales cometidos en la Departamental de esa ciudad. El fallo fue dictado por el Tribunal Criminal N\u00b0 1, que consider\u00f3 como agravante la\u2026","rel":"","context":"En \u00abPOLICIALES\u00bb","block_context":{"text":"POLICIALES","link":"https:\/\/larevistadigital.com.ar\/blog\/category\/policiales\/"},"img":{"alt_text":"","src":"https:\/\/i0.wp.com\/larevistadigital.com.ar\/blog\/wp-content\/uploads\/20211027142704_zamora.jpg?fit=880%2C512&ssl=1&resize=350%2C200","width":350,"height":200,"srcset":"https:\/\/i0.wp.com\/larevistadigital.com.ar\/blog\/wp-content\/uploads\/20211027142704_zamora.jpg?fit=880%2C512&ssl=1&resize=350%2C200 1x, https:\/\/i0.wp.com\/larevistadigital.com.ar\/blog\/wp-content\/uploads\/20211027142704_zamora.jpg?fit=880%2C512&ssl=1&resize=525%2C300 1.5x, https:\/\/i0.wp.com\/larevistadigital.com.ar\/blog\/wp-content\/uploads\/20211027142704_zamora.jpg?fit=880%2C512&ssl=1&resize=700%2C400 2x"},"classes":[]},{"id":35041,"url":"https:\/\/larevistadigital.com.ar\/blog\/25-de-aumento-asi-queda-la-escala-de-la-policia-bonaerense-de-oficial-a-comisario\/","url_meta":{"origin":34964,"position":1},"title":"25% DE AUMENTO: AS\u00cd QUEDA LA ESCALA DE LA POLIC\u00cdA BONAERENSE (DE OFICIAL A COMISARIO)","author":"Alejandro Sosa Ruda","date":"20 enero, 2024","format":false,"excerpt":"La suba fue anunciada el \u00faltimo martes por el Ministerio de Econom\u00eda de la Provincia y se va a oficializar mediante un decreto. 20 de enero de 2023 BUENOS AIRES -\u00a0 El Gobierno Provincial\u00a0liquidar\u00e1 en febrero\u00a0los haberes con aumento del 25% correspondientes a enero para todos los trabajadores que dependen\u2026","rel":"","context":"En \u00abPOLICIALES\u00bb","block_context":{"text":"POLICIALES","link":"https:\/\/larevistadigital.com.ar\/blog\/category\/policiales\/"},"img":{"alt_text":"","src":"https:\/\/i0.wp.com\/larevistadigital.com.ar\/blog\/wp-content\/uploads\/whatsapp-image-2022-07-14-at-123657-pm-RFz5u.jpeg?fit=995%2C545&ssl=1&resize=350%2C200","width":350,"height":200,"srcset":"https:\/\/i0.wp.com\/larevistadigital.com.ar\/blog\/wp-content\/uploads\/whatsapp-image-2022-07-14-at-123657-pm-RFz5u.jpeg?fit=995%2C545&ssl=1&resize=350%2C200 1x, https:\/\/i0.wp.com\/larevistadigital.com.ar\/blog\/wp-content\/uploads\/whatsapp-image-2022-07-14-at-123657-pm-RFz5u.jpeg?fit=995%2C545&ssl=1&resize=525%2C300 1.5x, https:\/\/i0.wp.com\/larevistadigital.com.ar\/blog\/wp-content\/uploads\/whatsapp-image-2022-07-14-at-123657-pm-RFz5u.jpeg?fit=995%2C545&ssl=1&resize=700%2C400 2x"},"classes":[]},{"id":10852,"url":"https:\/\/larevistadigital.com.ar\/blog\/chascomus-cambios-en-la-jefatura-departamental-de-policia\/","url_meta":{"origin":34964,"position":2},"title":"CHASCOM\u00daS: CAMBIOS EN LA JEFATURA DEPARTAMENTAL DE POLIC\u00cdA","author":"Alejandro Sosa Ruda","date":"28 junio, 2019","format":false,"excerpt":"La comisar\u00eda local, inform\u00f3 la noche pasada de la asunci\u00f3n del nuevo Jefe Departamental de polic\u00eda. El comisario inspector Sergio Ramos, quien fue puesto en funciones por la superioridad, reemplazando en dicho cargo al saliente comisario mayor Roberto Teta. Se indic\u00f3 ante la consulta de este diario, que la flamante\u2026","rel":"","context":"En \u00abINTERES GENERAL\u00bb","block_context":{"text":"INTERES GENERAL","link":"https:\/\/larevistadigital.com.ar\/blog\/category\/interes-general\/"},"img":{"alt_text":"","src":"https:\/\/i0.wp.com\/larevistadigital.com.ar\/blog\/wp-content\/uploads\/2019\/01\/bbx_755050019_comisaria_chasco_01.jpg?fit=800%2C579&ssl=1&resize=350%2C200","width":350,"height":200,"srcset":"https:\/\/i0.wp.com\/larevistadigital.com.ar\/blog\/wp-content\/uploads\/2019\/01\/bbx_755050019_comisaria_chasco_01.jpg?fit=800%2C579&ssl=1&resize=350%2C200 1x, https:\/\/i0.wp.com\/larevistadigital.com.ar\/blog\/wp-content\/uploads\/2019\/01\/bbx_755050019_comisaria_chasco_01.jpg?fit=800%2C579&ssl=1&resize=525%2C300 1.5x, https:\/\/i0.wp.com\/larevistadigital.com.ar\/blog\/wp-content\/uploads\/2019\/01\/bbx_755050019_comisaria_chasco_01.jpg?fit=800%2C579&ssl=1&resize=700%2C400 2x"},"classes":[]},{"id":29589,"url":"https:\/\/larevistadigital.com.ar\/blog\/chascomus-el-intendente-acompano-los-actos-por-la-creacion-de-la-policia-bonaerense\/","url_meta":{"origin":34964,"position":3},"title":"CHASCOM\u00daS: EL INTENDENTE ACOMPA\u00d1\u00d3 LOS ACTOS POR LA CREACI\u00d3N DE LA POLIC\u00cdA BONAERENSE","author":"Alejandro Sosa Ruda","date":"23 diciembre, 2022","format":false,"excerpt":"El intendente municipal Javier Gast\u00f3n, estuvo junto a la Secretaria de Seguridad Comunal Mariela Moscarellla en el acto de conmemoraci\u00f3n de los 201 a\u00f1os de la creaci\u00f3n de la Polic\u00eda Provincial, donde se entregaron reconocimientos y distinciones. CHASCOM\u00daS -\u00a0 En un muy emotivo acto, donde se percibi\u00f3 la gran camarader\u00eda\u2026","rel":"","context":"En \u00abCHASCOM\u00daS\u00bb","block_context":{"text":"CHASCOM\u00daS","link":"https:\/\/larevistadigital.com.ar\/blog\/category\/chascomus\/"},"img":{"alt_text":"","src":"https:\/\/i0.wp.com\/larevistadigital.com.ar\/blog\/wp-content\/uploads\/2022_12_23_00_27_06_1031904.jpg?fit=600%2C401&ssl=1&resize=350%2C200","width":350,"height":200,"srcset":"https:\/\/i0.wp.com\/larevistadigital.com.ar\/blog\/wp-content\/uploads\/2022_12_23_00_27_06_1031904.jpg?fit=600%2C401&ssl=1&resize=350%2C200 1x, https:\/\/i0.wp.com\/larevistadigital.com.ar\/blog\/wp-content\/uploads\/2022_12_23_00_27_06_1031904.jpg?fit=600%2C401&ssl=1&resize=525%2C300 1.5x"},"classes":[]},{"id":39373,"url":"https:\/\/larevistadigital.com.ar\/blog\/convocan-a-un-frente-politico-y-electoral-contra-milei-y-en-apoyo-a-kicillof\/","url_meta":{"origin":34964,"position":4},"title":"Convocan a un \u00abfrente pol\u00edtico y electoral contra Milei\u201d y en apoyo a Kicillof","author":"Alejandro Sosa Ruda","date":"15 abril, 2025","format":false,"excerpt":"Unidad Popular (UP) de la Provincia de Buenos Aires llam\u00f3 este s\u00e1bado a formar \u201cun frente pol\u00edtico y electoral contra Milei\u201d y respaldaron la l\u00ednea pol\u00edtica del gobernador Kicillof \"contra los embates\" del gobierno nacional que \"afectan a las y los bonaerenses\" 15 de Abril de 2025 BUENOS AIRES -\u00a0\u2026","rel":"","context":"En \u00abINTERES GENERAL\u00bb","block_context":{"text":"INTERES GENERAL","link":"https:\/\/larevistadigital.com.ar\/blog\/category\/interes-general\/"},"img":{"alt_text":"","src":"https:\/\/i0.wp.com\/larevistadigital.com.ar\/blog\/wp-content\/uploads\/20250414164537_plenario-unidad-popular-kicillof.jpg?fit=880%2C512&ssl=1&resize=350%2C200","width":350,"height":200,"srcset":"https:\/\/i0.wp.com\/larevistadigital.com.ar\/blog\/wp-content\/uploads\/20250414164537_plenario-unidad-popular-kicillof.jpg?fit=880%2C512&ssl=1&resize=350%2C200 1x, https:\/\/i0.wp.com\/larevistadigital.com.ar\/blog\/wp-content\/uploads\/20250414164537_plenario-unidad-popular-kicillof.jpg?fit=880%2C512&ssl=1&resize=525%2C300 1.5x, https:\/\/i0.wp.com\/larevistadigital.com.ar\/blog\/wp-content\/uploads\/20250414164537_plenario-unidad-popular-kicillof.jpg?fit=880%2C512&ssl=1&resize=700%2C400 2x"},"classes":[]},{"id":9476,"url":"https:\/\/larevistadigital.com.ar\/blog\/el-pj-de-la-provincia-de-buenos-aires-homenajeo-a-raul-alfonsin\/","url_meta":{"origin":34964,"position":5},"title":"EL PJ DE LA PROVINCIA DE BUENOS AIRES HOMENAJE\u00d3 A RA\u00daL ALFONS\u00cdN","author":"Alejandro Sosa Ruda","date":"1 abril, 2019","format":false,"excerpt":"El presidente del Pj de Chascom\u00fas, y jefe del Bloque de PJ Unidad Ciudadana, Gabriel Macchi, hizo una publicaci\u00f3n en su cuenta personal de Facebook en donde se refiri\u00f3 al homenaje que el Peronismo bonaerense hizo hoy a la tarde al ex presidente nativo de Chascom\u00fas, Don Ra\u00fal Alfons\u00edn, al\u2026","rel":"","context":"En \u00abPOLITICA\u00bb","block_context":{"text":"POLITICA","link":"https:\/\/larevistadigital.com.ar\/blog\/category\/politica\/"},"img":{"alt_text":"","src":"https:\/\/i0.wp.com\/larevistadigital.com.ar\/blog\/wp-content\/uploads\/2019\/03\/56328656_2438342616190203_7169636753148477440_n.jpg?fit=960%2C720&ssl=1&resize=350%2C200","width":350,"height":200,"srcset":"https:\/\/i0.wp.com\/larevistadigital.com.ar\/blog\/wp-content\/uploads\/2019\/03\/56328656_2438342616190203_7169636753148477440_n.jpg?fit=960%2C720&ssl=1&resize=350%2C200 1x, https:\/\/i0.wp.com\/larevistadigital.com.ar\/blog\/wp-content\/uploads\/2019\/03\/56328656_2438342616190203_7169636753148477440_n.jpg?fit=960%2C720&ssl=1&resize=525%2C300 1.5x, https:\/\/i0.wp.com\/larevistadigital.com.ar\/blog\/wp-content\/uploads\/2019\/03\/56328656_2438342616190203_7169636753148477440_n.jpg?fit=960%2C720&ssl=1&resize=700%2C400 2x"},"classes":[]}],"_links":{"self":[{"href":"https:\/\/larevistadigital.com.ar\/blog\/wp-json\/wp\/v2\/posts\/34964","targetHints":{"allow":["GET"]}}],"collection":[{"href":"https:\/\/larevistadigital.com.ar\/blog\/wp-json\/wp\/v2\/posts"}],"about":[{"href":"https:\/\/larevistadigital.com.ar\/blog\/wp-json\/wp\/v2\/types\/post"}],"author":[{"embeddable":true,"href":"https:\/\/larevistadigital.com.ar\/blog\/wp-json\/wp\/v2\/users\/3"}],"replies":[{"embeddable":true,"href":"https:\/\/larevistadigital.com.ar\/blog\/wp-json\/wp\/v2\/comments?post=34964"}],"version-history":[{"count":1,"href":"https:\/\/larevistadigital.com.ar\/blog\/wp-json\/wp\/v2\/posts\/34964\/revisions"}],"predecessor-version":[{"id":34966,"href":"https:\/\/larevistadigital.com.ar\/blog\/wp-json\/wp\/v2\/posts\/34964\/revisions\/34966"}],"wp:featuredmedia":[{"embeddable":true,"href":"https:\/\/larevistadigital.com.ar\/blog\/wp-json\/wp\/v2\/media\/34965"}],"wp:attachment":[{"href":"https:\/\/larevistadigital.com.ar\/blog\/wp-json\/wp\/v2\/media?parent=34964"}],"wp:term":[{"taxonomy":"category","embeddable":true,"href":"https:\/\/larevistadigital.com.ar\/blog\/wp-json\/wp\/v2\/categories?post=34964"},{"taxonomy":"post_tag","embeddable":true,"href":"https:\/\/larevistadigital.com.ar\/blog\/wp-json\/wp\/v2\/tags?post=34964"}],"curies":[{"name":"wp","href":"https:\/\/api.w.org\/{rel}","templated":true}]}}