{"id":34967,"date":"2024-01-03T10:58:24","date_gmt":"2024-01-03T13:58:24","guid":{"rendered":"https:\/\/larevistadigital.com.ar\/blog\/?p=34967"},"modified":"2024-01-03T11:06:26","modified_gmt":"2024-01-03T14:06:26","slug":"buenos-aires-los-impresionantes-nuevos-valores-de-las-multas-en-la-provincia","status":"publish","type":"post","link":"https:\/\/larevistadigital.com.ar\/blog\/buenos-aires-los-impresionantes-nuevos-valores-de-las-multas-en-la-provincia\/","title":{"rendered":"BUENOS AIRES: LOS IMPRESIONANTES NUEVOS VALORES DE LAS MULTAS EN LA PROVINCIA"},"content":{"rendered":"<h2>El aumento se debe a que la ley toma como \u00edndice el precio del combustible, por lo que el aumento se traslada autom\u00e1ticamente al valor de las infracciones.<\/h2>\n<p>3 de diciembre de 2023<\/p>\n<p>Deb\u00eda llegar&#8230; EL Ministerio de Transportes de la Provincia de Buenos Aires, tuvo que actualizar el valor de las multas por <strong>infracciones de tr\u00e1nsito<\/strong>, ya que, por Ley, las sanciones <strong>est\u00e1n atadas al precio de los combustibles<\/strong>, pero desde julio hasta noviembre de 2023 se desdoblaron.<\/p>\n<blockquote>\n<h3>El costo de las infracciones se calcula a partir de la llamada\u00a0<strong>Unidad Fija\u00a0<\/strong>(UF), que es un monto establecido en relaci\u00f3n al valor del\u00a0<strong>litro de nafta Premium<\/strong>\u00a0en la estaci\u00f3n del\u00a0<strong>Autom\u00f3vil Club<\/strong>\u00a0ubicada en el centro de la ciudad de La Plata.<\/h3>\n<\/blockquote>\n<p>Hasta ahora, el monto de referencia estaba en $290,10, pero tras la fuerte suba del combustible<strong>\u00a0<span style=\"color: #ff0000\">se estableci\u00f3 el nuevo valor en $771<\/span><\/strong>. Esto regir\u00e1 para el bimestre comprendido entre los meses de<strong>\u00a0enero y febrero<\/strong>, por lo que puede modificarse en marzo si es que hay, como es de esperar,\u00a0<strong>otro ajuste en el valor de la nafta<\/strong>.<\/p>\n<blockquote>\n<h3>Si se compara con el verano pasado, el valor de la UF era de $204,20, es decir que la suba fue del 277,5%.<\/h3>\n<\/blockquote>\n<h3><span style=\"color: #ff0000\">LOS NUEVOS VALORES DE LAS MULTAS DE TR\u00c1NSITO&#8230;<\/span><\/h3>\n<p><strong>\u2013 Exceso de velocidad: entre $ 115.650 y $ 771.000 (entre 150 y 1.000 UF)<\/strong><\/p>\n<p><strong>\u2013 No utilizaci\u00f3n de cascos en las motos o cinturones de seguridad en el veh\u00edculo: entre $ 38.550 y $ 71.000 (entre 50 y 100 UF)<\/strong><\/p>\n<p><strong>\u2013 Pasar un sem\u00e1foro en rojo: entre $ 231.300 y $ 771.000 (entre 300 y 1.000 UF)<\/strong><\/p>\n<p><strong>\u2013 Circular a contramano: entre $ 231.300 y $ 771.000 (entre 300 y 1.000 UF)<\/strong><\/p>\n<p><strong>\u2013 Por girar a la izquierda en zonas prohibidas: entre $ 231.300 y $ 771.000 (entre 300 y 1.000 UF)<\/strong><\/p>\n<p><strong>\u2013 Mal estacionamiento: entre $ 38.550 y $ 71.000 (entre 50 y 100 UF)<\/strong><\/p>\n<p><strong>\u2013 Conducir alcoholizado: entre $ 231.300 y $ 771.000 (entre 300 y 1.000 UF)<\/strong><\/p>\n<p><strong>\u2013 Negarse a realizar un test de alcoholemia: entre $ 385.500 y $ 925.200 (entre 500 y 1.200 UF).<\/strong><\/p>\n<p><strong>\u2013 Por circular con la VTV vencida: entre $ 231.300 y $ 771.000 (entre 300 y 1.000 UF)<\/strong><\/p>\n<p><strong>\u2013 Por manejar sin contar con la edad reglamentaria: entre $ 231.300 y $ 771.000 (entre 300 y 1.000 UF)<\/strong><\/p>\n<p><strong>\u2013 Por manejar sin habilitaci\u00f3n: entre $ 231.300 y $ 771.000 (entre 300 y 1.000 UF)<\/strong><\/p>\n<p><strong>\u2013 Por circular sin la documentaci\u00f3n: entre $ 38.550 y $ 71.000 (entre 50 y 100 UF)<\/strong><\/p>\n<p><strong>\u2013 Por circular sin cobertura de seguro: entre $ 231.300 y $ 771.000 (entre 300 y 1.000 UF)<\/strong><\/p>\n<p><strong>\u2013 Por circular sin el comprobante del seguro: entre $ 38.550 y $ 71.000 (entre 50 y 100 UF)<\/strong><\/p>\n<p><strong>\u2013 Por circular con exceso de ocupantes: entre $ 38.550 y $ 71.000 (entre 50 y 100 UF).<\/strong><\/p>\n<p>FUENTE ENTREL\u00cdNEAS.INFO<\/p>\n","protected":false},"excerpt":{"rendered":"<div class=\"mh-excerpt\"><p>El aumento se debe a que la ley toma como \u00edndice el precio del combustible, por lo que el aumento se traslada autom\u00e1ticamente al valor de las infracciones. 3 de diciembre de 2023 Deb\u00eda llegar&#8230; <a class=\"mh-excerpt-more\" href=\"https:\/\/larevistadigital.com.ar\/blog\/buenos-aires-los-impresionantes-nuevos-valores-de-las-multas-en-la-provincia\/\" title=\"BUENOS AIRES: LOS IMPRESIONANTES NUEVOS VALORES DE LAS MULTAS EN LA PROVINCIA\">[Leer M\u00e1s]<\/a><\/p>\n<\/div>","protected":false},"author":3,"featured_media":34968,"comment_status":"open","ping_status":"open","sticky":false,"template":"","format":"standard","meta":{"_jetpack_memberships_contains_paid_content":false,"footnotes":"","jetpack_publicize_message":"","jetpack_publicize_feature_enabled":true,"jetpack_social_post_already_shared":true,"jetpack_social_options":{"image_generator_settings":{"template":"highway","default_image_id":0,"font":"","enabled":false},"version":2}},"categories":[51],"tags":[],"class_list":{"0":"post-34967","1":"post","2":"type-post","3":"status-publish","4":"format-standard","5":"has-post-thumbnail","7":"category-regionales"},"jetpack_publicize_connections":[],"jetpack_featured_media_url":"https:\/\/i0.wp.com\/larevistadigital.com.ar\/blog\/wp-content\/uploads\/multa-1068x570-1.jpg?fit=1068%2C570&ssl=1","jetpack_sharing_enabled":true,"jetpack_shortlink":"https:\/\/wp.me\/p8qtrQ-95Z","jetpack-related-posts":[{"id":43176,"url":"https:\/\/larevistadigital.com.ar\/blog\/multas-de-transito-en-la-provincia-de-buenos-aires-cuales-son-las-infracciones-que-rozan-los-2-millones\/","url_meta":{"origin":34967,"position":0},"title":"Multas de tr\u00e1nsito en la Provincia de Buenos Aires: cu\u00e1les son las infracciones que rozan los $2 millones","author":"Alejandro Sosa Ruda","date":"6 enero, 2026","format":false,"excerpt":"La Provincia actualiz\u00f3 la Unidad Fija y desde enero las infracciones m\u00e1s graves ya superan $1,8 millones, justo en plena temporada de verano y con controles reforzados en rutas. 06 de enero de 2026 La\u00a0Provincia de Buenos Aires\u00a0oficializ\u00f3 un\u00a0nuevo aumento\u00a0en el\u00a0valor de las multas de tr\u00e1nsito\u00a0tras actualizar la\u00a0Unidad Fija\u00a0(UF), el\u00a0par\u00e1metro\u00a0que\u2026","rel":"","context":"En \u00abPOLITICA PROVINCIAL\u00bb","block_context":{"text":"POLITICA PROVINCIAL","link":"https:\/\/larevistadigital.com.ar\/blog\/category\/politica\/politica-provincial\/"},"img":{"alt_text":"","src":"https:\/\/i0.wp.com\/larevistadigital.com.ar\/blog\/wp-content\/uploads\/Captura-de-pantalla-2026-01-06-135705.jpg?fit=798%2C457&ssl=1&resize=350%2C200","width":350,"height":200,"srcset":"https:\/\/i0.wp.com\/larevistadigital.com.ar\/blog\/wp-content\/uploads\/Captura-de-pantalla-2026-01-06-135705.jpg?fit=798%2C457&ssl=1&resize=350%2C200 1x, https:\/\/i0.wp.com\/larevistadigital.com.ar\/blog\/wp-content\/uploads\/Captura-de-pantalla-2026-01-06-135705.jpg?fit=798%2C457&ssl=1&resize=525%2C300 1.5x, https:\/\/i0.wp.com\/larevistadigital.com.ar\/blog\/wp-content\/uploads\/Captura-de-pantalla-2026-01-06-135705.jpg?fit=798%2C457&ssl=1&resize=700%2C400 2x"},"classes":[]},{"id":14305,"url":"https:\/\/larevistadigital.com.ar\/blog\/cuanto-cuesta-ser-imprudente-aca-los-costos-de-las-multas-en-la-provincia-de-buenos-aires\/","url_meta":{"origin":34967,"position":1},"title":"\u00bfCUANTO CUESTA SER IMPRUDENTE? AC\u00c1 LOS COSTOS DE LAS MULTAS EN LA PROVINCIA DE BUENOS AIRES","author":"Alejandro Sosa Ruda","date":"23 enero, 2020","format":false,"excerpt":"Con la actualizaci\u00f3n de la Unidad Fija a 63.09, vigente para los meses de enero y febrero, las infracciones m\u00e1s graves pueden costar m\u00e1s de 75 mil pesos. Los datos oficiales correspondientes a la primera quincena de controles, en el marco del Operativo Sol, mostr\u00f3 datos preocupantes respecto de la\u2026","rel":"","context":"En \u00abPOLITICA PROVINCIAL\u00bb","block_context":{"text":"POLITICA PROVINCIAL","link":"https:\/\/larevistadigital.com.ar\/blog\/category\/politica\/politica-provincial\/"},"img":{"alt_text":"","src":"https:\/\/i0.wp.com\/larevistadigital.com.ar\/blog\/wp-content\/uploads\/Transito.jpg?fit=960%2C960&ssl=1&resize=350%2C200","width":350,"height":200,"srcset":"https:\/\/i0.wp.com\/larevistadigital.com.ar\/blog\/wp-content\/uploads\/Transito.jpg?fit=960%2C960&ssl=1&resize=350%2C200 1x, https:\/\/i0.wp.com\/larevistadigital.com.ar\/blog\/wp-content\/uploads\/Transito.jpg?fit=960%2C960&ssl=1&resize=525%2C300 1.5x, https:\/\/i0.wp.com\/larevistadigital.com.ar\/blog\/wp-content\/uploads\/Transito.jpg?fit=960%2C960&ssl=1&resize=700%2C400 2x"},"classes":[]},{"id":12998,"url":"https:\/\/larevistadigital.com.ar\/blog\/atencion-aumentan-las-multas-en-la-provincia-exceso-velocidad-hasta-54-000\/","url_meta":{"origin":34967,"position":2},"title":"\u00a1ATENCI\u00d3N! AUMENTAN LAS MULTAS EN LA PROVINCIA: EXCESO VELOCIDAD HASTA $54.000.-","author":"Alejandro Sosa Ruda","date":"3 noviembre, 2019","format":false,"excerpt":"El exceso de velocidad ser\u00e1 penalizado ahora con una multa de entre 8.076 pesos y hasta 53.840 pesos y cruzar un sem\u00e1foro en rojo, desde 16.152 y hasta 53.840 pesos. Las multas de tr\u00e1nsito en la provincia de Buenos Aires aumentaron al ajustarse el valor de la Unidad Fija (UF)\u2026","rel":"","context":"En \u00abREGIONALES\u00bb","block_context":{"text":"REGIONALES","link":"https:\/\/larevistadigital.com.ar\/blog\/category\/regionales\/"},"img":{"alt_text":"","src":"https:\/\/i0.wp.com\/larevistadigital.com.ar\/blog\/wp-content\/uploads\/image59d4b31a3c1fa.jpg?fit=945%2C532&ssl=1&resize=350%2C200","width":350,"height":200,"srcset":"https:\/\/i0.wp.com\/larevistadigital.com.ar\/blog\/wp-content\/uploads\/image59d4b31a3c1fa.jpg?fit=945%2C532&ssl=1&resize=350%2C200 1x, https:\/\/i0.wp.com\/larevistadigital.com.ar\/blog\/wp-content\/uploads\/image59d4b31a3c1fa.jpg?fit=945%2C532&ssl=1&resize=525%2C300 1.5x, https:\/\/i0.wp.com\/larevistadigital.com.ar\/blog\/wp-content\/uploads\/image59d4b31a3c1fa.jpg?fit=945%2C532&ssl=1&resize=700%2C400 2x"},"classes":[]},{"id":37622,"url":"https:\/\/larevistadigital.com.ar\/blog\/diputada-del-pro-que-proyecta-eliminar-fotomultas-acumula-mas-de-30-infracciones-sin-pagar\/","url_meta":{"origin":34967,"position":3},"title":"Diputada del PRO, que proyecta eliminar fotomultas acumula m\u00e1s de 30 infracciones sin pagar","author":"Alejandro Sosa Ruda","date":"27 octubre, 2024","format":false,"excerpt":"Patricia Vasquez, legisladora nacional del PRO en Juntos por el Cambio (JxC), propone que las multas de tr\u00e1nsito prescriban tras un a\u00f1o, argumentando que las fotomultas son \u201cun negocio\u201d y que la prioridad deber\u00eda ser la seguridad vial, no la recaudaci\u00f3n. No obstante, se ha descubierto que V\u00e1squez tiene un\u2026","rel":"","context":"En \u00abINTERES GENERAL\u00bb","block_context":{"text":"INTERES GENERAL","link":"https:\/\/larevistadigital.com.ar\/blog\/category\/interes-general\/"},"img":{"alt_text":"","src":"https:\/\/i0.wp.com\/larevistadigital.com.ar\/blog\/wp-content\/uploads\/20241026162555_patricia-vasquez-diputada-nacional-multas.jpg?fit=880%2C512&ssl=1&resize=350%2C200","width":350,"height":200,"srcset":"https:\/\/i0.wp.com\/larevistadigital.com.ar\/blog\/wp-content\/uploads\/20241026162555_patricia-vasquez-diputada-nacional-multas.jpg?fit=880%2C512&ssl=1&resize=350%2C200 1x, https:\/\/i0.wp.com\/larevistadigital.com.ar\/blog\/wp-content\/uploads\/20241026162555_patricia-vasquez-diputada-nacional-multas.jpg?fit=880%2C512&ssl=1&resize=525%2C300 1.5x, https:\/\/i0.wp.com\/larevistadigital.com.ar\/blog\/wp-content\/uploads\/20241026162555_patricia-vasquez-diputada-nacional-multas.jpg?fit=880%2C512&ssl=1&resize=700%2C400 2x"},"classes":[]},{"id":26013,"url":"https:\/\/larevistadigital.com.ar\/blog\/se-infracciono-durante-el-fin-de-semana-largo-a-40-banquineros-con-multas-de-hasta-123-400\/","url_meta":{"origin":34967,"position":4},"title":"SE INFRACCION\u00d3 DURANTE EL FIN DE SEMANA LARGO A 40 BANQUINEROS CON MULTAS DE HASTA $123.400.-","author":"Alejandro Sosa Ruda","date":"21 junio, 2022","format":false,"excerpt":"El operativo vial se realiz\u00f3 en las rutas rumbo a la Costa Atl\u00e1ntica. Destacaron que hubo una importante merma en el n\u00famero de infractores. La\u00a0Agencia Nacional de Seguridad Vial\u00a0(ANSV) mont\u00f3 un importante operativo de control y detect\u00f3 entre el jueves y el lunes\u00a0un total de 40 conductores\u00a0que transitaban por las\u2026","rel":"","context":"En \u00abDESTACADAS\u00bb","block_context":{"text":"DESTACADAS","link":"https:\/\/larevistadigital.com.ar\/blog\/category\/destacadas\/"},"img":{"alt_text":"","src":"https:\/\/i0.wp.com\/larevistadigital.com.ar\/blog\/wp-content\/uploads\/628dfade0934897d2b6c9b3b2591638eb0fbf31f.jpg?fit=1140%2C599&ssl=1&resize=350%2C200","width":350,"height":200,"srcset":"https:\/\/i0.wp.com\/larevistadigital.com.ar\/blog\/wp-content\/uploads\/628dfade0934897d2b6c9b3b2591638eb0fbf31f.jpg?fit=1140%2C599&ssl=1&resize=350%2C200 1x, https:\/\/i0.wp.com\/larevistadigital.com.ar\/blog\/wp-content\/uploads\/628dfade0934897d2b6c9b3b2591638eb0fbf31f.jpg?fit=1140%2C599&ssl=1&resize=525%2C300 1.5x, https:\/\/i0.wp.com\/larevistadigital.com.ar\/blog\/wp-content\/uploads\/628dfade0934897d2b6c9b3b2591638eb0fbf31f.jpg?fit=1140%2C599&ssl=1&resize=700%2C400 2x, https:\/\/i0.wp.com\/larevistadigital.com.ar\/blog\/wp-content\/uploads\/628dfade0934897d2b6c9b3b2591638eb0fbf31f.jpg?fit=1140%2C599&ssl=1&resize=1050%2C600 3x"},"classes":[]},{"id":19980,"url":"https:\/\/larevistadigital.com.ar\/blog\/kicillof-anuncio-multas-de-hasta-45-millones-de-pesos-a-los-que-no-cumplan-las-restricciones\/","url_meta":{"origin":34967,"position":5},"title":"KICILLOF ANUNCI\u00d3 MULTAS DE HASTA 4,5 MILLONES DE PESOS A LOS QUE NO CUMPLAN LAS RESTRICCIONES","author":"Alejandro Sosa Ruda","date":"30 abril, 2021","format":false,"excerpt":"El mandatario bonaerense indic\u00f3 que el valor de las multas alcanzar\u00e1 los 500 sueldos m\u00ednimos. El gobernador bonaerense\u00a0Axel Kicillof\u00a0detalla c\u00f3mo se adaptar\u00e1n las medidas sanitarias anunciadas por el presidente Alberto Fern\u00e1ndez esta ma\u00f1ana,\u00a0\u00a0que comienzan a regir desde este s\u00e1bado 1 de mayo en el Sal\u00f3n Dorado de la Casa de\u2026","rel":"","context":"En \u00abINTERES GENERAL\u00bb","block_context":{"text":"INTERES GENERAL","link":"https:\/\/larevistadigital.com.ar\/blog\/category\/interes-general\/"},"img":{"alt_text":"","src":"https:\/\/i0.wp.com\/larevistadigital.com.ar\/blog\/wp-content\/uploads\/KICI.png?fit=997%2C552&ssl=1&resize=350%2C200","width":350,"height":200,"srcset":"https:\/\/i0.wp.com\/larevistadigital.com.ar\/blog\/wp-content\/uploads\/KICI.png?fit=997%2C552&ssl=1&resize=350%2C200 1x, https:\/\/i0.wp.com\/larevistadigital.com.ar\/blog\/wp-content\/uploads\/KICI.png?fit=997%2C552&ssl=1&resize=525%2C300 1.5x, https:\/\/i0.wp.com\/larevistadigital.com.ar\/blog\/wp-content\/uploads\/KICI.png?fit=997%2C552&ssl=1&resize=700%2C400 2x"},"classes":[]}],"_links":{"self":[{"href":"https:\/\/larevistadigital.com.ar\/blog\/wp-json\/wp\/v2\/posts\/34967","targetHints":{"allow":["GET"]}}],"collection":[{"href":"https:\/\/larevistadigital.com.ar\/blog\/wp-json\/wp\/v2\/posts"}],"about":[{"href":"https:\/\/larevistadigital.com.ar\/blog\/wp-json\/wp\/v2\/types\/post"}],"author":[{"embeddable":true,"href":"https:\/\/larevistadigital.com.ar\/blog\/wp-json\/wp\/v2\/users\/3"}],"replies":[{"embeddable":true,"href":"https:\/\/larevistadigital.com.ar\/blog\/wp-json\/wp\/v2\/comments?post=34967"}],"version-history":[{"count":3,"href":"https:\/\/larevistadigital.com.ar\/blog\/wp-json\/wp\/v2\/posts\/34967\/revisions"}],"predecessor-version":[{"id":34970,"href":"https:\/\/larevistadigital.com.ar\/blog\/wp-json\/wp\/v2\/posts\/34967\/revisions\/34970"}],"wp:featuredmedia":[{"embeddable":true,"href":"https:\/\/larevistadigital.com.ar\/blog\/wp-json\/wp\/v2\/media\/34968"}],"wp:attachment":[{"href":"https:\/\/larevistadigital.com.ar\/blog\/wp-json\/wp\/v2\/media?parent=34967"}],"wp:term":[{"taxonomy":"category","embeddable":true,"href":"https:\/\/larevistadigital.com.ar\/blog\/wp-json\/wp\/v2\/categories?post=34967"},{"taxonomy":"post_tag","embeddable":true,"href":"https:\/\/larevistadigital.com.ar\/blog\/wp-json\/wp\/v2\/tags?post=34967"}],"curies":[{"name":"wp","href":"https:\/\/api.w.org\/{rel}","templated":true}]}}