{"id":34972,"date":"2024-01-03T12:26:30","date_gmt":"2024-01-03T15:26:30","guid":{"rendered":"https:\/\/larevistadigital.com.ar\/blog\/?p=34972"},"modified":"2024-01-03T12:26:30","modified_gmt":"2024-01-03T15:26:30","slug":"ruta-2-despiste-y-vuelco-de-un-camion-cerca-de-chascomus","status":"publish","type":"post","link":"https:\/\/larevistadigital.com.ar\/blog\/ruta-2-despiste-y-vuelco-de-un-camion-cerca-de-chascomus\/","title":{"rendered":"RUTA 2: DESPISTE Y VUELCO DE UN CAMI\u00d3N CERCA DE CHASCOM\u00daS"},"content":{"rendered":"<h2 class=\"news-headline__article-summary\">A\u00fan se desconocen las razones por las cuales perdi\u00f3 el control de su enorme veh\u00edculo en plena Ruta 2, a la altura de Chascom\u00fas.<\/h2>\n<p>03 de diciembre de 2023<\/p>\n<p><strong>CHASCOM\u00daS &#8211;\u00a0 \u00a0<\/strong>Un tremendo accidente de tr\u00e1nsito se produjo durante las \u00faltimas horas en la Ruta 2 a la altura de Chascom\u00fas\u00a0y complic\u00f3 la circulaci\u00f3n hacia los destinos de la Costa en los primeros d\u00edas de las vacaciones. Seg\u00fan informaron fuentes policiales,<strong>\u00a0todo ocurri\u00f3 en horas de la madrugada, cuando comenzaban a salir los primeros rayos del sol.<\/strong><\/p>\n<div>\n<blockquote>\n<h3 id=\"Parallax\">Fue a la altura del <strong>kil\u00f3metro 99<\/strong>, en la localidad de Chascom\u00fas. All\u00ed\u00a0<strong>un cami\u00f3n se despist\u00f3 y volc\u00f3 junto con su carga sobre el trazado<\/strong>, obstaculizando as\u00ed tambi\u00e9n la circulaci\u00f3n por el lugar.<\/h3>\n<\/blockquote>\n<article class=\"article-body article-body--third-paragraph\">Esto provoc\u00f3 las largas colas de veh\u00edculos hacia las ciudades balnearias comienzan, en plena temporada de verano. Las filas pod\u00edan visualizarse hasta el peaje Samborond\u00f3n. Por su parte AuBaSa, inform\u00f3 sobre el siniestro en su redes sociales.<\/p>\n<\/article>\n<article class=\"article-body article-body--fourth-paragraph\">\n<div id=\"embed1888_wrap\" class=\"embed_cont type_freetext\" data-provider=\"twitter\">\n<div id=\"embed1888_content\" class=\"embed_content\">\n<div id=\"embed1888_embed\">\n<div class=\"twitter-tweet twitter-tweet-rendered\"><\/div>\n<\/div>\n<\/div>\n<\/div>\n<blockquote>\n<h3>El cami\u00f3n sufri\u00f3 importantes da\u00f1os y qued\u00f3 cruzado sobre la ruta, seg\u00fan se observa en las im\u00e1genes que se viralizaron en las redes.<strong>\u00a0\u00abLa carga qued\u00f3 abajo del cami\u00f3n. Choc\u00f3 solo\u00bb<\/strong>, cuenta el relato de testigos que pasaban por el lugar y capturaban con sus celulares lo ocurrido.<\/h3>\n<\/blockquote>\n<\/article>\n<article class=\"article-body article-body--fifth-paragraph\">\n<div id=\"455425-Libre-295707804_wrap\" class=\"embed_cont type_imagen\">\n<div id=\"455425-Libre-295707804_content\" class=\"embed_content\"><img data-recalc-dims=\"1\" decoding=\"async\" id=\"455425-Libre-295707804_embed\" title=\"El terrible despiste y vuelco en Ruta 2 provoc&amp;oacute; demoras y largas filas.\" src=\"https:\/\/i0.wp.com\/media.0221.com.ar\/p\/e37b8ea4ce0b5a9994a2ded07dcb9d25\/adjuntos\/357\/imagenes\/100\/136\/0100136796\/1400x0\/smart\/whatsapp-image-2024-01-03-at-085417jpeg.jpeg?w=1400&#038;ssl=1\" alt=\"El terrible despiste y vuelco en Ruta 2 provoc&amp;oacute; demoras y largas filas.\"   data-td-src-property=\"https:\/\/media.0221.com.ar\/p\/e37b8ea4ce0b5a9994a2ded07dcb9d25\/adjuntos\/357\/imagenes\/100\/136\/0100136796\/1400x0\/smart\/whatsapp-image-2024-01-03-at-085417jpeg.jpeg\" \/><\/div>\n<div id=\"455425-Libre-295707804_epigrafe\" class=\"embed_epigrafe\">\n<p>El terrible despiste y vuelco en Ruta 2 provoc\u00f3 demoras y largas filas.<\/p>\n<\/div>\n<div id=\"455425-Libre-295707804_copyright\" class=\"embed_copyright\"><\/div>\n<\/div>\n<p>Vale remarcar que afortunadamente<strong>\u00a0el conuctor no sufri\u00f3 lesiones<\/strong>, algo que result\u00f3 milagroso considerando las condiciones en las que qued\u00f3 la cabina del cami\u00f3n, el cual a\u00fan se encuentra volcado obstruyendo ambas manos y obliga a que los autos transiten por la banquina y lentamente en la zona.<\/p>\n<\/article>\n<\/div>\n","protected":false},"excerpt":{"rendered":"<div class=\"mh-excerpt\"><p>A\u00fan se desconocen las razones por las cuales perdi\u00f3 el control de su enorme veh\u00edculo en plena Ruta 2, a la altura de Chascom\u00fas. 03 de diciembre de 2023 CHASCOM\u00daS &#8211;\u00a0 \u00a0Un tremendo accidente de <a class=\"mh-excerpt-more\" href=\"https:\/\/larevistadigital.com.ar\/blog\/ruta-2-despiste-y-vuelco-de-un-camion-cerca-de-chascomus\/\" title=\"RUTA 2: DESPISTE Y VUELCO DE UN CAMI\u00d3N CERCA DE CHASCOM\u00daS\">[Leer M\u00e1s]<\/a><\/p>\n<\/div>","protected":false},"author":3,"featured_media":34973,"comment_status":"open","ping_status":"open","sticky":false,"template":"","format":"standard","meta":{"_jetpack_memberships_contains_paid_content":false,"footnotes":"","jetpack_publicize_message":"","jetpack_publicize_feature_enabled":true,"jetpack_social_post_already_shared":true,"jetpack_social_options":{"image_generator_settings":{"template":"highway","default_image_id":0,"font":"","enabled":false},"version":2}},"categories":[44,51],"tags":[],"class_list":{"0":"post-34972","1":"post","2":"type-post","3":"status-publish","4":"format-standard","5":"has-post-thumbnail","7":"category-policiales","8":"category-regionales"},"jetpack_publicize_connections":[],"jetpack_featured_media_url":"https:\/\/i0.wp.com\/larevistadigital.com.ar\/blog\/wp-content\/uploads\/Captura-de-pantalla-2024-01-03-122301.png?fit=888%2C440&ssl=1","jetpack_sharing_enabled":true,"jetpack_shortlink":"https:\/\/wp.me\/p8qtrQ-964","jetpack-related-posts":[{"id":23797,"url":"https:\/\/larevistadigital.com.ar\/blog\/por-la-madrugada-vuelco-de-un-camion-en-el-kilometro-97-de-la-ruta-2\/","url_meta":{"origin":34972,"position":0},"title":"POR LA MADRUGADA: VUELCO DE UN CAMI\u00d3N EN EL KIL\u00d3METRO 97 DE LA RUTA 2","author":"Alejandro Sosa Ruda","date":"3 febrero, 2022","format":false,"excerpt":"CHASCOM\u00daS -\u00a0 Anoche, exactamente a las 04:39 hs., nos lleg\u00f3 por whatsapp el aviso de los Bomberos Voluntarios de una intervenci\u00f3n por un accidente en la ruta 2 a la altura del kil\u00f3metro 97. Al llegar al lugar, se encontraron con un cami\u00f3n que volc\u00f3, luego de que su conductor\u2026","rel":"","context":"En \u00abINTERES GENERAL\u00bb","block_context":{"text":"INTERES GENERAL","link":"https:\/\/larevistadigital.com.ar\/blog\/category\/interes-general\/"},"img":{"alt_text":"","src":"https:\/\/i0.wp.com\/larevistadigital.com.ar\/blog\/wp-content\/uploads\/Captura-de-pantalla-2022-02-03-110751.jpg?fit=1117%2C573&ssl=1&resize=350%2C200","width":350,"height":200,"srcset":"https:\/\/i0.wp.com\/larevistadigital.com.ar\/blog\/wp-content\/uploads\/Captura-de-pantalla-2022-02-03-110751.jpg?fit=1117%2C573&ssl=1&resize=350%2C200 1x, https:\/\/i0.wp.com\/larevistadigital.com.ar\/blog\/wp-content\/uploads\/Captura-de-pantalla-2022-02-03-110751.jpg?fit=1117%2C573&ssl=1&resize=525%2C300 1.5x, https:\/\/i0.wp.com\/larevistadigital.com.ar\/blog\/wp-content\/uploads\/Captura-de-pantalla-2022-02-03-110751.jpg?fit=1117%2C573&ssl=1&resize=700%2C400 2x, https:\/\/i0.wp.com\/larevistadigital.com.ar\/blog\/wp-content\/uploads\/Captura-de-pantalla-2022-02-03-110751.jpg?fit=1117%2C573&ssl=1&resize=1050%2C600 3x"},"classes":[]},{"id":44171,"url":"https:\/\/larevistadigital.com.ar\/blog\/chascomus-tragico-accidente-en-ruta-2-un-fallecido-y-varios-heridos\/","url_meta":{"origin":34972,"position":1},"title":"Chascom\u00fas: Tr\u00e1gico accidente en Ruta 2. un fallecido y varios heridos","author":"Alejandro Sosa Ruda","date":"25 febrero, 2026","format":false,"excerpt":"El siniestro ocurri\u00f3 esta noche y oblig\u00f3 a cortar totalmente la circulaci\u00f3n. Intervinieron ambulancias, Bomberos y personal policial. 25 de febrero de 2026 CHASCOM\u00daS -\u00a0 \u00a0Un grave accidente se registr\u00f3 a las 22:46 en la Ruta 2, a la altura del kil\u00f3metro 120, donde un autom\u00f3vil colision\u00f3 con uno \u2014y\u2026","rel":"","context":"En \u00abDESTACADAS\u00bb","block_context":{"text":"DESTACADAS","link":"https:\/\/larevistadigital.com.ar\/blog\/category\/destacadas\/"},"img":{"alt_text":"","src":"https:\/\/i0.wp.com\/larevistadigital.com.ar\/blog\/wp-content\/uploads\/a30b773731978555863a9cc64d7eb118cc008da6.jpeg?fit=1140%2C855&ssl=1&resize=350%2C200","width":350,"height":200,"srcset":"https:\/\/i0.wp.com\/larevistadigital.com.ar\/blog\/wp-content\/uploads\/a30b773731978555863a9cc64d7eb118cc008da6.jpeg?fit=1140%2C855&ssl=1&resize=350%2C200 1x, https:\/\/i0.wp.com\/larevistadigital.com.ar\/blog\/wp-content\/uploads\/a30b773731978555863a9cc64d7eb118cc008da6.jpeg?fit=1140%2C855&ssl=1&resize=525%2C300 1.5x, https:\/\/i0.wp.com\/larevistadigital.com.ar\/blog\/wp-content\/uploads\/a30b773731978555863a9cc64d7eb118cc008da6.jpeg?fit=1140%2C855&ssl=1&resize=700%2C400 2x, https:\/\/i0.wp.com\/larevistadigital.com.ar\/blog\/wp-content\/uploads\/a30b773731978555863a9cc64d7eb118cc008da6.jpeg?fit=1140%2C855&ssl=1&resize=1050%2C600 3x"},"classes":[]},{"id":23711,"url":"https:\/\/larevistadigital.com.ar\/blog\/chascomus-4-heridos-tras-un-accidente-en-la-ruta-2\/","url_meta":{"origin":34972,"position":2},"title":"CHASCOM\u00daS: 4 HERIDOS TRAS UN ACCIDENTE EN LA RUTA 2","author":"Alejandro Sosa Ruda","date":"31 enero, 2022","format":false,"excerpt":"CHASCOM\u00daS -\u00a0\u00a0Durante la tarde de hoy domingo 30\/1, aproximadamente a las 14 horas, se produjo un accidente en el que cuatro personas resultaron heridas. El hecho ocurri\u00f3 a la altura del kil\u00f3metro 116 de la ruta 2, en la mano que va hacia la Costa Atl\u00e1ntica, y tuvo como protagonistas\u2026","rel":"","context":"En \u00abINTERES GENERAL\u00bb","block_context":{"text":"INTERES GENERAL","link":"https:\/\/larevistadigital.com.ar\/blog\/category\/interes-general\/"},"img":{"alt_text":"","src":"https:\/\/i0.wp.com\/larevistadigital.com.ar\/blog\/wp-content\/uploads\/CHOQUE-116.jpg?fit=1200%2C900&ssl=1&resize=350%2C200","width":350,"height":200,"srcset":"https:\/\/i0.wp.com\/larevistadigital.com.ar\/blog\/wp-content\/uploads\/CHOQUE-116.jpg?fit=1200%2C900&ssl=1&resize=350%2C200 1x, https:\/\/i0.wp.com\/larevistadigital.com.ar\/blog\/wp-content\/uploads\/CHOQUE-116.jpg?fit=1200%2C900&ssl=1&resize=525%2C300 1.5x, https:\/\/i0.wp.com\/larevistadigital.com.ar\/blog\/wp-content\/uploads\/CHOQUE-116.jpg?fit=1200%2C900&ssl=1&resize=700%2C400 2x, https:\/\/i0.wp.com\/larevistadigital.com.ar\/blog\/wp-content\/uploads\/CHOQUE-116.jpg?fit=1200%2C900&ssl=1&resize=1050%2C600 3x"},"classes":[]},{"id":40934,"url":"https:\/\/larevistadigital.com.ar\/blog\/tragedia-en-chascomus-muere-un-joven-de-20-anos-luego-de-ser-atropellado-en-la-ruta-2\/","url_meta":{"origin":34972,"position":3},"title":"Tragedia en Chascom\u00fas: Muere un joven de 20 a\u00f1os, luego de ser atropellado en la ruta 2","author":"Alejandro Sosa Ruda","date":"15 agosto, 2025","format":false,"excerpt":"El hecho ocurri\u00f3 en el kil\u00f3metro 116, mano a Mar del Plata. La v\u00edctima fue trasladada de urgencia al hospital, pero falleci\u00f3 horas despu\u00e9s. El tr\u00e1nsito estuvo parcialmente interrumpido mientras trabajaban los peritos. 15 de Agosto de 2025 CHASCOM\u00daS\u00a0 -\u00a0 \u00a0Un tr\u00e1gico accidente conmocion\u00f3 la noche del jueves en la\u2026","rel":"","context":"En \u00abDESTACADAS\u00bb","block_context":{"text":"DESTACADAS","link":"https:\/\/larevistadigital.com.ar\/blog\/category\/destacadas\/"},"img":{"alt_text":"","src":"https:\/\/i0.wp.com\/larevistadigital.com.ar\/blog\/wp-content\/uploads\/Screenshot_1-121.jpg?fit=1007%2C565&ssl=1&resize=350%2C200","width":350,"height":200,"srcset":"https:\/\/i0.wp.com\/larevistadigital.com.ar\/blog\/wp-content\/uploads\/Screenshot_1-121.jpg?fit=1007%2C565&ssl=1&resize=350%2C200 1x, https:\/\/i0.wp.com\/larevistadigital.com.ar\/blog\/wp-content\/uploads\/Screenshot_1-121.jpg?fit=1007%2C565&ssl=1&resize=525%2C300 1.5x, https:\/\/i0.wp.com\/larevistadigital.com.ar\/blog\/wp-content\/uploads\/Screenshot_1-121.jpg?fit=1007%2C565&ssl=1&resize=700%2C400 2x"},"classes":[]},{"id":44669,"url":"https:\/\/larevistadigital.com.ar\/blog\/tragedia-en-ruta-2-un-hombre-murio-atropellado-por-un-camion-en-brandsen\/","url_meta":{"origin":34972,"position":4},"title":"Tragedia en Ruta 2: un hombre muri\u00f3 atropellado por un cami\u00f3n en Brandsen","author":"Alejandro Sosa Ruda","date":"23 marzo, 2026","format":false,"excerpt":"El hecho ocurri\u00f3 a la altura del kil\u00f3metro 50, en sentido a la Costa Atl\u00e1ntica. La v\u00edctima falleci\u00f3 en el lugar y el conductor del veh\u00edculo result\u00f3 ileso. 23 de Marzo de 2026 BRANDSEN -\u00a0 \u00a0Un nuevo y tr\u00e1gico accidente vial se registr\u00f3 en las \u00faltimas horas sobre la Ruta\u2026","rel":"","context":"En \u00abPOLICIALES\u00bb","block_context":{"text":"POLICIALES","link":"https:\/\/larevistadigital.com.ar\/blog\/category\/policiales\/"},"img":{"alt_text":"","src":"https:\/\/i0.wp.com\/larevistadigital.com.ar\/blog\/wp-content\/uploads\/0306918813d30b29a629495ccd854201b84b941f.jpg?fit=1140%2C807&ssl=1&resize=350%2C200","width":350,"height":200,"srcset":"https:\/\/i0.wp.com\/larevistadigital.com.ar\/blog\/wp-content\/uploads\/0306918813d30b29a629495ccd854201b84b941f.jpg?fit=1140%2C807&ssl=1&resize=350%2C200 1x, https:\/\/i0.wp.com\/larevistadigital.com.ar\/blog\/wp-content\/uploads\/0306918813d30b29a629495ccd854201b84b941f.jpg?fit=1140%2C807&ssl=1&resize=525%2C300 1.5x, https:\/\/i0.wp.com\/larevistadigital.com.ar\/blog\/wp-content\/uploads\/0306918813d30b29a629495ccd854201b84b941f.jpg?fit=1140%2C807&ssl=1&resize=700%2C400 2x, https:\/\/i0.wp.com\/larevistadigital.com.ar\/blog\/wp-content\/uploads\/0306918813d30b29a629495ccd854201b84b941f.jpg?fit=1140%2C807&ssl=1&resize=1050%2C600 3x"},"classes":[]},{"id":21975,"url":"https:\/\/larevistadigital.com.ar\/blog\/terrible-accidente-en-chascomus-murio-un-bebe-de-4-meses-y-hay-heridos\/","url_meta":{"origin":34972,"position":5},"title":"TERRIBLE ACCIDENTE EN CHASCOM\u00daS: MURI\u00d3 UN BEB\u00c9 DE 4 MESES Y HAY  HERIDOS","author":"Alejandro Sosa Ruda","date":"15 septiembre, 2021","format":false,"excerpt":"Ocurri\u00f3 esta madrugada. Estuvieron involucrados tres veh\u00edculos: un mini bus, una camioneta y un cami\u00f3n. CHASCOM\u00daS - Un beb\u00e9 de cuatro meses muri\u00f3 y seis personas resultaron heridas este mi\u00e9rcoles a la madrugada en un choque m\u00faltiple entre tres veh\u00edculos, que volcaron sobre la calzada y la banquina, en la\u2026","rel":"","context":"En \u00abDESTACADAS\u00bb","block_context":{"text":"DESTACADAS","link":"https:\/\/larevistadigital.com.ar\/blog\/category\/destacadas\/"},"img":{"alt_text":"","src":"https:\/\/i0.wp.com\/larevistadigital.com.ar\/blog\/wp-content\/uploads\/choque.png?fit=1200%2C587&ssl=1&resize=350%2C200","width":350,"height":200,"srcset":"https:\/\/i0.wp.com\/larevistadigital.com.ar\/blog\/wp-content\/uploads\/choque.png?fit=1200%2C587&ssl=1&resize=350%2C200 1x, https:\/\/i0.wp.com\/larevistadigital.com.ar\/blog\/wp-content\/uploads\/choque.png?fit=1200%2C587&ssl=1&resize=525%2C300 1.5x, https:\/\/i0.wp.com\/larevistadigital.com.ar\/blog\/wp-content\/uploads\/choque.png?fit=1200%2C587&ssl=1&resize=700%2C400 2x, https:\/\/i0.wp.com\/larevistadigital.com.ar\/blog\/wp-content\/uploads\/choque.png?fit=1200%2C587&ssl=1&resize=1050%2C600 3x"},"classes":[]}],"_links":{"self":[{"href":"https:\/\/larevistadigital.com.ar\/blog\/wp-json\/wp\/v2\/posts\/34972","targetHints":{"allow":["GET"]}}],"collection":[{"href":"https:\/\/larevistadigital.com.ar\/blog\/wp-json\/wp\/v2\/posts"}],"about":[{"href":"https:\/\/larevistadigital.com.ar\/blog\/wp-json\/wp\/v2\/types\/post"}],"author":[{"embeddable":true,"href":"https:\/\/larevistadigital.com.ar\/blog\/wp-json\/wp\/v2\/users\/3"}],"replies":[{"embeddable":true,"href":"https:\/\/larevistadigital.com.ar\/blog\/wp-json\/wp\/v2\/comments?post=34972"}],"version-history":[{"count":1,"href":"https:\/\/larevistadigital.com.ar\/blog\/wp-json\/wp\/v2\/posts\/34972\/revisions"}],"predecessor-version":[{"id":34974,"href":"https:\/\/larevistadigital.com.ar\/blog\/wp-json\/wp\/v2\/posts\/34972\/revisions\/34974"}],"wp:featuredmedia":[{"embeddable":true,"href":"https:\/\/larevistadigital.com.ar\/blog\/wp-json\/wp\/v2\/media\/34973"}],"wp:attachment":[{"href":"https:\/\/larevistadigital.com.ar\/blog\/wp-json\/wp\/v2\/media?parent=34972"}],"wp:term":[{"taxonomy":"category","embeddable":true,"href":"https:\/\/larevistadigital.com.ar\/blog\/wp-json\/wp\/v2\/categories?post=34972"},{"taxonomy":"post_tag","embeddable":true,"href":"https:\/\/larevistadigital.com.ar\/blog\/wp-json\/wp\/v2\/tags?post=34972"}],"curies":[{"name":"wp","href":"https:\/\/api.w.org\/{rel}","templated":true}]}}