{"id":34975,"date":"2024-01-03T12:32:59","date_gmt":"2024-01-03T15:32:59","guid":{"rendered":"https:\/\/larevistadigital.com.ar\/blog\/?p=34975"},"modified":"2024-01-03T12:32:59","modified_gmt":"2024-01-03T15:32:59","slug":"terrible-choque-entre-una-camioneta-y-un-camion","status":"publish","type":"post","link":"https:\/\/larevistadigital.com.ar\/blog\/terrible-choque-entre-una-camioneta-y-un-camion\/","title":{"rendered":"TERRIBLE CHOQUE ENTRE UNA CAMIONETA Y UN CAMI\u00d3N"},"content":{"rendered":"<h2 class=\"news-headline__article-summary\">Sucedi\u00f3 en Ruta 3, a la altura de la ciudad de Ca\u00f1uelas. A\u00fan no se conocen mayores detalles del hecho, aunque otro involucrado termin\u00f3 herido.<\/h2>\n<p>3 de diciembre de 2023<\/p>\n<article class=\"article-body article-body--first-paragraph\" data-td-script-src=\"https:\/\/www.0221.com.ar\/js-custom\/vendor\/jquery\/jquery-3.6.0.min-min-version-1704254825.js\"><strong>CA\u00d1UELAS &#8211;<\/strong>\u00a0 \u00a0Un tr\u00e1gico <b>choque <\/b>se produjo en las \u00faltimas horas en plena<strong> Ruta 3, <\/strong>a la altura de la localidad de\u00a0<strong>Ca\u00f1uelas<\/strong>, a menos de cien kil\u00f3metros de <b>La Plata.<\/b>\u00a0Seg\u00fan indicaron fuentes policiales,\u00a0<strong>un cami\u00f3n y un veh\u00edculo utilitario impactaron de manera frontal<\/strong>, provocando la\u00a0<strong>muerte de una persona en el acto<\/strong>.<\/p>\n<\/article>\n<div>\n<blockquote>\n<div id=\"Parallax\">El siniestro ocurri\u00f3<strong>\u00a0cerca de las 3 de la madrugada en el kil\u00f3metro 63,<\/strong>\u00a0al parecer cuando el conductor de una Citro\u00ebn Berlingo se cruz\u00f3 de carril y choc\u00f3 de frente contra un cami\u00f3n Iveco Astra, con semirremolque, que circulaba en sentido a Capital Federal.<\/div>\n<\/blockquote>\n<div>\n<article class=\"article-body article-body--third-paragraph\">A\u00fan resta establecer los motivos que llevaron a realizar estas maniobras a los involucrados y que llev\u00f3 a que impactaran de frente, dejando un panorama desolador. Cabe remarcar que<strong>\u00a0fue el conductor del rodado menor el que muri\u00f3 en el acto.<\/strong><\/p>\n<\/article>\n<article class=\"article-body article-body--fourth-paragraph\">\n<div id=\"455420-Libre-1036428776_wrap\" class=\"embed_cont type_imagen\">\n<div id=\"455420-Libre-1036428776_content\" class=\"embed_content\"><img data-recalc-dims=\"1\" decoding=\"async\" id=\"455420-Libre-1036428776_embed\" title=\"El tr\u00e1gico choque frontal en Ruta 3, a menos de 100 kil\u00f3metros de La Plata se cobr\u00f3 la vida de una persona.\" src=\"https:\/\/i0.wp.com\/media.0221.com.ar\/p\/dd0a6c70a4591c1c85b0958f517d49e3\/adjuntos\/357\/imagenes\/100\/136\/0100136789\/1400x0\/smart\/choque-ruta-3jpg.jpg?w=1400&#038;ssl=1\" alt=\"El tr\u00e1gico choque frontal en Ruta 3, a menos de 100 kil\u00f3metros de La Plata se cobr\u00f3 la vida de una persona.\"   data-td-src-property=\"https:\/\/media.0221.com.ar\/p\/dd0a6c70a4591c1c85b0958f517d49e3\/adjuntos\/357\/imagenes\/100\/136\/0100136789\/1400x0\/smart\/choque-ruta-3jpg.jpg\" \/><\/div>\n<div id=\"455420-Libre-1036428776_epigrafe\" class=\"embed_epigrafe\">\n<p>El tr\u00e1gico choque frontal en Ruta 3, a menos de 100 kil\u00f3metros de La Plata se cobr\u00f3 la vida de una persona.<\/p>\n<\/div>\n<div id=\"455420-Libre-1036428776_copyright\" class=\"embed_copyright\"><\/div>\n<\/div>\n<p>Por otra parte, el chofer del cami\u00f3n sufri\u00f3 heridas y fue trasladado al Hospital de Ca\u00f1uelas de urgencia. Personal de seguridad vial de Corredores Viales realiza tr\u00e1nsito asistido por un carril habilitado y por el sector de banquina, mientras que la polic\u00eda cient\u00edfica bonaerense trabaja en la pericias viales ordenadas por el juzgado actuante.<\/p>\n<\/article>\n<article class=\"article-body article-body--fifth-paragraph\"><\/article>\n<\/div>\n<\/div>\n","protected":false},"excerpt":{"rendered":"<div class=\"mh-excerpt\"><p>Sucedi\u00f3 en Ruta 3, a la altura de la ciudad de Ca\u00f1uelas. A\u00fan no se conocen mayores detalles del hecho, aunque otro involucrado termin\u00f3 herido. 3 de diciembre de 2023 CA\u00d1UELAS &#8211;\u00a0 \u00a0Un tr\u00e1gico choque <a class=\"mh-excerpt-more\" href=\"https:\/\/larevistadigital.com.ar\/blog\/terrible-choque-entre-una-camioneta-y-un-camion\/\" title=\"TERRIBLE CHOQUE ENTRE UNA CAMIONETA Y UN CAMI\u00d3N\">[Leer M\u00e1s]<\/a><\/p>\n<\/div>","protected":false},"author":3,"featured_media":34976,"comment_status":"open","ping_status":"open","sticky":false,"template":"","format":"standard","meta":{"_jetpack_memberships_contains_paid_content":false,"footnotes":"","jetpack_publicize_message":"","jetpack_publicize_feature_enabled":true,"jetpack_social_post_already_shared":true,"jetpack_social_options":{"image_generator_settings":{"template":"highway","default_image_id":0,"font":"","enabled":false},"version":2}},"categories":[44,51],"tags":[],"class_list":{"0":"post-34975","1":"post","2":"type-post","3":"status-publish","4":"format-standard","5":"has-post-thumbnail","7":"category-policiales","8":"category-regionales"},"jetpack_publicize_connections":[],"jetpack_featured_media_url":"https:\/\/i0.wp.com\/larevistadigital.com.ar\/blog\/wp-content\/uploads\/Captura-de-pantalla-2024-01-03-122956.png?fit=890%2C514&ssl=1","jetpack_sharing_enabled":true,"jetpack_shortlink":"https:\/\/wp.me\/p8qtrQ-967","jetpack-related-posts":[{"id":31267,"url":"https:\/\/larevistadigital.com.ar\/blog\/canuelas-en-un-choque-multiple-en-la-ruta-6-cuatro-vehiculos-quedaron-apilados\/","url_meta":{"origin":34975,"position":0},"title":"CA\u00d1UELAS: EN UN CHOQUE M\u00daLTIPLE EN LA RUTA 6, CUATRO VEH\u00cdCULOS QUEDARON APILADOS","author":"Alejandro Sosa Ruda","date":"27 abril, 2023","format":false,"excerpt":"Luego de dos horas de trabajo, personal de Bomberos Voluntarios con la colaboraci\u00f3n de personal sanitario, policial, de Gendarmer\u00eda y de la Guardia Urbana logr\u00f3 extraer a todos los ocupantes que hab\u00edan quedado atrapados en los habit\u00e1culos. Se registraron varios heridos. 27 de abril de 2023 CA\u00d1UELAS -\u00a0 Un brutal\u2026","rel":"","context":"En \u00abINTERES GENERAL\u00bb","block_context":{"text":"INTERES GENERAL","link":"https:\/\/larevistadigital.com.ar\/blog\/category\/interes-general\/"},"img":{"alt_text":"","src":"https:\/\/i0.wp.com\/larevistadigital.com.ar\/blog\/wp-content\/uploads\/20230427140109_canu.jpg?fit=880%2C512&ssl=1&resize=350%2C200","width":350,"height":200,"srcset":"https:\/\/i0.wp.com\/larevistadigital.com.ar\/blog\/wp-content\/uploads\/20230427140109_canu.jpg?fit=880%2C512&ssl=1&resize=350%2C200 1x, https:\/\/i0.wp.com\/larevistadigital.com.ar\/blog\/wp-content\/uploads\/20230427140109_canu.jpg?fit=880%2C512&ssl=1&resize=525%2C300 1.5x, https:\/\/i0.wp.com\/larevistadigital.com.ar\/blog\/wp-content\/uploads\/20230427140109_canu.jpg?fit=880%2C512&ssl=1&resize=700%2C400 2x"},"classes":[]},{"id":24801,"url":"https:\/\/larevistadigital.com.ar\/blog\/volco-un-camion-con-acido-muriatico-en-la-ruta-3-murio-el-chofer-y-hay-alerta-por-una-nube-toxica\/","url_meta":{"origin":34975,"position":1},"title":"VOLC\u00d3 UN CAMI\u00d3N CON \u00c1CIDO MURI\u00c1TICO EN LA RUTA 3. MURI\u00d3 EL CHOFER Y HAY ALERTA POR UNA NUBE T\u00d3XICA","author":"Alejandro Sosa Ruda","date":"25 marzo, 2022","format":false,"excerpt":"El veh\u00edculo se accident\u00f3 a la altura del kil\u00f3metro 91 y la Polic\u00eda Ecol\u00f3gica trabaja en el lugar para remover la sustancia corrosiva. El conductor muri\u00f3. CA\u00d1UELAS -\u00a0 Un cami\u00f3n cargado con \u00e1cido clorh\u00eddrico, conocido com\u00fanmente como \u00e1cido muri\u00e1tico, sufri\u00f3 un serio accidente durante las \u00faltimas horas y volc\u00f3 en\u2026","rel":"","context":"En \u00abDESTACADAS\u00bb","block_context":{"text":"DESTACADAS","link":"https:\/\/larevistadigital.com.ar\/blog\/category\/destacadas\/"},"img":{"alt_text":"","src":"https:\/\/i0.wp.com\/larevistadigital.com.ar\/blog\/wp-content\/uploads\/1648227804552.jpg?fit=1200%2C594&ssl=1&resize=350%2C200","width":350,"height":200,"srcset":"https:\/\/i0.wp.com\/larevistadigital.com.ar\/blog\/wp-content\/uploads\/1648227804552.jpg?fit=1200%2C594&ssl=1&resize=350%2C200 1x, https:\/\/i0.wp.com\/larevistadigital.com.ar\/blog\/wp-content\/uploads\/1648227804552.jpg?fit=1200%2C594&ssl=1&resize=525%2C300 1.5x, https:\/\/i0.wp.com\/larevistadigital.com.ar\/blog\/wp-content\/uploads\/1648227804552.jpg?fit=1200%2C594&ssl=1&resize=700%2C400 2x, https:\/\/i0.wp.com\/larevistadigital.com.ar\/blog\/wp-content\/uploads\/1648227804552.jpg?fit=1200%2C594&ssl=1&resize=1050%2C600 3x"},"classes":[]},{"id":34240,"url":"https:\/\/larevistadigital.com.ar\/blog\/un-micro-de-larga-distancia-se-incrusto-contra-un-camion-en-la-ruta-3\/","url_meta":{"origin":34975,"position":2},"title":"UN MICRO DE LARGA DISTANCIA SE INCRUST\u00d3 CONTRA UN CAMI\u00d3N EN LA RUTA 3","author":"Alejandro Sosa Ruda","date":"31 octubre, 2023","format":false,"excerpt":"Sucedi\u00f3 a la altura del km 74. El chofer del colectivo fue rescatado por los bomberos. Adem\u00e1s cinco pasajeros del micro fueron trasladados por precauci\u00f3n al Hospital Marzetti. La causa por Lesiones Culposas qued\u00f3 a cargo de la Fiscal\u00eda 1 de Ca\u00f1uelas. 31 de octubre de 2023 CA\u00d1UELAS -\u00a0 En\u2026","rel":"","context":"En \u00abREGIONALES\u00bb","block_context":{"text":"REGIONALES","link":"https:\/\/larevistadigital.com.ar\/blog\/category\/regionales\/"},"img":{"alt_text":"","src":"https:\/\/i0.wp.com\/larevistadigital.com.ar\/blog\/wp-content\/uploads\/20231030181829_un-micro-de-larga-distancia-se-incrusto-contra-un-camion-en-ruta-3-25094.jpg?fit=880%2C512&ssl=1&resize=350%2C200","width":350,"height":200,"srcset":"https:\/\/i0.wp.com\/larevistadigital.com.ar\/blog\/wp-content\/uploads\/20231030181829_un-micro-de-larga-distancia-se-incrusto-contra-un-camion-en-ruta-3-25094.jpg?fit=880%2C512&ssl=1&resize=350%2C200 1x, https:\/\/i0.wp.com\/larevistadigital.com.ar\/blog\/wp-content\/uploads\/20231030181829_un-micro-de-larga-distancia-se-incrusto-contra-un-camion-en-ruta-3-25094.jpg?fit=880%2C512&ssl=1&resize=525%2C300 1.5x, https:\/\/i0.wp.com\/larevistadigital.com.ar\/blog\/wp-content\/uploads\/20231030181829_un-micro-de-larga-distancia-se-incrusto-contra-un-camion-en-ruta-3-25094.jpg?fit=880%2C512&ssl=1&resize=700%2C400 2x"},"classes":[]},{"id":18981,"url":"https:\/\/larevistadigital.com.ar\/blog\/videos-exploto-camion-que-llevaba-1-100-garrafas-en-las-heras\/","url_meta":{"origin":34975,"position":3},"title":"[VIDEOS] EXPLOT\u00d3 CAMI\u00d3N QUE LLEVABA 1.100 GARRAFAS EN LAS HERAS","author":"Alejandro Sosa Ruda","date":"23 febrero, 2021","format":false,"excerpt":"Un cami\u00f3n de la empresa Extragas se incendi\u00f3 en pleno trayecto lo que dio origen al siniestro. El chofer del rodado logr\u00f3 bajarse a tiempo y no hubo que lamentar v\u00edctimas fatales. LAS HERAS - Este viernes, un cami\u00f3n que transportaba\u00a0m\u00e1s de 1000 garrafas -todas cargadas-\u00a0se incendi\u00f3 en plena recta\u2026","rel":"","context":"En \u00abREGIONALES\u00bb","block_context":{"text":"REGIONALES","link":"https:\/\/larevistadigital.com.ar\/blog\/category\/regionales\/"},"img":{"alt_text":"","src":"https:\/\/i0.wp.com\/larevistadigital.com.ar\/blog\/wp-content\/uploads\/camion-incendiado-garrafas.jpg?fit=775%2C400&ssl=1&resize=350%2C200","width":350,"height":200,"srcset":"https:\/\/i0.wp.com\/larevistadigital.com.ar\/blog\/wp-content\/uploads\/camion-incendiado-garrafas.jpg?fit=775%2C400&ssl=1&resize=350%2C200 1x, https:\/\/i0.wp.com\/larevistadigital.com.ar\/blog\/wp-content\/uploads\/camion-incendiado-garrafas.jpg?fit=775%2C400&ssl=1&resize=525%2C300 1.5x, https:\/\/i0.wp.com\/larevistadigital.com.ar\/blog\/wp-content\/uploads\/camion-incendiado-garrafas.jpg?fit=775%2C400&ssl=1&resize=700%2C400 2x"},"classes":[]},{"id":12924,"url":"https:\/\/larevistadigital.com.ar\/blog\/monte-choque-entre-un-camion-y-un-auto-en-la-ruta-3\/","url_meta":{"origin":34975,"position":4},"title":"MONTE: CHOQUE ENTRE UN CAMI\u00d3N Y UN AUTO EN LA RUTA 3","author":"Alejandro Sosa Ruda","date":"29 octubre, 2019","format":false,"excerpt":"Un fuerte accidente automovil\u00edstico se produjo esta madrugada a la altura del kil\u00f3metro 107 en la Ruta Nacional 3. El siniestro fue protagonizado por un cami\u00f3n Mercedes Benz 114 y un autom\u00f3vil Fiat Palio Weekend familiar; todav\u00eda no se lograron determinar las causas del impacto. Por su parte, el ocupante\u2026","rel":"","context":"En \u00abPOLICIALES\u00bb","block_context":{"text":"POLICIALES","link":"https:\/\/larevistadigital.com.ar\/blog\/category\/policiales\/"},"img":{"alt_text":"","src":"https:\/\/i0.wp.com\/larevistadigital.com.ar\/blog\/wp-content\/uploads\/76747339_1380789092084848_3087447887953526784_n.jpg?fit=960%2C629&ssl=1&resize=350%2C200","width":350,"height":200,"srcset":"https:\/\/i0.wp.com\/larevistadigital.com.ar\/blog\/wp-content\/uploads\/76747339_1380789092084848_3087447887953526784_n.jpg?fit=960%2C629&ssl=1&resize=350%2C200 1x, https:\/\/i0.wp.com\/larevistadigital.com.ar\/blog\/wp-content\/uploads\/76747339_1380789092084848_3087447887953526784_n.jpg?fit=960%2C629&ssl=1&resize=525%2C300 1.5x, https:\/\/i0.wp.com\/larevistadigital.com.ar\/blog\/wp-content\/uploads\/76747339_1380789092084848_3087447887953526784_n.jpg?fit=960%2C629&ssl=1&resize=700%2C400 2x"},"classes":[]},{"id":33193,"url":"https:\/\/larevistadigital.com.ar\/blog\/ruta-51-dos-muertos-en-un-choque-frontal-de-camiones\/","url_meta":{"origin":34975,"position":5},"title":"RUTA 51: DOS MUERTOS EN UN CHOQUE FRONTAL DE CAMIONES","author":"Alejandro Sosa Ruda","date":"1 septiembre, 2023","format":false,"excerpt":"Las autoridades policiales informaron que el tr\u00e1gico suceso tuvo lugar en las cercan\u00edas de la planta de cemento L\u2019Amali. El impactante choque se produjo entre un cami\u00f3n Iveco y un rodado de gran envergadura de la marca Scania, generando un impacto devastador que result\u00f3 en la p\u00e9rdida de vida de\u2026","rel":"","context":"En \u00abPOLICIALES\u00bb","block_context":{"text":"POLICIALES","link":"https:\/\/larevistadigital.com.ar\/blog\/category\/policiales\/"},"img":{"alt_text":"","src":"https:\/\/i0.wp.com\/larevistadigital.com.ar\/blog\/wp-content\/uploads\/20230831170755_choque.jpg?fit=880%2C512&ssl=1&resize=350%2C200","width":350,"height":200,"srcset":"https:\/\/i0.wp.com\/larevistadigital.com.ar\/blog\/wp-content\/uploads\/20230831170755_choque.jpg?fit=880%2C512&ssl=1&resize=350%2C200 1x, https:\/\/i0.wp.com\/larevistadigital.com.ar\/blog\/wp-content\/uploads\/20230831170755_choque.jpg?fit=880%2C512&ssl=1&resize=525%2C300 1.5x, https:\/\/i0.wp.com\/larevistadigital.com.ar\/blog\/wp-content\/uploads\/20230831170755_choque.jpg?fit=880%2C512&ssl=1&resize=700%2C400 2x"},"classes":[]}],"_links":{"self":[{"href":"https:\/\/larevistadigital.com.ar\/blog\/wp-json\/wp\/v2\/posts\/34975","targetHints":{"allow":["GET"]}}],"collection":[{"href":"https:\/\/larevistadigital.com.ar\/blog\/wp-json\/wp\/v2\/posts"}],"about":[{"href":"https:\/\/larevistadigital.com.ar\/blog\/wp-json\/wp\/v2\/types\/post"}],"author":[{"embeddable":true,"href":"https:\/\/larevistadigital.com.ar\/blog\/wp-json\/wp\/v2\/users\/3"}],"replies":[{"embeddable":true,"href":"https:\/\/larevistadigital.com.ar\/blog\/wp-json\/wp\/v2\/comments?post=34975"}],"version-history":[{"count":1,"href":"https:\/\/larevistadigital.com.ar\/blog\/wp-json\/wp\/v2\/posts\/34975\/revisions"}],"predecessor-version":[{"id":34977,"href":"https:\/\/larevistadigital.com.ar\/blog\/wp-json\/wp\/v2\/posts\/34975\/revisions\/34977"}],"wp:featuredmedia":[{"embeddable":true,"href":"https:\/\/larevistadigital.com.ar\/blog\/wp-json\/wp\/v2\/media\/34976"}],"wp:attachment":[{"href":"https:\/\/larevistadigital.com.ar\/blog\/wp-json\/wp\/v2\/media?parent=34975"}],"wp:term":[{"taxonomy":"category","embeddable":true,"href":"https:\/\/larevistadigital.com.ar\/blog\/wp-json\/wp\/v2\/categories?post=34975"},{"taxonomy":"post_tag","embeddable":true,"href":"https:\/\/larevistadigital.com.ar\/blog\/wp-json\/wp\/v2\/tags?post=34975"}],"curies":[{"name":"wp","href":"https:\/\/api.w.org\/{rel}","templated":true}]}}