{"id":34979,"date":"2024-01-04T10:32:58","date_gmt":"2024-01-04T13:32:58","guid":{"rendered":"https:\/\/larevistadigital.com.ar\/blog\/?p=34979"},"modified":"2024-01-04T11:10:58","modified_gmt":"2024-01-04T14:10:58","slug":"los-mismos-de-siempre-por-lito-fernandez","status":"publish","type":"post","link":"https:\/\/larevistadigital.com.ar\/blog\/los-mismos-de-siempre-por-lito-fernandez\/","title":{"rendered":"\u00abLOS MISMOS DE SIEMPRE&#8230;\u00bb (POR LITO FERN\u00c1NDEZ)"},"content":{"rendered":"<h3>El coordinador local de La Libertad Avanza y su compa\u00f1ero de mesa, Javier Hartmann hicieron llegar una nota a nuestra redacci\u00f3n, donde critica fuertemente a todos los concejales, que a continuaci\u00f3n publicamos.<\/h3>\n<h3>Los Mismos de Siempre<\/h3>\n<p>La semana pasada en el Concejo Deliberante, los concejales de UxP ,UCR y Pro aprobaron por unanimidad, que el DNU del presidente <strong>Javier Milei<\/strong> , es inconstitucional, tild\u00e1ndolo mediante la resoluci\u00f3n como\u00a0 anticonstitucional, irracional y autoritario. Cabe aclarar que fueron todos excepto uno de los Ediles Radicales,\u00a0 quien pareciera ser el m\u00e1s sensato de todos. \u00bfPensar\u00e1n lo mismo de los otros DNU que sacaron los ex presidentes desde Menen hasta Alberto y Cristina entre otros?.<\/p>\n<p>Resulta llamativo, que algunos de estos actores, mientras votan estos rechazos,\u00a0 se jactan de decir que no son lo mismo que los partidarios de la UCR y Uni\u00f3n por la Patria.<\/p>\n<p>Hasta nos ayudaron a fiscalizar en las \u00faltimas elecciones, y ahora me pregunto&#8230; \u00bfpor habr\u00e1 sido?. Se sab\u00eda que Milei iba a ir por algunas cajas pol\u00edticas, por tal motivo algunos sectores de la UCR apoyaron a Massa.<\/p>\n<p>No se\u00f1ores.\u00a0 El DNU es una herramienta para gobernar que est\u00e1 en la constituci\u00f3n. Tenemos la seguridad que muchos de ellos ni siquiera han le\u00eddo el DNU,\u00a0 y mucho menos recurrieron a t\u00e9cnicos y\/o especialistas para analizar uno por uno el mega decreto, y de esa manera poder opinar con propiedad.<\/p>\n<p>Hasta Mar\u00eda Eugenia Vidal (Dirigente del PRO y jefa pol\u00edtica de algunos concejales), pidi\u00f3 la aprobaci\u00f3n&#8230;<\/p>\n<p>Hoy, m\u00e1s que nunca, la Argentina necesita medidas urgentes, y abrirse al mundo. Resulta fundamental eliminar privilegios y desburocratizar el estado que hoy nos impide el crecimiento.<\/p>\n<p>Evidentemente, estos concejales no entienden lo fr\u00e1gil del estado en el que se encuentra nuestra querida Argentina. Nos exponemos al riesgo de una Hiperinflaci\u00f3n (algo que el radicalismo conoce muy bien), y los problemas no se eluden de una manera as\u00ed de simple.<\/p>\n<p>Parece incre\u00edble, que existan dirigentes que nieguen o minimicen\u00a0 la crisis.<br \/>\nNadie puede no estar en de acuerdo con las escuelas, con tener 190 d\u00edas de clases, con la derogaci\u00f3n de la ley de alquileres, ley de fuego o con que los extranjeros paguen la facultad, y otras tantas normas que resultan fundamentales para cambiar la realidad del pa\u00eds. Hoy tenemos a un Presidente que no solo lo dice, sino que se atreve a introducir los cambios necesarios.<\/p>\n<p>Por esto, pedimos a los chascomunenses que le den tiempo, ya qu\u00e9 el momento es ahora y debemos actuar con responsabilidad de acuerdo al hist\u00f3rico momento que nos toca transitar.<\/p>\n<p><strong>Firma: LLA coordinador Antonio Fern\u00e1ndez <\/strong><br \/>\n<strong>Javier Hartmann<\/strong><\/p>\n<p>&nbsp;<\/p>\n","protected":false},"excerpt":{"rendered":"<div class=\"mh-excerpt\"><p>El coordinador local de La Libertad Avanza y su compa\u00f1ero de mesa, Javier Hartmann hicieron llegar una nota a nuestra redacci\u00f3n, donde critica fuertemente a todos los concejales, que a continuaci\u00f3n publicamos. Los Mismos de <a class=\"mh-excerpt-more\" href=\"https:\/\/larevistadigital.com.ar\/blog\/los-mismos-de-siempre-por-lito-fernandez\/\" title=\"\u00abLOS MISMOS DE SIEMPRE&#8230;\u00bb (POR LITO FERN\u00c1NDEZ)\">[Leer M\u00e1s]<\/a><\/p>\n<\/div>","protected":false},"author":3,"featured_media":34986,"comment_status":"open","ping_status":"open","sticky":false,"template":"","format":"standard","meta":{"_jetpack_memberships_contains_paid_content":false,"footnotes":"","jetpack_publicize_message":"","jetpack_publicize_feature_enabled":true,"jetpack_social_post_already_shared":true,"jetpack_social_options":{"image_generator_settings":{"template":"highway","default_image_id":0,"font":"","enabled":false},"version":2}},"categories":[6,23,1],"tags":[],"class_list":{"0":"post-34979","1":"post","2":"type-post","3":"status-publish","4":"format-standard","5":"has-post-thumbnail","7":"category-chascomus","8":"category-politica-local","9":"category-sin-categoria"},"jetpack_publicize_connections":[],"jetpack_featured_media_url":"https:\/\/i0.wp.com\/larevistadigital.com.ar\/blog\/wp-content\/uploads\/Fernandez-Hartmann.jpg?fit=800%2C636&ssl=1","jetpack_sharing_enabled":true,"jetpack_shortlink":"https:\/\/wp.me\/p8qtrQ-96b","jetpack-related-posts":[{"id":6125,"url":"https:\/\/larevistadigital.com.ar\/blog\/destacable-gesto-del-intendente-de-chascomus-javier-gaston-y-su-bloque-de-concejales\/","url_meta":{"origin":34979,"position":0},"title":"DESTACABLE GESTO DEL INTENDENTE DE CHASCOM\u00daS, JAVIER GAST\u00d3N Y SU BLOQUE DE CONCEJALES","author":"Alejandro Sosa Ruda","date":"3 agosto, 2018","format":false,"excerpt":"El intendente de Chascom\u00fas, Javier Gast\u00f3n y el bloque de concejales de Unidad por Chascom\u00fas, se hicieron presentes en el Congreso Nacional a efectos de apoyar a los Bomberos Voluntarios de la ciudad y el pa\u00eds en su reclamo para que no se quiten los subsidios para el equipamiento y\u2026","rel":"","context":"En \u00abCHASCOM\u00daS\u00bb","block_context":{"text":"CHASCOM\u00daS","link":"https:\/\/larevistadigital.com.ar\/blog\/category\/chascomus\/"},"img":{"alt_text":"","src":"https:\/\/i0.wp.com\/larevistadigital.com.ar\/blog\/wp-content\/uploads\/2018\/08\/Screenshot_1.jpg?fit=670%2C556&ssl=1&resize=350%2C200","width":350,"height":200,"srcset":"https:\/\/i0.wp.com\/larevistadigital.com.ar\/blog\/wp-content\/uploads\/2018\/08\/Screenshot_1.jpg?fit=670%2C556&ssl=1&resize=350%2C200 1x, https:\/\/i0.wp.com\/larevistadigital.com.ar\/blog\/wp-content\/uploads\/2018\/08\/Screenshot_1.jpg?fit=670%2C556&ssl=1&resize=525%2C300 1.5x"},"classes":[]},{"id":13598,"url":"https:\/\/larevistadigital.com.ar\/blog\/chascomus-asumieron-los-nuevos-concejales-con-la-presencia-del-intendente-y-su-gabinete\/","url_meta":{"origin":34979,"position":1},"title":"CHASCOM\u00daS: ASUMIERON LOS NUEVOS CONCEJALES CON LA PRESENCIA DEL INTENDENTE Y SU GABINETE","author":"Alejandro Sosa Ruda","date":"10 diciembre, 2019","format":false,"excerpt":"Esta ma\u00f1ana, en el marco de celebrarse 36 a\u00f1os de la Restauraci\u00f3n de la Democracia, el Intendente Municipal se hizo presente en el Honorable Concejo Deliberante para compartir la sesi\u00f3n de despedida de los concejales salientes y de asunci\u00f3n de los entrantes. Como lo adelant\u00f3 La Revista Digital, fue elegido\u2026","rel":"","context":"En \u00abCHASCOM\u00daS\u00bb","block_context":{"text":"CHASCOM\u00daS","link":"https:\/\/larevistadigital.com.ar\/blog\/category\/chascomus\/"},"img":{"alt_text":"","src":"https:\/\/i0.wp.com\/larevistadigital.com.ar\/blog\/wp-content\/uploads\/80365766_2855415971145936_5407380846619394048_o.jpg?fit=1200%2C800&ssl=1&resize=350%2C200","width":350,"height":200,"srcset":"https:\/\/i0.wp.com\/larevistadigital.com.ar\/blog\/wp-content\/uploads\/80365766_2855415971145936_5407380846619394048_o.jpg?fit=1200%2C800&ssl=1&resize=350%2C200 1x, https:\/\/i0.wp.com\/larevistadigital.com.ar\/blog\/wp-content\/uploads\/80365766_2855415971145936_5407380846619394048_o.jpg?fit=1200%2C800&ssl=1&resize=525%2C300 1.5x, https:\/\/i0.wp.com\/larevistadigital.com.ar\/blog\/wp-content\/uploads\/80365766_2855415971145936_5407380846619394048_o.jpg?fit=1200%2C800&ssl=1&resize=700%2C400 2x, https:\/\/i0.wp.com\/larevistadigital.com.ar\/blog\/wp-content\/uploads\/80365766_2855415971145936_5407380846619394048_o.jpg?fit=1200%2C800&ssl=1&resize=1050%2C600 3x"},"classes":[]},{"id":12915,"url":"https:\/\/larevistadigital.com.ar\/blog\/resultados-y-quienes-entran-al-concejo-y-consejo-escolar-en-chascomus\/","url_meta":{"origin":34979,"position":2},"title":"RESULTADOS Y QUIENES ENTRAN AL CONCEJO, Y CONSEJO ESCOLAR EN CHASCOM\u00daS","author":"Alejandro Sosa Ruda","date":"28 octubre, 2019","format":false,"excerpt":"Javier \" EL Chapa\" Gast\u00f3n, logr\u00f3 la cifra r\u00e9cord de 16.724 votos (64,79%). Santiago Dos Santos de Juntos por el Cambio obtuvo el segundo lugar con el 30,79% (7.947 votos), Ignacio G\u00f3rriz de Consenso Federal el tercero con el 2,97% (767 sufragios) y Leandro Iribarren del Frente de Izquierda y\u2026","rel":"","context":"En \u00abCHASCOM\u00daS\u00bb","block_context":{"text":"CHASCOM\u00daS","link":"https:\/\/larevistadigital.com.ar\/blog\/category\/chascomus\/"},"img":{"alt_text":"","src":"https:\/\/i0.wp.com\/larevistadigital.com.ar\/blog\/wp-content\/uploads\/gaston1_28deoctubrede2019_elfuerte.jpg?fit=737%2C415&ssl=1&resize=350%2C200","width":350,"height":200,"srcset":"https:\/\/i0.wp.com\/larevistadigital.com.ar\/blog\/wp-content\/uploads\/gaston1_28deoctubrede2019_elfuerte.jpg?fit=737%2C415&ssl=1&resize=350%2C200 1x, https:\/\/i0.wp.com\/larevistadigital.com.ar\/blog\/wp-content\/uploads\/gaston1_28deoctubrede2019_elfuerte.jpg?fit=737%2C415&ssl=1&resize=525%2C300 1.5x, https:\/\/i0.wp.com\/larevistadigital.com.ar\/blog\/wp-content\/uploads\/gaston1_28deoctubrede2019_elfuerte.jpg?fit=737%2C415&ssl=1&resize=700%2C400 2x"},"classes":[]},{"id":15360,"url":"https:\/\/larevistadigital.com.ar\/blog\/concejales-del-frente-de-todos-denuncian-que-etchevarren-reduce-el-regimen-horario-de-los-empleados-municipales\/","url_meta":{"origin":34979,"position":3},"title":"CONCEJALES DEL FRENTE DE TODOS DENUNCIAN QUE ETCHEVARREN REDUCE EL R\u00c9GIMEN HORARIO DE LOS EMPLEADOS MUNICIPALES","author":"Alejandro Sosa Ruda","date":"26 mayo, 2020","format":false,"excerpt":"El bloque de Concejales del Frente de Todos advierte por maniobras del gobierno local que violan el derecho laboral y constitucional. Los ediles afirmaron que \u201cel intendente Camilo Etchevarren se encuentra reduciendo por Decreto el r\u00e9gimen horario de los empleados municipales, pasando de 48 a 36 horas semanales\u201d. En estas\u2026","rel":"","context":"En \u00abDOLORES\u00bb","block_context":{"text":"DOLORES","link":"https:\/\/larevistadigital.com.ar\/blog\/category\/dolores\/"},"img":{"alt_text":"","src":"https:\/\/i0.wp.com\/larevistadigital.com.ar\/blog\/wp-content\/uploads\/Concejales-FdT.jpg?fit=693%2C346&ssl=1&resize=350%2C200","width":350,"height":200,"srcset":"https:\/\/i0.wp.com\/larevistadigital.com.ar\/blog\/wp-content\/uploads\/Concejales-FdT.jpg?fit=693%2C346&ssl=1&resize=350%2C200 1x, https:\/\/i0.wp.com\/larevistadigital.com.ar\/blog\/wp-content\/uploads\/Concejales-FdT.jpg?fit=693%2C346&ssl=1&resize=525%2C300 1.5x"},"classes":[]},{"id":12881,"url":"https:\/\/larevistadigital.com.ar\/blog\/javier-gaston-fue-reelecto-como-intendente-de-chascomus\/","url_meta":{"origin":34979,"position":4},"title":"JAVIER GAST\u00d3N FUE REELECTO COMO INTENDENTE DE CHASCOM\u00daS","author":"Alejandro Sosa Ruda","date":"28 octubre, 2019","format":false,"excerpt":"El Intendente de Chascom\u00fas, y candidato por el Frente de Todos, Javier Gast\u00f3n, gan\u00f3 la elecci\u00f3n por amplio margen como hab\u00eda ocurrido en las PASO de agosto pasado, y gobernar\u00e1 la ciudad por cuatro a\u00f1os m\u00e1s a partir de diciembre. Con un gran porcentaje de adhesi\u00f3n de los vecinos, el\u2026","rel":"","context":"En \u00abCHASCOM\u00daS\u00bb","block_context":{"text":"CHASCOM\u00daS","link":"https:\/\/larevistadigital.com.ar\/blog\/category\/chascomus\/"},"img":{"alt_text":"","src":"https:\/\/i0.wp.com\/larevistadigital.com.ar\/blog\/wp-content\/uploads\/Screenshot_1-55.jpg?fit=712%2C597&ssl=1&resize=350%2C200","width":350,"height":200,"srcset":"https:\/\/i0.wp.com\/larevistadigital.com.ar\/blog\/wp-content\/uploads\/Screenshot_1-55.jpg?fit=712%2C597&ssl=1&resize=350%2C200 1x, https:\/\/i0.wp.com\/larevistadigital.com.ar\/blog\/wp-content\/uploads\/Screenshot_1-55.jpg?fit=712%2C597&ssl=1&resize=525%2C300 1.5x, https:\/\/i0.wp.com\/larevistadigital.com.ar\/blog\/wp-content\/uploads\/Screenshot_1-55.jpg?fit=712%2C597&ssl=1&resize=700%2C400 2x"},"classes":[]},{"id":19167,"url":"https:\/\/larevistadigital.com.ar\/blog\/ramiro-ferrante-afirmo-que-el-gobierno-local-no-escucha-a-todos-los-sectores-ni-busca-consensos\/","url_meta":{"origin":34979,"position":5},"title":"RAMIRO FERRANTE AFIRM\u00d3 QUE EL GOBIERNO LOCAL NO ESCUCHA A TODOS LOS SECTORES NI BUSCA CONSENSOS","author":"Alejandro Sosa Ruda","date":"4 marzo, 2021","format":false,"excerpt":"Ramiro Ferrante, presidente del bloque de concejales Cambiemos Chascom\u00fas, fue entrevistado en el programa \u00abAM Show\u00bb que conduce Alberto Morel, donde se refiri\u00f3 a lo que fue el discurso del Intendente Municipal en la apertura de las Sesiones Ordinarias del Concejo Deliberante. Lament\u00f3 que el intendente en lugar de ocuparse\u2026","rel":"","context":"En \u00abINTERES GENERAL\u00bb","block_context":{"text":"INTERES GENERAL","link":"https:\/\/larevistadigital.com.ar\/blog\/category\/interes-general\/"},"img":{"alt_text":"","src":"https:\/\/i0.wp.com\/larevistadigital.com.ar\/blog\/wp-content\/uploads\/20429646_674361972769299_639982001727396773_n.jpg?fit=617%2C617&ssl=1&resize=350%2C200","width":350,"height":200,"srcset":"https:\/\/i0.wp.com\/larevistadigital.com.ar\/blog\/wp-content\/uploads\/20429646_674361972769299_639982001727396773_n.jpg?fit=617%2C617&ssl=1&resize=350%2C200 1x, https:\/\/i0.wp.com\/larevistadigital.com.ar\/blog\/wp-content\/uploads\/20429646_674361972769299_639982001727396773_n.jpg?fit=617%2C617&ssl=1&resize=525%2C300 1.5x"},"classes":[]}],"_links":{"self":[{"href":"https:\/\/larevistadigital.com.ar\/blog\/wp-json\/wp\/v2\/posts\/34979","targetHints":{"allow":["GET"]}}],"collection":[{"href":"https:\/\/larevistadigital.com.ar\/blog\/wp-json\/wp\/v2\/posts"}],"about":[{"href":"https:\/\/larevistadigital.com.ar\/blog\/wp-json\/wp\/v2\/types\/post"}],"author":[{"embeddable":true,"href":"https:\/\/larevistadigital.com.ar\/blog\/wp-json\/wp\/v2\/users\/3"}],"replies":[{"embeddable":true,"href":"https:\/\/larevistadigital.com.ar\/blog\/wp-json\/wp\/v2\/comments?post=34979"}],"version-history":[{"count":7,"href":"https:\/\/larevistadigital.com.ar\/blog\/wp-json\/wp\/v2\/posts\/34979\/revisions"}],"predecessor-version":[{"id":34990,"href":"https:\/\/larevistadigital.com.ar\/blog\/wp-json\/wp\/v2\/posts\/34979\/revisions\/34990"}],"wp:featuredmedia":[{"embeddable":true,"href":"https:\/\/larevistadigital.com.ar\/blog\/wp-json\/wp\/v2\/media\/34986"}],"wp:attachment":[{"href":"https:\/\/larevistadigital.com.ar\/blog\/wp-json\/wp\/v2\/media?parent=34979"}],"wp:term":[{"taxonomy":"category","embeddable":true,"href":"https:\/\/larevistadigital.com.ar\/blog\/wp-json\/wp\/v2\/categories?post=34979"},{"taxonomy":"post_tag","embeddable":true,"href":"https:\/\/larevistadigital.com.ar\/blog\/wp-json\/wp\/v2\/tags?post=34979"}],"curies":[{"name":"wp","href":"https:\/\/api.w.org\/{rel}","templated":true}]}}