{"id":34993,"date":"2024-01-05T11:20:04","date_gmt":"2024-01-05T14:20:04","guid":{"rendered":"https:\/\/larevistadigital.com.ar\/blog\/?p=34993"},"modified":"2024-01-05T11:20:04","modified_gmt":"2024-01-05T14:20:04","slug":"buenos-aires-amplian-a-190-000-jovenes-y-adultos-el-boleto-estudiantil","status":"publish","type":"post","link":"https:\/\/larevistadigital.com.ar\/blog\/buenos-aires-amplian-a-190-000-jovenes-y-adultos-el-boleto-estudiantil\/","title":{"rendered":"BUENOS AIRES: AMPL\u00cdAN A 190.000 J\u00d3VENES Y ADULTOS EL BOLETO ESTUDIANTIL"},"content":{"rendered":"<h2 class=\"fparrafo ctext fz18 lh25\">El boleto estudiantil se ampli\u00f3 hoy a 190.000 j\u00f3venes, adultos y adultos mayores de los niveles Primario, Secundario y universitario del interior de la provincia de Buenos Aires, anunci\u00f3 el gobernador bonaerense, Axel Kicillof.<\/h2>\n<p>5 de diciembre de 2023<\/p>\n<p><strong>BUENOS AIRES\u00a0 &#8211;\u00a0 <em>\u00ab\u00a1El Boleto Estudiantil sigue llegando a m\u00e1s bonaerenses! Junto a Jorge D&#8217;Onofrio (ministro de Transporte) anunciamos la extensi\u00f3n para j\u00f3venes, adultos y adultos mayores\u00bb<\/em><\/strong>, poste\u00f3 el mandatario en sus redes sociales.<\/p>\n<blockquote>\n<h3>Record\u00f3 que <em>\u00abel boleto es producto de importantes luchas que tenemos que revalorizar m\u00e1s que nunca en tiempos donde algunos sectores vienen a discutir de nuevo cuestiones fundantes de la democracia\u00bb.<\/em><\/h3>\n<\/blockquote>\n<p><strong>Kicillof<\/strong> aludi\u00f3 as\u00ed a la lucha que en 1976 encabezaron los estudiantes secundarios de La Plata por el restablecimiento del boleto estudiantil que la dictadura militar hab\u00eda eliminado.<\/p>\n<p>En el marco de esa lucha, la noche del 16 de septiembre de 1976 fuerzas policiales irrumpieron en las casas de una decena de estudiantes secundarios y los secuestraron, siendo llevados al excentro clandestino de detenci\u00f3n de Arana y luego a la Brigada de Banfield, conocida como \u00abPozo de Banfield\u00bb, donde los torturaron.<\/p>\n<blockquote>\n<h3>Claudio De Acha, Mar\u00eda Clara Ciocchini, Mar\u00eda Claudia Falcone, Francisco L\u00f3pez Muntaner, Daniel Racero y Horacio Ungaro fueron secuestrados el 16 de septiembre; al d\u00eda siguiente los represores apresaban a Emilce Moler y Patricia Miranda, que estudiaba en el Colegio de Bellas Artes de La Plata.<\/h3>\n<\/blockquote>\n<p>Cuatro d\u00edas despu\u00e9s era detenido Pablo D\u00edaz, quien formaba parte de las Juventud Guevarista, un grupo vinculado al Partido Revolucionario de los Trabajadores (PRT).<\/p>\n<blockquote>\n<h3>Moler, D\u00edaz, Calotti y Miranda fueron posteriormente liberados mientras que el resto permanece desaparecido.<\/h3>\n<\/blockquote>\n<h3><span style=\"color: #ff0000\"><b>Esfuerzo e inversi\u00f3n<\/b><\/span><\/h3>\n<p>El gobernador cont\u00f3 que <strong><em>\u00abcon mucho esfuerzo e inversi\u00f3n logramos extenderlo a las universidades del interior, al nivel primario, secundario y terciario y hoy estamos terminando el camino de su universalizaci\u00f3n\u00bb.<\/em><\/strong><\/p>\n<p><strong><em>\u00abLos derechos son resultado de la organizaci\u00f3n de los sectores p<\/em><em>opulares, de los estudiantes y de los trabajadores. La mejor forma de honrar esas luchas es con acciones y pol\u00edticas concretas que garanticen mayor igualdad\u00bb<\/em><\/strong>, analiz\u00f3.<\/p>\n<h3><span style=\"color: #ff0000\"><b>Hacia la universalizaci\u00f3n del boleto estudiantil<\/b><\/span><\/h3>\n<p>Por su parte, el ministro de Transporte, <strong>Jorge D&#8217;Onofrio<\/strong>, plante\u00f3 que <em><strong>\u00abestamos universalizando el boleto estudiantil. A veces parece que quitar o expandir derecho fuera una cuesti\u00f3n solo de presupuesto, algo de pizarr\u00f3n. Cada derecho no sali\u00f3 de la nada, es resultado de un proceso de organizaci\u00f3n, no pensamos que \u00edbamos a tener que discutir cimientos de la democracia\u00bb.<\/strong><\/em><\/p>\n<p>Destac\u00f3 luego <em><strong>\u00abel compromiso de todos los trabajadores, docentes, personal de la salud, porque no hace poco Sole Mart\u00ednez, una docente, me escribe por Instagram y me dice: \u00bfQu\u00e9 pasa con las escuelas Cebas (Centro Especializado de Bachilleratos para Adultos con orientaci\u00f3n en Salud P\u00fablica)?\u00bb y cont\u00f3 que con los ministros Nicol\u00e1s Kreplak (Salud) y Alberto Sileoni (Educaci\u00f3n) \u00abvimos que ten\u00edamos un universo que no hab\u00edamos llegado\u00bb.<\/strong><\/em><\/p>\n<h3><span style=\"color: #ff0000\"><b>Derecho al futuro<\/b><\/span><\/h3>\n<p><em><strong>\u00abNo s\u00f3lo las Cebas, j\u00f3venes y adultos que tienen su secundario con orientaci\u00f3n a la salud, los FinEs, todos los alumnos van a tener el beneficio del Boleto educativo\u00bb<\/strong><\/em>, precis\u00f3 y a\u00f1adi\u00f3 que <strong><em>\u00abel que pod\u00eda puede y el que no pod\u00eda hoy tambi\u00e9n puede\u00bb.<\/em><\/strong><\/p>\n<p><em><strong>\u00abHay algo que hicimos carne en la Provincia que es el derecho al futuro, esto no es m\u00e1s que ampliar derecho y garantizar el futuro de todos los bonaerenses\u00bb<\/strong><\/em>, subray\u00f3 <strong>D&#8217;Onofrio.<\/strong><\/p>\n<h3><span style=\"color: #ff0000\"><b>Alcance del beneficio<\/b><\/span><\/h3>\n<p>La extensi\u00f3n del Boleto Estudiantil alcanza a todos los establecimientos educativos de gesti\u00f3n estatal y privada con aporte del Estado reconocidos por la Direcci\u00f3n General de Cultura y Educaci\u00f3n, y a todos los formatos institucionales comprendidos en la modalidad de Educaci\u00f3n de J\u00f3venes, Adultos y Adultos Mayores que ofrezcan los Niveles Primario y Secundario (Escuela Primaria de Adultos, Centros de Alfabetizaci\u00f3n, Centros de Educaci\u00f3n de Adultos, CEBAS, CENS (Centros Educativos de Nivel Secundario), FinEs Trayecto, como as\u00ed tambi\u00e9n aquellos que pudieran crearse a futuro). (<b>InfoGEI<\/b>)Ac<\/p>\n","protected":false},"excerpt":{"rendered":"<div class=\"mh-excerpt\"><p>El boleto estudiantil se ampli\u00f3 hoy a 190.000 j\u00f3venes, adultos y adultos mayores de los niveles Primario, Secundario y universitario del interior de la provincia de Buenos Aires, anunci\u00f3 el gobernador bonaerense, Axel Kicillof. 5 <a class=\"mh-excerpt-more\" href=\"https:\/\/larevistadigital.com.ar\/blog\/buenos-aires-amplian-a-190-000-jovenes-y-adultos-el-boleto-estudiantil\/\" title=\"BUENOS AIRES: AMPL\u00cdAN A 190.000 J\u00d3VENES Y ADULTOS EL BOLETO ESTUDIANTIL\">[Leer M\u00e1s]<\/a><\/p>\n<\/div>","protected":false},"author":3,"featured_media":34994,"comment_status":"open","ping_status":"open","sticky":false,"template":"","format":"standard","meta":{"_jetpack_memberships_contains_paid_content":false,"footnotes":"","jetpack_publicize_message":"","jetpack_publicize_feature_enabled":true,"jetpack_social_post_already_shared":true,"jetpack_social_options":{"image_generator_settings":{"template":"highway","default_image_id":0,"font":"","enabled":false},"version":2}},"categories":[24,51],"tags":[],"class_list":{"0":"post-34993","1":"post","2":"type-post","3":"status-publish","4":"format-standard","5":"has-post-thumbnail","7":"category-politica-provincial","8":"category-regionales"},"jetpack_publicize_connections":[],"jetpack_featured_media_url":"https:\/\/i0.wp.com\/larevistadigital.com.ar\/blog\/wp-content\/uploads\/20240104105626_boleto-estudiantil-kicillof.jpg?fit=880%2C512&ssl=1","jetpack_sharing_enabled":true,"jetpack_shortlink":"https:\/\/wp.me\/p8qtrQ-96p","jetpack-related-posts":[{"id":40184,"url":"https:\/\/larevistadigital.com.ar\/blog\/ensenada-kicillof-presento-el-programa-mayores-bonaerenses-activos\/","url_meta":{"origin":34993,"position":0},"title":"Ensenada: Kicillof present\u00f3 el programa Mayores Bonaerenses Activos","author":"Alejandro Sosa Ruda","date":"26 junio, 2025","format":false,"excerpt":"Otro acto para promocionar la incusi\u00f3n de los adultos mayores. 26 de Junio de 2025 El gobernador de la provincia de Buenos Aires, Axel Kicillof, encabez\u00f3 este jueves el acto de presentaci\u00f3n del programa Mayores Bonaerenses Activos, que busca promover la inclusi\u00f3n, el bienestar y la participaci\u00f3n de personas mayores\u2026","rel":"","context":"En \u00abPOLITICA PROVINCIAL\u00bb","block_context":{"text":"POLITICA PROVINCIAL","link":"https:\/\/larevistadigital.com.ar\/blog\/category\/politica\/politica-provincial\/"},"img":{"alt_text":"","src":"https:\/\/i0.wp.com\/larevistadigital.com.ar\/blog\/wp-content\/uploads\/77A11062-scaled.jpg?fit=1200%2C800&ssl=1&resize=350%2C200","width":350,"height":200,"srcset":"https:\/\/i0.wp.com\/larevistadigital.com.ar\/blog\/wp-content\/uploads\/77A11062-scaled.jpg?fit=1200%2C800&ssl=1&resize=350%2C200 1x, https:\/\/i0.wp.com\/larevistadigital.com.ar\/blog\/wp-content\/uploads\/77A11062-scaled.jpg?fit=1200%2C800&ssl=1&resize=525%2C300 1.5x, https:\/\/i0.wp.com\/larevistadigital.com.ar\/blog\/wp-content\/uploads\/77A11062-scaled.jpg?fit=1200%2C800&ssl=1&resize=700%2C400 2x, https:\/\/i0.wp.com\/larevistadigital.com.ar\/blog\/wp-content\/uploads\/77A11062-scaled.jpg?fit=1200%2C800&ssl=1&resize=1050%2C600 3x"},"classes":[]},{"id":36496,"url":"https:\/\/larevistadigital.com.ar\/blog\/los-lapices-siguen-escribiendo-en-la-provincia-de-buenos-aires\/","url_meta":{"origin":34993,"position":1},"title":"\u00abLOS L\u00c1PICES SIGUEN ESCRIBIENDO\u00bb EN LA PROVINCIA DE BUENOS AIRES.","author":"Alejandro Sosa Ruda","date":"30 junio, 2024","format":false,"excerpt":"Desde la Coordinaci\u00f3n de Juventudes de la Presidencia del Senado de la Provincia de Buenos Aires, invitan a j\u00f3venes bonaerenses a participar de un concurso art\u00edstico cultural, en homenaje a Mar\u00eda Claudia Falcone, la estudiante platense que el 16 de septiembre de 1976 en la denominada \u201cNoche de los L\u00e1pices\u201d,\u2026","rel":"","context":"En \u00abINTERES GENERAL\u00bb","block_context":{"text":"INTERES GENERAL","link":"https:\/\/larevistadigital.com.ar\/blog\/category\/interes-general\/"},"img":{"alt_text":"","src":"https:\/\/i0.wp.com\/larevistadigital.com.ar\/blog\/wp-content\/uploads\/20240629155441_concurso-artistico-cultural.jpg?fit=880%2C512&ssl=1&resize=350%2C200","width":350,"height":200,"srcset":"https:\/\/i0.wp.com\/larevistadigital.com.ar\/blog\/wp-content\/uploads\/20240629155441_concurso-artistico-cultural.jpg?fit=880%2C512&ssl=1&resize=350%2C200 1x, https:\/\/i0.wp.com\/larevistadigital.com.ar\/blog\/wp-content\/uploads\/20240629155441_concurso-artistico-cultural.jpg?fit=880%2C512&ssl=1&resize=525%2C300 1.5x, https:\/\/i0.wp.com\/larevistadigital.com.ar\/blog\/wp-content\/uploads\/20240629155441_concurso-artistico-cultural.jpg?fit=880%2C512&ssl=1&resize=700%2C400 2x"},"classes":[]},{"id":2139,"url":"https:\/\/larevistadigital.com.ar\/blog\/de-campana-bullrich-junto-a-vidal-en-un-acto\/","url_meta":{"origin":34993,"position":2},"title":"\u00bfDE CAMPA\u00d1A?&#8230;BULLRICH JUNTO A VIDAL EN UN ACTO","author":"Alejandro Sosa Ruda","date":"27 abril, 2017","format":false,"excerpt":"Fue en el acto de anuncio de la ampliaci\u00f3n del Boleto Estudiantil Gratuito a las universidades de Avellaneda, Lan\u00fas, Lujan y Moreno, en donde la gobernadora dijo \u201cS\u00e9 de su compromiso con la provincia\u201d En el d\u00eda de hoy, y junto a un grupo de Intendentes Bonaerenses de la tercera\u2026","rel":"","context":"En \u00abDESTACADAS\u00bb","block_context":{"text":"DESTACADAS","link":"https:\/\/larevistadigital.com.ar\/blog\/category\/destacadas\/"},"img":{"alt_text":"","src":"https:\/\/i0.wp.com\/larevistadigital.com.ar\/blog\/wp-content\/uploads\/2017\/04\/69283_3.jpg?fit=862%2C615&ssl=1&resize=350%2C200","width":350,"height":200,"srcset":"https:\/\/i0.wp.com\/larevistadigital.com.ar\/blog\/wp-content\/uploads\/2017\/04\/69283_3.jpg?fit=862%2C615&ssl=1&resize=350%2C200 1x, https:\/\/i0.wp.com\/larevistadigital.com.ar\/blog\/wp-content\/uploads\/2017\/04\/69283_3.jpg?fit=862%2C615&ssl=1&resize=525%2C300 1.5x, https:\/\/i0.wp.com\/larevistadigital.com.ar\/blog\/wp-content\/uploads\/2017\/04\/69283_3.jpg?fit=862%2C615&ssl=1&resize=700%2C400 2x"},"classes":[]},{"id":35365,"url":"https:\/\/larevistadigital.com.ar\/blog\/uno-por-uno-los-7-puntos-que-kicillof-le-exige-a-milei-para-firmar-el-pacto-de-mayo\/","url_meta":{"origin":34993,"position":3},"title":"UNO POR UNO: LOS 7 PUNTOS QUE KICILLOF LE EXIGE A MILEI PARA FIRMAR EL \u00abPACTO DE MAYO\u00bb","author":"Alejandro Sosa Ruda","date":"5 marzo, 2024","format":false,"excerpt":"\"Nuestro pacto es con el pueblo, con la patria, y nunca lo vamos a traicionar\", dijo Axel Kicillof en la apertura de sesiones en la Legislatura. 5 De marzo de 2024 BUENOS AIRES -\u00a0 El gobernador de la provincia de Buenos Aires, Axel Kicillof, se pronunci\u00f3 ayer durante la apertura\u2026","rel":"","context":"En \u00abPOLITICA PROVINCIAL\u00bb","block_context":{"text":"POLITICA PROVINCIAL","link":"https:\/\/larevistadigital.com.ar\/blog\/category\/politica\/politica-provincial\/"},"img":{"alt_text":"","src":"https:\/\/i0.wp.com\/larevistadigital.com.ar\/blog\/wp-content\/uploads\/Captura-de-pantalla-2024-03-05-082357.png?fit=906%2C444&ssl=1&resize=350%2C200","width":350,"height":200,"srcset":"https:\/\/i0.wp.com\/larevistadigital.com.ar\/blog\/wp-content\/uploads\/Captura-de-pantalla-2024-03-05-082357.png?fit=906%2C444&ssl=1&resize=350%2C200 1x, https:\/\/i0.wp.com\/larevistadigital.com.ar\/blog\/wp-content\/uploads\/Captura-de-pantalla-2024-03-05-082357.png?fit=906%2C444&ssl=1&resize=525%2C300 1.5x, https:\/\/i0.wp.com\/larevistadigital.com.ar\/blog\/wp-content\/uploads\/Captura-de-pantalla-2024-03-05-082357.png?fit=906%2C444&ssl=1&resize=700%2C400 2x"},"classes":[]},{"id":36815,"url":"https:\/\/larevistadigital.com.ar\/blog\/el-intendente-de-villa-gesell-cruzo-a-su-par-de-tandil-por-el-valor-del-boleto\/","url_meta":{"origin":34993,"position":4},"title":"EL INTENDENTE DE VILLA GESELL CRUZ\u00d3 A SU PAR DE TANDIL POR EL VALOR DEL BOLETO","author":"Alejandro Sosa Ruda","date":"28 julio, 2024","format":false,"excerpt":"El Jefe comunal de Villa Gesell, Gustavo Barrera cuestion\u00f3 a su par de Tandil, Miguel Lunghi, el uso que le dio al subsidio para el transporte, otorgado por Kicillof, ya que no lo aplic\u00f3 para bajar el precio del boleto al usuario. Al respecto, pregunt\u00f3: \u00bfD\u00f3nde vuelca (Lunghi) el incremento\u2026","rel":"","context":"En \u00abPOLITICA\u00bb","block_context":{"text":"POLITICA","link":"https:\/\/larevistadigital.com.ar\/blog\/category\/politica\/"},"img":{"alt_text":"","src":"https:\/\/i0.wp.com\/larevistadigital.com.ar\/blog\/wp-content\/uploads\/20240727140813_villa-gesell-gustavo-barrera-tandil-lunghi.jpg?fit=880%2C512&ssl=1&resize=350%2C200","width":350,"height":200,"srcset":"https:\/\/i0.wp.com\/larevistadigital.com.ar\/blog\/wp-content\/uploads\/20240727140813_villa-gesell-gustavo-barrera-tandil-lunghi.jpg?fit=880%2C512&ssl=1&resize=350%2C200 1x, https:\/\/i0.wp.com\/larevistadigital.com.ar\/blog\/wp-content\/uploads\/20240727140813_villa-gesell-gustavo-barrera-tandil-lunghi.jpg?fit=880%2C512&ssl=1&resize=525%2C300 1.5x, https:\/\/i0.wp.com\/larevistadigital.com.ar\/blog\/wp-content\/uploads\/20240727140813_villa-gesell-gustavo-barrera-tandil-lunghi.jpg?fit=880%2C512&ssl=1&resize=700%2C400 2x"},"classes":[]},{"id":37114,"url":"https:\/\/larevistadigital.com.ar\/blog\/kicillof-vamos-a-seguir-peleando-por-los-recursos-que-le-corresponden-al-pueblo-de-la-provincia\/","url_meta":{"origin":34993,"position":5},"title":"KICILLOF: \u00abVAMOS A SEGUIR PELEANDO POR LOS RECURSOS QUE LE CORRESPONDEN AL PUEBLO DE LA PROVINCIA","author":"Alejandro Sosa Ruda","date":"4 septiembre, 2024","format":false,"excerpt":"El Gobierno provincial recurri\u00f3 ante la Corte Suprema de Justicia de la Naci\u00f3n para reclamar por la eliminaci\u00f3n de parte del Gobierno nacional del programa Boleto Integrado del sistema de Red SUBE. Mi\u00e9rcoles 4 de Septiembre 2024 El gobernador Axel Kicillof anunci\u00f3 este mi\u00e9rcoles que la Provincia de Buenos Aires\u2026","rel":"","context":"En \u00abDESTACADAS\u00bb","block_context":{"text":"DESTACADAS","link":"https:\/\/larevistadigital.com.ar\/blog\/category\/destacadas\/"},"img":{"alt_text":"","src":"https:\/\/i0.wp.com\/larevistadigital.com.ar\/blog\/wp-content\/uploads\/Axel-Kicillof_49.jpg?fit=743%2C530&ssl=1&resize=350%2C200","width":350,"height":200,"srcset":"https:\/\/i0.wp.com\/larevistadigital.com.ar\/blog\/wp-content\/uploads\/Axel-Kicillof_49.jpg?fit=743%2C530&ssl=1&resize=350%2C200 1x, https:\/\/i0.wp.com\/larevistadigital.com.ar\/blog\/wp-content\/uploads\/Axel-Kicillof_49.jpg?fit=743%2C530&ssl=1&resize=525%2C300 1.5x, https:\/\/i0.wp.com\/larevistadigital.com.ar\/blog\/wp-content\/uploads\/Axel-Kicillof_49.jpg?fit=743%2C530&ssl=1&resize=700%2C400 2x"},"classes":[]}],"_links":{"self":[{"href":"https:\/\/larevistadigital.com.ar\/blog\/wp-json\/wp\/v2\/posts\/34993","targetHints":{"allow":["GET"]}}],"collection":[{"href":"https:\/\/larevistadigital.com.ar\/blog\/wp-json\/wp\/v2\/posts"}],"about":[{"href":"https:\/\/larevistadigital.com.ar\/blog\/wp-json\/wp\/v2\/types\/post"}],"author":[{"embeddable":true,"href":"https:\/\/larevistadigital.com.ar\/blog\/wp-json\/wp\/v2\/users\/3"}],"replies":[{"embeddable":true,"href":"https:\/\/larevistadigital.com.ar\/blog\/wp-json\/wp\/v2\/comments?post=34993"}],"version-history":[{"count":1,"href":"https:\/\/larevistadigital.com.ar\/blog\/wp-json\/wp\/v2\/posts\/34993\/revisions"}],"predecessor-version":[{"id":34995,"href":"https:\/\/larevistadigital.com.ar\/blog\/wp-json\/wp\/v2\/posts\/34993\/revisions\/34995"}],"wp:featuredmedia":[{"embeddable":true,"href":"https:\/\/larevistadigital.com.ar\/blog\/wp-json\/wp\/v2\/media\/34994"}],"wp:attachment":[{"href":"https:\/\/larevistadigital.com.ar\/blog\/wp-json\/wp\/v2\/media?parent=34993"}],"wp:term":[{"taxonomy":"category","embeddable":true,"href":"https:\/\/larevistadigital.com.ar\/blog\/wp-json\/wp\/v2\/categories?post=34993"},{"taxonomy":"post_tag","embeddable":true,"href":"https:\/\/larevistadigital.com.ar\/blog\/wp-json\/wp\/v2\/tags?post=34993"}],"curies":[{"name":"wp","href":"https:\/\/api.w.org\/{rel}","templated":true}]}}