{"id":35004,"date":"2024-01-12T18:03:16","date_gmt":"2024-01-12T21:03:16","guid":{"rendered":"https:\/\/larevistadigital.com.ar\/blog\/?p=35004"},"modified":"2024-01-12T18:03:16","modified_gmt":"2024-01-12T21:03:16","slug":"kicillof-impulsa-la-creacion-de-la-empresa-farmaceutica-estatal","status":"publish","type":"post","link":"https:\/\/larevistadigital.com.ar\/blog\/kicillof-impulsa-la-creacion-de-la-empresa-farmaceutica-estatal\/","title":{"rendered":"KICILLOF IMPULSA LA CREACI\u00d3N DE LA \u00abEMPRESA FARMAC\u00c9UTICA ESTATAL\u00bb"},"content":{"rendered":"<h2 class=\"fparrafo ctext fz18 lh25\">|En di\u00e1logo con Ma\u00f1ana es Mejor por Radio Provincia 1270 el ministro de Salud de la provincia de Buenos Aires, Nicolas Kreplak, habl\u00f3 sobre el incremento en el valor de los medicamentos y la dificultad de los consumidores para poder pagarlos y continuar con los tratamientos.<\/h2>\n<p>12 de enero de 2023<\/p>\n<p><strong>BUENOS AIRES &#8211;\u00a0 <\/strong>En ese aspecto, <strong>Kreplak<\/strong> calific\u00f3 a la situaci\u00f3n como \u201cmuy grave\u201d, y confirm\u00f3 que en el \u00faltimo mes el aumento fue de <strong><em>\u201c140% en las \u00faltimas semanas y desde el a\u00f1o pasado son 320%. Un 100% arriba de la inflaci\u00f3n. Es un aumento tan grande que produce una ca\u00edda de un 20% en la venta de medicamentos y genera preocupaci\u00f3n en personas que tienen que realizar tratamientos por enfermedades cr\u00f3nicas\u201d.<\/em><\/strong><\/p>\n<p>Resalt\u00f3 que la situaci\u00f3n <em><strong>\u201ces muy preocupante\u201d<\/strong><\/em> y desde el Estado hay herramientas y las principales las tiene el gobierno Nacional con los controles de precios pero <strong><em>\u201cen la Provincia uno no tiene la potestad. Pero presentamos un proyecto, importante y estrat\u00e9gico y que es importante que se apruebe, para la creaci\u00f3n de la empresa farmac\u00e9utica del Estado de la Provincia que nos permita potenciar el desarrollo, mejorar la capacidad productiva y tener la capacidad de compra con el sector privado para poder reducir el precio de los medicamentos y ganar en soberan\u00eda\u201d.<\/em><\/strong><\/p>\n<h3>Este proyecto generar\u00eda los medicamentos para el sector p\u00fablico pero tambi\u00e9n el trabajo coordinado con las obras sociales para que todos puedan acceder a medicamentos de calidad y <em>\u201cla idea no es reducir los costos sino que el dinero que tenemos se invierta en salud y llegue a todos y todas\u201d<\/em>, fundament\u00f3.<\/h3>\n<p><span style=\"color: #ff0000\"><b>Proyecto<\/b><\/span><\/p>\n<p>Por otra parte, al ser consultado sobre el proyecto de la creaci\u00f3n de la empresa bonaerense de Emergencia en salud, el ministro remarc\u00f3 que <em><strong>\u201ces importante y estrat\u00e9gico porque hoy cada municipio tiene un sistema de emergencia municipal y cada obra social tiene el propio, pero esto genera fragmentaci\u00f3n en muchos lugares\u201d.<\/strong><\/em><\/p>\n<p>En ese sentido, sostuvo que <em><strong>\u201chay falta de sistema de comunicaci\u00f3n y es muy malo el sistema de recupero y se recupera menos del 5% que deber\u00edamos recuperar. El objetivo de la empresa es conveniar con las aseguradoras una forma de recupero del financiamiento que nos puede permitir recuperar el 85% del gasto del sistema de emergencia\u201d.<\/strong><\/em><\/p>\n<p><span style=\"color: #ff0000\"><b>Red informativa<\/b><\/span><\/p>\n<p>Para lograr este objetivo <em><strong><span style=\"color: #000000\">\u201chay que armar una red con informaci\u00f3n para todos los sistemas de emergencia (&#8230;) as\u00ed que esta empresa estrat\u00e9gica es una reducci\u00f3n del gasto e incluso es algo que las obras sociales quieren porque as\u00ed pueden garantizar el cuidado de sus afiliados o asociados. Es un proyecto que no tiene detractores pero es necesario que la pol\u00edtica haga su parte y se pueda aprobar\u201d.<\/span><\/strong><\/em><\/p>\n<p>Por otra parte, <strong>Kreplak<\/strong> habl\u00f3 sobre la comercializaci\u00f3n de medicamentos y la venta a trav\u00e9s de la empresa p\u00fablica sobre lo cual revel\u00f3 que <strong><em>\u201chay medicamentos que son llamados \u00b4hu\u00e9rfanos\u00b4 la industria farmac\u00e9utica no les interesa producir y para eso necesitamos la capacidad de producci\u00f3n y comercializaci\u00f3n p\u00fablica para garantizar el derecho para todos\u201d.<\/em><\/strong><\/p>\n<p><span style=\"color: #ff0000\"><b>Situaci\u00f3n delicada<\/b><\/span><\/p>\n<p>En otro aspecto, el ministro se refiri\u00f3 al corte de pago a los prestadores por parte del gobierno nacional y asegur\u00f3 que <em><strong>\u201chay una situaci\u00f3n muy delicada\u201d porque \u201cse han cortado los financiamientos de medicamentos de altos costos en todo el pa\u00eds y esperamos comunicarnos con autoridades nacionales para poder subsanar este tema y hemos pedido colaboraci\u00f3n a los prestadores para que la poblaci\u00f3n no quede sin servicio y atenci\u00f3n necesaria y seguramente el Estado Nacional retomar\u00e1 la cadena de pago porque de esto depende la vida de mucha gente\u201d.<\/strong><\/em><\/p>\n<p>Por \u00faltimo, <strong>Kreplak<\/strong> habl\u00f3 sobre los aumentos de casos de Covid en todo el mundo y en particular dijo que \u201cen nuestro pa\u00eds hay un leve aumento de casos ambulatorios y un leve aumento de las internaciones y quiz\u00e1 tiene que ver con la excelente campa\u00f1a de vacunaci\u00f3n y en nuestro pa\u00eds pasa como un aumento de caso de tipo resfr\u00edo\u201d.(<b>InfoGEI<\/b>)Ac<\/p>\n","protected":false},"excerpt":{"rendered":"<div class=\"mh-excerpt\"><p>|En di\u00e1logo con Ma\u00f1ana es Mejor por Radio Provincia 1270 el ministro de Salud de la provincia de Buenos Aires, Nicolas Kreplak, habl\u00f3 sobre el incremento en el valor de los medicamentos y la dificultad <a class=\"mh-excerpt-more\" href=\"https:\/\/larevistadigital.com.ar\/blog\/kicillof-impulsa-la-creacion-de-la-empresa-farmaceutica-estatal\/\" title=\"KICILLOF IMPULSA LA CREACI\u00d3N DE LA \u00abEMPRESA FARMAC\u00c9UTICA ESTATAL\u00bb\">[Leer M\u00e1s]<\/a><\/p>\n<\/div>","protected":false},"author":3,"featured_media":35005,"comment_status":"open","ping_status":"open","sticky":false,"template":"","format":"standard","meta":{"_jetpack_memberships_contains_paid_content":false,"footnotes":"","jetpack_publicize_message":"","jetpack_publicize_feature_enabled":true,"jetpack_social_post_already_shared":true,"jetpack_social_options":{"image_generator_settings":{"template":"highway","default_image_id":0,"font":"","enabled":false},"version":2}},"categories":[24,51],"tags":[],"class_list":{"0":"post-35004","1":"post","2":"type-post","3":"status-publish","4":"format-standard","5":"has-post-thumbnail","7":"category-politica-provincial","8":"category-regionales"},"jetpack_publicize_connections":[],"jetpack_featured_media_url":"https:\/\/i0.wp.com\/larevistadigital.com.ar\/blog\/wp-content\/uploads\/20240112132857_kreplak-empresa-farmaceutica-estatal.jpg?fit=880%2C512&ssl=1","jetpack_sharing_enabled":true,"jetpack_shortlink":"https:\/\/wp.me\/p8qtrQ-96A","jetpack-related-posts":[{"id":36561,"url":"https:\/\/larevistadigital.com.ar\/blog\/kicillof-y-kreplak-anunciaron-la-ampliacion-de-la-cobertura-de-medicamentos-oncologicos\/","url_meta":{"origin":35004,"position":0},"title":"KICILLOF Y KREPLAK ANUNCIARON LA AMPLIACI\u00d3N DE LA COBERTURA DE MEDICAMENTOS ONCOL\u00d3GICOS","author":"Alejandro Sosa Ruda","date":"3 julio, 2024","format":false,"excerpt":"La Provincia invertir\u00e1 $12.000 millones para brindar m\u00e1s y mejores tratamientos contra el c\u00e1ncer. 03 de Julio de 2024 BUENOS AIRES -\u00a0 El gobernador Axel Kicillof anunci\u00f3 este martes junto al ministro de Salud, Nicol\u00e1s Kreplak, la ampliaci\u00f3n del vadem\u00e9cum provincial de medicamentos oncol\u00f3gicos, que con una inversi\u00f3n de $12.000\u2026","rel":"","context":"En \u00abDESTACADAS\u00bb","block_context":{"text":"DESTACADAS","link":"https:\/\/larevistadigital.com.ar\/blog\/category\/destacadas\/"},"img":{"alt_text":"","src":"https:\/\/i0.wp.com\/larevistadigital.com.ar\/blog\/wp-content\/uploads\/DAE3236.jpg?fit=743%2C530&ssl=1&resize=350%2C200","width":350,"height":200,"srcset":"https:\/\/i0.wp.com\/larevistadigital.com.ar\/blog\/wp-content\/uploads\/DAE3236.jpg?fit=743%2C530&ssl=1&resize=350%2C200 1x, https:\/\/i0.wp.com\/larevistadigital.com.ar\/blog\/wp-content\/uploads\/DAE3236.jpg?fit=743%2C530&ssl=1&resize=525%2C300 1.5x, https:\/\/i0.wp.com\/larevistadigital.com.ar\/blog\/wp-content\/uploads\/DAE3236.jpg?fit=743%2C530&ssl=1&resize=700%2C400 2x"},"classes":[]},{"id":34490,"url":"https:\/\/larevistadigital.com.ar\/blog\/el-gobierno-bonaerense-destrabo-el-conflicto-con-las-farmacias-y-la-venta-de-medicamentos\/","url_meta":{"origin":35004,"position":1},"title":"EL GOBIERNO BONAERENSE DESTRAB\u00d3 EL CONFLICTO CON LAS FARMACIAS Y LA VENTA DE MEDICAMENTOS","author":"Alejandro Sosa Ruda","date":"10 noviembre, 2023","format":false,"excerpt":"\u201cSe realizar\u00e1 el esfuerzo de adelantar pagos y regularizar la atenci\u00f3n en farmacias bonaerenses inclusive para afiliados de otras obras sociales y prepagas, haci\u00e9ndose cargo del problema generado por los laboratorios y droguer\u00edas\u201d, explic\u00f3 el ministro Nicol\u00e1s Kreplak. 10 de Noviembre de 2023 El Gobierno bonaerense anunci\u00f3 que se resolvi\u00f3\u2026","rel":"","context":"En \u00abDESTACADAS\u00bb","block_context":{"text":"DESTACADAS","link":"https:\/\/larevistadigital.com.ar\/blog\/category\/destacadas\/"},"img":{"alt_text":"","src":"https:\/\/i0.wp.com\/larevistadigital.com.ar\/blog\/wp-content\/uploads\/20231109165758_medica.jpg?fit=880%2C512&ssl=1&resize=350%2C200","width":350,"height":200,"srcset":"https:\/\/i0.wp.com\/larevistadigital.com.ar\/blog\/wp-content\/uploads\/20231109165758_medica.jpg?fit=880%2C512&ssl=1&resize=350%2C200 1x, https:\/\/i0.wp.com\/larevistadigital.com.ar\/blog\/wp-content\/uploads\/20231109165758_medica.jpg?fit=880%2C512&ssl=1&resize=525%2C300 1.5x, https:\/\/i0.wp.com\/larevistadigital.com.ar\/blog\/wp-content\/uploads\/20231109165758_medica.jpg?fit=880%2C512&ssl=1&resize=700%2C400 2x"},"classes":[]},{"id":21301,"url":"https:\/\/larevistadigital.com.ar\/blog\/nicolas-kreplack-es-el-nuevo-ministro-de-salud-de-la-provincia\/","url_meta":{"origin":35004,"position":2},"title":"NICOL\u00c1S KREPLACK ES EL NUEVO MINISTRO DE SALUD DE LA PROVINCIA","author":"Alejandro Sosa Ruda","date":"30 julio, 2021","format":false,"excerpt":"El gobernador Axel Kicillof tom\u00f3 juramento esta ma\u00f1ana al nuevo ministro de Salud de la provincia de Buenos Aires, Nicol\u00e1s Kreplak, durante un acto celebrado en Sal\u00f3n Dorado de la Casa de Gobierno junto a la vicegobernadora Ver\u00f3nica Magario. Estuvieron presentes tambi\u00e9n el ministro saliente, Daniel Gollan, y la ministra\u2026","rel":"","context":"En \u00abINTERES GENERAL\u00bb","block_context":{"text":"INTERES GENERAL","link":"https:\/\/larevistadigital.com.ar\/blog\/category\/interes-general\/"},"img":{"alt_text":"","src":"https:\/\/i0.wp.com\/larevistadigital.com.ar\/blog\/wp-content\/uploads\/Nicolas-Kreplak-jura-salud-27-7-2021-scaled-1.jpg?fit=1200%2C800&ssl=1&resize=350%2C200","width":350,"height":200,"srcset":"https:\/\/i0.wp.com\/larevistadigital.com.ar\/blog\/wp-content\/uploads\/Nicolas-Kreplak-jura-salud-27-7-2021-scaled-1.jpg?fit=1200%2C800&ssl=1&resize=350%2C200 1x, https:\/\/i0.wp.com\/larevistadigital.com.ar\/blog\/wp-content\/uploads\/Nicolas-Kreplak-jura-salud-27-7-2021-scaled-1.jpg?fit=1200%2C800&ssl=1&resize=525%2C300 1.5x, https:\/\/i0.wp.com\/larevistadigital.com.ar\/blog\/wp-content\/uploads\/Nicolas-Kreplak-jura-salud-27-7-2021-scaled-1.jpg?fit=1200%2C800&ssl=1&resize=700%2C400 2x, https:\/\/i0.wp.com\/larevistadigital.com.ar\/blog\/wp-content\/uploads\/Nicolas-Kreplak-jura-salud-27-7-2021-scaled-1.jpg?fit=1200%2C800&ssl=1&resize=1050%2C600 3x"},"classes":[]},{"id":37120,"url":"https:\/\/larevistadigital.com.ar\/blog\/kicillof-y-kreplak-presentaron-la-campana-bonaerense-de-prevencion-frente-al-dengue\/","url_meta":{"origin":35004,"position":3},"title":"Kicillof y Kreplak presentaron la campa\u00f1a bonaerense de prevenci\u00f3n frente al dengue","author":"Alejandro Sosa Ruda","date":"5 septiembre, 2024","format":false,"excerpt":"Fue en el Sal\u00f3n Dorado de la Casa de Gobierno, con la participaci\u00f3n del ministro de Gobierno, Carlos Bianco, y la subsecretaria de Planificaci\u00f3n Estrat\u00e9gica en Salud, Leticia Ceriani. Mi\u00e9rcoles 4 de Septiembre 2024 BUENOS AIRES -\u00a0 El gobernador de la provincia de Buenos Aires, Axel Kicillof, encabez\u00f3 este mi\u00e9rcoles\u2026","rel":"","context":"En \u00abPOLITICA PROVINCIAL\u00bb","block_context":{"text":"POLITICA PROVINCIAL","link":"https:\/\/larevistadigital.com.ar\/blog\/category\/politica\/politica-provincial\/"},"img":{"alt_text":"","src":"https:\/\/i0.wp.com\/larevistadigital.com.ar\/blog\/wp-content\/uploads\/axel-dengue.jpg?fit=743%2C530&ssl=1&resize=350%2C200","width":350,"height":200,"srcset":"https:\/\/i0.wp.com\/larevistadigital.com.ar\/blog\/wp-content\/uploads\/axel-dengue.jpg?fit=743%2C530&ssl=1&resize=350%2C200 1x, https:\/\/i0.wp.com\/larevistadigital.com.ar\/blog\/wp-content\/uploads\/axel-dengue.jpg?fit=743%2C530&ssl=1&resize=525%2C300 1.5x, https:\/\/i0.wp.com\/larevistadigital.com.ar\/blog\/wp-content\/uploads\/axel-dengue.jpg?fit=743%2C530&ssl=1&resize=700%2C400 2x"},"classes":[]},{"id":21593,"url":"https:\/\/larevistadigital.com.ar\/blog\/los-bares-deberan-cerrar-a-las-3-de-la-manana-en-toda-la-provincia\/","url_meta":{"origin":35004,"position":4},"title":"LOS BARES DEBER\u00c1N CERRAR A LAS 3 DE LA MA\u00d1ANA EN TODA LA PROVINCIA","author":"Alejandro Sosa Ruda","date":"17 agosto, 2021","format":false,"excerpt":"La medida comenzar\u00e1 a regir ma\u00f1ana. Lo anunci\u00f3 el jefe de Gabinete bonaerense, Carlos Bianco, en la conferencia de prensa sobre la situaci\u00f3n epidemiol\u00f3gica. El gobierno bonaerense anunci\u00f3 este martes que desde ma\u00f1ana regir\u00e1 un horario de cierre obligatorio para las actividades nocturnas, con tope a las 3 de la\u2026","rel":"","context":"En \u00abINTERES GENERAL\u00bb","block_context":{"text":"INTERES GENERAL","link":"https:\/\/larevistadigital.com.ar\/blog\/category\/interes-general\/"},"img":{"alt_text":"","src":"https:\/\/i0.wp.com\/larevistadigital.com.ar\/blog\/wp-content\/uploads\/BARES-CIERRE-3-AM.png?fit=1011%2C672&ssl=1&resize=350%2C200","width":350,"height":200,"srcset":"https:\/\/i0.wp.com\/larevistadigital.com.ar\/blog\/wp-content\/uploads\/BARES-CIERRE-3-AM.png?fit=1011%2C672&ssl=1&resize=350%2C200 1x, https:\/\/i0.wp.com\/larevistadigital.com.ar\/blog\/wp-content\/uploads\/BARES-CIERRE-3-AM.png?fit=1011%2C672&ssl=1&resize=525%2C300 1.5x, https:\/\/i0.wp.com\/larevistadigital.com.ar\/blog\/wp-content\/uploads\/BARES-CIERRE-3-AM.png?fit=1011%2C672&ssl=1&resize=700%2C400 2x"},"classes":[]},{"id":40823,"url":"https:\/\/larevistadigital.com.ar\/blog\/la-salud-en-jaque-cada-vez-mas-personas-sin-cobertura-ni-acceso-a-medicacion\/","url_meta":{"origin":35004,"position":5},"title":"La salud en jaque: cada vez m\u00e1s personas sin cobertura ni acceso a medicaci\u00f3n","author":"Alejandro Sosa Ruda","date":"8 agosto, 2025","format":false,"excerpt":"Con la p\u00e9rdida de poder adquisitivo se incrementa el porcentaje de poblaci\u00f3n que pierde cobertura m\u00e9dica y\/o capacidad de compra de medicamentos. 08 de Agosto de 2025 Las pol\u00edticas de ajuste implementadas por el gobierno nacional golpean de lleno a un \u00e1rea sensible como el de la Salud. Gracias a\u2026","rel":"","context":"En \u00abINTERES GENERAL\u00bb","block_context":{"text":"INTERES GENERAL","link":"https:\/\/larevistadigital.com.ar\/blog\/category\/interes-general\/"},"img":{"alt_text":"","src":"https:\/\/i0.wp.com\/larevistadigital.com.ar\/blog\/wp-content\/uploads\/6896363a93542.png?fit=668%2C445&ssl=1&resize=350%2C200","width":350,"height":200,"srcset":"https:\/\/i0.wp.com\/larevistadigital.com.ar\/blog\/wp-content\/uploads\/6896363a93542.png?fit=668%2C445&ssl=1&resize=350%2C200 1x, https:\/\/i0.wp.com\/larevistadigital.com.ar\/blog\/wp-content\/uploads\/6896363a93542.png?fit=668%2C445&ssl=1&resize=525%2C300 1.5x"},"classes":[]}],"_links":{"self":[{"href":"https:\/\/larevistadigital.com.ar\/blog\/wp-json\/wp\/v2\/posts\/35004","targetHints":{"allow":["GET"]}}],"collection":[{"href":"https:\/\/larevistadigital.com.ar\/blog\/wp-json\/wp\/v2\/posts"}],"about":[{"href":"https:\/\/larevistadigital.com.ar\/blog\/wp-json\/wp\/v2\/types\/post"}],"author":[{"embeddable":true,"href":"https:\/\/larevistadigital.com.ar\/blog\/wp-json\/wp\/v2\/users\/3"}],"replies":[{"embeddable":true,"href":"https:\/\/larevistadigital.com.ar\/blog\/wp-json\/wp\/v2\/comments?post=35004"}],"version-history":[{"count":1,"href":"https:\/\/larevistadigital.com.ar\/blog\/wp-json\/wp\/v2\/posts\/35004\/revisions"}],"predecessor-version":[{"id":35006,"href":"https:\/\/larevistadigital.com.ar\/blog\/wp-json\/wp\/v2\/posts\/35004\/revisions\/35006"}],"wp:featuredmedia":[{"embeddable":true,"href":"https:\/\/larevistadigital.com.ar\/blog\/wp-json\/wp\/v2\/media\/35005"}],"wp:attachment":[{"href":"https:\/\/larevistadigital.com.ar\/blog\/wp-json\/wp\/v2\/media?parent=35004"}],"wp:term":[{"taxonomy":"category","embeddable":true,"href":"https:\/\/larevistadigital.com.ar\/blog\/wp-json\/wp\/v2\/categories?post=35004"},{"taxonomy":"post_tag","embeddable":true,"href":"https:\/\/larevistadigital.com.ar\/blog\/wp-json\/wp\/v2\/tags?post=35004"}],"curies":[{"name":"wp","href":"https:\/\/api.w.org\/{rel}","templated":true}]}}