{"id":35019,"date":"2024-01-18T11:52:52","date_gmt":"2024-01-18T14:52:52","guid":{"rendered":"https:\/\/larevistadigital.com.ar\/blog\/?p=35019"},"modified":"2024-01-18T11:52:52","modified_gmt":"2024-01-18T14:52:52","slug":"relato-relato-una-importante-nota-de-jorge-macchi-sobre-el-real-estado-de-la-laguna-en-chascomus","status":"publish","type":"post","link":"https:\/\/larevistadigital.com.ar\/blog\/relato-relato-una-importante-nota-de-jorge-macchi-sobre-el-real-estado-de-la-laguna-en-chascomus\/","title":{"rendered":"\u00abRELATO&#8230;RELATO&#8230;\u00bb UNA IMPORTANTE NOTA DE JORGE MACCHI SOBRE EL REAL ESTADO DE LA LAGUNA EN CHASCOM\u00daS."},"content":{"rendered":"<h2>Una nota que llama a la reflexi\u00f3n acerca del estado de nuestra laguna, y deja de manifiesto la triste realidad de nuestro querido espejo lacustre. \u00abNo hay peor ciego que el que no quiere ver\u00bb.<\/h2>\n<p>18 de enero de 2023-<\/p>\n<p>Hace unos diez d\u00edas se conoci\u00f3 el resultado del an\u00e1lisis realizado ante la mortandad de peces, del agua de la laguna.<\/p>\n<p>El mismo fue producido por el ADA (Autoridad del Agua de la Provincia de Bs AS), a solicitud del Municipio de Chascom\u00fas, quien hab\u00eda dado a conocer en un comunicado de prensa, un informe preliminar.<\/p>\n<p><strong>Seg\u00fan la sociolog\u00eda, comprender la realidad o el mundo que nos rodea sin sesgos es una tarea compleja. Medirla mucho m\u00e1s, ya que es com\u00fan que se presenten errores debido a la subjetividad propia del ser humano, asociada a su particular comprensi\u00f3n e interpretaci\u00f3n de la realidad, favoreciendo lo que se denomina \u201cobservaci\u00f3n selectiva\u201d, donde se elige investigar aquello que es favorable o est\u00e1 en l\u00ednea con nuestras preferencias o creencias. Esto se refleja en problemas que com\u00fanmente ocurren en todo el proceso de la investigaci\u00f3n cient\u00edfica, tales como la dificultad en la definici\u00f3n del problema, un incorrecto dise\u00f1o metodol\u00f3gico, as\u00ed como errores en la medici\u00f3n y por lo tanto, en la generalizaci\u00f3n y elaboraci\u00f3n de conclusiones, afectando finalmente la \u201ccalidad de la informaci\u00f3n\u201d. (X)<\/strong><\/p>\n<p>En virtud a esto, perm\u00edtaseme realizar un par de observaciones sobre el informe preliminar presentado.<\/p>\n<p>Mas all\u00e1 de la denominaci\u00f3n de algunos lugares donde se tomaron las muestras de agua como ser \u201cpunto de sector norte\u201d o \u201c de la ribera sur\u201d, que para quienes ya sea por pescar, andar en velero o tabla, practicar sky, andar en lancha, o kyte no nos resultan\u00a0 lugares conocidos o de inmediata identificaci\u00f3n, si le puedo afirmar que tomar una muestra de agua del Puente del Arroyo Vitel es sumamente dificultoso, ya que hace m\u00e1s de un a\u00f1o que carece de agua, a tal punto que el lecho del arroyo tiene pasto <strong>(foto 1)<\/strong><\/p>\n<p>Otro dato no menor que llama la atenci\u00f3n, es la afirmaci\u00f3n que el agua de la planta Depuradora, (poco o nada depurada) se vuelca al arroyo Girado y por lo tanto es aguas abajo y por lo tanto no tiene impacto en la laguna.\u00a0 <strong><span style=\"color: #ff0000\">ERROR<\/span><\/strong>, el agua si se vuelca en el lugar mencionado pero solo con acercarse hasta el puente Girado se puede comprobar que el arroyo esta con un nivel de agua superior al de la Laguna, que durante meses,.. Si, por meses ingres\u00f3 el agua poco depurada a la laguna, <strong>(foto 2)<\/strong> y que por denuncias de medios de Prensa, la nota de uno de los pre candidatos a intendente, que solicitaba se utilizaran los durmientes de la traza de ferrocarril para construir el tablestacado de la compuerta de girado, y una denuncia penal de una ONG, entre otras, reci\u00e9n ah\u00ed el Municipio decidi\u00f3 reparar la compuerta.<\/p>\n<p>Por supuesto que el sistema no es herm\u00e9tico y el agua, al d\u00eda de hoy, en menor cantidad sigue ingresando a la Laguna. <strong>(foto 3 y 4)<\/strong>\u00a0\u00a0 \u00bfSe tomaron muestras de agua en ese sitio?<\/p>\n<p>Talvez el informe definitivo nos asegure que la tierra es plana\u2026.<\/p>\n<figure id=\"attachment_35020\" aria-describedby=\"caption-attachment-35020\" style=\"width: 1200px\" class=\"wp-caption alignnone\"><img data-recalc-dims=\"1\" loading=\"lazy\" decoding=\"async\" class=\"size-full wp-image-35020\" src=\"https:\/\/i0.wp.com\/larevistadigital.com.ar\/blog\/wp-content\/uploads\/WhatsApp-Image-2024-01-08-at-13.30.23.jpeg?resize=1200%2C1600&#038;ssl=1\" alt=\"(foto 1) Puente y arroyo Vitel\" width=\"1200\" height=\"1600\" srcset=\"https:\/\/i0.wp.com\/larevistadigital.com.ar\/blog\/wp-content\/uploads\/WhatsApp-Image-2024-01-08-at-13.30.23.jpeg?w=1200&amp;ssl=1 1200w, https:\/\/i0.wp.com\/larevistadigital.com.ar\/blog\/wp-content\/uploads\/WhatsApp-Image-2024-01-08-at-13.30.23.jpeg?resize=225%2C300&amp;ssl=1 225w, https:\/\/i0.wp.com\/larevistadigital.com.ar\/blog\/wp-content\/uploads\/WhatsApp-Image-2024-01-08-at-13.30.23.jpeg?resize=768%2C1024&amp;ssl=1 768w, https:\/\/i0.wp.com\/larevistadigital.com.ar\/blog\/wp-content\/uploads\/WhatsApp-Image-2024-01-08-at-13.30.23.jpeg?resize=1152%2C1536&amp;ssl=1 1152w\" sizes=\"auto, (max-width: 1000px) 100vw, 1000px\" \/><figcaption id=\"caption-attachment-35020\" class=\"wp-caption-text\"><strong>(foto 1) Puente y arroyo Vitel<\/strong><\/figcaption><\/figure>\n<figure id=\"attachment_35021\" aria-describedby=\"caption-attachment-35021\" style=\"width: 720px\" class=\"wp-caption alignnone\"><img data-recalc-dims=\"1\" loading=\"lazy\" decoding=\"async\" class=\"size-full wp-image-35021\" src=\"https:\/\/i0.wp.com\/larevistadigital.com.ar\/blog\/wp-content\/uploads\/WhatsApp-Image-2024-01-08-at-13.30.32.jpeg?resize=720%2C1600&#038;ssl=1\" alt=\"(foto 2) &quot;Ingreso del agua  depurada a la laguna&quot;\" width=\"720\" height=\"1600\" srcset=\"https:\/\/i0.wp.com\/larevistadigital.com.ar\/blog\/wp-content\/uploads\/WhatsApp-Image-2024-01-08-at-13.30.32.jpeg?w=720&amp;ssl=1 720w, https:\/\/i0.wp.com\/larevistadigital.com.ar\/blog\/wp-content\/uploads\/WhatsApp-Image-2024-01-08-at-13.30.32.jpeg?resize=135%2C300&amp;ssl=1 135w, https:\/\/i0.wp.com\/larevistadigital.com.ar\/blog\/wp-content\/uploads\/WhatsApp-Image-2024-01-08-at-13.30.32.jpeg?resize=461%2C1024&amp;ssl=1 461w, https:\/\/i0.wp.com\/larevistadigital.com.ar\/blog\/wp-content\/uploads\/WhatsApp-Image-2024-01-08-at-13.30.32.jpeg?resize=691%2C1536&amp;ssl=1 691w\" sizes=\"auto, (max-width: 720px) 100vw, 720px\" \/><figcaption id=\"caption-attachment-35021\" class=\"wp-caption-text\"><strong>(foto 2) \u00abIngreso del <span style=\"color: #ff0000\">agua depurada<\/span> a la laguna\u00bb<\/strong><\/figcaption><\/figure>\n<figure id=\"attachment_35022\" aria-describedby=\"caption-attachment-35022\" style=\"width: 1080px\" class=\"wp-caption alignnone\"><img data-recalc-dims=\"1\" loading=\"lazy\" decoding=\"async\" class=\"size-full wp-image-35022\" src=\"https:\/\/i0.wp.com\/larevistadigital.com.ar\/blog\/wp-content\/uploads\/WhatsApp-Image-2024-01-08-at-13.30.41.jpeg?resize=1080%2C1410&#038;ssl=1\" alt=\"Arroyo Girado hoy (Con m\u00e1s nivel que la laguna)\" width=\"1080\" height=\"1410\" srcset=\"https:\/\/i0.wp.com\/larevistadigital.com.ar\/blog\/wp-content\/uploads\/WhatsApp-Image-2024-01-08-at-13.30.41.jpeg?w=1080&amp;ssl=1 1080w, https:\/\/i0.wp.com\/larevistadigital.com.ar\/blog\/wp-content\/uploads\/WhatsApp-Image-2024-01-08-at-13.30.41.jpeg?resize=230%2C300&amp;ssl=1 230w, https:\/\/i0.wp.com\/larevistadigital.com.ar\/blog\/wp-content\/uploads\/WhatsApp-Image-2024-01-08-at-13.30.41.jpeg?resize=784%2C1024&amp;ssl=1 784w, https:\/\/i0.wp.com\/larevistadigital.com.ar\/blog\/wp-content\/uploads\/WhatsApp-Image-2024-01-08-at-13.30.41.jpeg?resize=768%2C1003&amp;ssl=1 768w\" sizes=\"auto, (max-width: 1000px) 100vw, 1000px\" \/><figcaption id=\"caption-attachment-35022\" class=\"wp-caption-text\"><strong>Arroyo Girado hoy (Con m\u00e1s nivel que la laguna)<\/strong><\/figcaption><\/figure>\n<figure id=\"attachment_35023\" aria-describedby=\"caption-attachment-35023\" style=\"width: 1062px\" class=\"wp-caption alignnone\"><img data-recalc-dims=\"1\" loading=\"lazy\" decoding=\"async\" class=\"size-full wp-image-35023\" src=\"https:\/\/i0.wp.com\/larevistadigital.com.ar\/blog\/wp-content\/uploads\/WhatsApp-Image-2024-01-08-at-13.30.51.jpeg?resize=1062%2C1600&#038;ssl=1\" alt=\"As\u00ed sigue ingresando a la laguna...\" width=\"1062\" height=\"1600\" srcset=\"https:\/\/i0.wp.com\/larevistadigital.com.ar\/blog\/wp-content\/uploads\/WhatsApp-Image-2024-01-08-at-13.30.51.jpeg?w=1062&amp;ssl=1 1062w, https:\/\/i0.wp.com\/larevistadigital.com.ar\/blog\/wp-content\/uploads\/WhatsApp-Image-2024-01-08-at-13.30.51.jpeg?resize=199%2C300&amp;ssl=1 199w, https:\/\/i0.wp.com\/larevistadigital.com.ar\/blog\/wp-content\/uploads\/WhatsApp-Image-2024-01-08-at-13.30.51.jpeg?resize=680%2C1024&amp;ssl=1 680w, https:\/\/i0.wp.com\/larevistadigital.com.ar\/blog\/wp-content\/uploads\/WhatsApp-Image-2024-01-08-at-13.30.51.jpeg?resize=768%2C1157&amp;ssl=1 768w, https:\/\/i0.wp.com\/larevistadigital.com.ar\/blog\/wp-content\/uploads\/WhatsApp-Image-2024-01-08-at-13.30.51.jpeg?resize=1020%2C1536&amp;ssl=1 1020w\" sizes=\"auto, (max-width: 1000px) 100vw, 1000px\" \/><figcaption id=\"caption-attachment-35023\" class=\"wp-caption-text\"><strong>As\u00ed sigue ingresando a la laguna&#8230;<\/strong><\/figcaption><\/figure>\n<p>&nbsp;<\/p>\n<p style=\"text-align: left\"><strong>JORGE MACCHI<\/strong><\/p>\n<p><em>(1) texto del articulo la rigurosidad cient\u00edfica, validez y confiabilidad en los paradigmas cuantitativo y cualitativo ( Andrea Gaete Moreno)<\/em><\/p>\n<p>&nbsp;<\/p>\n","protected":false},"excerpt":{"rendered":"<div class=\"mh-excerpt\"><p>Una nota que llama a la reflexi\u00f3n acerca del estado de nuestra laguna, y deja de manifiesto la triste realidad de nuestro querido espejo lacustre. \u00abNo hay peor ciego que el que no quiere ver\u00bb. <a class=\"mh-excerpt-more\" href=\"https:\/\/larevistadigital.com.ar\/blog\/relato-relato-una-importante-nota-de-jorge-macchi-sobre-el-real-estado-de-la-laguna-en-chascomus\/\" title=\"\u00abRELATO&#8230;RELATO&#8230;\u00bb UNA IMPORTANTE NOTA DE JORGE MACCHI SOBRE EL REAL ESTADO DE LA LAGUNA EN CHASCOM\u00daS.\">[Leer M\u00e1s]<\/a><\/p>\n<\/div>","protected":false},"author":3,"featured_media":35021,"comment_status":"open","ping_status":"open","sticky":false,"template":"","format":"standard","meta":{"_jetpack_memberships_contains_paid_content":false,"footnotes":"","jetpack_publicize_message":"","jetpack_publicize_feature_enabled":true,"jetpack_social_post_already_shared":true,"jetpack_social_options":{"image_generator_settings":{"template":"highway","default_image_id":0,"font":"","enabled":false},"version":2}},"categories":[41],"tags":[],"class_list":{"0":"post-35019","1":"post","2":"type-post","3":"status-publish","4":"format-standard","5":"has-post-thumbnail","7":"category-destacadas"},"jetpack_publicize_connections":[],"jetpack_featured_media_url":"https:\/\/i0.wp.com\/larevistadigital.com.ar\/blog\/wp-content\/uploads\/WhatsApp-Image-2024-01-08-at-13.30.32.jpeg?fit=720%2C1600&ssl=1","jetpack_sharing_enabled":true,"jetpack_shortlink":"https:\/\/wp.me\/p8qtrQ-96P","jetpack-related-posts":[{"id":42725,"url":"https:\/\/larevistadigital.com.ar\/blog\/chascomus-laguna-en-nivel-critico-advierten-por-riesgos-y-piden-extremar-cuidados\/","url_meta":{"origin":35019,"position":0},"title":"Chascom\u00fas: Laguna en nivel cr\u00edtico&#8230; advierten por riesgos y piden extremar cuidados","author":"Alejandro Sosa Ruda","date":"3 diciembre, 2025","format":false,"excerpt":"Marcelo Opici, responsable de Seguridad Lacustre, explic\u00f3 en \u201cAtaque de Radio\u201d por qu\u00e9 la laguna est\u00e1 tan alta y qu\u00e9 medidas deben tomar vecinos y turistas. 03 de Diciembre de 2025 CHASCOM\u00daS -\u00a0 \u00a0El notable incremento en el nivel del agua de la laguna de Chascom\u00fas no pas\u00f3 desapercibido en\u2026","rel":"","context":"En \u00abATAQUE DE RADIO\u00bb","block_context":{"text":"ATAQUE DE RADIO","link":"https:\/\/larevistadigital.com.ar\/blog\/category\/ataque-de-radio\/"},"img":{"alt_text":"","src":"https:\/\/i0.wp.com\/larevistadigital.com.ar\/blog\/wp-content\/uploads\/Captura-de-pantalla-2025-12-03-204055.jpg?fit=686%2C379&ssl=1&resize=350%2C200","width":350,"height":200,"srcset":"https:\/\/i0.wp.com\/larevistadigital.com.ar\/blog\/wp-content\/uploads\/Captura-de-pantalla-2025-12-03-204055.jpg?fit=686%2C379&ssl=1&resize=350%2C200 1x, https:\/\/i0.wp.com\/larevistadigital.com.ar\/blog\/wp-content\/uploads\/Captura-de-pantalla-2025-12-03-204055.jpg?fit=686%2C379&ssl=1&resize=525%2C300 1.5x"},"classes":[]},{"id":27143,"url":"https:\/\/larevistadigital.com.ar\/blog\/chascomus-importante-tarea-de-limpieza-en-la-laguna\/","url_meta":{"origin":35019,"position":1},"title":"CHASCOM\u00daS: IMPORTANTE TAREA DE LIMPIEZA EN LA LAGUNA","author":"Alejandro Sosa Ruda","date":"19 agosto, 2022","format":false,"excerpt":"Se hicieron trabajos para cuidar el ecosistema. quitando residuos y peces muertos por falta de oxigeno a causa de la poca agua. La opini\u00f3n de Gustavo Berasain al respecto. CHASCOM\u00daS -\u00a0 En los \u00faltimos tiempos, se ha podido apreciar entre otras cosas una gran mortandad de peces en la laguna\u2026","rel":"","context":"En \u00abCHASCOM\u00daS\u00bb","block_context":{"text":"CHASCOM\u00daS","link":"https:\/\/larevistadigital.com.ar\/blog\/category\/chascomus\/"},"img":{"alt_text":"","src":"https:\/\/i0.wp.com\/larevistadigital.com.ar\/blog\/wp-content\/uploads\/WhatsApp-Image-2022-08-17-at-4.46.07-PM.jpeg?fit=1200%2C547&ssl=1&resize=350%2C200","width":350,"height":200,"srcset":"https:\/\/i0.wp.com\/larevistadigital.com.ar\/blog\/wp-content\/uploads\/WhatsApp-Image-2022-08-17-at-4.46.07-PM.jpeg?fit=1200%2C547&ssl=1&resize=350%2C200 1x, https:\/\/i0.wp.com\/larevistadigital.com.ar\/blog\/wp-content\/uploads\/WhatsApp-Image-2022-08-17-at-4.46.07-PM.jpeg?fit=1200%2C547&ssl=1&resize=525%2C300 1.5x, https:\/\/i0.wp.com\/larevistadigital.com.ar\/blog\/wp-content\/uploads\/WhatsApp-Image-2022-08-17-at-4.46.07-PM.jpeg?fit=1200%2C547&ssl=1&resize=700%2C400 2x, https:\/\/i0.wp.com\/larevistadigital.com.ar\/blog\/wp-content\/uploads\/WhatsApp-Image-2022-08-17-at-4.46.07-PM.jpeg?fit=1200%2C547&ssl=1&resize=1050%2C600 3x"},"classes":[]},{"id":7945,"url":"https:\/\/larevistadigital.com.ar\/blog\/chascomus-encuentran-persona-ahogada-en-la-laguna\/","url_meta":{"origin":35019,"position":2},"title":"CHASCOMUS: ENCUENTRAN PERSONA AHOGADA EN LA LAGUNA","author":"Alejandro Sosa Ruda","date":"25 enero, 2019","format":false,"excerpt":"Hace aproximadamente una hora en su perfil de la red social Fecebook, el vecino Miguel Angel Tocci dio a conocer una situaci\u00f3n que le toc\u00f3 vivir, cuando seg\u00fan narr\u00f3 \"finaliz\u00e1bamos junto a Oscar Berrueta y Gabriel Grimaldi de hacer 3000 mts. de fondo, y\u00a0una moto de agua se acerca a\u2026","rel":"","context":"En \u00abCHASCOM\u00daS\u00bb","block_context":{"text":"CHASCOM\u00daS","link":"https:\/\/larevistadigital.com.ar\/blog\/category\/chascomus\/"},"img":{"alt_text":"","src":"https:\/\/i0.wp.com\/larevistadigital.com.ar\/blog\/wp-content\/uploads\/2019\/01\/50398067_2308129095899072_931611971671818240_n.jpg?fit=960%2C566&ssl=1&resize=350%2C200","width":350,"height":200,"srcset":"https:\/\/i0.wp.com\/larevistadigital.com.ar\/blog\/wp-content\/uploads\/2019\/01\/50398067_2308129095899072_931611971671818240_n.jpg?fit=960%2C566&ssl=1&resize=350%2C200 1x, https:\/\/i0.wp.com\/larevistadigital.com.ar\/blog\/wp-content\/uploads\/2019\/01\/50398067_2308129095899072_931611971671818240_n.jpg?fit=960%2C566&ssl=1&resize=525%2C300 1.5x, https:\/\/i0.wp.com\/larevistadigital.com.ar\/blog\/wp-content\/uploads\/2019\/01\/50398067_2308129095899072_931611971671818240_n.jpg?fit=960%2C566&ssl=1&resize=700%2C400 2x"},"classes":[]},{"id":12780,"url":"https:\/\/larevistadigital.com.ar\/blog\/que-es-eso-fotografian-extrano-animal-en-la-laguna-de-chascomus\/","url_meta":{"origin":35019,"position":3},"title":"\u00bfQU\u00c9 ES ESO? : FOTOGRAF\u00cdAN EXTRA\u00d1O ANIMAL EN LA LAGUNA DE CHASCOM\u00daS","author":"Alejandro Sosa Ruda","date":"22 octubre, 2019","format":false,"excerpt":"En la jornada de ayer, el camar\u00f3grafo y periodista del canal de noticias SOMOS CHASCOMUS, Mariano Mart\u00edn Cerimele, logr\u00f3 fotografiar un extra\u00f1o animal que asomaba en la orilla de la laguna. El animal, que para algunos es una raya, y otros opinan que es un pez conocido como \"vieja de\u2026","rel":"","context":"En \u00abCURIOSAS\u00bb","block_context":{"text":"CURIOSAS","link":"https:\/\/larevistadigital.com.ar\/blog\/category\/curiosas\/"},"img":{"alt_text":"","src":"https:\/\/i0.wp.com\/larevistadigital.com.ar\/blog\/wp-content\/uploads\/51709033_969339613267616_5072928101147607040_n.jpg?fit=805%2C960&ssl=1&resize=350%2C200","width":350,"height":200,"srcset":"https:\/\/i0.wp.com\/larevistadigital.com.ar\/blog\/wp-content\/uploads\/51709033_969339613267616_5072928101147607040_n.jpg?fit=805%2C960&ssl=1&resize=350%2C200 1x, https:\/\/i0.wp.com\/larevistadigital.com.ar\/blog\/wp-content\/uploads\/51709033_969339613267616_5072928101147607040_n.jpg?fit=805%2C960&ssl=1&resize=525%2C300 1.5x, https:\/\/i0.wp.com\/larevistadigital.com.ar\/blog\/wp-content\/uploads\/51709033_969339613267616_5072928101147607040_n.jpg?fit=805%2C960&ssl=1&resize=700%2C400 2x"},"classes":[]},{"id":43139,"url":"https:\/\/larevistadigital.com.ar\/blog\/chascomus-recomendaciones-para-disfrutar-la-laguna-de-forma-segura-y-responsable\/","url_meta":{"origin":35019,"position":4},"title":"Chascom\u00fas: Recomendaciones para disfrutar la laguna de forma segura y responsable","author":"Alejandro Sosa Ruda","date":"5 enero, 2026","format":false,"excerpt":"El nivel del agua es monitoreado de manera permanente por su rol clave en la prevenci\u00f3n de anegamientos. Respetar la carteler\u00eda y la informaci\u00f3n oficial es fundamental para cuidar y disfrutar la laguna de forma segura. 05 de enero de 2026 CHASCOM\u00daS -\u00a0 \u00a0La laguna de Chascom\u00fas es uno de\u2026","rel":"","context":"En \u00abCHASCOM\u00daS\u00bb","block_context":{"text":"CHASCOM\u00daS","link":"https:\/\/larevistadigital.com.ar\/blog\/category\/chascomus\/"},"img":{"alt_text":"","src":"https:\/\/i0.wp.com\/larevistadigital.com.ar\/blog\/wp-content\/uploads\/695bf59d7bfbc.png?fit=668%2C445&ssl=1&resize=350%2C200","width":350,"height":200,"srcset":"https:\/\/i0.wp.com\/larevistadigital.com.ar\/blog\/wp-content\/uploads\/695bf59d7bfbc.png?fit=668%2C445&ssl=1&resize=350%2C200 1x, https:\/\/i0.wp.com\/larevistadigital.com.ar\/blog\/wp-content\/uploads\/695bf59d7bfbc.png?fit=668%2C445&ssl=1&resize=525%2C300 1.5x"},"classes":[]},{"id":43722,"url":"https:\/\/larevistadigital.com.ar\/blog\/chascomus-el-equipo-municipal-de-guardavidas-intervino-en-un-rescate-durante-el-fin-de-semana-en-la-laguna\/","url_meta":{"origin":35019,"position":5},"title":"Chascom\u00fas: El equipo municipal de guardavidas intervino en un rescate durante el fin de semana en la laguna","author":"Alejandro Sosa Ruda","date":"2 febrero, 2026","format":false,"excerpt":"La situaci\u00f3n ocurri\u00f3 el s\u00e1bado por la ma\u00f1ana, antes del inicio del horario del servicio. Adem\u00e1s, se registraron m\u00faltiples intervenciones preventivas por actividades n\u00e1uticas no autorizadas. 02 de febrero de 2026 CHASCOM\u00daS -\u00a0 \u00a0El equipo municipal de Guardavidas y Seguridad Lacustre desarroll\u00f3 una intensa actividad durante el \u00faltimo fin de\u2026","rel":"","context":"En \u00abDESTACADAS\u00bb","block_context":{"text":"DESTACADAS","link":"https:\/\/larevistadigital.com.ar\/blog\/category\/destacadas\/"},"img":{"alt_text":"","src":"https:\/\/i0.wp.com\/larevistadigital.com.ar\/blog\/wp-content\/uploads\/6980d5de60be7.png?fit=668%2C445&ssl=1&resize=350%2C200","width":350,"height":200,"srcset":"https:\/\/i0.wp.com\/larevistadigital.com.ar\/blog\/wp-content\/uploads\/6980d5de60be7.png?fit=668%2C445&ssl=1&resize=350%2C200 1x, https:\/\/i0.wp.com\/larevistadigital.com.ar\/blog\/wp-content\/uploads\/6980d5de60be7.png?fit=668%2C445&ssl=1&resize=525%2C300 1.5x"},"classes":[]}],"_links":{"self":[{"href":"https:\/\/larevistadigital.com.ar\/blog\/wp-json\/wp\/v2\/posts\/35019","targetHints":{"allow":["GET"]}}],"collection":[{"href":"https:\/\/larevistadigital.com.ar\/blog\/wp-json\/wp\/v2\/posts"}],"about":[{"href":"https:\/\/larevistadigital.com.ar\/blog\/wp-json\/wp\/v2\/types\/post"}],"author":[{"embeddable":true,"href":"https:\/\/larevistadigital.com.ar\/blog\/wp-json\/wp\/v2\/users\/3"}],"replies":[{"embeddable":true,"href":"https:\/\/larevistadigital.com.ar\/blog\/wp-json\/wp\/v2\/comments?post=35019"}],"version-history":[{"count":2,"href":"https:\/\/larevistadigital.com.ar\/blog\/wp-json\/wp\/v2\/posts\/35019\/revisions"}],"predecessor-version":[{"id":35025,"href":"https:\/\/larevistadigital.com.ar\/blog\/wp-json\/wp\/v2\/posts\/35019\/revisions\/35025"}],"wp:featuredmedia":[{"embeddable":true,"href":"https:\/\/larevistadigital.com.ar\/blog\/wp-json\/wp\/v2\/media\/35021"}],"wp:attachment":[{"href":"https:\/\/larevistadigital.com.ar\/blog\/wp-json\/wp\/v2\/media?parent=35019"}],"wp:term":[{"taxonomy":"category","embeddable":true,"href":"https:\/\/larevistadigital.com.ar\/blog\/wp-json\/wp\/v2\/categories?post=35019"},{"taxonomy":"post_tag","embeddable":true,"href":"https:\/\/larevistadigital.com.ar\/blog\/wp-json\/wp\/v2\/tags?post=35019"}],"curies":[{"name":"wp","href":"https:\/\/api.w.org\/{rel}","templated":true}]}}