{"id":35026,"date":"2024-01-18T14:26:58","date_gmt":"2024-01-18T17:26:58","guid":{"rendered":"https:\/\/larevistadigital.com.ar\/blog\/?p=35026"},"modified":"2024-01-18T14:26:58","modified_gmt":"2024-01-18T17:26:58","slug":"la-matanza-conmocion-por-el-asesinato-de-una-nena-de-13-anos-de-un-disparo-en-el-pecho-durante-un-intento-de-robo","status":"publish","type":"post","link":"https:\/\/larevistadigital.com.ar\/blog\/la-matanza-conmocion-por-el-asesinato-de-una-nena-de-13-anos-de-un-disparo-en-el-pecho-durante-un-intento-de-robo\/","title":{"rendered":"LA MATANZA: CONMOCI\u00d3N POR EL ASESINATO DE UNA NENA DE 13 A\u00d1OS DE UN DISPARO EN EL PECHO, DURANTE UN INTENTO DE ROBO"},"content":{"rendered":"<h2>Ocurri\u00f3 esta ma\u00f1ana en Virrey del Pino. Fue luego de que su padre se trenz\u00f3 en lucha con un delincuente para evitar ser asaltado. La menor fue trasladada grave al Hospital Simplemente Evita donde finalmente perdi\u00f3 la vida.<\/h2>\n<p>18 de enero de 2023<\/p>\n<p><strong>VIRREY DEL PINO &#8211;\u00a0 <\/strong>Una dram\u00e1tica escena de violencia y tragedia se desat\u00f3 este jueves alrededor de las 10 de la ma\u00f1ana en el partido bonaerense de La Matanza, cuando una nena de 13 a\u00f1os fue asesinada en medio de un intento de robo, mientras sus padres se enfrentaban a los atacantes.<\/p>\n<blockquote>\n<h3>Seg\u00fan informaron fuentes policiales al portal <i><strong>LaNoticia1.com<\/strong><\/i>, el hecho tuvo lugar en la intersecci\u00f3n de las calles Machado y Concordia, en la localidad de Virrey del Pino. De acuerdo a lo que indicaron, en medio del intento de robo, los padres de la menor se enfrentaron a los ladrones y se trenzaron en un forcejeo.<\/h3>\n<\/blockquote>\n<p>En ese contexto, uno de los delincuentes abri\u00f3 fuego y dispar\u00f3, alcanzando a la ni\u00f1a con un certero tiro en el pecho. La gravedad de la situaci\u00f3n llev\u00f3 a trasladar de urgencia a la joven v\u00edctima al Hospital Simplemente Evita, sin embargo, lamentablemente, falleci\u00f3 a los pocos minutos de su ingreso.<\/p>\n<blockquote>\n<h3>Las primeras informaciones a las que pudo acceder este medio indican que la menor presentaba una herida de extrema gravedad en la zona del t\u00f3rax.<\/h3>\n<\/blockquote>\n<p>En tanto, el padre de la nena, un hombre de 34 a\u00f1os y nacionalidad boliviana, tambi\u00e9n result\u00f3 herido y se encuentra internado en el mismo centro de salud.<\/p>\n<p>Ambos fueron asistidos por dos efectivos de la Comisar\u00eda de Virrey del Pino que acompa\u00f1aron el traslado hasta el nosocomio. Hasta el momento se desconoce si los delincuentes fueron identificados. Personal policial, una ambulancia y al fiscal encargado del caso trabajan en el lugar.<\/p>\n<p>publicado en lanoticia1,com<\/p>\n","protected":false},"excerpt":{"rendered":"<div class=\"mh-excerpt\"><p>Ocurri\u00f3 esta ma\u00f1ana en Virrey del Pino. Fue luego de que su padre se trenz\u00f3 en lucha con un delincuente para evitar ser asaltado. La menor fue trasladada grave al Hospital Simplemente Evita donde finalmente <a class=\"mh-excerpt-more\" href=\"https:\/\/larevistadigital.com.ar\/blog\/la-matanza-conmocion-por-el-asesinato-de-una-nena-de-13-anos-de-un-disparo-en-el-pecho-durante-un-intento-de-robo\/\" title=\"LA MATANZA: CONMOCI\u00d3N POR EL ASESINATO DE UNA NENA DE 13 A\u00d1OS DE UN DISPARO EN EL PECHO, DURANTE UN INTENTO DE ROBO\">[Leer M\u00e1s]<\/a><\/p>\n<\/div>","protected":false},"author":3,"featured_media":35027,"comment_status":"open","ping_status":"open","sticky":false,"template":"","format":"standard","meta":{"_jetpack_memberships_contains_paid_content":false,"footnotes":"","jetpack_publicize_message":"","jetpack_publicize_feature_enabled":true,"jetpack_social_post_already_shared":true,"jetpack_social_options":{"image_generator_settings":{"template":"highway","default_image_id":0,"font":"","enabled":false},"version":2}},"categories":[44,51],"tags":[],"class_list":{"0":"post-35026","1":"post","2":"type-post","3":"status-publish","4":"format-standard","5":"has-post-thumbnail","7":"category-policiales","8":"category-regionales"},"jetpack_publicize_connections":[],"jetpack_featured_media_url":"https:\/\/i0.wp.com\/larevistadigital.com.ar\/blog\/wp-content\/uploads\/Captura-de-pantalla-2024-01-18-142541.png?fit=1082%2C525&ssl=1","jetpack_sharing_enabled":true,"jetpack_shortlink":"https:\/\/wp.me\/p8qtrQ-96W","jetpack-related-posts":[{"id":20559,"url":"https:\/\/larevistadigital.com.ar\/blog\/policia-discute-con-su-mujer-disparo-al-suelo-y-termino-matando-a-su-hijita\/","url_meta":{"origin":35026,"position":0},"title":"POLIC\u00cdA DISCUTE CON SU MUJER, DISPAR\u00d3 AL SUELO Y TERMIN\u00d3 MATANDO A SU HIJITA","author":"Alejandro Sosa Ruda","date":"31 mayo, 2021","format":false,"excerpt":"La v\u00edctima ten\u00eda 6 a\u00f1os y muri\u00f3 tras recibir un disparo en el abdomen. El efectivo fue detenido y se abri\u00f3 una investigaci\u00f3n para esclarecer lo sucedido. Un tr\u00e1gico y conmocionante hecho se produjo en las \u00faltimas horas, cuando\u00a0un polic\u00eda se encontraba discutiendo con su esposa, dispar\u00f3 al suelo y\u2026","rel":"","context":"En \u00abPOLICIALES\u00bb","block_context":{"text":"POLICIALES","link":"https:\/\/larevistadigital.com.ar\/blog\/category\/policiales\/"},"img":{"alt_text":"","src":"https:\/\/i0.wp.com\/larevistadigital.com.ar\/blog\/wp-content\/uploads\/0000405113.jpg?fit=640%2C371&ssl=1&resize=350%2C200","width":350,"height":200,"srcset":"https:\/\/i0.wp.com\/larevistadigital.com.ar\/blog\/wp-content\/uploads\/0000405113.jpg?fit=640%2C371&ssl=1&resize=350%2C200 1x, https:\/\/i0.wp.com\/larevistadigital.com.ar\/blog\/wp-content\/uploads\/0000405113.jpg?fit=640%2C371&ssl=1&resize=525%2C300 1.5x"},"classes":[]},{"id":24977,"url":"https:\/\/larevistadigital.com.ar\/blog\/horroroso-y-tragico-accidente-tenia-21-anos-se-enredo-el-pelo-en-una-maquina-de-engranaje-y-murio\/","url_meta":{"origin":35026,"position":1},"title":"HORROROSO Y TR\u00c1GICO ACCIDENTE: TEN\u00cdA 21 A\u00d1OS. SE ENRED\u00d3 EL PELO EN UNA M\u00c1QUINA DE ENGRANAJE Y MURI\u00d3","author":"Alejandro Sosa Ruda","date":"5 abril, 2022","format":false,"excerpt":"Roc\u00edo D\u00e9cima ten\u00eda 21 a\u00f1os y trabajaba en una f\u00e1brica en La Matanza VIRREY DEL PINO -\u00a0 Una joven de 21 a\u00f1os muri\u00f3 en la localidad bonaerense de Virrey del Pino a ra\u00edz de un terrible accidente con una m\u00e1quina de engranaje, dentro de la f\u00e1brica de juntas de motoveh\u00edculos\u2026","rel":"","context":"En \u00abINTERES GENERAL\u00bb","block_context":{"text":"INTERES GENERAL","link":"https:\/\/larevistadigital.com.ar\/blog\/category\/interes-general\/"},"img":{"alt_text":"","src":"https:\/\/i0.wp.com\/larevistadigital.com.ar\/blog\/wp-content\/uploads\/ACCIDENTE-1.jpg?fit=947%2C742&ssl=1&resize=350%2C200","width":350,"height":200,"srcset":"https:\/\/i0.wp.com\/larevistadigital.com.ar\/blog\/wp-content\/uploads\/ACCIDENTE-1.jpg?fit=947%2C742&ssl=1&resize=350%2C200 1x, https:\/\/i0.wp.com\/larevistadigital.com.ar\/blog\/wp-content\/uploads\/ACCIDENTE-1.jpg?fit=947%2C742&ssl=1&resize=525%2C300 1.5x, https:\/\/i0.wp.com\/larevistadigital.com.ar\/blog\/wp-content\/uploads\/ACCIDENTE-1.jpg?fit=947%2C742&ssl=1&resize=700%2C400 2x"},"classes":[]},{"id":30857,"url":"https:\/\/larevistadigital.com.ar\/blog\/video-hace-instantes-sergio-berni-fue-agredido-a-trompadas-y-pedradas-en-un-corte-de-colectiveros-en-gral-paz-y-ruta-3\/","url_meta":{"origin":35026,"position":2},"title":"[VIDEO] HACE INSTANTES: SERGIO BERNI FUE AGREDIDO A TROMPADAS Y PEDRADAS EN UN CORTE DE COLECTIVEROS EN GRAL. PAZ Y RUTA 3","author":"Alejandro Sosa Ruda","date":"3 abril, 2023","format":false,"excerpt":"El ministro de Seguridad bonaerense fue golpeado en el lugar donde se manifestaban por el crimen de un chofer en Virrey del Pino. 3 de abril de 2023 BUENOS AIRES -\u00a0 Sergio Berni\u00a0fue agredido esta ma\u00f1ana al arribar a la protesta que un grupo de choferes de colectivos realizaba en\u2026","rel":"","context":"En \u00abGREMIALES\u00bb","block_context":{"text":"GREMIALES","link":"https:\/\/larevistadigital.com.ar\/blog\/category\/gremiales\/"},"img":{"alt_text":"","src":"https:\/\/i0.wp.com\/larevistadigital.com.ar\/blog\/wp-content\/uploads\/BERNI-GOLPEADO.jpg?fit=700%2C400&ssl=1&resize=350%2C200","width":350,"height":200,"srcset":"https:\/\/i0.wp.com\/larevistadigital.com.ar\/blog\/wp-content\/uploads\/BERNI-GOLPEADO.jpg?fit=700%2C400&ssl=1&resize=350%2C200 1x, https:\/\/i0.wp.com\/larevistadigital.com.ar\/blog\/wp-content\/uploads\/BERNI-GOLPEADO.jpg?fit=700%2C400&ssl=1&resize=525%2C300 1.5x, https:\/\/i0.wp.com\/larevistadigital.com.ar\/blog\/wp-content\/uploads\/BERNI-GOLPEADO.jpg?fit=700%2C400&ssl=1&resize=700%2C400 2x"},"classes":[]},{"id":5499,"url":"https:\/\/larevistadigital.com.ar\/blog\/el-presunto-asesino-del-colectivero-se-adjudico-el-crimen-y-grabo-un-video-desde-su-lugar-de-detencion\/","url_meta":{"origin":35026,"position":3},"title":"EL PRESUNTO ASESINO DEL COLECTIVERO SE ADJUDIC\u00d3 EL CRIMEN Y GRAB\u00d3 UN VIDEO DESDE SU LUGAR DE DETENCI\u00d3N","author":"Alejandro Sosa Ruda","date":"18 abril, 2018","format":false,"excerpt":"Se trata de Jonathan Acevedo de 18 a\u00f1os, en donde se burla y hace alusi\u00f3n al crimen del colectivero Leandro Alcaraz en Virrey del Pino. Esto sucedi\u00f3, aparentemente obligado por otros reclusos, en el lugar en el que se encuentra detenido. \"Hola, buenas noches Mat\u00edas, soy 'Pantriste', el que mat\u00f3\u2026","rel":"","context":"En \u00abPOLICIALES\u00bb","block_context":{"text":"POLICIALES","link":"https:\/\/larevistadigital.com.ar\/blog\/category\/policiales\/"},"img":{"alt_text":"","src":"https:\/\/i0.wp.com\/larevistadigital.com.ar\/blog\/wp-content\/uploads\/2018\/04\/By6dC8WnM_720x0__1.jpg?fit=720%2C711&ssl=1&resize=350%2C200","width":350,"height":200,"srcset":"https:\/\/i0.wp.com\/larevistadigital.com.ar\/blog\/wp-content\/uploads\/2018\/04\/By6dC8WnM_720x0__1.jpg?fit=720%2C711&ssl=1&resize=350%2C200 1x, https:\/\/i0.wp.com\/larevistadigital.com.ar\/blog\/wp-content\/uploads\/2018\/04\/By6dC8WnM_720x0__1.jpg?fit=720%2C711&ssl=1&resize=525%2C300 1.5x, https:\/\/i0.wp.com\/larevistadigital.com.ar\/blog\/wp-content\/uploads\/2018\/04\/By6dC8WnM_720x0__1.jpg?fit=720%2C711&ssl=1&resize=700%2C400 2x"},"classes":[]},{"id":12071,"url":"https:\/\/larevistadigital.com.ar\/blog\/intento-robar-lo-detuvieron-pero-la-justicia-lo-dejo-en-libertad\/","url_meta":{"origin":35026,"position":4},"title":"INTENT\u00d3 ROBAR, LO DETUVIERON, PERO LA \u00abJUSTICIA\u00bb LO DEJ\u00d3 EN LIBERTAD","author":"Alejandro Sosa Ruda","date":"15 septiembre, 2019","format":false,"excerpt":"Se inform\u00f3 que un joven de veintisiete a\u00f1os de edad fue liberado por disposici\u00f3n de la fiscal\u00eda interviniente, luego de permanecer algunas horas alojado en la comisar\u00eda, producto de haber sido el responsable del intento de robo de una mezcladora de alba\u00f1iler\u00eda. Los hechos se registraron en una vivienda ubicada\u2026","rel":"","context":"En \u00abINTERES GENERAL\u00bb","block_context":{"text":"INTERES GENERAL","link":"https:\/\/larevistadigital.com.ar\/blog\/category\/interes-general\/"},"img":{"alt_text":"","src":"https:\/\/i0.wp.com\/larevistadigital.com.ar\/blog\/wp-content\/uploads\/2017\/08\/comisaria.jpg?fit=640%2C324&ssl=1&resize=350%2C200","width":350,"height":200,"srcset":"https:\/\/i0.wp.com\/larevistadigital.com.ar\/blog\/wp-content\/uploads\/2017\/08\/comisaria.jpg?fit=640%2C324&ssl=1&resize=350%2C200 1x, https:\/\/i0.wp.com\/larevistadigital.com.ar\/blog\/wp-content\/uploads\/2017\/08\/comisaria.jpg?fit=640%2C324&ssl=1&resize=525%2C300 1.5x"},"classes":[]},{"id":7652,"url":"https:\/\/larevistadigital.com.ar\/blog\/ferretero-de-88-anos-desarma-y-mata-a-ladron-a-cuchilladas\/","url_meta":{"origin":35026,"position":5},"title":"FERRETERO DE 88 A\u00d1OS DESARMA Y MATA A LADR\u00d3N A CUCHILLADAS","author":"Alejandro Sosa Ruda","date":"7 enero, 2019","format":false,"excerpt":"Ocurri\u00f3 en la localidad de San Fernando. La novia del asaltante, que lo esperaba afuera fue detenida por complicidad en el intento de robo Un\u00a0ferretero de 88 a\u00f1os mat\u00f3 a un hombre de 28, a quien acus\u00f3 de asaltarlo con un arma blanca en su comercio de la localidad bonaerense\u2026","rel":"","context":"En \u00abPOLICIALES\u00bb","block_context":{"text":"POLICIALES","link":"https:\/\/larevistadigital.com.ar\/blog\/category\/policiales\/"},"img":{"alt_text":"","src":"https:\/\/i0.wp.com\/larevistadigital.com.ar\/blog\/wp-content\/uploads\/2019\/01\/0035981509.jpg?fit=1140%2C640&ssl=1&resize=350%2C200","width":350,"height":200,"srcset":"https:\/\/i0.wp.com\/larevistadigital.com.ar\/blog\/wp-content\/uploads\/2019\/01\/0035981509.jpg?fit=1140%2C640&ssl=1&resize=350%2C200 1x, https:\/\/i0.wp.com\/larevistadigital.com.ar\/blog\/wp-content\/uploads\/2019\/01\/0035981509.jpg?fit=1140%2C640&ssl=1&resize=525%2C300 1.5x, https:\/\/i0.wp.com\/larevistadigital.com.ar\/blog\/wp-content\/uploads\/2019\/01\/0035981509.jpg?fit=1140%2C640&ssl=1&resize=700%2C400 2x, https:\/\/i0.wp.com\/larevistadigital.com.ar\/blog\/wp-content\/uploads\/2019\/01\/0035981509.jpg?fit=1140%2C640&ssl=1&resize=1050%2C600 3x"},"classes":[]}],"_links":{"self":[{"href":"https:\/\/larevistadigital.com.ar\/blog\/wp-json\/wp\/v2\/posts\/35026","targetHints":{"allow":["GET"]}}],"collection":[{"href":"https:\/\/larevistadigital.com.ar\/blog\/wp-json\/wp\/v2\/posts"}],"about":[{"href":"https:\/\/larevistadigital.com.ar\/blog\/wp-json\/wp\/v2\/types\/post"}],"author":[{"embeddable":true,"href":"https:\/\/larevistadigital.com.ar\/blog\/wp-json\/wp\/v2\/users\/3"}],"replies":[{"embeddable":true,"href":"https:\/\/larevistadigital.com.ar\/blog\/wp-json\/wp\/v2\/comments?post=35026"}],"version-history":[{"count":1,"href":"https:\/\/larevistadigital.com.ar\/blog\/wp-json\/wp\/v2\/posts\/35026\/revisions"}],"predecessor-version":[{"id":35028,"href":"https:\/\/larevistadigital.com.ar\/blog\/wp-json\/wp\/v2\/posts\/35026\/revisions\/35028"}],"wp:featuredmedia":[{"embeddable":true,"href":"https:\/\/larevistadigital.com.ar\/blog\/wp-json\/wp\/v2\/media\/35027"}],"wp:attachment":[{"href":"https:\/\/larevistadigital.com.ar\/blog\/wp-json\/wp\/v2\/media?parent=35026"}],"wp:term":[{"taxonomy":"category","embeddable":true,"href":"https:\/\/larevistadigital.com.ar\/blog\/wp-json\/wp\/v2\/categories?post=35026"},{"taxonomy":"post_tag","embeddable":true,"href":"https:\/\/larevistadigital.com.ar\/blog\/wp-json\/wp\/v2\/tags?post=35026"}],"curies":[{"name":"wp","href":"https:\/\/api.w.org\/{rel}","templated":true}]}}