{"id":35033,"date":"2024-01-20T12:03:55","date_gmt":"2024-01-20T15:03:55","guid":{"rendered":"https:\/\/larevistadigital.com.ar\/blog\/?p=35033"},"modified":"2024-01-20T12:07:49","modified_gmt":"2024-01-20T15:07:49","slug":"chascomus-hay-nueva-jefe-de-policia-comunal","status":"publish","type":"post","link":"https:\/\/larevistadigital.com.ar\/blog\/chascomus-hay-nueva-jefe-de-policia-comunal\/","title":{"rendered":"CHASCOM\u00daS: HAY NUEVA JEFE DE POLIC\u00cdA COMUNAL"},"content":{"rendered":"<h2>Es una mujer que cumpl\u00eda funciones en Seguridad Vial de Chascom\u00fas, y toma el cargo desde ayer a la tarde.<\/h2>\n<p>20 de enero de 2023<\/p>\n<p><strong>CHASCOM\u00daS &#8211;<\/strong>\u00a0 En el d\u00eda de ayer a las 18 horas, se hizo cargo de la Jefatura de Polic\u00eda Comunal de Chascomus la Comisario <strong>Mariana Gallardo<\/strong>, funci\u00f3n que cumplia interinamente el comisario <strong>Juan Lencina<\/strong>.<\/p>\n<p>La comisario <strong>Mariana Gallardo<\/strong> fue la titular del Destacamento de Seguridad Vial de Chascomus hasta la tarde de ayer, quedando en su lugar la comisario <strong>Guerrero Lerma Rita<\/strong> la cual cumpl\u00eda funciones en la comisar\u00eda 15ta. De la localidad de La Plata.<\/p>\n","protected":false},"excerpt":{"rendered":"<div class=\"mh-excerpt\"><p>Es una mujer que cumpl\u00eda funciones en Seguridad Vial de Chascom\u00fas, y toma el cargo desde ayer a la tarde. 20 de enero de 2023 CHASCOM\u00daS &#8211;\u00a0 En el d\u00eda de ayer a las 18 <a class=\"mh-excerpt-more\" href=\"https:\/\/larevistadigital.com.ar\/blog\/chascomus-hay-nueva-jefe-de-policia-comunal\/\" title=\"CHASCOM\u00daS: HAY NUEVA JEFE DE POLIC\u00cdA COMUNAL\">[Leer M\u00e1s]<\/a><\/p>\n<\/div>","protected":false},"author":3,"featured_media":3109,"comment_status":"open","ping_status":"open","sticky":false,"template":"","format":"standard","meta":{"_jetpack_memberships_contains_paid_content":false,"footnotes":"","jetpack_publicize_message":"","jetpack_publicize_feature_enabled":true,"jetpack_social_post_already_shared":true,"jetpack_social_options":{"image_generator_settings":{"template":"highway","default_image_id":0,"font":"","enabled":false},"version":2}},"categories":[1],"tags":[223,224,226,225],"class_list":{"0":"post-35033","1":"post","2":"type-post","3":"status-publish","4":"format-standard","5":"has-post-thumbnail","7":"category-sin-categoria","8":"tag-comisario-mariana-gallardo","9":"tag-jefatura-comunal-chascomus","10":"tag-jefatura-vial-chascomus","11":"tag-policia-comunal-chascomus"},"jetpack_publicize_connections":[],"jetpack_featured_media_url":"https:\/\/i0.wp.com\/larevistadigital.com.ar\/blog\/wp-content\/uploads\/2017\/08\/GEO_COMISARIA_1_CHASCOMUS-e1705762962297.jpg?fit=1360%2C621&ssl=1","jetpack_sharing_enabled":true,"jetpack_shortlink":"https:\/\/wp.me\/p8qtrQ-973","jetpack-related-posts":[{"id":9206,"url":"https:\/\/larevistadigital.com.ar\/blog\/lezama-cambios-en-la-cupula-policial\/","url_meta":{"origin":35033,"position":0},"title":"LEZAMA: CAMBIOS EN LA C\u00daPULA POLICIAL","author":"Alejandro Sosa Ruda","date":"19 marzo, 2019","format":false,"excerpt":"Se entreg\u00f3 un reconocimiento al Comisario Inspector Mart\u00edn Toffan\u00edn, que a partir de ahora cumplir\u00e1 funciones en una Direcci\u00f3n de la Polic\u00eda Vial. Arr\u00faa y Medley ser\u00e1n las autoridades de la Comisar\u00eda y la Jefatura de Polic\u00eda, respectivamente. En la ma\u00f1ana de ayer el Intendente Municipal Arnaldo Harispe puso en\u2026","rel":"","context":"En \u00abLEZAMA\u00bb","block_context":{"text":"LEZAMA","link":"https:\/\/larevistadigital.com.ar\/blog\/category\/lezama\/"},"img":{"alt_text":"","src":"https:\/\/i0.wp.com\/larevistadigital.com.ar\/blog\/wp-content\/uploads\/2019\/03\/53722928_1423761111149919_6746160025804210176_o.jpg?fit=1200%2C740&ssl=1&resize=350%2C200","width":350,"height":200,"srcset":"https:\/\/i0.wp.com\/larevistadigital.com.ar\/blog\/wp-content\/uploads\/2019\/03\/53722928_1423761111149919_6746160025804210176_o.jpg?fit=1200%2C740&ssl=1&resize=350%2C200 1x, https:\/\/i0.wp.com\/larevistadigital.com.ar\/blog\/wp-content\/uploads\/2019\/03\/53722928_1423761111149919_6746160025804210176_o.jpg?fit=1200%2C740&ssl=1&resize=525%2C300 1.5x, https:\/\/i0.wp.com\/larevistadigital.com.ar\/blog\/wp-content\/uploads\/2019\/03\/53722928_1423761111149919_6746160025804210176_o.jpg?fit=1200%2C740&ssl=1&resize=700%2C400 2x, https:\/\/i0.wp.com\/larevistadigital.com.ar\/blog\/wp-content\/uploads\/2019\/03\/53722928_1423761111149919_6746160025804210176_o.jpg?fit=1200%2C740&ssl=1&resize=1050%2C600 3x"},"classes":[]},{"id":36861,"url":"https:\/\/larevistadigital.com.ar\/blog\/chascomus-reunion-conjunta-para-la-revision-del-plan-integral-de-seguridad\/","url_meta":{"origin":35033,"position":1},"title":"CHASCOM\u00daS: REUNI\u00d3N CONJUNTA PARA LA REVISI\u00d3N DEL PLAN INTEGRAL DE SEGURIDAD","author":"Alejandro Sosa Ruda","date":"1 agosto, 2024","format":false,"excerpt":"El intendente Javier Gast\u00f3n convoc\u00f3 en la tarde de hoy a autoridades del Ministerio de Seguridad Provincial y policiales del distrito para llevar adelante la revisi\u00f3n del Plan Integral de Seguridad local y sumar nuevas estrategias de acci\u00f3n. 01 de Agosto de 2024 CHASCOM\u00daS -\u00a0 Del encuentro participaron el secretario\u2026","rel":"","context":"En \u00abINTERES GENERAL\u00bb","block_context":{"text":"INTERES GENERAL","link":"https:\/\/larevistadigital.com.ar\/blog\/category\/interes-general\/"},"img":{"alt_text":"","src":"https:\/\/i0.wp.com\/larevistadigital.com.ar\/blog\/wp-content\/uploads\/66aacefc0815a.png?fit=668%2C445&ssl=1&resize=350%2C200","width":350,"height":200,"srcset":"https:\/\/i0.wp.com\/larevistadigital.com.ar\/blog\/wp-content\/uploads\/66aacefc0815a.png?fit=668%2C445&ssl=1&resize=350%2C200 1x, https:\/\/i0.wp.com\/larevistadigital.com.ar\/blog\/wp-content\/uploads\/66aacefc0815a.png?fit=668%2C445&ssl=1&resize=525%2C300 1.5x"},"classes":[]},{"id":10852,"url":"https:\/\/larevistadigital.com.ar\/blog\/chascomus-cambios-en-la-jefatura-departamental-de-policia\/","url_meta":{"origin":35033,"position":2},"title":"CHASCOM\u00daS: CAMBIOS EN LA JEFATURA DEPARTAMENTAL DE POLIC\u00cdA","author":"Alejandro Sosa Ruda","date":"28 junio, 2019","format":false,"excerpt":"La comisar\u00eda local, inform\u00f3 la noche pasada de la asunci\u00f3n del nuevo Jefe Departamental de polic\u00eda. El comisario inspector Sergio Ramos, quien fue puesto en funciones por la superioridad, reemplazando en dicho cargo al saliente comisario mayor Roberto Teta. Se indic\u00f3 ante la consulta de este diario, que la flamante\u2026","rel":"","context":"En \u00abINTERES GENERAL\u00bb","block_context":{"text":"INTERES GENERAL","link":"https:\/\/larevistadigital.com.ar\/blog\/category\/interes-general\/"},"img":{"alt_text":"","src":"https:\/\/i0.wp.com\/larevistadigital.com.ar\/blog\/wp-content\/uploads\/2019\/01\/bbx_755050019_comisaria_chasco_01.jpg?fit=800%2C579&ssl=1&resize=350%2C200","width":350,"height":200,"srcset":"https:\/\/i0.wp.com\/larevistadigital.com.ar\/blog\/wp-content\/uploads\/2019\/01\/bbx_755050019_comisaria_chasco_01.jpg?fit=800%2C579&ssl=1&resize=350%2C200 1x, https:\/\/i0.wp.com\/larevistadigital.com.ar\/blog\/wp-content\/uploads\/2019\/01\/bbx_755050019_comisaria_chasco_01.jpg?fit=800%2C579&ssl=1&resize=525%2C300 1.5x, https:\/\/i0.wp.com\/larevistadigital.com.ar\/blog\/wp-content\/uploads\/2019\/01\/bbx_755050019_comisaria_chasco_01.jpg?fit=800%2C579&ssl=1&resize=700%2C400 2x"},"classes":[]},{"id":7397,"url":"https:\/\/larevistadigital.com.ar\/blog\/chascomus-llegaron-los-efectivos-del-operativo-sol\/","url_meta":{"origin":35033,"position":3},"title":"CHASCOM\u00daS. LLEGARON LOS EFECTIVOS DEL OPERATIVO SOL","author":"Alejandro Sosa Ruda","date":"27 diciembre, 2018","format":false,"excerpt":"En el d\u00eda de ayer se sumaron los efectivos policiales del Operativo Sol para lo que es la temporada estival. A la ma\u00f1ana se presentaron los 25 agentes reci\u00e9n egresados de la Escuela de Polic\u00eda, tuvieron que pasar primero por la Estaci\u00f3n Departamental para realizar cuestiones administrativas. A su vez,\u2026","rel":"","context":"En \u00abCHASCOM\u00daS\u00bb","block_context":{"text":"CHASCOM\u00daS","link":"https:\/\/larevistadigital.com.ar\/blog\/category\/chascomus\/"},"img":{"alt_text":"","src":"https:\/\/i0.wp.com\/larevistadigital.com.ar\/blog\/wp-content\/uploads\/2018\/10\/COMISARIA-de-CHASCOMUS_02-05-2015.jpg?fit=800%2C600&ssl=1&resize=350%2C200","width":350,"height":200,"srcset":"https:\/\/i0.wp.com\/larevistadigital.com.ar\/blog\/wp-content\/uploads\/2018\/10\/COMISARIA-de-CHASCOMUS_02-05-2015.jpg?fit=800%2C600&ssl=1&resize=350%2C200 1x, https:\/\/i0.wp.com\/larevistadigital.com.ar\/blog\/wp-content\/uploads\/2018\/10\/COMISARIA-de-CHASCOMUS_02-05-2015.jpg?fit=800%2C600&ssl=1&resize=525%2C300 1.5x, https:\/\/i0.wp.com\/larevistadigital.com.ar\/blog\/wp-content\/uploads\/2018\/10\/COMISARIA-de-CHASCOMUS_02-05-2015.jpg?fit=800%2C600&ssl=1&resize=700%2C400 2x"},"classes":[]},{"id":29589,"url":"https:\/\/larevistadigital.com.ar\/blog\/chascomus-el-intendente-acompano-los-actos-por-la-creacion-de-la-policia-bonaerense\/","url_meta":{"origin":35033,"position":4},"title":"CHASCOM\u00daS: EL INTENDENTE ACOMPA\u00d1\u00d3 LOS ACTOS POR LA CREACI\u00d3N DE LA POLIC\u00cdA BONAERENSE","author":"Alejandro Sosa Ruda","date":"23 diciembre, 2022","format":false,"excerpt":"El intendente municipal Javier Gast\u00f3n, estuvo junto a la Secretaria de Seguridad Comunal Mariela Moscarellla en el acto de conmemoraci\u00f3n de los 201 a\u00f1os de la creaci\u00f3n de la Polic\u00eda Provincial, donde se entregaron reconocimientos y distinciones. CHASCOM\u00daS -\u00a0 En un muy emotivo acto, donde se percibi\u00f3 la gran camarader\u00eda\u2026","rel":"","context":"En \u00abCHASCOM\u00daS\u00bb","block_context":{"text":"CHASCOM\u00daS","link":"https:\/\/larevistadigital.com.ar\/blog\/category\/chascomus\/"},"img":{"alt_text":"","src":"https:\/\/i0.wp.com\/larevistadigital.com.ar\/blog\/wp-content\/uploads\/2022_12_23_00_27_06_1031904.jpg?fit=600%2C401&ssl=1&resize=350%2C200","width":350,"height":200,"srcset":"https:\/\/i0.wp.com\/larevistadigital.com.ar\/blog\/wp-content\/uploads\/2022_12_23_00_27_06_1031904.jpg?fit=600%2C401&ssl=1&resize=350%2C200 1x, https:\/\/i0.wp.com\/larevistadigital.com.ar\/blog\/wp-content\/uploads\/2022_12_23_00_27_06_1031904.jpg?fit=600%2C401&ssl=1&resize=525%2C300 1.5x"},"classes":[]},{"id":33707,"url":"https:\/\/larevistadigital.com.ar\/blog\/chascomus-reconocimiento-al-destacado-trabajo-que-se-viene-haciendo-desde-la-policia-comunal\/","url_meta":{"origin":35033,"position":5},"title":"CHASCOM\u00daS: RECONOCIMIENTO AL DESTACADO TRABAJO QUE SE VIENE HACIENDO DESDE LA POLIC\u00cdA COMUNAL","author":"Alejandro Sosa Ruda","date":"3 octubre, 2023","format":false,"excerpt":"Javier Gast\u00f3n encabez\u00f3 una reuni\u00f3n, a la que se sumaron la secretaria de Seguridad Ciudadana, Mariela Moscarella; el jefe de la Estaci\u00f3n de Polic\u00eda Comunal, comisario inspector Federico Valdivia, y el titular de la comisar\u00eda primera, comisario Gerardo Ferreira. 02 de Octubre de 2023 CHASCOM\u00daS -\u00a0 El encuentro se desarroll\u00f3\u2026","rel":"","context":"En \u00abCHASCOM\u00daS\u00bb","block_context":{"text":"CHASCOM\u00daS","link":"https:\/\/larevistadigital.com.ar\/blog\/category\/chascomus\/"},"img":{"alt_text":"","src":"https:\/\/i0.wp.com\/larevistadigital.com.ar\/blog\/wp-content\/uploads\/4444.png?fit=800%2C500&ssl=1&resize=350%2C200","width":350,"height":200,"srcset":"https:\/\/i0.wp.com\/larevistadigital.com.ar\/blog\/wp-content\/uploads\/4444.png?fit=800%2C500&ssl=1&resize=350%2C200 1x, https:\/\/i0.wp.com\/larevistadigital.com.ar\/blog\/wp-content\/uploads\/4444.png?fit=800%2C500&ssl=1&resize=525%2C300 1.5x, https:\/\/i0.wp.com\/larevistadigital.com.ar\/blog\/wp-content\/uploads\/4444.png?fit=800%2C500&ssl=1&resize=700%2C400 2x"},"classes":[]}],"_links":{"self":[{"href":"https:\/\/larevistadigital.com.ar\/blog\/wp-json\/wp\/v2\/posts\/35033","targetHints":{"allow":["GET"]}}],"collection":[{"href":"https:\/\/larevistadigital.com.ar\/blog\/wp-json\/wp\/v2\/posts"}],"about":[{"href":"https:\/\/larevistadigital.com.ar\/blog\/wp-json\/wp\/v2\/types\/post"}],"author":[{"embeddable":true,"href":"https:\/\/larevistadigital.com.ar\/blog\/wp-json\/wp\/v2\/users\/3"}],"replies":[{"embeddable":true,"href":"https:\/\/larevistadigital.com.ar\/blog\/wp-json\/wp\/v2\/comments?post=35033"}],"version-history":[{"count":1,"href":"https:\/\/larevistadigital.com.ar\/blog\/wp-json\/wp\/v2\/posts\/35033\/revisions"}],"predecessor-version":[{"id":35034,"href":"https:\/\/larevistadigital.com.ar\/blog\/wp-json\/wp\/v2\/posts\/35033\/revisions\/35034"}],"wp:featuredmedia":[{"embeddable":true,"href":"https:\/\/larevistadigital.com.ar\/blog\/wp-json\/wp\/v2\/media\/3109"}],"wp:attachment":[{"href":"https:\/\/larevistadigital.com.ar\/blog\/wp-json\/wp\/v2\/media?parent=35033"}],"wp:term":[{"taxonomy":"category","embeddable":true,"href":"https:\/\/larevistadigital.com.ar\/blog\/wp-json\/wp\/v2\/categories?post=35033"},{"taxonomy":"post_tag","embeddable":true,"href":"https:\/\/larevistadigital.com.ar\/blog\/wp-json\/wp\/v2\/tags?post=35033"}],"curies":[{"name":"wp","href":"https:\/\/api.w.org\/{rel}","templated":true}]}}