{"id":35035,"date":"2024-01-20T12:23:43","date_gmt":"2024-01-20T15:23:43","guid":{"rendered":"https:\/\/larevistadigital.com.ar\/blog\/?p=35035"},"modified":"2024-01-20T12:23:43","modified_gmt":"2024-01-20T15:23:43","slug":"desde-el-lunes-tornquist-tendra-nuevo-intendente-es-el-tercero-en-diez-dias","status":"publish","type":"post","link":"https:\/\/larevistadigital.com.ar\/blog\/desde-el-lunes-tornquist-tendra-nuevo-intendente-es-el-tercero-en-diez-dias\/","title":{"rendered":"DESDE EL LUNES, TORNQUIST TENDR\u00c1 NUEVO INTENDENTE. ES EL TERCERO EN DIEZ D\u00cdAS&#8230;"},"content":{"rendered":"<h2 class=\"fparrafo ctext fz18 lh25\">Por mayor\u00eda el Concejo Deliberante de Tornquist, aprob\u00f3 la licencia de Estefan\u00eda Bordoni que ser\u00e1 reemplazada en el ejecutivo por Martin Olhaberry, quien reci\u00e9n asumir\u00e1 el lunes ya que este fin de semana vuelve Sergio Bordoni.<\/h2>\n<p>20 de enero de 2023<\/p>\n<p><strong>TORNQUIST\u00a0 &#8211;\u00a0<\/strong> \u00a0Luego de superado el trance de salud coronario que experiment\u00f3 en los \u00faltimos d\u00edas el Intendente municipal <strong>Sergio Bordoni<\/strong> que debi\u00f3 someterse a estudios que fueron satisfactorios, el concejo deliberante, trat\u00f3 este jueves la finalizaci\u00f3n de la licencia por salud que hab\u00eda solicitado el Intendente hasta el 21 de enero.<\/p>\n<blockquote>\n<h3>Por nota elevada al cuerpo el propio jefe comunal solicit\u00f3 la conclusi\u00f3n de la misma dos d\u00edas antes y continuar\u00e1 ahora con el per\u00edodo de licencia por vacaciones hasta el 29 de febrero.<\/h3>\n<\/blockquote>\n<p>Por otro lado <strong>Estefan\u00eda Bordoni<\/strong> que se hizo cargo como Intendente, present\u00f3 una nota tambi\u00e9n elevada al cuerpo deliberativo donde solicit\u00f3 licencia como Concejal del 19 al 31 de enero de 2024, para acompa\u00f1ar a su padre.<\/p>\n<blockquote>\n<h3>Este pedido en particular fue aprobado por mayor\u00eda y tuvo fuerte cr\u00edtica del bloque de la UCR-Juntos por el m\u00e9todo al que consideraron \u201cdesprolijo\u201d.<\/h3>\n<\/blockquote>\n<p>Ahora al permanecer de licencia tanto <strong>Sergio como Estefan\u00eda Bordoni<\/strong>, el segundo en la l\u00ednea de sucesi\u00f3n es el edil <strong>Martin Olhaberry<\/strong> (Sierra de la Ventana) que ocupar\u00e1 el sill\u00f3n de <strong>Lainez<\/strong> en principio hasta el 29 de enero.<\/p>\n<blockquote>\n<h3>Por otro lado se trat\u00f3 el Expte. N\u00ba 05\/24: N.P. Lange Dante Ra\u00fal Pte. de V\u00eda 51 Viaje S.A. solicita autorizaci\u00f3n tarifas Transporte P\u00fablico de L\u00ednea Urbana Saldungaray-Tornquist. Fueron Aprobadas nuevas tarifas que ya se dieron a conocer en su oportunidad.<\/h3>\n<\/blockquote>\n<p>En la continuidad de la sesi\u00f3n se trat\u00f3 el Expte. N\u00ba 28\/24: D.E. Convalida Decreto del Dep. Ejecutivo N\u00ba 67\/24 declarando en todo el territorio del Partido de Tornquist, la Emergencia Social, Ambiental, Educativa y de Infraestructura hasta el 31 de diciembre de 2024.-<\/p>\n<p>Este expediente fue aprobado por Mayor\u00eda del Frente de todos, Acci\u00f3n por Tornquist, UXP y Libertad Avanza. 7 a 5. (<b>InfoGEI<\/b>)Ac<\/p>\n","protected":false},"excerpt":{"rendered":"<div class=\"mh-excerpt\"><p>Por mayor\u00eda el Concejo Deliberante de Tornquist, aprob\u00f3 la licencia de Estefan\u00eda Bordoni que ser\u00e1 reemplazada en el ejecutivo por Martin Olhaberry, quien reci\u00e9n asumir\u00e1 el lunes ya que este fin de semana vuelve Sergio <a class=\"mh-excerpt-more\" href=\"https:\/\/larevistadigital.com.ar\/blog\/desde-el-lunes-tornquist-tendra-nuevo-intendente-es-el-tercero-en-diez-dias\/\" title=\"DESDE EL LUNES, TORNQUIST TENDR\u00c1 NUEVO INTENDENTE. ES EL TERCERO EN DIEZ D\u00cdAS&#8230;\">[Leer M\u00e1s]<\/a><\/p>\n<\/div>","protected":false},"author":3,"featured_media":35036,"comment_status":"open","ping_status":"open","sticky":false,"template":"","format":"standard","meta":{"_jetpack_memberships_contains_paid_content":false,"footnotes":"","jetpack_publicize_message":"","jetpack_publicize_feature_enabled":true,"jetpack_social_post_already_shared":true,"jetpack_social_options":{"image_generator_settings":{"template":"highway","default_image_id":0,"font":"","enabled":false},"version":2}},"categories":[12,51],"tags":[229,230,228,227],"class_list":{"0":"post-35035","1":"post","2":"type-post","3":"status-publish","4":"format-standard","5":"has-post-thumbnail","7":"category-politica","8":"category-regionales","9":"tag-estefania-bodoni","10":"tag-martin-olhaberry","11":"tag-sergio-bodini","12":"tag-torquinst"},"jetpack_publicize_connections":[],"jetpack_featured_media_url":"https:\/\/i0.wp.com\/larevistadigital.com.ar\/blog\/wp-content\/uploads\/20240120103546_martin-olhaberry-tornquist.jpg?fit=880%2C512&ssl=1","jetpack_sharing_enabled":true,"jetpack_shortlink":"https:\/\/wp.me\/p8qtrQ-975","jetpack-related-posts":[{"id":38539,"url":"https:\/\/larevistadigital.com.ar\/blog\/kicillof-frente-a-la-motosierra-la-provincia-redobla-los-esfuerzos-para-que-todos-y-todas-puedan-disfrutar-la-temporada\/","url_meta":{"origin":35035,"position":0},"title":"Kicillof: \u201cFrente a la motosierra, la Provincia redobla los esfuerzos para que todos y todas puedan disfrutar la temporada\u00bb","author":"Alejandro Sosa Ruda","date":"25 enero, 2025","format":false,"excerpt":"El gobernador de la Provincia de Buenos Aires encabez\u00f3 la primera Conferencia de Verano en Sierra de la Ventana. 25 de Enero de 2025 TORNQUIST -\u00a0 \u201cDesde los destinos de la costa atl\u00e1ntica hasta aquellos de sierras y lagunas, en la provincia de Buenos Aires tenemos un pueblo que espera\u2026","rel":"","context":"En \u00abREGIONALES\u00bb","block_context":{"text":"REGIONALES","link":"https:\/\/larevistadigital.com.ar\/blog\/category\/regionales\/"},"img":{"alt_text":"","src":"https:\/\/i0.wp.com\/larevistadigital.com.ar\/blog\/wp-content\/uploads\/77A53052.jpg?fit=743%2C530&ssl=1&resize=350%2C200","width":350,"height":200,"srcset":"https:\/\/i0.wp.com\/larevistadigital.com.ar\/blog\/wp-content\/uploads\/77A53052.jpg?fit=743%2C530&ssl=1&resize=350%2C200 1x, https:\/\/i0.wp.com\/larevistadigital.com.ar\/blog\/wp-content\/uploads\/77A53052.jpg?fit=743%2C530&ssl=1&resize=525%2C300 1.5x, https:\/\/i0.wp.com\/larevistadigital.com.ar\/blog\/wp-content\/uploads\/77A53052.jpg?fit=743%2C530&ssl=1&resize=700%2C400 2x"},"classes":[]},{"id":38117,"url":"https:\/\/larevistadigital.com.ar\/blog\/el-intendente-gaston-emprende-el-viaje-a-europa-para-encontrarse-con-el-papa-francisco\/","url_meta":{"origin":35035,"position":1},"title":"El Intendente Gast\u00f3n, emprende el viaje a Europa para encontrarse con el Papa Franc\u00edsco","author":"Alejandro Sosa Ruda","date":"5 diciembre, 2024","format":false,"excerpt":"El intendente visitar\u00e1 Espa\u00f1a e Italia para promover la propuesta \u201cChascom\u00fas Km0 de la Democracia\u201d y ser\u00e1 recibido por el Papa Francisco. El concejal Leandro Bordalecou asume como intendente interino durante su licencia. 05 de Diciembre de 2024 CHASCOM\u00daS -\u00a0 \u00a0Desde el jueves 5 hasta el s\u00e1bado 21 de diciembre,\u2026","rel":"","context":"En \u00abINTERES GENERAL\u00bb","block_context":{"text":"INTERES GENERAL","link":"https:\/\/larevistadigital.com.ar\/blog\/category\/interes-general\/"},"img":{"alt_text":"","src":"https:\/\/i0.wp.com\/larevistadigital.com.ar\/blog\/wp-content\/uploads\/6751f352933b7.png?fit=668%2C445&ssl=1&resize=350%2C200","width":350,"height":200,"srcset":"https:\/\/i0.wp.com\/larevistadigital.com.ar\/blog\/wp-content\/uploads\/6751f352933b7.png?fit=668%2C445&ssl=1&resize=350%2C200 1x, https:\/\/i0.wp.com\/larevistadigital.com.ar\/blog\/wp-content\/uploads\/6751f352933b7.png?fit=668%2C445&ssl=1&resize=525%2C300 1.5x"},"classes":[]},{"id":28010,"url":"https:\/\/larevistadigital.com.ar\/blog\/investigan-supuestas-cirugias-esteticas-realizadas-en-el-hospital-municipal-de-ameghino\/","url_meta":{"origin":35035,"position":2},"title":"INVESTIGAN SUPUESTAS CIRUG\u00cdAS EST\u00c9TICAS REALIZADAS EN EL HOSPITAL MUNICIPAL DE AMEGHINO","author":"Alejandro Sosa Ruda","date":"23 septiembre, 2022","format":false,"excerpt":"La realizaci\u00f3n de estas pr\u00e1cticas privadas no est\u00e1n contempladas entre las funciones del Hospital y adem\u00e1s el nosocomio no estar\u00eda habilitado para realizarlas. En medio del esc\u00e1ndalo, el intendente local pidi\u00f3 licencia hasta el pr\u00f3ximo a\u00f1o. 23 de septiembre de 2022 AMEGHINO -\u00a0 La justicia investiga graves irregularidades que habr\u00edan\u2026","rel":"","context":"En \u00abPOLITICA\u00bb","block_context":{"text":"POLITICA","link":"https:\/\/larevistadigital.com.ar\/blog\/category\/politica\/"},"img":{"alt_text":"","src":"https:\/\/i0.wp.com\/larevistadigital.com.ar\/blog\/wp-content\/uploads\/20220922145200_hos.jpg?fit=880%2C512&ssl=1&resize=350%2C200","width":350,"height":200,"srcset":"https:\/\/i0.wp.com\/larevistadigital.com.ar\/blog\/wp-content\/uploads\/20220922145200_hos.jpg?fit=880%2C512&ssl=1&resize=350%2C200 1x, https:\/\/i0.wp.com\/larevistadigital.com.ar\/blog\/wp-content\/uploads\/20220922145200_hos.jpg?fit=880%2C512&ssl=1&resize=525%2C300 1.5x, https:\/\/i0.wp.com\/larevistadigital.com.ar\/blog\/wp-content\/uploads\/20220922145200_hos.jpg?fit=880%2C512&ssl=1&resize=700%2C400 2x"},"classes":[]},{"id":39927,"url":"https:\/\/larevistadigital.com.ar\/blog\/kicillof-inauguro-una-estacion-transformadora-en-quenuma-y-anuncian-mas-inversiones-en-el-distrito\/","url_meta":{"origin":35035,"position":3},"title":"Kicillof inaugur\u00f3 una estaci\u00f3n transformadora en Quenum\u00e1 y anuncian m\u00e1s inversiones en el distrito","author":"Alejandro Sosa Ruda","date":"29 mayo, 2025","format":false,"excerpt":"El gobernador bonaerense Axel Kicillof encabez\u00f3 este mi\u00e9rcoles la puesta en funcionamiento de la nueva Estaci\u00f3n Transformadora (ET) de Quenum\u00e1, en el partido de Salliquel\u00f3. Lo acompa\u00f1aron el ministro de Infraestructura y Servicios P\u00fablicos, Gabriel Katopodis, y el intendente local, Ariel Succurro. Adem\u00e1s, durante la jornada se entregaron patrulleros y\u2026","rel":"","context":"En \u00abPOLITICA PROVINCIAL\u00bb","block_context":{"text":"POLITICA PROVINCIAL","link":"https:\/\/larevistadigital.com.ar\/blog\/category\/politica\/politica-provincial\/"},"img":{"alt_text":"","src":"https:\/\/i0.wp.com\/larevistadigital.com.ar\/blog\/wp-content\/uploads\/20250528163112_kicillof-estacion-transformadora-quenuma-salliquelo-succurro.jpg?fit=880%2C512&ssl=1&resize=350%2C200","width":350,"height":200,"srcset":"https:\/\/i0.wp.com\/larevistadigital.com.ar\/blog\/wp-content\/uploads\/20250528163112_kicillof-estacion-transformadora-quenuma-salliquelo-succurro.jpg?fit=880%2C512&ssl=1&resize=350%2C200 1x, https:\/\/i0.wp.com\/larevistadigital.com.ar\/blog\/wp-content\/uploads\/20250528163112_kicillof-estacion-transformadora-quenuma-salliquelo-succurro.jpg?fit=880%2C512&ssl=1&resize=525%2C300 1.5x, https:\/\/i0.wp.com\/larevistadigital.com.ar\/blog\/wp-content\/uploads\/20250528163112_kicillof-estacion-transformadora-quenuma-salliquelo-succurro.jpg?fit=880%2C512&ssl=1&resize=700%2C400 2x"},"classes":[]},{"id":13271,"url":"https:\/\/larevistadigital.com.ar\/blog\/el-concejo-deliberante-aprobo-el-cultivo-medicinal-de-marihuana\/","url_meta":{"origin":35035,"position":4},"title":"EL CONCEJO DELIBERANTE APROB\u00d3 EL CULTIVO MEDICINAL DE MARIHUANA","author":"Alejandro Sosa Ruda","date":"20 noviembre, 2019","format":false,"excerpt":"El Concejo Deliberante de\u00a0Castelli aprob\u00f3 por unanimidad durante la sesi\u00f3n de este martes una ordenanza impulsada por el ejecutivo que regula el cultivo de Cannabis medicinal en la Ciudad. De esta manera Castelli se suma a los distritos de San Vicente, Gral Lamadrid, Hurlinghan, que aprobaron a trav\u00e9s del concejo\u2026","rel":"","context":"En \u00abCASTELLI\u00bb","block_context":{"text":"CASTELLI","link":"https:\/\/larevistadigital.com.ar\/blog\/category\/castelli\/"},"img":{"alt_text":"","src":"https:\/\/i0.wp.com\/larevistadigital.com.ar\/blog\/wp-content\/uploads\/20181017-Marihuana-1200x750.jpg?fit=1200%2C750&ssl=1&resize=350%2C200","width":350,"height":200,"srcset":"https:\/\/i0.wp.com\/larevistadigital.com.ar\/blog\/wp-content\/uploads\/20181017-Marihuana-1200x750.jpg?fit=1200%2C750&ssl=1&resize=350%2C200 1x, https:\/\/i0.wp.com\/larevistadigital.com.ar\/blog\/wp-content\/uploads\/20181017-Marihuana-1200x750.jpg?fit=1200%2C750&ssl=1&resize=525%2C300 1.5x, https:\/\/i0.wp.com\/larevistadigital.com.ar\/blog\/wp-content\/uploads\/20181017-Marihuana-1200x750.jpg?fit=1200%2C750&ssl=1&resize=700%2C400 2x, https:\/\/i0.wp.com\/larevistadigital.com.ar\/blog\/wp-content\/uploads\/20181017-Marihuana-1200x750.jpg?fit=1200%2C750&ssl=1&resize=1050%2C600 3x"},"classes":[]},{"id":310,"url":"https:\/\/larevistadigital.com.ar\/blog\/ate-presento-convenio-colectivo-trabajo-municipal\/","url_meta":{"origin":35035,"position":5},"title":"ATE present\u00f3 el Convenio Colectivo de Trabajo Municipal","author":"editor","date":"18 febrero, 2017","format":false,"excerpt":"Por Mesa de Entrada, se lo envi\u00f3 al Intendente y al Concejo Deliberante. Tal como estaba anunciado, ayer por la ma\u00f1ana en su sede de Libres del Sur N\u00ba 128, la Asociaci\u00f3n Trabajadores del Estado (ATE), Seccional Chascom\u00fas \/ Lezama \/ Dolores, realiz\u00f3 la presentaci\u00f3n del primer Convenio Colectivo de\u2026","rel":"","context":"En \u00abLOCAL Y DE LA ZONA\u00bb","block_context":{"text":"LOCAL Y DE LA ZONA","link":"https:\/\/larevistadigital.com.ar\/blog\/category\/gremiales\/local-y-de-la-zona\/"},"img":{"alt_text":"","src":"https:\/\/i0.wp.com\/larevistadigital.com.ar\/blog\/wp-content\/uploads\/2017\/02\/barleta.jpg?fit=716%2C687&ssl=1&resize=350%2C200","width":350,"height":200,"srcset":"https:\/\/i0.wp.com\/larevistadigital.com.ar\/blog\/wp-content\/uploads\/2017\/02\/barleta.jpg?fit=716%2C687&ssl=1&resize=350%2C200 1x, https:\/\/i0.wp.com\/larevistadigital.com.ar\/blog\/wp-content\/uploads\/2017\/02\/barleta.jpg?fit=716%2C687&ssl=1&resize=525%2C300 1.5x, https:\/\/i0.wp.com\/larevistadigital.com.ar\/blog\/wp-content\/uploads\/2017\/02\/barleta.jpg?fit=716%2C687&ssl=1&resize=700%2C400 2x"},"classes":[]}],"_links":{"self":[{"href":"https:\/\/larevistadigital.com.ar\/blog\/wp-json\/wp\/v2\/posts\/35035","targetHints":{"allow":["GET"]}}],"collection":[{"href":"https:\/\/larevistadigital.com.ar\/blog\/wp-json\/wp\/v2\/posts"}],"about":[{"href":"https:\/\/larevistadigital.com.ar\/blog\/wp-json\/wp\/v2\/types\/post"}],"author":[{"embeddable":true,"href":"https:\/\/larevistadigital.com.ar\/blog\/wp-json\/wp\/v2\/users\/3"}],"replies":[{"embeddable":true,"href":"https:\/\/larevistadigital.com.ar\/blog\/wp-json\/wp\/v2\/comments?post=35035"}],"version-history":[{"count":1,"href":"https:\/\/larevistadigital.com.ar\/blog\/wp-json\/wp\/v2\/posts\/35035\/revisions"}],"predecessor-version":[{"id":35037,"href":"https:\/\/larevistadigital.com.ar\/blog\/wp-json\/wp\/v2\/posts\/35035\/revisions\/35037"}],"wp:featuredmedia":[{"embeddable":true,"href":"https:\/\/larevistadigital.com.ar\/blog\/wp-json\/wp\/v2\/media\/35036"}],"wp:attachment":[{"href":"https:\/\/larevistadigital.com.ar\/blog\/wp-json\/wp\/v2\/media?parent=35035"}],"wp:term":[{"taxonomy":"category","embeddable":true,"href":"https:\/\/larevistadigital.com.ar\/blog\/wp-json\/wp\/v2\/categories?post=35035"},{"taxonomy":"post_tag","embeddable":true,"href":"https:\/\/larevistadigital.com.ar\/blog\/wp-json\/wp\/v2\/tags?post=35035"}],"curies":[{"name":"wp","href":"https:\/\/api.w.org\/{rel}","templated":true}]}}