{"id":35038,"date":"2024-01-20T12:36:40","date_gmt":"2024-01-20T15:36:40","guid":{"rendered":"https:\/\/larevistadigital.com.ar\/blog\/?p=35038"},"modified":"2024-01-20T12:36:40","modified_gmt":"2024-01-20T15:36:40","slug":"se-busca-con-intensidad-a-una-mujer-que-fue-a-una-cita-con-alguien-que-conocio-en-tik-tok-y-no-regreso-mas","status":"publish","type":"post","link":"https:\/\/larevistadigital.com.ar\/blog\/se-busca-con-intensidad-a-una-mujer-que-fue-a-una-cita-con-alguien-que-conocio-en-tik-tok-y-no-regreso-mas\/","title":{"rendered":"SE BUSCA CON INTENSIDAD A UNA MUJER QUE FUE A UNA CITA CON ALGUIEN QUE CONOCI\u00d3 EN TIK TOK Y NO REGRES\u00d3 M\u00c1S"},"content":{"rendered":"<h2 class=\"fparrafo ctext fz18 lh25\">Se llama Emilce Gonz\u00e1lez. Es oriunda de la localidad de Presidente Derqui y la \u00faltima vez que se supo de ella fue el viernes pasado. Familiares la buscan desesperadamente.<\/h2>\n<p>20 de enero de 2023<\/p>\n<p><strong>PILAR &#8211;\u00a0<\/strong> \u00a0Una mujer de 30 a\u00f1os permanece desaparecida desde el pasado viernes luego de que acordara una cita con una persona que habr\u00eda conocido en la red social Tik Tok.<\/p>\n<blockquote>\n<h3>Se trata de Emilce Gonz\u00e1lez, oriunda de la localidad de Presidente Derqui y quien fue vista por \u00faltima vez ese d\u00eda por su familia que ahora la busca desesperadamente.<\/h3>\n<\/blockquote>\n<p>Sus allegados afirmaron al portal Cr\u00f3nica que la mujer tiene retraso madurativo y que el d\u00eda que desapareci\u00f3 hab\u00eda salido a una \u00abcita\u00bb con una persona que conoci\u00f3 por TikTok.<\/p>\n<p><em><strong>\u00abLa Justicia ya tiene las conversaciones que mantuvo ella con gente por TikTok, pero yo creo que ella sali\u00f3 a la calle, y la convencieron para irse\u00bb<\/strong><\/em>, expres\u00f3 <strong>Walter<\/strong>, padre de la v\u00edctima en di\u00e1logo con el mismo portal de noticias.<br \/>\nSeg\u00fan cont\u00f3, su hija sali\u00f3 de su casa por sus propios medios y cree que esa es la raz\u00f3n por la que \u00abla Justicia no hace nada\u00bb.<\/p>\n<blockquote>\n<h3>Tras su desaparici\u00f3n, realizaron la denuncia correspondiente, pero todav\u00eda no tuvieron novedades, y exige que se intensifique la b\u00fasqueda.<\/h3>\n<\/blockquote>\n<p><em><strong>\u00abElla tiene un leve retraso madurativo, pero la Justicia no hace nada, porque ella es mayor, y se fue por voluntad propia\u00bb<\/strong><\/em>, lament\u00f3 el hombre.<\/p>\n<blockquote>\n<h3>Emilce es madre de dos ni\u00f1os, de 4 y 10 a\u00f1os, que actualmente est\u00e1n al cuidado de sus abuelos. <em>\u00abElla vive con nosotros, y somos los responsables de ella y las dos criaturas\u00bb<\/em>, se\u00f1al\u00f3 Walter.<\/h3>\n<\/blockquote>\n<p>La joven tampoco cuenta con un tel\u00e9fono celular. Por eso se hace m\u00e1s dif\u00edcil su localizaci\u00f3n.<strong><em> \u00abElla ten\u00eda uno, pero se lo sacamos porque ella se comunicaba por ah\u00ed con gente, y no entend\u00eda los peligros que existen\u00bb<\/em><\/strong>, explic\u00f3 su padre. (<b>InfoGEI<\/b>)Ac<\/p>\n","protected":false},"excerpt":{"rendered":"<div class=\"mh-excerpt\"><p>Se llama Emilce Gonz\u00e1lez. Es oriunda de la localidad de Presidente Derqui y la \u00faltima vez que se supo de ella fue el viernes pasado. Familiares la buscan desesperadamente. 20 de enero de 2023 PILAR <a class=\"mh-excerpt-more\" href=\"https:\/\/larevistadigital.com.ar\/blog\/se-busca-con-intensidad-a-una-mujer-que-fue-a-una-cita-con-alguien-que-conocio-en-tik-tok-y-no-regreso-mas\/\" title=\"SE BUSCA CON INTENSIDAD A UNA MUJER QUE FUE A UNA CITA CON ALGUIEN QUE CONOCI\u00d3 EN TIK TOK Y NO REGRES\u00d3 M\u00c1S\">[Leer M\u00e1s]<\/a><\/p>\n<\/div>","protected":false},"author":3,"featured_media":35039,"comment_status":"open","ping_status":"open","sticky":false,"template":"","format":"standard","meta":{"_jetpack_memberships_contains_paid_content":false,"footnotes":"","jetpack_publicize_message":"","jetpack_publicize_feature_enabled":true,"jetpack_social_post_already_shared":true,"jetpack_social_options":{"image_generator_settings":{"template":"highway","default_image_id":0,"font":"","enabled":false},"version":2}},"categories":[44,51],"tags":[232,231,233],"class_list":{"0":"post-35038","1":"post","2":"type-post","3":"status-publish","4":"format-standard","5":"has-post-thumbnail","7":"category-policiales","8":"category-regionales","9":"tag-desaparecida","10":"tag-emilce-gonzalez","11":"tag-tik-tok"},"jetpack_publicize_connections":[],"jetpack_featured_media_url":"https:\/\/i0.wp.com\/larevistadigital.com.ar\/blog\/wp-content\/uploads\/20240120102449_emilce-gonzalez.jpg?fit=880%2C512&ssl=1","jetpack_sharing_enabled":true,"jetpack_shortlink":"https:\/\/wp.me\/p8qtrQ-978","jetpack-related-posts":[{"id":35091,"url":"https:\/\/larevistadigital.com.ar\/blog\/encontraron-a-la-chica-desaparecida-luego-de-una-cita-por-tik-tok\/","url_meta":{"origin":35038,"position":0},"title":"ENCONTRARON A LA CHICA DESAPARECIDA LUEGO DE UNA CITA POR TIK TOK","author":"Alejandro Sosa Ruda","date":"23 enero, 2024","format":false,"excerpt":"Una mujer de 30 a\u00f1os con retraso madurativo fue encontrada luego de una intensa b\u00fasqueda iniciada d\u00edas atr\u00e1s, cuando se le perdi\u00f3 el rastro despu\u00e9s de haber acordado una cita con un hombre que conoci\u00f3 en Tik Tok. La mujer hab\u00eda pactado un encuentro con una persona, y se retir\u00f3\u2026","rel":"","context":"En \u00abSin categor\u00eda\u00bb","block_context":{"text":"Sin categor\u00eda","link":"https:\/\/larevistadigital.com.ar\/blog\/category\/sin-categoria\/"},"img":{"alt_text":"","src":"https:\/\/i0.wp.com\/larevistadigital.com.ar\/blog\/wp-content\/uploads\/20240120102449_emilce-gonzalez.jpg?fit=880%2C512&ssl=1&resize=350%2C200","width":350,"height":200,"srcset":"https:\/\/i0.wp.com\/larevistadigital.com.ar\/blog\/wp-content\/uploads\/20240120102449_emilce-gonzalez.jpg?fit=880%2C512&ssl=1&resize=350%2C200 1x, https:\/\/i0.wp.com\/larevistadigital.com.ar\/blog\/wp-content\/uploads\/20240120102449_emilce-gonzalez.jpg?fit=880%2C512&ssl=1&resize=525%2C300 1.5x, https:\/\/i0.wp.com\/larevistadigital.com.ar\/blog\/wp-content\/uploads\/20240120102449_emilce-gonzalez.jpg?fit=880%2C512&ssl=1&resize=700%2C400 2x"},"classes":[]},{"id":13781,"url":"https:\/\/larevistadigital.com.ar\/blog\/piden-que-se-comparta-en-redes-se-busca-desesperadamente-a-una-joven\/","url_meta":{"origin":35038,"position":1},"title":"PIDEN QUE SE COMPARTA EN REDES: SE BUSCA DESESPERADAMENTE A UNA JOVEN","author":"Alejandro Sosa Ruda","date":"22 diciembre, 2019","format":false,"excerpt":"Pasan los d\u00edas y Eliana no aparece. La buscan intensamente Eliana Andrea Bernalla Ocampo, es una joven oriunda de Longchamps, que se encuentra desaparecida desde hace m\u00e1s de una semana. Seg\u00fan refiri\u00f3 su familia en di\u00e1logo con\u00a0DLN, \"El jueves 12 de diciembre se qued\u00f3 a dormir en la casa de\u2026","rel":"","context":"En \u00abDESTACADAS\u00bb","block_context":{"text":"DESTACADAS","link":"https:\/\/larevistadigital.com.ar\/blog\/category\/destacadas\/"},"img":{"alt_text":"","src":"https:\/\/i0.wp.com\/larevistadigital.com.ar\/blog\/wp-content\/uploads\/1577058248035_wm.jpg?fit=1200%2C674&ssl=1&resize=350%2C200","width":350,"height":200,"srcset":"https:\/\/i0.wp.com\/larevistadigital.com.ar\/blog\/wp-content\/uploads\/1577058248035_wm.jpg?fit=1200%2C674&ssl=1&resize=350%2C200 1x, https:\/\/i0.wp.com\/larevistadigital.com.ar\/blog\/wp-content\/uploads\/1577058248035_wm.jpg?fit=1200%2C674&ssl=1&resize=525%2C300 1.5x, https:\/\/i0.wp.com\/larevistadigital.com.ar\/blog\/wp-content\/uploads\/1577058248035_wm.jpg?fit=1200%2C674&ssl=1&resize=700%2C400 2x, https:\/\/i0.wp.com\/larevistadigital.com.ar\/blog\/wp-content\/uploads\/1577058248035_wm.jpg?fit=1200%2C674&ssl=1&resize=1050%2C600 3x"},"classes":[]},{"id":14445,"url":"https:\/\/larevistadigital.com.ar\/blog\/la-plata-se-busca-desesperadamente-a-menor-de-14-anos-que-esta-desaparecida\/","url_meta":{"origin":35038,"position":2},"title":"LA PLATA: SE BUSCA DESESPERADAMENTE A MENOR DE 14 A\u00d1OS QUE EST\u00c1 DESAPARECIDA","author":"Alejandro Sosa Ruda","date":"29 enero, 2020","format":false,"excerpt":"Fernanda Zeltner C\u00e1rdenes fue vista por \u00faltima vez el s\u00e1bado pasado. La ciudad de La Plata se encuentra en alerta por la desaparici\u00f3n de una joven de 14 a\u00f1os. Fue vista por \u00faltima vez el 25 de enero, cuando dej\u00f3 su casa de 152 bis entre 521 y 522 y\u2026","rel":"","context":"En \u00abPOLICIALES\u00bb","block_context":{"text":"POLICIALES","link":"https:\/\/larevistadigital.com.ar\/blog\/category\/policiales\/"},"img":{"alt_text":"","src":"https:\/\/i0.wp.com\/larevistadigital.com.ar\/blog\/wp-content\/uploads\/20200129_233215.jpg?fit=1080%2C525&ssl=1&resize=350%2C200","width":350,"height":200,"srcset":"https:\/\/i0.wp.com\/larevistadigital.com.ar\/blog\/wp-content\/uploads\/20200129_233215.jpg?fit=1080%2C525&ssl=1&resize=350%2C200 1x, https:\/\/i0.wp.com\/larevistadigital.com.ar\/blog\/wp-content\/uploads\/20200129_233215.jpg?fit=1080%2C525&ssl=1&resize=525%2C300 1.5x, https:\/\/i0.wp.com\/larevistadigital.com.ar\/blog\/wp-content\/uploads\/20200129_233215.jpg?fit=1080%2C525&ssl=1&resize=700%2C400 2x, https:\/\/i0.wp.com\/larevistadigital.com.ar\/blog\/wp-content\/uploads\/20200129_233215.jpg?fit=1080%2C525&ssl=1&resize=1050%2C600 3x"},"classes":[]},{"id":29746,"url":"https:\/\/larevistadigital.com.ar\/blog\/lo-peor-de-las-redes-murio-una-nena-de-12-anos-por-un-desafio-de-tik-tok\/","url_meta":{"origin":35038,"position":3},"title":"LO PEOR DE LAS REDES: MURI\u00d3 UNA NENA DE 12 A\u00d1OS POR UN DESAF\u00cdO DE TIK TOK","author":"Alejandro Sosa Ruda","date":"16 enero, 2023","format":false,"excerpt":"El padre de la menor la encontr\u00f3 sin vida en su habitaci\u00f3n, el pasado viernes. Los familiares constataron que se debe a un reto de la red social favorita de los adolescentes. Una\u00a0ni\u00f1a de 12 a\u00f1os\u00a0oriunda de la ciudad de\u00a0San Lorenzo, Santa Fe, fue encontrada sin vida por su padre\u00a0el\u2026","rel":"","context":"En \u00abDESTACADAS\u00bb","block_context":{"text":"DESTACADAS","link":"https:\/\/larevistadigital.com.ar\/blog\/category\/destacadas\/"},"img":{"alt_text":"","src":"https:\/\/i0.wp.com\/larevistadigital.com.ar\/blog\/wp-content\/uploads\/Captura-de-pantalla-2023-01-15-225749.jpg?fit=605%2C399&ssl=1&resize=350%2C200","width":350,"height":200,"srcset":"https:\/\/i0.wp.com\/larevistadigital.com.ar\/blog\/wp-content\/uploads\/Captura-de-pantalla-2023-01-15-225749.jpg?fit=605%2C399&ssl=1&resize=350%2C200 1x, https:\/\/i0.wp.com\/larevistadigital.com.ar\/blog\/wp-content\/uploads\/Captura-de-pantalla-2023-01-15-225749.jpg?fit=605%2C399&ssl=1&resize=525%2C300 1.5x"},"classes":[]},{"id":15799,"url":"https:\/\/larevistadigital.com.ar\/blog\/video-macabro-grababan-un-video-en-tik-tok-y-encontraron-un-cadaver\/","url_meta":{"origin":35038,"position":4},"title":"[VIDEO] MACABRO: GRABABAN UN VIDEO EN TIK-TOK Y ENCONTRARON UN CADAVER","author":"Alejandro Sosa Ruda","date":"25 junio, 2020","format":false,"excerpt":"Una pareja de j\u00f3venes estaban grabando un video en la red Tik Tok en la playa, cuando descubrieron la presencia de una valija. Se acercaron entonces, sin dejar de filmar, y al abrirla, el horror: restos humanos dentro de la valija. Todo qued\u00f3 grabado en la popular aplicaci\u00f3n y el\u2026","rel":"","context":"En \u00abINTERES GENERAL\u00bb","block_context":{"text":"INTERES GENERAL","link":"https:\/\/larevistadigital.com.ar\/blog\/category\/interes-general\/"},"img":{"alt_text":"","src":"https:\/\/i0.wp.com\/larevistadigital.com.ar\/blog\/wp-content\/uploads\/video_tik_tok.jpg?fit=640%2C360&ssl=1&resize=350%2C200","width":350,"height":200,"srcset":"https:\/\/i0.wp.com\/larevistadigital.com.ar\/blog\/wp-content\/uploads\/video_tik_tok.jpg?fit=640%2C360&ssl=1&resize=350%2C200 1x, https:\/\/i0.wp.com\/larevistadigital.com.ar\/blog\/wp-content\/uploads\/video_tik_tok.jpg?fit=640%2C360&ssl=1&resize=525%2C300 1.5x"},"classes":[]},{"id":8156,"url":"https:\/\/larevistadigital.com.ar\/blog\/belgrano-preocupacion-y-busqueda-de-mujer-desaparecida\/","url_meta":{"origin":35038,"position":5},"title":"BELGRANO: PREOCUPACI\u00d3N Y B\u00daSQUEDA DE MUJER DESAPARECIDA","author":"Alejandro Sosa Ruda","date":"5 febrero, 2019","format":false,"excerpt":"Gran preocupaci\u00f3n por la desaparici\u00f3n desde el d\u00eda de ayer de\u00a0\u00a0Yamila Soledad Gaete,\u00a0argentina de 31 a\u00f1os edad, oriunda de la ciudad de General Belgrano, de contextura f\u00edsica delgada, 1,70 de estatura, pelo al hombro ondulado casta\u00f1o claro. La \u00faltima vez que se la vio, vest\u00eda una blusa manga corta color\u2026","rel":"","context":"En \u00abGENERAL BELGRANO\u00bb","block_context":{"text":"GENERAL BELGRANO","link":"https:\/\/larevistadigital.com.ar\/blog\/category\/general-belgrano\/"},"img":{"alt_text":"","src":"https:\/\/i0.wp.com\/larevistadigital.com.ar\/blog\/wp-content\/uploads\/2019\/02\/desaparecida-belgrano.jpg?fit=740%2C399&ssl=1&resize=350%2C200","width":350,"height":200,"srcset":"https:\/\/i0.wp.com\/larevistadigital.com.ar\/blog\/wp-content\/uploads\/2019\/02\/desaparecida-belgrano.jpg?fit=740%2C399&ssl=1&resize=350%2C200 1x, https:\/\/i0.wp.com\/larevistadigital.com.ar\/blog\/wp-content\/uploads\/2019\/02\/desaparecida-belgrano.jpg?fit=740%2C399&ssl=1&resize=525%2C300 1.5x, https:\/\/i0.wp.com\/larevistadigital.com.ar\/blog\/wp-content\/uploads\/2019\/02\/desaparecida-belgrano.jpg?fit=740%2C399&ssl=1&resize=700%2C400 2x"},"classes":[]}],"_links":{"self":[{"href":"https:\/\/larevistadigital.com.ar\/blog\/wp-json\/wp\/v2\/posts\/35038","targetHints":{"allow":["GET"]}}],"collection":[{"href":"https:\/\/larevistadigital.com.ar\/blog\/wp-json\/wp\/v2\/posts"}],"about":[{"href":"https:\/\/larevistadigital.com.ar\/blog\/wp-json\/wp\/v2\/types\/post"}],"author":[{"embeddable":true,"href":"https:\/\/larevistadigital.com.ar\/blog\/wp-json\/wp\/v2\/users\/3"}],"replies":[{"embeddable":true,"href":"https:\/\/larevistadigital.com.ar\/blog\/wp-json\/wp\/v2\/comments?post=35038"}],"version-history":[{"count":1,"href":"https:\/\/larevistadigital.com.ar\/blog\/wp-json\/wp\/v2\/posts\/35038\/revisions"}],"predecessor-version":[{"id":35040,"href":"https:\/\/larevistadigital.com.ar\/blog\/wp-json\/wp\/v2\/posts\/35038\/revisions\/35040"}],"wp:featuredmedia":[{"embeddable":true,"href":"https:\/\/larevistadigital.com.ar\/blog\/wp-json\/wp\/v2\/media\/35039"}],"wp:attachment":[{"href":"https:\/\/larevistadigital.com.ar\/blog\/wp-json\/wp\/v2\/media?parent=35038"}],"wp:term":[{"taxonomy":"category","embeddable":true,"href":"https:\/\/larevistadigital.com.ar\/blog\/wp-json\/wp\/v2\/categories?post=35038"},{"taxonomy":"post_tag","embeddable":true,"href":"https:\/\/larevistadigital.com.ar\/blog\/wp-json\/wp\/v2\/tags?post=35038"}],"curies":[{"name":"wp","href":"https:\/\/api.w.org\/{rel}","templated":true}]}}