{"id":35041,"date":"2024-01-20T12:55:39","date_gmt":"2024-01-20T15:55:39","guid":{"rendered":"https:\/\/larevistadigital.com.ar\/blog\/?p=35041"},"modified":"2024-01-20T12:58:01","modified_gmt":"2024-01-20T15:58:01","slug":"25-de-aumento-asi-queda-la-escala-de-la-policia-bonaerense-de-oficial-a-comisario","status":"publish","type":"post","link":"https:\/\/larevistadigital.com.ar\/blog\/25-de-aumento-asi-queda-la-escala-de-la-policia-bonaerense-de-oficial-a-comisario\/","title":{"rendered":"25% DE AUMENTO: AS\u00cd QUEDA LA ESCALA DE LA POLIC\u00cdA BONAERENSE (DE OFICIAL A COMISARIO)"},"content":{"rendered":"<h2 class=\"news-headline__article-summary\">La suba fue anunciada el \u00faltimo martes por el Ministerio de Econom\u00eda de la Provincia y se va a oficializar mediante un decreto.<\/h2>\n<p>20 de enero de 2023<\/p>\n<p><strong>BUENOS AIRES &#8211;\u00a0 <\/strong>El Gobierno Provincial\u00a0liquidar\u00e1 en febrero\u00a0<strong>los haberes con aumento del 25% correspondientes a enero<\/strong> para todos los trabajadores que dependen del Estado, incluidos los efectivos de la Polic\u00eda Bonaerense.<\/p>\n<div>\n<blockquote>\n<h3 id=\"Parallax\">La suba fue anunciada el \u00faltimo martes por el Ministerio de Econom\u00eda de la provincia y se va a oficializar mediante un decreto y determina que <strong>los efectivos del escalaf\u00f3n que menos cobran, que son los oficiales, pasan de $272.099 a $341.484; mientra que los superintendente, los m\u00e1s altos de esa escala, paran de $709.944 a $890.980<\/strong>.<\/h3>\n<\/blockquote>\n<article class=\"article-body article-body--third-paragraph\"><em><strong>\u00abLa inflaci\u00f3n del mes de diciembre en torno al 25% es la m\u00e1s elevada en d\u00e9cadas para nuestro pa\u00eds y es por ello que, con un enorme esfuerzo en un contexto de dificultades financieras e incertidumbre respecto de la continuidad y evoluci\u00f3n de los recursos provenientes del Estado Nacional, el Ejecutivo provincial toma esta medida como parte del compromiso que mantiene con las y los trabajadores provinciales\u00bb<\/strong><\/em>, inform\u00f3 el Gobierno bonaerense a trav\u00e9s de un comunicado cuando decret\u00f3 la suba debido a que a los gremios les resultaba insuficiente y no la aceptaban.<\/article>\n<article class=\"article-body article-body--fourth-paragraph\">\n<blockquote>\n<h3>La mejora tambi\u00e9n ser\u00e1 absorbida en los haberes de docentes, m\u00e9dicos y personal administrativo.<\/h3>\n<\/blockquote>\n<p><img data-recalc-dims=\"1\" loading=\"lazy\" decoding=\"async\" class=\"alignnone size-full wp-image-35043\" src=\"https:\/\/i0.wp.com\/larevistadigital.com.ar\/blog\/wp-content\/uploads\/Captura-de-pantalla-2024-01-20-125346.png?resize=586%2C535&#038;ssl=1\" alt=\"\" width=\"586\" height=\"535\" srcset=\"https:\/\/i0.wp.com\/larevistadigital.com.ar\/blog\/wp-content\/uploads\/Captura-de-pantalla-2024-01-20-125346.png?w=586&amp;ssl=1 586w, https:\/\/i0.wp.com\/larevistadigital.com.ar\/blog\/wp-content\/uploads\/Captura-de-pantalla-2024-01-20-125346.png?resize=300%2C274&amp;ssl=1 300w\" sizes=\"auto, (max-width: 586px) 100vw, 586px\" \/><\/p>\n<article class=\"article-body article-body--fifth-paragraph\"><strong><em>\u00abEse compromiso est\u00e1, lo haremos en la medida de las posibilidades en un contexto de animosidad, de ahogar, acogotar, seg\u00fan dicen los diarios. Y dec\u00edan que era al gobernador, al gobierno, a un partido. Cuando le quitan recursos a la provincia el problema no es para gobernador, es para el pueblo de la provincia de Buenos Aires\u00bb<\/em><\/strong>, remarc\u00f3 el mandatario bonaerense <strong>Axel Kicillof<\/strong> el mi\u00e9rcoles desde el municipio costero de Mar Chiquita al referirse a la situaci\u00f3n econ\u00f3mica.<\/article>\n<article class=\"article-body article-body--sixth-paragraph\">Concretamente para la Polic\u00eda las escalas dejan al sueldo b\u00e1sico del\u00a0<strong>superintendente en $890.980,56, al del comisario general en $742.483,80 y al del oficial de Polic\u00eda en $341.484,37 por citar algunos de los rangos.<\/strong><\/article>\n<p>Publicado en 0221.com<\/p>\n<\/article>\n<\/div>\n","protected":false},"excerpt":{"rendered":"<div class=\"mh-excerpt\"><p>La suba fue anunciada el \u00faltimo martes por el Ministerio de Econom\u00eda de la Provincia y se va a oficializar mediante un decreto. 20 de enero de 2023 BUENOS AIRES &#8211;\u00a0 El Gobierno Provincial\u00a0liquidar\u00e1 en <a class=\"mh-excerpt-more\" href=\"https:\/\/larevistadigital.com.ar\/blog\/25-de-aumento-asi-queda-la-escala-de-la-policia-bonaerense-de-oficial-a-comisario\/\" title=\"25% DE AUMENTO: AS\u00cd QUEDA LA ESCALA DE LA POLIC\u00cdA BONAERENSE (DE OFICIAL A COMISARIO)\">[Leer M\u00e1s]<\/a><\/p>\n<\/div>","protected":false},"author":3,"featured_media":35042,"comment_status":"open","ping_status":"open","sticky":false,"template":"","format":"standard","meta":{"_jetpack_memberships_contains_paid_content":false,"footnotes":"","jetpack_publicize_message":"","jetpack_publicize_feature_enabled":true,"jetpack_social_post_already_shared":true,"jetpack_social_options":{"image_generator_settings":{"template":"highway","default_image_id":0,"font":"","enabled":false},"version":2}},"categories":[44,51],"tags":[235,234],"class_list":{"0":"post-35041","1":"post","2":"type-post","3":"status-publish","4":"format-standard","5":"has-post-thumbnail","7":"category-policiales","8":"category-regionales","9":"tag-aumentos-a-policia","10":"tag-policia-bonaerense"},"jetpack_publicize_connections":[],"jetpack_featured_media_url":"https:\/\/i0.wp.com\/larevistadigital.com.ar\/blog\/wp-content\/uploads\/whatsapp-image-2022-07-14-at-123657-pm-RFz5u.jpeg?fit=995%2C545&ssl=1","jetpack_sharing_enabled":true,"jetpack_shortlink":"https:\/\/wp.me\/p8qtrQ-97b","jetpack-related-posts":[{"id":44364,"url":"https:\/\/larevistadigital.com.ar\/blog\/la-provincia-otorgo-un-nuevo-aumento-salarial-a-la-policia-bonaerense\/","url_meta":{"origin":35041,"position":0},"title":"La Provincia otorg\u00f3 un nuevo aumento salarial a la Polic\u00eda Bonaerense","author":"Alejandro Sosa Ruda","date":"6 marzo, 2026","format":false,"excerpt":"El incremento se aplicar\u00e1 en dos tramos y llevar\u00e1 la suba acumulada en lo que va del a\u00f1o a m\u00e1s del 11%. 06 de marzo de 2026 BUENOS AIRES -\u00a0 \u00a0El gobierno de la Provincia de Buenos Aires confirm\u00f3 un nuevo aumento salarial para los efectivos de la Polic\u00eda de\u2026","rel":"","context":"En \u00abINTERES GENERAL\u00bb","block_context":{"text":"INTERES GENERAL","link":"https:\/\/larevistadigital.com.ar\/blog\/category\/interes-general\/"},"img":{"alt_text":"","src":"https:\/\/i0.wp.com\/larevistadigital.com.ar\/blog\/wp-content\/uploads\/Captura-de-pantalla-2026-03-06-203850.jpg?fit=884%2C493&ssl=1&resize=350%2C200","width":350,"height":200,"srcset":"https:\/\/i0.wp.com\/larevistadigital.com.ar\/blog\/wp-content\/uploads\/Captura-de-pantalla-2026-03-06-203850.jpg?fit=884%2C493&ssl=1&resize=350%2C200 1x, https:\/\/i0.wp.com\/larevistadigital.com.ar\/blog\/wp-content\/uploads\/Captura-de-pantalla-2026-03-06-203850.jpg?fit=884%2C493&ssl=1&resize=525%2C300 1.5x, https:\/\/i0.wp.com\/larevistadigital.com.ar\/blog\/wp-content\/uploads\/Captura-de-pantalla-2026-03-06-203850.jpg?fit=884%2C493&ssl=1&resize=700%2C400 2x"},"classes":[]},{"id":16301,"url":"https:\/\/larevistadigital.com.ar\/blog\/kicillof-otorgara-un-aumento-a-la-bonaerense-para-destrabar-el-conflicto-nacion-dice-que-es-valido-el-reclamo\/","url_meta":{"origin":35041,"position":1},"title":"KICILLOF OTORGAR\u00c1 UN AUMENTO A LA BONAERENSE PARA DESTRABAR EL CONFLICTO. NACI\u00d3N DICE QUE ES V\u00c1LIDO EL RECLAMO","author":"Alejandro Sosa Ruda","date":"8 septiembre, 2020","format":false,"excerpt":"Ser\u00e1 anunciado esta semana y el porcentaje a\u00fan estaba bajo an\u00e1lisis. En el Ministerio de Seguridad bonaerense apuntan a exonerados y retirados por promover las protestas. Qu\u00e9 responden desde Naci\u00f3n. Tras horas de protestas de efectivos de la\u00a0Polic\u00eda Bonaerense\u00a0que se hicieron sentir frente a la\u00a0Casa de Gobierno de la Provincia\u00a0y\u2026","rel":"","context":"En \u00abINTERES GENERAL\u00bb","block_context":{"text":"INTERES GENERAL","link":"https:\/\/larevistadigital.com.ar\/blog\/category\/interes-general\/"},"img":{"alt_text":"","src":"https:\/\/i0.wp.com\/larevistadigital.com.ar\/blog\/wp-content\/uploads\/1599570658.jpeg?fit=848%2C477&ssl=1&resize=350%2C200","width":350,"height":200,"srcset":"https:\/\/i0.wp.com\/larevistadigital.com.ar\/blog\/wp-content\/uploads\/1599570658.jpeg?fit=848%2C477&ssl=1&resize=350%2C200 1x, https:\/\/i0.wp.com\/larevistadigital.com.ar\/blog\/wp-content\/uploads\/1599570658.jpeg?fit=848%2C477&ssl=1&resize=525%2C300 1.5x, https:\/\/i0.wp.com\/larevistadigital.com.ar\/blog\/wp-content\/uploads\/1599570658.jpeg?fit=848%2C477&ssl=1&resize=700%2C400 2x"},"classes":[]},{"id":28427,"url":"https:\/\/larevistadigital.com.ar\/blog\/prohibieron-a-la-bonaerense-el-uso-de-pistola-lanza-gases-y-granadas-en-los-eventos-deportivos\/","url_meta":{"origin":35041,"position":2},"title":"PROHIBIERON A LA BONAERENSE EL USO DE PISTOLA LANZA GASES Y GRANADAS EN LOS EVENTOS DEPORTIVOS","author":"Alejandro Sosa Ruda","date":"14 octubre, 2022","format":false,"excerpt":"A ra\u00edz de la represi\u00f3n ocurrida durante el operativo por el partido entre Gimnasia y Boca. Por la represi\u00f3n en el \u201cBosque\u201d, fueron apresados el jefe del operativo policial del partido, Juan Manuel Gorbar\u00e1n, y el polic\u00eda Nahuel Falc\u00f3n que agredi\u00f3 a un camar\u00f3grafo. 13 de Octubre de 2022 El\u2026","rel":"","context":"En \u00abDEPORTES\u00bb","block_context":{"text":"DEPORTES","link":"https:\/\/larevistadigital.com.ar\/blog\/category\/deportes\/"},"img":{"alt_text":"","src":"https:\/\/i0.wp.com\/larevistadigital.com.ar\/blog\/wp-content\/uploads\/20221012154154_gelp.jpg?fit=880%2C512&ssl=1&resize=350%2C200","width":350,"height":200,"srcset":"https:\/\/i0.wp.com\/larevistadigital.com.ar\/blog\/wp-content\/uploads\/20221012154154_gelp.jpg?fit=880%2C512&ssl=1&resize=350%2C200 1x, https:\/\/i0.wp.com\/larevistadigital.com.ar\/blog\/wp-content\/uploads\/20221012154154_gelp.jpg?fit=880%2C512&ssl=1&resize=525%2C300 1.5x, https:\/\/i0.wp.com\/larevistadigital.com.ar\/blog\/wp-content\/uploads\/20221012154154_gelp.jpg?fit=880%2C512&ssl=1&resize=700%2C400 2x"},"classes":[]},{"id":27364,"url":"https:\/\/larevistadigital.com.ar\/blog\/en-territorio-bonaerense-la-vtv-costara-un-4652-mas\/","url_meta":{"origin":35041,"position":3},"title":"EN TERRITORIO BONAERENSE LA VTV COSTAR\u00c1 UN 46,52% M\u00c1S","author":"Alejandro Sosa Ruda","date":"29 agosto, 2022","format":false,"excerpt":"En junio pasado las empresas concesionarias de la VTV, a trav\u00e9s de la C\u00e1mara Argentina de Verificadores de Automotores (CAVEA) hab\u00edam pedido a la Direcci\u00f3n Provincial de Verificaci\u00f3n T\u00e9cnica Vehicular una revisi\u00f3n extraordinaria de tarifas, en medio de la escalada inflacionaria. 29 de agosto de 2022 \u00a0El Gobierno bonaerense aprob\u00f3\u2026","rel":"","context":"En \u00abPOLITICA PROVINCIAL\u00bb","block_context":{"text":"POLITICA PROVINCIAL","link":"https:\/\/larevistadigital.com.ar\/blog\/category\/politica\/politica-provincial\/"},"img":{"alt_text":"","src":"https:\/\/i0.wp.com\/larevistadigital.com.ar\/blog\/wp-content\/uploads\/20220829185613_vtv.png?fit=880%2C512&ssl=1&resize=350%2C200","width":350,"height":200,"srcset":"https:\/\/i0.wp.com\/larevistadigital.com.ar\/blog\/wp-content\/uploads\/20220829185613_vtv.png?fit=880%2C512&ssl=1&resize=350%2C200 1x, https:\/\/i0.wp.com\/larevistadigital.com.ar\/blog\/wp-content\/uploads\/20220829185613_vtv.png?fit=880%2C512&ssl=1&resize=525%2C300 1.5x, https:\/\/i0.wp.com\/larevistadigital.com.ar\/blog\/wp-content\/uploads\/20220829185613_vtv.png?fit=880%2C512&ssl=1&resize=700%2C400 2x"},"classes":[]},{"id":8115,"url":"https:\/\/larevistadigital.com.ar\/blog\/villa-gesell-el-intendente-firmo-una-amparo-contra-la-suba-de-tarifas\/","url_meta":{"origin":35041,"position":4},"title":"VILLA GESELL: EL INTENDENTE FIRM\u00d3 UNA AMPARO CONTRA LA SUBA DE TARIFAS","author":"Alejandro Sosa Ruda","date":"5 febrero, 2019","format":false,"excerpt":"\u201cSon aumentos ilegales, impagables que hunden la econom\u00eda de los vecinos, comerciantes y da\u00f1an a la sociedad en su conjunto\u201d Este viernes por la tarde el intendente Gustavo Barrera particip\u00f3 de una reuni\u00f3n en la ciudad de Buenos Aires junto a otros jefes comunales y legisladores de toda la provincia.\u2026","rel":"","context":"En \u00abPOLITICA\u00bb","block_context":{"text":"POLITICA","link":"https:\/\/larevistadigital.com.ar\/blog\/category\/politica\/"},"img":{"alt_text":"","src":"https:\/\/i0.wp.com\/larevistadigital.com.ar\/blog\/wp-content\/uploads\/2019\/02\/mail-1.jpg?fit=960%2C721&ssl=1&resize=350%2C200","width":350,"height":200,"srcset":"https:\/\/i0.wp.com\/larevistadigital.com.ar\/blog\/wp-content\/uploads\/2019\/02\/mail-1.jpg?fit=960%2C721&ssl=1&resize=350%2C200 1x, https:\/\/i0.wp.com\/larevistadigital.com.ar\/blog\/wp-content\/uploads\/2019\/02\/mail-1.jpg?fit=960%2C721&ssl=1&resize=525%2C300 1.5x, https:\/\/i0.wp.com\/larevistadigital.com.ar\/blog\/wp-content\/uploads\/2019\/02\/mail-1.jpg?fit=960%2C721&ssl=1&resize=700%2C400 2x"},"classes":[]},{"id":24595,"url":"https:\/\/larevistadigital.com.ar\/blog\/las-flores-narco-queda-empantanado-en-un-campo-y-termina-detenido-por-la-bonaerense\/","url_meta":{"origin":35041,"position":5},"title":"LAS FLORES: NARCO QUEDA EMPANTANADO EN UN CAMPO Y TERMINA DETENIDO POR LA BONAERENSE","author":"Alejandro Sosa Ruda","date":"16 marzo, 2022","format":false,"excerpt":"La Polic\u00eda de la provincia de Buenos Aires arrest\u00f3 a un sujeto de 52 a\u00f1os que trasladaba diez kilos de coca\u00edna en las rutas bonaerenses. LAS FLORES -\u00a0 Efectivos de la Polic\u00eda de la provincia de Buenos Aires aprehendieron en las \u00faltimas horas en Las Flores, luego de una persecuci\u00f3n,\u2026","rel":"","context":"En \u00abPOLICIALES\u00bb","block_context":{"text":"POLICIALES","link":"https:\/\/larevistadigital.com.ar\/blog\/category\/policiales\/"},"img":{"alt_text":"","src":"","width":0,"height":0},"classes":[]}],"_links":{"self":[{"href":"https:\/\/larevistadigital.com.ar\/blog\/wp-json\/wp\/v2\/posts\/35041","targetHints":{"allow":["GET"]}}],"collection":[{"href":"https:\/\/larevistadigital.com.ar\/blog\/wp-json\/wp\/v2\/posts"}],"about":[{"href":"https:\/\/larevistadigital.com.ar\/blog\/wp-json\/wp\/v2\/types\/post"}],"author":[{"embeddable":true,"href":"https:\/\/larevistadigital.com.ar\/blog\/wp-json\/wp\/v2\/users\/3"}],"replies":[{"embeddable":true,"href":"https:\/\/larevistadigital.com.ar\/blog\/wp-json\/wp\/v2\/comments?post=35041"}],"version-history":[{"count":3,"href":"https:\/\/larevistadigital.com.ar\/blog\/wp-json\/wp\/v2\/posts\/35041\/revisions"}],"predecessor-version":[{"id":35046,"href":"https:\/\/larevistadigital.com.ar\/blog\/wp-json\/wp\/v2\/posts\/35041\/revisions\/35046"}],"wp:featuredmedia":[{"embeddable":true,"href":"https:\/\/larevistadigital.com.ar\/blog\/wp-json\/wp\/v2\/media\/35042"}],"wp:attachment":[{"href":"https:\/\/larevistadigital.com.ar\/blog\/wp-json\/wp\/v2\/media?parent=35041"}],"wp:term":[{"taxonomy":"category","embeddable":true,"href":"https:\/\/larevistadigital.com.ar\/blog\/wp-json\/wp\/v2\/categories?post=35041"},{"taxonomy":"post_tag","embeddable":true,"href":"https:\/\/larevistadigital.com.ar\/blog\/wp-json\/wp\/v2\/tags?post=35041"}],"curies":[{"name":"wp","href":"https:\/\/api.w.org\/{rel}","templated":true}]}}