{"id":35047,"date":"2024-01-20T13:06:45","date_gmt":"2024-01-20T16:06:45","guid":{"rendered":"https:\/\/larevistadigital.com.ar\/blog\/?p=35047"},"modified":"2024-01-20T13:06:45","modified_gmt":"2024-01-20T16:06:45","slug":"recoleta-un-hombre-se-atrinchero-en-una-terraza-con-su-hija-de-6-anos-como-rehen","status":"publish","type":"post","link":"https:\/\/larevistadigital.com.ar\/blog\/recoleta-un-hombre-se-atrinchero-en-una-terraza-con-su-hija-de-6-anos-como-rehen\/","title":{"rendered":"RECOLETA: UN HOMBRE SE ATRINCHER\u00d3 EN UNA TERRAZA CON SU HIJA DE 6 A\u00d1OS COMO REHEN"},"content":{"rendered":"<h2 class=\"news-headline__article-summary\">Es en Avenida Santa Fe y Pueyrred\u00f3n. Grupos especiales de la Polic\u00eda de la Ciudad negocian para lograr la liberaci\u00f3n de la menor.<\/h2>\n<p>20 de enero de 2023<\/p>\n<p><strong>Recoleta, CABA &#8211;<\/strong>\u00a0 Momentos de extrema tensi\u00f3n se viven en el barrio porte\u00f1o de Recoleta\u00a0donde un hombre se encerr\u00f3 en la terraza de un edificio con su hija de 6 a\u00f1os como reh\u00e9n. La\u00a0<strong>Polic\u00eda de la Ciudad<\/strong>\u00a0negocia con \u00e9l para que libere a la menor. Algunas versiones indican que tanto la nena como su mam\u00e1 est\u00e1n bien y en su departamento.<\/p>\n<div>\n<div id=\"Parallax\">El hecho se produce en un edificio ubicado en la intersecci\u00f3n de las avenidas <strong>Santa Fe y Pueyrred\u00f3n<\/strong>. La terraza queda en el piso 14. Seg\u00fan informaron fuentes policiales a\u00a0<em>Infobae<\/em>, los agentes de la Comisar\u00eda Vecinal 2B se desplazaron al lugar alrededor de las 5:30 de la ma\u00f1ana, tras recibir varios llamados al 911 en los que una mujer de 47 a\u00f1os ped\u00eda ayuda para contener a su marido, quien se encontraba agresivo.<\/div>\n<\/div>\n<div>\n<article class=\"article-body article-body--third-paragraph\">La denunciante ten\u00eda\u00a0<strong>un golpe en su cara y les dijo que su pareja de 55 a\u00f1os la hab\u00eda agredido<\/strong>.<\/p>\n<\/article>\n<article class=\"article-body article-body--fourth-paragraph\">\n<div id=\"457653-Libre-909766118_wrap\" class=\"embed_cont type_imagen\">\n<div id=\"457653-Libre-909766118_content\" class=\"embed_content\"><img data-recalc-dims=\"1\" decoding=\"async\" id=\"457653-Libre-909766118_embed\" title=\"La Polic\u00eda de la Ciudad est\u00e1 sobre la calle trabajando, a la espera del fin del conflicto.\" src=\"https:\/\/i0.wp.com\/media.0221.com.ar\/p\/0280e1ae47efd49bad1bf17dc12663e9\/adjuntos\/357\/imagenes\/100\/139\/0100139827\/1400x0\/smart\/dfdfjpg.jpg?w=1400&#038;ssl=1\" alt=\"La Polic\u00eda de la Ciudad est\u00e1 sobre la calle trabajando, a la espera del fin del conflicto.\"   data-td-src-property=\"https:\/\/media.0221.com.ar\/p\/0280e1ae47efd49bad1bf17dc12663e9\/adjuntos\/357\/imagenes\/100\/139\/0100139827\/1400x0\/smart\/dfdfjpg.jpg\" \/><\/div>\n<div id=\"457653-Libre-909766118_epigrafe\" class=\"embed_epigrafe\">\n<p>La Polic\u00eda de la Ciudad est\u00e1 sobre la calle trabajando, a la espera del fin del conflicto.<\/p>\n<\/div>\n<div id=\"457653-Libre-909766118_copyright\" class=\"embed_copyright\"><\/div>\n<\/div>\n<blockquote>\n<h3>Los oficiales intentaron entablar un di\u00e1logo con el agresor para persuadirlo a salir del edificio pero el hombre se neg\u00f3 y se encerr\u00f3 en la terraza con la nena.<\/h3>\n<\/blockquote>\n<\/article>\n<article class=\"article-body article-body--fifth-paragraph\">En el caso, interviene la Unidad de Flagrancia Este, bajo la direcci\u00f3n del Dr. Permocelle, quien orden\u00f3 la realizaci\u00f3n de actuaciones por \u201clesiones\u201d y solicit\u00f3 la presencia en el lugar de la Divisi\u00f3n de Operaciones Especiales Metropolitanas (DOEM) de la fuerza porte\u00f1a, as\u00ed como del Grupo Especial de Rescate (GER) y del personal de Bomberos. Adem\u00e1s, equipos del Gabinete de Apoyo Psicol\u00f3gico de Emergencias (GAPE) trabajan para asistir a la mujer, que qued\u00f3 encerrada en la vivienda.<\/p>\n<p>fuente: 0221.com.ar<\/p>\n<\/article>\n<\/div>\n<div>\n<div><\/div>\n<\/div>\n","protected":false},"excerpt":{"rendered":"<div class=\"mh-excerpt\"><p>Es en Avenida Santa Fe y Pueyrred\u00f3n. Grupos especiales de la Polic\u00eda de la Ciudad negocian para lograr la liberaci\u00f3n de la menor. 20 de enero de 2023 Recoleta, CABA &#8211;\u00a0 Momentos de extrema tensi\u00f3n <a class=\"mh-excerpt-more\" href=\"https:\/\/larevistadigital.com.ar\/blog\/recoleta-un-hombre-se-atrinchero-en-una-terraza-con-su-hija-de-6-anos-como-rehen\/\" title=\"RECOLETA: UN HOMBRE SE ATRINCHER\u00d3 EN UNA TERRAZA CON SU HIJA DE 6 A\u00d1OS COMO REHEN\">[Leer M\u00e1s]<\/a><\/p>\n<\/div>","protected":false},"author":3,"featured_media":35048,"comment_status":"open","ping_status":"open","sticky":false,"template":"","format":"standard","meta":{"_jetpack_memberships_contains_paid_content":false,"footnotes":"","jetpack_publicize_message":"","jetpack_publicize_feature_enabled":true,"jetpack_social_post_already_shared":true,"jetpack_social_options":{"image_generator_settings":{"template":"highway","default_image_id":0,"font":"","enabled":false},"version":2}},"categories":[50,44],"tags":[161,236,237],"class_list":{"0":"post-35047","1":"post","2":"type-post","3":"status-publish","4":"format-standard","5":"has-post-thumbnail","7":"category-interes-general","8":"category-policiales","9":"tag-policiales","10":"tag-recoleta","11":"tag-rehen"},"jetpack_publicize_connections":[],"jetpack_featured_media_url":"https:\/\/i0.wp.com\/larevistadigital.com.ar\/blog\/wp-content\/uploads\/Captura-de-pantalla-2024-01-20-130237.png?fit=902%2C471&ssl=1","jetpack_sharing_enabled":true,"jetpack_shortlink":"https:\/\/wp.me\/p8qtrQ-97h","jetpack-related-posts":[{"id":25738,"url":"https:\/\/larevistadigital.com.ar\/blog\/misterio-se-investiga-la-muerte-de-un-ciudadano-norteamericano-encontrado-en-un-departamento-en-recoleta\/","url_meta":{"origin":35047,"position":0},"title":"MISTERIO: SE INVESTIGA LA MUERTE DE UN CIUDADANO NORTEAMERICANO ENCONTRADO EN UN DEPARTAMENTO EN RECOLETA","author":"Alejandro Sosa Ruda","date":"10 junio, 2022","format":false,"excerpt":"Se llamaba Chuck Mcgarry y ten\u00eda 56 a\u00f1os. Lo encontraron muerto en el segundo piso del edificio de Montevideo al 900. La fiscal\u00eda orden\u00f3 una autopsia. Encontraron muerto a un ciudadano estadounidense en\u00a0Recoleta. El hombre se llamaba Chuck Mcgarry y ten\u00eda 56 a\u00f1os y seg\u00fan informaci\u00f3n que pudo corroborar\u00a0TN,\u00a0lleg\u00f3 al\u2026","rel":"","context":"En \u00abDESTACADAS\u00bb","block_context":{"text":"DESTACADAS","link":"https:\/\/larevistadigital.com.ar\/blog\/category\/destacadas\/"},"img":{"alt_text":"","src":"https:\/\/i0.wp.com\/larevistadigital.com.ar\/blog\/wp-content\/uploads\/UP2K54SCSJGN3JP2MQURHVV5LE.jpg?fit=1200%2C691&ssl=1&resize=350%2C200","width":350,"height":200,"srcset":"https:\/\/i0.wp.com\/larevistadigital.com.ar\/blog\/wp-content\/uploads\/UP2K54SCSJGN3JP2MQURHVV5LE.jpg?fit=1200%2C691&ssl=1&resize=350%2C200 1x, https:\/\/i0.wp.com\/larevistadigital.com.ar\/blog\/wp-content\/uploads\/UP2K54SCSJGN3JP2MQURHVV5LE.jpg?fit=1200%2C691&ssl=1&resize=525%2C300 1.5x, https:\/\/i0.wp.com\/larevistadigital.com.ar\/blog\/wp-content\/uploads\/UP2K54SCSJGN3JP2MQURHVV5LE.jpg?fit=1200%2C691&ssl=1&resize=700%2C400 2x, https:\/\/i0.wp.com\/larevistadigital.com.ar\/blog\/wp-content\/uploads\/UP2K54SCSJGN3JP2MQURHVV5LE.jpg?fit=1200%2C691&ssl=1&resize=1050%2C600 3x"},"classes":[]},{"id":33239,"url":"https:\/\/larevistadigital.com.ar\/blog\/un-hombre-tomo-de-rehen-a-su-propio-padre-para-que-no-lo-detengan-por-hostigar-a-una-mujer\/","url_meta":{"origin":35047,"position":1},"title":"UN HOMBRE TOM\u00d3 DE REHEN A SU PROPIO PADRE, PARA QUE NO LO DETENGAN POR HOSTIGAR A UNA MUJER","author":"Alejandro Sosa Ruda","date":"3 septiembre, 2023","format":false,"excerpt":"Un visitador m\u00e9dico de Bah\u00eda Blanca, que durante meses persigui\u00f3 y hostig\u00f3 a una mujer, qued\u00f3 detenido este s\u00e1bado tras tomar de reh\u00e9n a su propio padre, con lo que pretend\u00eda evitar la actuaci\u00f3n policial que proced\u00eda para detenerlo. 3 de septiembre de 2023 BAH\u00cdA BLANCA -\u00a0 \u00a0Se trata de\u2026","rel":"","context":"En \u00abPOLICIALES\u00bb","block_context":{"text":"POLICIALES","link":"https:\/\/larevistadigital.com.ar\/blog\/category\/policiales\/"},"img":{"alt_text":"","src":"https:\/\/i0.wp.com\/larevistadigital.com.ar\/blog\/wp-content\/uploads\/20230903121837_visitador-medico-rehenes.jpg?fit=880%2C512&ssl=1&resize=350%2C200","width":350,"height":200,"srcset":"https:\/\/i0.wp.com\/larevistadigital.com.ar\/blog\/wp-content\/uploads\/20230903121837_visitador-medico-rehenes.jpg?fit=880%2C512&ssl=1&resize=350%2C200 1x, https:\/\/i0.wp.com\/larevistadigital.com.ar\/blog\/wp-content\/uploads\/20230903121837_visitador-medico-rehenes.jpg?fit=880%2C512&ssl=1&resize=525%2C300 1.5x, https:\/\/i0.wp.com\/larevistadigital.com.ar\/blog\/wp-content\/uploads\/20230903121837_visitador-medico-rehenes.jpg?fit=880%2C512&ssl=1&resize=700%2C400 2x"},"classes":[]},{"id":29652,"url":"https:\/\/larevistadigital.com.ar\/blog\/encontraron-muerta-a-la-reconocida-disenadora-olga-naum-en-un-hotel-de-recoleta\/","url_meta":{"origin":35047,"position":2},"title":"ENCONTRARON MUERTA A LA RECONOCIDA DISE\u00d1ADORA OLGA NAUM EN UN HOTEL DE RECOLETA","author":"Alejandro Sosa Ruda","date":"28 diciembre, 2022","format":false,"excerpt":"El cad\u00e1ver de la mujer de 75 a\u00f1os fue hallado el s\u00e1bado pasado, un d\u00eda despu\u00e9s de haber salido de su casa. Su familia hab\u00eda denunciado su desaparici\u00f3n. 28 de diciembre de 2022 La\u00a0reconocida dise\u00f1adora de moda Olga Naum\u00a0fue encontrada muerta en una habitaci\u00f3n del hotel Up, ubicado en el\u2026","rel":"","context":"En \u00abINTERES GENERAL\u00bb","block_context":{"text":"INTERES GENERAL","link":"https:\/\/larevistadigital.com.ar\/blog\/category\/interes-general\/"},"img":{"alt_text":"","src":"https:\/\/i0.wp.com\/larevistadigital.com.ar\/blog\/wp-content\/uploads\/olga-naum.jpg?fit=707%2C397&ssl=1&resize=350%2C200","width":350,"height":200,"srcset":"https:\/\/i0.wp.com\/larevistadigital.com.ar\/blog\/wp-content\/uploads\/olga-naum.jpg?fit=707%2C397&ssl=1&resize=350%2C200 1x, https:\/\/i0.wp.com\/larevistadigital.com.ar\/blog\/wp-content\/uploads\/olga-naum.jpg?fit=707%2C397&ssl=1&resize=525%2C300 1.5x, https:\/\/i0.wp.com\/larevistadigital.com.ar\/blog\/wp-content\/uploads\/olga-naum.jpg?fit=707%2C397&ssl=1&resize=700%2C400 2x"},"classes":[]},{"id":44409,"url":"https:\/\/larevistadigital.com.ar\/blog\/conmocion-en-toma-de-rehenes-una-policia-herida-y-un-delincuente-detenido\/","url_meta":{"origin":35047,"position":3},"title":"Conmoci\u00f3n en toma de rehenes: una polic\u00eda herida y un delincuente detenido","author":"Alejandro Sosa Ruda","date":"9 marzo, 2026","format":false,"excerpt":"El hombre, que ten\u00eda pedido de captura, abri\u00f3 fuego contra los efectivos, tom\u00f3 un reh\u00e9n y termin\u00f3 reducido tras un operativo policial en el sur de Mar del Plata. 09 de marzo de 2026 MAR DEL PLATA -\u00a0 \u00a0Una mujer polic\u00eda result\u00f3 herida de dos disparos este lunes por la\u2026","rel":"","context":"En \u00abPOLICIALES\u00bb","block_context":{"text":"POLICIALES","link":"https:\/\/larevistadigital.com.ar\/blog\/category\/policiales\/"},"img":{"alt_text":"","src":"https:\/\/i0.wp.com\/larevistadigital.com.ar\/blog\/wp-content\/uploads\/Captura-de-pantalla-2026-03-09-191122.jpg?fit=735%2C363&ssl=1&resize=350%2C200","width":350,"height":200,"srcset":"https:\/\/i0.wp.com\/larevistadigital.com.ar\/blog\/wp-content\/uploads\/Captura-de-pantalla-2026-03-09-191122.jpg?fit=735%2C363&ssl=1&resize=350%2C200 1x, https:\/\/i0.wp.com\/larevistadigital.com.ar\/blog\/wp-content\/uploads\/Captura-de-pantalla-2026-03-09-191122.jpg?fit=735%2C363&ssl=1&resize=525%2C300 1.5x, https:\/\/i0.wp.com\/larevistadigital.com.ar\/blog\/wp-content\/uploads\/Captura-de-pantalla-2026-03-09-191122.jpg?fit=735%2C363&ssl=1&resize=700%2C400 2x"},"classes":[]},{"id":26049,"url":"https:\/\/larevistadigital.com.ar\/blog\/incendio-tragico-en-recoleta-mueren-3-chicos-y-2-mujeres\/","url_meta":{"origin":35047,"position":4},"title":"INCENDIO TR\u00c1GICO EN RECOLETA, MUEREN 3 CHICOS Y 2 MUJERES","author":"Alejandro Sosa Ruda","date":"23 junio, 2022","format":false,"excerpt":"Un incendio desatado en el s\u00e9ptimo piso de un edificio de Recoleta dej\u00f3 el saldo tr\u00e1gico de 5 muertos y 18 heridos. Un impactante\u00a0incendio\u00a0se desat\u00f3 este jueves en un edificio del barrio porte\u00f1o de\u00a0Recoleta. El fuego se inici\u00f3 en el s\u00e9ptimo piso y se propag\u00f3 al octavo de la torre\u2026","rel":"","context":"En \u00abDESTACADAS\u00bb","block_context":{"text":"DESTACADAS","link":"https:\/\/larevistadigital.com.ar\/blog\/category\/destacadas\/"},"img":{"alt_text":"","src":"https:\/\/i0.wp.com\/larevistadigital.com.ar\/blog\/wp-content\/uploads\/incendio-recoleta.jpg?fit=1200%2C662&ssl=1&resize=350%2C200","width":350,"height":200,"srcset":"https:\/\/i0.wp.com\/larevistadigital.com.ar\/blog\/wp-content\/uploads\/incendio-recoleta.jpg?fit=1200%2C662&ssl=1&resize=350%2C200 1x, https:\/\/i0.wp.com\/larevistadigital.com.ar\/blog\/wp-content\/uploads\/incendio-recoleta.jpg?fit=1200%2C662&ssl=1&resize=525%2C300 1.5x, https:\/\/i0.wp.com\/larevistadigital.com.ar\/blog\/wp-content\/uploads\/incendio-recoleta.jpg?fit=1200%2C662&ssl=1&resize=700%2C400 2x, https:\/\/i0.wp.com\/larevistadigital.com.ar\/blog\/wp-content\/uploads\/incendio-recoleta.jpg?fit=1200%2C662&ssl=1&resize=1050%2C600 3x"},"classes":[]},{"id":7664,"url":"https:\/\/larevistadigital.com.ar\/blog\/se-derrumbo-un-balcon-en-la-recoleta-hay-tres-heridos\/","url_meta":{"origin":35047,"position":5},"title":"SE DERRUMB\u00d3 UN BALC\u00d3N EN LA RECOLETA. HAY TRES HERIDOS","author":"Alejandro Sosa Ruda","date":"7 enero, 2019","format":false,"excerpt":"Tan solo han pasado nueve d\u00edas del hecho que conmocion\u00f3 al pa\u00eds y hab\u00eda ocurrido en Mar del Plata, cuando un balc\u00f3n de un tercer piso se cay\u00f3, provocando una especie de \"efecto domin\u00f3\" con los balcones del segundo y primer piso que al caer provocaron la muerte por aplastamiento\u2026","rel":"","context":"En \u00abDESTACADAS\u00bb","block_context":{"text":"DESTACADAS","link":"https:\/\/larevistadigital.com.ar\/blog\/category\/destacadas\/"},"img":{"alt_text":"","src":"https:\/\/i0.wp.com\/larevistadigital.com.ar\/blog\/wp-content\/uploads\/2019\/01\/0035982532.jpg?fit=1140%2C640&ssl=1&resize=350%2C200","width":350,"height":200,"srcset":"https:\/\/i0.wp.com\/larevistadigital.com.ar\/blog\/wp-content\/uploads\/2019\/01\/0035982532.jpg?fit=1140%2C640&ssl=1&resize=350%2C200 1x, https:\/\/i0.wp.com\/larevistadigital.com.ar\/blog\/wp-content\/uploads\/2019\/01\/0035982532.jpg?fit=1140%2C640&ssl=1&resize=525%2C300 1.5x, https:\/\/i0.wp.com\/larevistadigital.com.ar\/blog\/wp-content\/uploads\/2019\/01\/0035982532.jpg?fit=1140%2C640&ssl=1&resize=700%2C400 2x, https:\/\/i0.wp.com\/larevistadigital.com.ar\/blog\/wp-content\/uploads\/2019\/01\/0035982532.jpg?fit=1140%2C640&ssl=1&resize=1050%2C600 3x"},"classes":[]}],"_links":{"self":[{"href":"https:\/\/larevistadigital.com.ar\/blog\/wp-json\/wp\/v2\/posts\/35047","targetHints":{"allow":["GET"]}}],"collection":[{"href":"https:\/\/larevistadigital.com.ar\/blog\/wp-json\/wp\/v2\/posts"}],"about":[{"href":"https:\/\/larevistadigital.com.ar\/blog\/wp-json\/wp\/v2\/types\/post"}],"author":[{"embeddable":true,"href":"https:\/\/larevistadigital.com.ar\/blog\/wp-json\/wp\/v2\/users\/3"}],"replies":[{"embeddable":true,"href":"https:\/\/larevistadigital.com.ar\/blog\/wp-json\/wp\/v2\/comments?post=35047"}],"version-history":[{"count":1,"href":"https:\/\/larevistadigital.com.ar\/blog\/wp-json\/wp\/v2\/posts\/35047\/revisions"}],"predecessor-version":[{"id":35049,"href":"https:\/\/larevistadigital.com.ar\/blog\/wp-json\/wp\/v2\/posts\/35047\/revisions\/35049"}],"wp:featuredmedia":[{"embeddable":true,"href":"https:\/\/larevistadigital.com.ar\/blog\/wp-json\/wp\/v2\/media\/35048"}],"wp:attachment":[{"href":"https:\/\/larevistadigital.com.ar\/blog\/wp-json\/wp\/v2\/media?parent=35047"}],"wp:term":[{"taxonomy":"category","embeddable":true,"href":"https:\/\/larevistadigital.com.ar\/blog\/wp-json\/wp\/v2\/categories?post=35047"},{"taxonomy":"post_tag","embeddable":true,"href":"https:\/\/larevistadigital.com.ar\/blog\/wp-json\/wp\/v2\/tags?post=35047"}],"curies":[{"name":"wp","href":"https:\/\/api.w.org\/{rel}","templated":true}]}}