{"id":35050,"date":"2024-01-20T13:16:35","date_gmt":"2024-01-20T16:16:35","guid":{"rendered":"https:\/\/larevistadigital.com.ar\/blog\/?p=35050"},"modified":"2024-01-20T13:16:35","modified_gmt":"2024-01-20T16:16:35","slug":"mar-del-tuyu-detienen-a-un-integrante-del-trencito-de-la-alegria-por-manosear-a-una-menor","status":"publish","type":"post","link":"https:\/\/larevistadigital.com.ar\/blog\/mar-del-tuyu-detienen-a-un-integrante-del-trencito-de-la-alegria-por-manosear-a-una-menor\/","title":{"rendered":"MAR DEL TUY\u00da: DETIENEN A UN INTEGRANTE DEL \u00abTRENCITO DE LA ALEGR\u00cdA\u00bb POR MANOSEAR A UNA MENOR"},"content":{"rendered":"<h2 class=\"nota__hero__summary\">El adolescente tiene 16 a\u00f1os y la abuela de una nena denunci\u00f3 que la toc\u00f3 en varias ocasiones mientras estaban a bordo.<\/h2>\n<p>20 de enero de 2023<\/p>\n<p><strong>MAR DEL TUY\u00da &#8211;\u00a0 <\/strong>El jueves por la noche, detuvieron a un animador de 16 a\u00f1os del trencito de la alegr\u00eda de Mar del Tuy\u00fa, acusado de manosear a una nena de 13 a\u00f1os que viajaba en el mismo.<\/p>\n<blockquote>\n<h3>La abuela de la v\u00edctima, que estaba de vacaciones con su familia, fue quien denunci\u00f3 el hecho, ocurrido cerca de las 23.00 en la esquina de las calles 74 y 2.<\/h3>\n<\/blockquote>\n<p>Seg\u00fan la denuncia, el joven, que se hac\u00eda llamar \u201cShadow\u201d, habr\u00eda tocado a la menor varias veces durante el recorrido del trencito.<\/p>\n<blockquote>\n<h3>La polic\u00eda de la Comisar\u00eda La Costa 5\u00b0 de Mar del Tuy\u00fa lleg\u00f3 al lugar tras un llamado al 911 y aprehendi\u00f3 al sospechoso, de nacionalidad argentina y domiciliado en La Costa, inform\u00f3 Infobae.<\/h3>\n<\/blockquote>\n<p>La causa, caratulada como <strong>\u201cabuso sexual simple\u201d<\/strong>, qued\u00f3 a cargo de la fiscal Graciela Andriuolo, del Fuero de Responsabilidad Penal Juvenil N\u00ba1 de Dolores, quien notific\u00f3 al adolescente y luego le otorg\u00f3 la libertad, seg\u00fan el art\u00edculo 161 del C\u00f3digo Procesal Penal. Fuentes judiciales indicaron que la nena ser\u00e1 sometida a una c\u00e1mara Gesell en los pr\u00f3ximos d\u00edas.<\/p>\n","protected":false},"excerpt":{"rendered":"<div class=\"mh-excerpt\"><p>El adolescente tiene 16 a\u00f1os y la abuela de una nena denunci\u00f3 que la toc\u00f3 en varias ocasiones mientras estaban a bordo. 20 de enero de 2023 MAR DEL TUY\u00da &#8211;\u00a0 El jueves por la <a class=\"mh-excerpt-more\" href=\"https:\/\/larevistadigital.com.ar\/blog\/mar-del-tuyu-detienen-a-un-integrante-del-trencito-de-la-alegria-por-manosear-a-una-menor\/\" title=\"MAR DEL TUY\u00da: DETIENEN A UN INTEGRANTE DEL \u00abTRENCITO DE LA ALEGR\u00cdA\u00bb POR MANOSEAR A UNA MENOR\">[Leer M\u00e1s]<\/a><\/p>\n<\/div>","protected":false},"author":3,"featured_media":35051,"comment_status":"open","ping_status":"open","sticky":false,"template":"","format":"standard","meta":{"_jetpack_memberships_contains_paid_content":false,"footnotes":"","jetpack_publicize_message":"","jetpack_publicize_feature_enabled":true,"jetpack_social_post_already_shared":true,"jetpack_social_options":{"image_generator_settings":{"template":"highway","default_image_id":0,"font":"","enabled":false},"version":2}},"categories":[44,51],"tags":[],"class_list":{"0":"post-35050","1":"post","2":"type-post","3":"status-publish","4":"format-standard","5":"has-post-thumbnail","7":"category-policiales","8":"category-regionales"},"jetpack_publicize_connections":[],"jetpack_featured_media_url":"https:\/\/i0.wp.com\/larevistadigital.com.ar\/blog\/wp-content\/uploads\/0f587f0df441599a7c9608ad6cc092fea8d10555.jpg?fit=1140%2C641&ssl=1","jetpack_sharing_enabled":true,"jetpack_shortlink":"https:\/\/wp.me\/p8qtrQ-97k","jetpack-related-posts":[{"id":28869,"url":"https:\/\/larevistadigital.com.ar\/blog\/mar-del-tuyu-aprehendieron-a-un-hombre-que-le-enviaba-fotos-sexuales-a-una-nena-de-11-anos\/","url_meta":{"origin":35050,"position":0},"title":"MAR DEL TUY\u00da: APREHENDIERON A UN HOMBRE QUE LE ENVIABA FOTOS SEXUALES A UNA NENA DE 11 A\u00d1OS","author":"Alejandro Sosa Ruda","date":"18 noviembre, 2022","format":false,"excerpt":"La denuncia la hicieron los padres de la menor, y el operativo estuvo a cargo de la Polic\u00eda Federal. 18 de noviembre de 2022 MAR DEL TUY\u00da -\u00a0 Un hombre de\u00a037 a\u00f1os\u00a0fue aprehendido en\u00a0Mar del Tuy\u00fa, Partido de La Costa, por enviarle fotos con contenido sexual a una\u00a0nena de 11\u2026","rel":"","context":"En \u00abPOLICIALES\u00bb","block_context":{"text":"POLICIALES","link":"https:\/\/larevistadigital.com.ar\/blog\/category\/policiales\/"},"img":{"alt_text":"","src":"https:\/\/i0.wp.com\/larevistadigital.com.ar\/blog\/wp-content\/uploads\/ab023409918d9c6df585b4d46db4fb8d94a97a12.jpg?fit=1140%2C735&ssl=1&resize=350%2C200","width":350,"height":200,"srcset":"https:\/\/i0.wp.com\/larevistadigital.com.ar\/blog\/wp-content\/uploads\/ab023409918d9c6df585b4d46db4fb8d94a97a12.jpg?fit=1140%2C735&ssl=1&resize=350%2C200 1x, https:\/\/i0.wp.com\/larevistadigital.com.ar\/blog\/wp-content\/uploads\/ab023409918d9c6df585b4d46db4fb8d94a97a12.jpg?fit=1140%2C735&ssl=1&resize=525%2C300 1.5x, https:\/\/i0.wp.com\/larevistadigital.com.ar\/blog\/wp-content\/uploads\/ab023409918d9c6df585b4d46db4fb8d94a97a12.jpg?fit=1140%2C735&ssl=1&resize=700%2C400 2x, https:\/\/i0.wp.com\/larevistadigital.com.ar\/blog\/wp-content\/uploads\/ab023409918d9c6df585b4d46db4fb8d94a97a12.jpg?fit=1140%2C735&ssl=1&resize=1050%2C600 3x"},"classes":[]},{"id":20776,"url":"https:\/\/larevistadigital.com.ar\/blog\/mar-del-tuyu-explota-una-garrafa-y-logran-rescatar-al-dueno-de-casa\/","url_meta":{"origin":35050,"position":1},"title":"MAR DEL TUY\u00da: EXPLOTA UNA GARRAFA Y LOGRAN RESCATAR AL DUE\u00d1O DE CASA","author":"Alejandro Sosa Ruda","date":"18 junio, 2021","format":false,"excerpt":"Fue ayer por la noche. El hombre, que unos 90 a\u00f1os y sufri\u00f3 quemaduras varias, salv\u00f3 su vida gracias al accionar de 4 efectivos de la polic\u00eda. MAR DEL TUY\u00da - Ayer por la noche, la explosi\u00f3n de una garrafa desat\u00f3 un incendio en una vivienda de Mar del Tuy\u00fa,\u2026","rel":"","context":"En \u00abREGIONALES\u00bb","block_context":{"text":"REGIONALES","link":"https:\/\/larevistadigital.com.ar\/blog\/category\/regionales\/"},"img":{"alt_text":"","src":"https:\/\/i0.wp.com\/larevistadigital.com.ar\/blog\/wp-content\/uploads\/b680c9c7e2dd608db583f7a46e91bf892ff28125.png?fit=1140%2C670&ssl=1&resize=350%2C200","width":350,"height":200,"srcset":"https:\/\/i0.wp.com\/larevistadigital.com.ar\/blog\/wp-content\/uploads\/b680c9c7e2dd608db583f7a46e91bf892ff28125.png?fit=1140%2C670&ssl=1&resize=350%2C200 1x, https:\/\/i0.wp.com\/larevistadigital.com.ar\/blog\/wp-content\/uploads\/b680c9c7e2dd608db583f7a46e91bf892ff28125.png?fit=1140%2C670&ssl=1&resize=525%2C300 1.5x, https:\/\/i0.wp.com\/larevistadigital.com.ar\/blog\/wp-content\/uploads\/b680c9c7e2dd608db583f7a46e91bf892ff28125.png?fit=1140%2C670&ssl=1&resize=700%2C400 2x, https:\/\/i0.wp.com\/larevistadigital.com.ar\/blog\/wp-content\/uploads\/b680c9c7e2dd608db583f7a46e91bf892ff28125.png?fit=1140%2C670&ssl=1&resize=1050%2C600 3x"},"classes":[]},{"id":24677,"url":"https:\/\/larevistadigital.com.ar\/blog\/dos-mujeres-secuestraron-un-menor-en-mar-del-tuyu-y-fueron-detenidas-en-costa-del-este\/","url_meta":{"origin":35050,"position":2},"title":"DOS MUJERES SECUESTRARON UN MENOR EN MAR DEL TUY\u00da Y FUERON DETENIDAS EN COSTA DEL ESTE","author":"Alejandro Sosa Ruda","date":"20 marzo, 2022","format":false,"excerpt":"Lo amenazaron con un machete. El accionar de los efectivos de las fuerzas de seguridad permiti\u00f3 ubicar el veh\u00edculo y detenerlas. Un adolescente de 13 a\u00f1os fue interceptado en su domicilio de Mar del Tuy\u00fa por dos mujeres que lo obligaron a subir a un auto, luego de amenazarlo con\u2026","rel":"","context":"En \u00abREGIONALES\u00bb","block_context":{"text":"REGIONALES","link":"https:\/\/larevistadigital.com.ar\/blog\/category\/regionales\/"},"img":{"alt_text":"","src":"https:\/\/i0.wp.com\/larevistadigital.com.ar\/blog\/wp-content\/uploads\/20220319153211_whatsapp-image-2022-03-19-at-14-06-06.jpg?fit=880%2C512&ssl=1&resize=350%2C200","width":350,"height":200,"srcset":"https:\/\/i0.wp.com\/larevistadigital.com.ar\/blog\/wp-content\/uploads\/20220319153211_whatsapp-image-2022-03-19-at-14-06-06.jpg?fit=880%2C512&ssl=1&resize=350%2C200 1x, https:\/\/i0.wp.com\/larevistadigital.com.ar\/blog\/wp-content\/uploads\/20220319153211_whatsapp-image-2022-03-19-at-14-06-06.jpg?fit=880%2C512&ssl=1&resize=525%2C300 1.5x, https:\/\/i0.wp.com\/larevistadigital.com.ar\/blog\/wp-content\/uploads\/20220319153211_whatsapp-image-2022-03-19-at-14-06-06.jpg?fit=880%2C512&ssl=1&resize=700%2C400 2x"},"classes":[]},{"id":19295,"url":"https:\/\/larevistadigital.com.ar\/blog\/mar-del-tuyu-video-y-fotos-el-fuerte-temporal-ocasiono-graves-danos\/","url_meta":{"origin":35050,"position":3},"title":"MAR DEL TUY\u00da:  [VIDEO Y FOTOS] EL FUERTE TEMPORAL OCASION\u00d3 GRAVES DA\u00d1OS","author":"Alejandro Sosa Ruda","date":"18 marzo, 2021","format":false,"excerpt":"MAR DEL TUY\u00da - El fuerte temporal que azot\u00f3 distintos lugares de la provincia de Buenos Aires, se hizo sentir con violencia en Mar del Tuy\u00fa y la zona, donde provoc\u00f3 da\u00f1os de consideraci\u00f3n. As\u00ed nos hicieron llegar algunas imagenes Carlos, y otro amigo que vive en el lugar: Gustavo\u2026","rel":"","context":"En \u00abREGIONALES\u00bb","block_context":{"text":"REGIONALES","link":"https:\/\/larevistadigital.com.ar\/blog\/category\/regionales\/"},"img":{"alt_text":"","src":"https:\/\/i0.wp.com\/larevistadigital.com.ar\/blog\/wp-content\/uploads\/MAR-DEL-TUYU-1.jpeg?fit=720%2C526&ssl=1&resize=350%2C200","width":350,"height":200,"srcset":"https:\/\/i0.wp.com\/larevistadigital.com.ar\/blog\/wp-content\/uploads\/MAR-DEL-TUYU-1.jpeg?fit=720%2C526&ssl=1&resize=350%2C200 1x, https:\/\/i0.wp.com\/larevistadigital.com.ar\/blog\/wp-content\/uploads\/MAR-DEL-TUYU-1.jpeg?fit=720%2C526&ssl=1&resize=525%2C300 1.5x, https:\/\/i0.wp.com\/larevistadigital.com.ar\/blog\/wp-content\/uploads\/MAR-DEL-TUYU-1.jpeg?fit=720%2C526&ssl=1&resize=700%2C400 2x"},"classes":[]},{"id":13300,"url":"https:\/\/larevistadigital.com.ar\/blog\/mar-del-tuyu-comisario-sufre-grave-accidente-en-la-ruta-11\/","url_meta":{"origin":35050,"position":4},"title":"MAR DEL TUY\u00da: COMISARIO SUFRE GRAVE ACCIDENTE EN LA RUTA 11","author":"Alejandro Sosa Ruda","date":"20 noviembre, 2019","format":false,"excerpt":"La m\u00e1xima autoridad de la dependencia policial de esa localidad perdi\u00f3 parte de su masa encef\u00e1lica y se encuentra internado en terapia intensiva. MAR DEL TUYU - El accidente se produjo en la Ruta 11, a la altura de Las Toninas, seg\u00fan inform\u00f3 Canal 5 de San Clemente del Tuy\u00fa.\u2026","rel":"","context":"En \u00abPOLICIALES\u00bb","block_context":{"text":"POLICIALES","link":"https:\/\/larevistadigital.com.ar\/blog\/category\/policiales\/"},"img":{"alt_text":"","src":"https:\/\/i0.wp.com\/larevistadigital.com.ar\/blog\/wp-content\/uploads\/Screenshot_2-65.jpg?fit=1200%2C712&ssl=1&resize=350%2C200","width":350,"height":200,"srcset":"https:\/\/i0.wp.com\/larevistadigital.com.ar\/blog\/wp-content\/uploads\/Screenshot_2-65.jpg?fit=1200%2C712&ssl=1&resize=350%2C200 1x, https:\/\/i0.wp.com\/larevistadigital.com.ar\/blog\/wp-content\/uploads\/Screenshot_2-65.jpg?fit=1200%2C712&ssl=1&resize=525%2C300 1.5x, https:\/\/i0.wp.com\/larevistadigital.com.ar\/blog\/wp-content\/uploads\/Screenshot_2-65.jpg?fit=1200%2C712&ssl=1&resize=700%2C400 2x, https:\/\/i0.wp.com\/larevistadigital.com.ar\/blog\/wp-content\/uploads\/Screenshot_2-65.jpg?fit=1200%2C712&ssl=1&resize=1050%2C600 3x"},"classes":[]},{"id":40948,"url":"https:\/\/larevistadigital.com.ar\/blog\/detuvieron-a-dos-jovenes-acusados-de-robar-en-un-local-de-ropa-en-mar-del-tuyu\/","url_meta":{"origin":35050,"position":5},"title":"Detuvieron a dos j\u00f3venes acusados de robar en un local de ropa en Mar del Tuy\u00fa","author":"Alejandro Sosa Ruda","date":"18 agosto, 2025","format":false,"excerpt":"Un operativo conjunto entre la Polic\u00eda y la Patrulla Municipal permiti\u00f3 la aprehensi\u00f3n de los dos sujetos. 18 de Agosto de 2025 MAR DEL TUY\u00da -\u00a0 En las \u00faltimas horas, personal policial de Mar del Tuy\u00fa junto con agentes de la Patrulla Municipal logr\u00f3 detener a dos j\u00f3venes tras un\u2026","rel":"","context":"En \u00abSin categor\u00eda\u00bb","block_context":{"text":"Sin categor\u00eda","link":"https:\/\/larevistadigital.com.ar\/blog\/category\/sin-categoria\/"},"img":{"alt_text":"","src":"https:\/\/i0.wp.com\/larevistadigital.com.ar\/blog\/wp-content\/uploads\/Screenshot_1-121.jpg?fit=1007%2C565&ssl=1&resize=350%2C200","width":350,"height":200,"srcset":"https:\/\/i0.wp.com\/larevistadigital.com.ar\/blog\/wp-content\/uploads\/Screenshot_1-121.jpg?fit=1007%2C565&ssl=1&resize=350%2C200 1x, https:\/\/i0.wp.com\/larevistadigital.com.ar\/blog\/wp-content\/uploads\/Screenshot_1-121.jpg?fit=1007%2C565&ssl=1&resize=525%2C300 1.5x, https:\/\/i0.wp.com\/larevistadigital.com.ar\/blog\/wp-content\/uploads\/Screenshot_1-121.jpg?fit=1007%2C565&ssl=1&resize=700%2C400 2x"},"classes":[]}],"_links":{"self":[{"href":"https:\/\/larevistadigital.com.ar\/blog\/wp-json\/wp\/v2\/posts\/35050","targetHints":{"allow":["GET"]}}],"collection":[{"href":"https:\/\/larevistadigital.com.ar\/blog\/wp-json\/wp\/v2\/posts"}],"about":[{"href":"https:\/\/larevistadigital.com.ar\/blog\/wp-json\/wp\/v2\/types\/post"}],"author":[{"embeddable":true,"href":"https:\/\/larevistadigital.com.ar\/blog\/wp-json\/wp\/v2\/users\/3"}],"replies":[{"embeddable":true,"href":"https:\/\/larevistadigital.com.ar\/blog\/wp-json\/wp\/v2\/comments?post=35050"}],"version-history":[{"count":1,"href":"https:\/\/larevistadigital.com.ar\/blog\/wp-json\/wp\/v2\/posts\/35050\/revisions"}],"predecessor-version":[{"id":35052,"href":"https:\/\/larevistadigital.com.ar\/blog\/wp-json\/wp\/v2\/posts\/35050\/revisions\/35052"}],"wp:featuredmedia":[{"embeddable":true,"href":"https:\/\/larevistadigital.com.ar\/blog\/wp-json\/wp\/v2\/media\/35051"}],"wp:attachment":[{"href":"https:\/\/larevistadigital.com.ar\/blog\/wp-json\/wp\/v2\/media?parent=35050"}],"wp:term":[{"taxonomy":"category","embeddable":true,"href":"https:\/\/larevistadigital.com.ar\/blog\/wp-json\/wp\/v2\/categories?post=35050"},{"taxonomy":"post_tag","embeddable":true,"href":"https:\/\/larevistadigital.com.ar\/blog\/wp-json\/wp\/v2\/tags?post=35050"}],"curies":[{"name":"wp","href":"https:\/\/api.w.org\/{rel}","templated":true}]}}