{"id":35053,"date":"2024-01-20T13:35:14","date_gmt":"2024-01-20T16:35:14","guid":{"rendered":"https:\/\/larevistadigital.com.ar\/blog\/?p=35053"},"modified":"2024-01-20T13:35:14","modified_gmt":"2024-01-20T16:35:14","slug":"manana-arranca-el-sueno-del-sub-23-con-la-mira-en-los-juegos-olimpicos","status":"publish","type":"post","link":"https:\/\/larevistadigital.com.ar\/blog\/manana-arranca-el-sueno-del-sub-23-con-la-mira-en-los-juegos-olimpicos\/","title":{"rendered":"MA\u00d1ANA ARRANCA EL SUE\u00d1O DEL SUB-23 CON LA MIRA EN LOS JUEGOS OL\u00cdMPICOS"},"content":{"rendered":"<h2>El equipo de Javier Mascherano enfrenta a Paraguay en el debut.<\/h2>\n<p>20 de enero de 2023<\/p>\n<article class=\"article-body article-body--first-paragraph\" data-td-script-src=\"https:\/\/www.0221.com.ar\/js-custom\/vendor\/jquery\/jquery-3.6.0.min-min-version-1705723604.js\">El <strong>Seleccionado Argentino<\/strong> <strong>Sub-23 de f\u00fatbol<\/strong>, con\u00a0<strong>Javier Mascherano<\/strong>\u00a0como entrenador,\u00a0<strong>debutar\u00e1 este domingo ante Paraguay<\/strong>\u00a0en un partido de\u00a0<strong>la primera fecha del Grupo B del Torneo Preol\u00edmpico Sudamericano<\/strong>, que se juega en\u00a0<strong>Venezuela\u00a0<\/strong>y otorga dos plazas para los Juegos Ol\u00edmpicos Par\u00eds 2024.<\/p>\n<\/article>\n<div>\n<blockquote>\n<h3 id=\"Parallax\">El encuentro se desarrollar\u00e1 en el Polideportivo Misael Delgado, en la ciudad de Valencia, a 125 kil\u00f3metros de Caracas, y televisado por Dsports.<\/h3>\n<\/blockquote>\n<article class=\"article-body article-body--third-paragraph\">Argentina,\u00a0<strong>bicampe\u00f3n ol\u00edmpico por las preseas doradas de Atenas 2004 y Beijing 2008<\/strong>, procurar\u00e1 lograr el sexto t\u00edtulo en un Preol\u00edmpico tras haberlo conseguido Per\u00fa 1960 y 1964, Colombia 1980 y 2020 y Chile 2004. Brasil es el m\u00e1ximo ganador de la especialidad con siete estrellas.<\/p>\n<\/article>\n<article class=\"article-body article-body--fourth-paragraph\">\n<blockquote>\n<h3>Un torneo exigente y extenuante, con partidos cada tres d\u00edas, lo que obligar\u00e1 al equipo argentino a recurrir a todo el plantel, que lleg\u00f3 a Venezuela con un futbolista menos de los 23 permitidos por la venta del defensor Juli\u00e1n Malatini al Werder Bremen alem\u00e1n.<\/h3>\n<\/blockquote>\n<\/article>\n<article class=\"article-body article-body--fifth-paragraph\">\n<div id=\"457646-Libre-1986569177_wrap\" class=\"embed_cont type_imagen\">\n<div id=\"457646-Libre-1986569177_content\" class=\"embed_content\"><img data-recalc-dims=\"1\" decoding=\"async\" id=\"457646-Libre-1986569177_embed\" title=\"\" src=\"https:\/\/i0.wp.com\/media.0221.com.ar\/p\/33f53e4a6b9949176b4ce379785a32bb\/adjuntos\/357\/imagenes\/100\/139\/0100139810\/1400x0\/smart\/seleccion-sub-23-1jpg.jpg?w=1400&#038;ssl=1\" alt=\"\"   data-td-src-property=\"https:\/\/media.0221.com.ar\/p\/33f53e4a6b9949176b4ce379785a32bb\/adjuntos\/357\/imagenes\/100\/139\/0100139810\/1400x0\/smart\/seleccion-sub-23-1jpg.jpg\" \/><\/div>\n<div id=\"457646-Libre-1986569177_epigrafe\" class=\"embed_epigrafe\"><\/div>\n<div id=\"457646-Libre-1986569177_copyright\" class=\"embed_copyright\"><\/div>\n<\/div>\n<blockquote>\n<h3>El equipo de Mascherano integra\u00a0<strong>el Grupo B con Paraguay, Per\u00fa, Chile y Uruguay<\/strong>, dirigido por\u00a0<strong>Marcelo Bielsa<\/strong>. Solo los dos primeros avanzar\u00e1n al cuadrangular final, que asignar\u00e1 los dos boletos a Par\u00eds para el campe\u00f3n y subcampe\u00f3n de la competencia.<\/h3>\n<\/blockquote>\n<\/article>\n<article class=\"article-body article-body--sixth-paragraph\">La coyuntura en la que llega Mascherano al cargo es particular. El excapit\u00e1n del seleccionado subcampe\u00f3n mundial en Brasil 2014 y bicampe\u00f3n ol\u00edmpico sufri\u00f3 dos duros reveses como entrenador de la Sub-20.<\/p>\n<blockquote>\n<h3>Argentina qued\u00f3 fuera de la fase final de Sudamericano en Colombia 2023 pero accedi\u00f3 igualmente al Mundial de la categor\u00eda cuando Argentina se hizo cargo de la sede en lugar de Indonesia. En la competici\u00f3n m\u00e1xima, sin embargo, no pas\u00f3 de los octavos de final tras caer frente a Nigeria en San Juan.<\/h3>\n<\/blockquote>\n<div id=\"embed6139_wrap\" class=\"embed_cont type_freetext\" data-provider=\"twitter\">\n<div id=\"embed6139_content\" class=\"embed_content\">\n<div id=\"embed6139_embed\">\n<div class=\"twitter-tweet twitter-tweet-rendered\"><\/div>\n<\/div>\n<\/div>\n<\/div>\n<p>Tras esas malos desempe\u00f1os, el entrenador renunci\u00f3 al cargo de entrenador de los juveniles, pero por pedido de\u00a0<strong>Claudio Tapia<\/strong>\u00a0(presidente de AFA),\u00a0<strong>Lionel Scaloni<\/strong>\u00a0(DT del seleccionado mayor) y\u00a0<strong>Bernardo Romeo<\/strong>\u00a0(coordinador de selecciones juveniles) acept\u00f3 seguir en el puesto.<\/p>\n<blockquote>\n<h3>Claro est\u00e1 que el \u00abJefecito\u00bb se juega mucho de su futuro en este torneo ya que fuera de Par\u00eds 2024, una competencia que podr\u00eda incluir a Lionel Messi y \u00c1ngel Di Mar\u00eda como futbolistas mayores del plantel, ser\u00eda un golpe muy dif\u00edcil de asimilar.<\/h3>\n<\/blockquote>\n<p>El equipo argentino jug\u00f3 muchos amistosos preparatorios (Jap\u00f3n, Ecuador, Venezuela, Lan\u00fas, Central C\u00f3rdoba de Santiago del Espero y Comunicaciones), fue tomando forma y estilo y est\u00e1 compuesto por futbolistas del medio local, salvo las excepciones del defensor de Athletico Paranaense Lucas Esquivel, el lateral recientemente transfiriendo al Brighton ingl\u00e9s Valent\u00edn Barco y el delantero del Atlanta United Thiago Almada, campe\u00f3n mundial en Qatar 2022.<\/p>\n<blockquote><p>La Selecci\u00f3n Argentina, cuenta en su plantel con el arquero de\u00a0<strong>Estudiantes,\u00a0<\/strong><strong>Fabricio Iacovich<\/strong><strong>.<\/strong> Y entre las La figuras del Sub 23\u00a0son\u00a0<strong>Claudio \u00abDiablito\u00bb Echeverri<\/strong>, quien reemplazo al lesionado\u00a0<strong>Pedro De la Vega<\/strong>,\u00a0<strong>Thiago<\/strong>\u00a0<strong>Almada, Valent\u00edn Barco, Nicol\u00e1s Valentini, Federico Redondo y Luciano Gondou<\/strong>.<\/p><\/blockquote>\n<p>Paraguay, dirigido por\u00a0<strong>Carlos Jara Saguier<\/strong>, finaliz\u00f3 su preparaci\u00f3n con un amistoso que perdi\u00f3 ante Uruguay 4-1 en el Campus de Maldonado, pero su historia habla de un f\u00fatbol con mucha fuerza, opulencia f\u00edsica y buen juego a\u00e9reo.<\/p>\n<p>En el equipo guaran\u00ed sobresalen los mediocampistas\u00a0<strong>Diego G\u00f3mez<\/strong>\u00a0(Inter Miami de MLS),\u00a0<strong>Enso Gonz\u00e1lez<\/strong>\u00a0(Wolverhampton ingl\u00e9s) y tres elementos que juegan en Argentina:\u00a0<strong>Iv\u00e1n Leguizam\u00f3n<\/strong>\u00a0(San Lorenzo),\u00a0<strong>Juan Jos\u00e9 Cardozo<\/strong>\u00a0(Argentinos Juniors) y\u00a0<strong>Marcelo P\u00e9rez<\/strong>\u00a0(Hurac\u00e1n).<\/p>\n<h2><span style=\"color: #ff0000\">PROBABLES FORMACIONES<\/span><\/h2>\n<p><strong>Argentina:<\/strong>\u00a0Leandro Brey; Joaqu\u00edn Garc\u00eda, Marco Di C\u00e9sare, Nicol\u00e1s Valentini y Valent\u00edn Barco; Cristian Medina, Juan Sforza y Ezequiel Fern\u00e1ndez; Pablo Solari, Luciano Gondou y Thiago Almada. DT: Javier Mascherano.<\/p>\n<p><strong>Paraguay:<\/strong>\u00a0\u00c1ngel Gonz\u00e1lez; Alan N\u00fa\u00f1ez, Ronaldo Dejes\u00fas, Gilberto Flores y Daniel Rivas; Fabrizio Peralta y Wilder Viera; Iv\u00e1n Leguizam\u00f3n, Enso Gonz\u00e1lez y Marcelo Fern\u00e1ndez; Marcelo P\u00e9rez. DT: Carlos Jara Saguier.<\/p>\n<p><strong>Estadio:<\/strong>\u00a0Polideportivo Misael Delgado, Valencia.<\/p>\n<p><strong>Hora de inicio:<\/strong>\u00a0domingo a las 20:00.<\/p>\n<p><strong>TV:<\/strong>\u00a0Dsports.<\/p>\n<div id=\"457048-Libre-1635673118_wrap\" class=\"embed_cont type_imagen\"><\/div>\n<\/article>\n<\/div>\n<p>&nbsp;<\/p>\n","protected":false},"excerpt":{"rendered":"<div class=\"mh-excerpt\"><p>El equipo de Javier Mascherano enfrenta a Paraguay en el debut. 20 de enero de 2023 El Seleccionado Argentino Sub-23 de f\u00fatbol, con\u00a0Javier Mascherano\u00a0como entrenador,\u00a0debutar\u00e1 este domingo ante Paraguay\u00a0en un partido de\u00a0la primera fecha del <a class=\"mh-excerpt-more\" href=\"https:\/\/larevistadigital.com.ar\/blog\/manana-arranca-el-sueno-del-sub-23-con-la-mira-en-los-juegos-olimpicos\/\" title=\"MA\u00d1ANA ARRANCA EL SUE\u00d1O DEL SUB-23 CON LA MIRA EN LOS JUEGOS OL\u00cdMPICOS\">[Leer M\u00e1s]<\/a><\/p>\n<\/div>","protected":false},"author":3,"featured_media":35054,"comment_status":"open","ping_status":"open","sticky":false,"template":"","format":"standard","meta":{"_jetpack_memberships_contains_paid_content":false,"footnotes":"","jetpack_publicize_message":"","jetpack_publicize_feature_enabled":true,"jetpack_social_post_already_shared":true,"jetpack_social_options":{"image_generator_settings":{"template":"highway","default_image_id":0,"font":"","enabled":false},"version":2}},"categories":[50],"tags":[],"class_list":{"0":"post-35053","1":"post","2":"type-post","3":"status-publish","4":"format-standard","5":"has-post-thumbnail","7":"category-interes-general"},"jetpack_publicize_connections":[],"jetpack_featured_media_url":"https:\/\/i0.wp.com\/larevistadigital.com.ar\/blog\/wp-content\/uploads\/Captura-de-pantalla-2024-01-20-133402.png?fit=895%2C508&ssl=1","jetpack_sharing_enabled":true,"jetpack_shortlink":"https:\/\/wp.me\/p8qtrQ-97n","jetpack-related-posts":[{"id":35108,"url":"https:\/\/larevistadigital.com.ar\/blog\/preolimpico-la-seleccion-argentina-juega-su-futuro-ante-peru\/","url_meta":{"origin":35053,"position":0},"title":"PREOL\u00cdMPICO: LA SELECCI\u00d3N ARGENTINA JUEGA SU FUTURO ANTE PER\u00da","author":"Alejandro Sosa Ruda","date":"24 enero, 2024","format":false,"excerpt":"La Selecci\u00f3n Argentina Sub-23, dirigida por Javier Mascherano, enfrentar\u00e1 a Per\u00fa en Venezuela por la segunda fecha del Grupo B del Preol\u00edmpico. La previa. 24 de enero de 2023 La Selecci\u00f3n Argentina Sub-23 se enfrentar\u00e1 este mi\u00e9rcoles con Per\u00fa\u00a0por la segunda fecha del\u00a0Grupo B\u00a0del\u00a0Preol\u00edmpico Sudamericano 2024. Tras el duro debut\u2026","rel":"","context":"En \u00abINTERES GENERAL\u00bb","block_context":{"text":"INTERES GENERAL","link":"https:\/\/larevistadigital.com.ar\/blog\/category\/interes-general\/"},"img":{"alt_text":"","src":"https:\/\/i0.wp.com\/larevistadigital.com.ar\/blog\/wp-content\/uploads\/Captura-de-pantalla-2024-01-24-103359.png?fit=899%2C486&ssl=1&resize=350%2C200","width":350,"height":200,"srcset":"https:\/\/i0.wp.com\/larevistadigital.com.ar\/blog\/wp-content\/uploads\/Captura-de-pantalla-2024-01-24-103359.png?fit=899%2C486&ssl=1&resize=350%2C200 1x, https:\/\/i0.wp.com\/larevistadigital.com.ar\/blog\/wp-content\/uploads\/Captura-de-pantalla-2024-01-24-103359.png?fit=899%2C486&ssl=1&resize=525%2C300 1.5x, https:\/\/i0.wp.com\/larevistadigital.com.ar\/blog\/wp-content\/uploads\/Captura-de-pantalla-2024-01-24-103359.png?fit=899%2C486&ssl=1&resize=700%2C400 2x"},"classes":[]},{"id":37866,"url":"https:\/\/larevistadigital.com.ar\/blog\/javier-gaston-recibio-a-medallistas-de-los-juegos-bonaerenses\/","url_meta":{"origin":35053,"position":1},"title":"Javier Gast\u00f3n recibi\u00f3 a medallistas de los Juegos Bonaerenses","author":"Alejandro Sosa Ruda","date":"13 noviembre, 2024","format":false,"excerpt":"Los integrantes de la delegaci\u00f3n chascomunense fueron convocados hoy al Palacio Municipal. 13 DE nOVIEMBRE DE 2024 CHASCOM\u00daS - Los ganadores en distintas disciplinas culturales y deportivas de la \u00faltima edici\u00f3n de los Juegos Bonaerenses, fueron convocados a un encuentro con el intendente Javier Gast\u00f3n, quien los recibi\u00f3 en reconocimiento\u2026","rel":"","context":"En \u00abCHASCOM\u00daS\u00bb","block_context":{"text":"CHASCOM\u00daS","link":"https:\/\/larevistadigital.com.ar\/blog\/category\/chascomus\/"},"img":{"alt_text":"","src":"https:\/\/i0.wp.com\/larevistadigital.com.ar\/blog\/wp-content\/uploads\/6734ee18d43f2.png?fit=668%2C445&ssl=1&resize=350%2C200","width":350,"height":200,"srcset":"https:\/\/i0.wp.com\/larevistadigital.com.ar\/blog\/wp-content\/uploads\/6734ee18d43f2.png?fit=668%2C445&ssl=1&resize=350%2C200 1x, https:\/\/i0.wp.com\/larevistadigital.com.ar\/blog\/wp-content\/uploads\/6734ee18d43f2.png?fit=668%2C445&ssl=1&resize=525%2C300 1.5x"},"classes":[]},{"id":5787,"url":"https:\/\/larevistadigital.com.ar\/blog\/mascherano-le-contesto-a-caruso-lombardi-es-una-persona-nefasta\/","url_meta":{"origin":35053,"position":2},"title":"MASCHERANO LE CONTEST\u00d3 A CARUSO LOMBARDI: \u00abES UNA PERSONA NEFASTA\u00bb","author":"Alejandro Sosa Ruda","date":"24 junio, 2018","format":false,"excerpt":"El mediocampista de la selecci\u00f3n, respondi\u00f3 con dureza a\u00a0\u00a0Ricardo Caruso Lombardi\u00a0luego de que se filtrara un video en el que se ve al entrenador argentino lanzando\u00a0acusaciones graves contra algunos integrantes del plantel argentino.\u00a0\"Es nefasto\",\u00a0consider\u00f3. Mascherano, que se mostr\u00f3 calmo a pesar de los \u00faltimos hechos, dijo que\u00a0\"Hay un video con\u2026","rel":"","context":"En \u00abDEPORTES\u00bb","block_context":{"text":"DEPORTES","link":"https:\/\/larevistadigital.com.ar\/blog\/category\/deportes\/"},"img":{"alt_text":"","src":"https:\/\/i0.wp.com\/larevistadigital.com.ar\/blog\/wp-content\/uploads\/2018\/06\/mascherano-kjqD-620x349%40abc.jpg?fit=619%2C349&ssl=1&resize=350%2C200","width":350,"height":200,"srcset":"https:\/\/i0.wp.com\/larevistadigital.com.ar\/blog\/wp-content\/uploads\/2018\/06\/mascherano-kjqD-620x349%40abc.jpg?fit=619%2C349&ssl=1&resize=350%2C200 1x, https:\/\/i0.wp.com\/larevistadigital.com.ar\/blog\/wp-content\/uploads\/2018\/06\/mascherano-kjqD-620x349%40abc.jpg?fit=619%2C349&ssl=1&resize=525%2C300 1.5x"},"classes":[]},{"id":30781,"url":"https:\/\/larevistadigital.com.ar\/blog\/la-fifa-le-saco-la-sede-del-mundial-sub-20-a-indonesia-y-argentina-tiene-chances-de-organizarlo\/","url_meta":{"origin":35053,"position":3},"title":"LA FIFA LE SAC\u00d3 LA SEDE DEL MUNDIAL SUB 20 A INDONESIA Y ARGENTINA TIENE CHANCES DE ORGANIZARLO","author":"Alejandro Sosa Ruda","date":"29 marzo, 2023","format":false,"excerpt":"\u00abLa FIFA ha decidido retirar a Indonesia como pa\u00eds anfitri\u00f3n de la Copa Mundial Sub-20 de la FIFA 2023\u2122 debido a las circunstancias actuales\u00bb,\u00a0inform\u00f3 la entidad madre del f\u00fatbol en un comunicado. 29 DE MARZO DE 2023 El pr\u00f3ximo viernes deb\u00eda realizarse el sorteo,\u00a0pero finalmente la FIFA lo pospuso luego\u2026","rel":"","context":"En \u00abDEPORTES\u00bb","block_context":{"text":"DEPORTES","link":"https:\/\/larevistadigital.com.ar\/blog\/category\/deportes\/"},"img":{"alt_text":"","src":"https:\/\/i0.wp.com\/larevistadigital.com.ar\/blog\/wp-content\/uploads\/Captura-de-pantalla-2023-03-29-143836.png?fit=739%2C417&ssl=1&resize=350%2C200","width":350,"height":200,"srcset":"https:\/\/i0.wp.com\/larevistadigital.com.ar\/blog\/wp-content\/uploads\/Captura-de-pantalla-2023-03-29-143836.png?fit=739%2C417&ssl=1&resize=350%2C200 1x, https:\/\/i0.wp.com\/larevistadigital.com.ar\/blog\/wp-content\/uploads\/Captura-de-pantalla-2023-03-29-143836.png?fit=739%2C417&ssl=1&resize=525%2C300 1.5x, https:\/\/i0.wp.com\/larevistadigital.com.ar\/blog\/wp-content\/uploads\/Captura-de-pantalla-2023-03-29-143836.png?fit=739%2C417&ssl=1&resize=700%2C400 2x"},"classes":[]},{"id":5782,"url":"https:\/\/larevistadigital.com.ar\/blog\/caruso-lombardi-pavon-le-pego-a-mascherano-y-burruchaga-esta-con-el-serrucho-para-liquidar-a-sampaoli\/","url_meta":{"origin":35053,"position":4},"title":"CARUSO LOMBARDI: \u00abPAVON LE PEG\u00d3 A MASCHERANO Y BURRUCHAGA EST\u00c1 CON EL SERRUCHO PARA LIQUIDAR A SAMPAOLI\u00bb","author":"Alejandro Sosa Ruda","date":"24 junio, 2018","format":false,"excerpt":"Se filtr\u00f3 un video por distintos grupos de Whatsapp, que luego se hizo viral, en donde el director t\u00e9cnico Caruso Lombardi hace graves acusaciones en donde entre otras cosas dice que\"Pav\u00f3n le peg\u00f3 una pi\u00f1a a Mascherano\", adem\u00e1s de acusar al campe\u00f3n del mundo del 86, Jorge Burruchaga de estar\u2026","rel":"","context":"En \u00abDEPORTES\u00bb","block_context":{"text":"DEPORTES","link":"https:\/\/larevistadigital.com.ar\/blog\/category\/deportes\/"},"img":{"alt_text":"","src":"https:\/\/i0.wp.com\/larevistadigital.com.ar\/blog\/wp-content\/uploads\/2018\/06\/caruso_lombardi_opina.jpg_525981578.jpg?fit=790%2C440&ssl=1&resize=350%2C200","width":350,"height":200,"srcset":"https:\/\/i0.wp.com\/larevistadigital.com.ar\/blog\/wp-content\/uploads\/2018\/06\/caruso_lombardi_opina.jpg_525981578.jpg?fit=790%2C440&ssl=1&resize=350%2C200 1x, https:\/\/i0.wp.com\/larevistadigital.com.ar\/blog\/wp-content\/uploads\/2018\/06\/caruso_lombardi_opina.jpg_525981578.jpg?fit=790%2C440&ssl=1&resize=525%2C300 1.5x, https:\/\/i0.wp.com\/larevistadigital.com.ar\/blog\/wp-content\/uploads\/2018\/06\/caruso_lombardi_opina.jpg_525981578.jpg?fit=790%2C440&ssl=1&resize=700%2C400 2x"},"classes":[]},{"id":42157,"url":"https:\/\/larevistadigital.com.ar\/blog\/chascomus-javier-gaston-recibio-a-medallistas-de-los-juegos-bonaerenses\/","url_meta":{"origin":35053,"position":5},"title":"Chascom\u00fas: Javier Gast\u00f3n recibi\u00f3 a medallistas de los Juegos Bonaerenses","author":"Alejandro Sosa Ruda","date":"22 octubre, 2025","format":false,"excerpt":"Una parte de la delegaci\u00f3n fue recibida por el Intendente ayer por la tarde en su despacho. 22 de Octubre de 2025 CHASCOM\u00daS -\u00a0 \u00a0 Tras el regreso de Mar del Plata, donde se disput\u00f3 la gran final provincial de los Juegos Bonaerenses, el intendente Gast\u00f3n recibi\u00f3 a una parte\u2026","rel":"","context":"En \u00abCHASCOM\u00daS\u00bb","block_context":{"text":"CHASCOM\u00daS","link":"https:\/\/larevistadigital.com.ar\/blog\/category\/chascomus\/"},"img":{"alt_text":"","src":"https:\/\/i0.wp.com\/larevistadigital.com.ar\/blog\/wp-content\/uploads\/68f923e305583.png?fit=668%2C445&ssl=1&resize=350%2C200","width":350,"height":200,"srcset":"https:\/\/i0.wp.com\/larevistadigital.com.ar\/blog\/wp-content\/uploads\/68f923e305583.png?fit=668%2C445&ssl=1&resize=350%2C200 1x, https:\/\/i0.wp.com\/larevistadigital.com.ar\/blog\/wp-content\/uploads\/68f923e305583.png?fit=668%2C445&ssl=1&resize=525%2C300 1.5x"},"classes":[]}],"_links":{"self":[{"href":"https:\/\/larevistadigital.com.ar\/blog\/wp-json\/wp\/v2\/posts\/35053","targetHints":{"allow":["GET"]}}],"collection":[{"href":"https:\/\/larevistadigital.com.ar\/blog\/wp-json\/wp\/v2\/posts"}],"about":[{"href":"https:\/\/larevistadigital.com.ar\/blog\/wp-json\/wp\/v2\/types\/post"}],"author":[{"embeddable":true,"href":"https:\/\/larevistadigital.com.ar\/blog\/wp-json\/wp\/v2\/users\/3"}],"replies":[{"embeddable":true,"href":"https:\/\/larevistadigital.com.ar\/blog\/wp-json\/wp\/v2\/comments?post=35053"}],"version-history":[{"count":1,"href":"https:\/\/larevistadigital.com.ar\/blog\/wp-json\/wp\/v2\/posts\/35053\/revisions"}],"predecessor-version":[{"id":35055,"href":"https:\/\/larevistadigital.com.ar\/blog\/wp-json\/wp\/v2\/posts\/35053\/revisions\/35055"}],"wp:featuredmedia":[{"embeddable":true,"href":"https:\/\/larevistadigital.com.ar\/blog\/wp-json\/wp\/v2\/media\/35054"}],"wp:attachment":[{"href":"https:\/\/larevistadigital.com.ar\/blog\/wp-json\/wp\/v2\/media?parent=35053"}],"wp:term":[{"taxonomy":"category","embeddable":true,"href":"https:\/\/larevistadigital.com.ar\/blog\/wp-json\/wp\/v2\/categories?post=35053"},{"taxonomy":"post_tag","embeddable":true,"href":"https:\/\/larevistadigital.com.ar\/blog\/wp-json\/wp\/v2\/tags?post=35053"}],"curies":[{"name":"wp","href":"https:\/\/api.w.org\/{rel}","templated":true}]}}