{"id":35058,"date":"2024-01-21T13:21:26","date_gmt":"2024-01-21T16:21:26","guid":{"rendered":"https:\/\/larevistadigital.com.ar\/blog\/?p=35058"},"modified":"2024-01-21T13:21:26","modified_gmt":"2024-01-21T16:21:26","slug":"el-rally-argentino-abre-la-temporada-en-general-madariaga","status":"publish","type":"post","link":"https:\/\/larevistadigital.com.ar\/blog\/el-rally-argentino-abre-la-temporada-en-general-madariaga\/","title":{"rendered":"EL RALLY ARGENTINO, ABRE LA TEMPORADA EN GENERAL MADARIAGA"},"content":{"rendered":"<h2 class=\"nota__hero__summary\">El evento se realizar\u00e1 1, 2 y 3 de marzo. Los detalles.<\/h2>\n<p>21 de enero de 2023<\/p>\n<p><strong>BUENOS AIRES &#8211;\u00a0 <\/strong>El intendente <strong>Esteban Santoro<\/strong> y el presidente de la categor\u00eda <strong>Fernando Scarlatta<\/strong> firmaron el convenio que confirma a General Madariaga como la ciudad que albergar\u00e1 la apertura del campeonato nacional de rally.<\/p>\n<div id=\"cib-chat-main\" class=\"main\">\n<div class=\"message\">\n<div class=\"content\">\n<div class=\"ac-container ac-adaptiveCard\">\n<div class=\"ac-textBlock\">\n<blockquote>\n<h3>En una conferencia de prensa, acompa\u00f1ados por el manager de Mar y Sierras Alejandro Flores y el presidente de la Federaci\u00f3n Regional Oscar Milani, anunciaron los detalles de la carrera que se realizar\u00e1 por cuarta vez en la localidad bonaerense.<\/h3>\n<\/blockquote>\n<p><strong>Santoro<\/strong> destac\u00f3 el esfuerzo conjunto para llevar adelante el evento, que consider\u00f3 de gran importancia deportiva, social y econ\u00f3mica para Madariaga y la regi\u00f3n. <strong><em>\u201cEstamos viviendo un momento econ\u00f3mico extremadamente dif\u00edcil y por eso todas las partes hemos puesto nuestro mayor esfuerzo para poder hacer esta carrera. Entendemos que adem\u00e1s de ser un gran evento deportivo y social, es un evento que implica un ingreso econ\u00f3mico muy importante no solo para Madariaga, sino tambi\u00e9n para toda la regi\u00f3n por el turismo y la cantidad de gente que moviliza el rally\u201d.<\/em><\/strong><\/p>\n<blockquote>\n<h3>Tambi\u00e9n resalt\u00f3 la oportunidad que representa para la comunidad local ofrecer sus servicios y productos a los visitantes. <em>\u00abEs una oportunidad para que la comunidad pueda ofrecer sus productos, su hosteler\u00eda, gastronom\u00eda, etc.<\/em><\/h3>\n<\/blockquote>\n<p>Asimismo, agradeci\u00f3 a todos los que hicieron posible la realizaci\u00f3n de la carrera. <em><strong>\u201cEs una actividad que crea un clima hermoso y que nos llena de orgullo\u201d<\/strong><\/em> enfatiz\u00f3.<\/p>\n<blockquote>\n<h3>Por su parte, Scarlatta expres\u00f3 su satisfacci\u00f3n por volver a Madariaga, una ciudad que dijo sentir como propia. <em>\u201cEs un sacrificio muy grande por parte del municipio, desde diciembre que estamos trabajando en esto para que se pueda dar\u201d<\/em> aclar\u00f3.<\/h3>\n<\/blockquote>\n<p>Adem\u00e1s, se\u00f1al\u00f3 que el objetivo es que el rally sea un espect\u00e1culo para el disfrute de la gente y un beneficio para la econom\u00eda local. <em><strong>\u201cQueremos que la gente disfrute lo mayor posible y que las arcas de la ciudad anfitriona se enriquezca con el aporte de tantos equipos y pilotos que van a pernoctar durante 4 o 5 d\u00edas en la ciudad\u201d.<\/strong><\/em><\/p>\n<blockquote>\n<h3><strong>Flores<\/strong>, en representaci\u00f3n de Mar y Sierras, agradeci\u00f3 la invitaci\u00f3n y el apoyo del municipio y del Rally Argentino para participar de la carrera. <em>\u201cPara nosotros siempre fue un desaf\u00edo, desde la primera edici\u00f3n y hoy ya estamos en la 4\u00ba con el municipio encabezando este evento. Desde nuestra categor\u00eda agradecer la invitaci\u00f3n para poder estar presentes tambi\u00e9n y trabajar\u201d.<\/em><\/h3>\n<\/blockquote>\n<p>Finalmente, <strong>Milani<\/strong> felicit\u00f3 al intendente<strong> Santoro<\/strong> y al presidente <strong>Scarlatta<\/strong> por el trabajo realizado para que Madariaga sea una de las ocho sedes del campeonato m\u00e1s importante del rally en el pa\u00eds.<\/p>\n<\/div>\n<\/div>\n<\/div>\n<\/div>\n<div class=\"content footer has-bot-actions\">\n<div class=\"indicator\">FUENTE: entrel\u00edneas.info<\/div>\n<\/div>\n<\/div>\n","protected":false},"excerpt":{"rendered":"<div class=\"mh-excerpt\"><p>El evento se realizar\u00e1 1, 2 y 3 de marzo. Los detalles. 21 de enero de 2023 BUENOS AIRES &#8211;\u00a0 El intendente Esteban Santoro y el presidente de la categor\u00eda Fernando Scarlatta firmaron el convenio <a class=\"mh-excerpt-more\" href=\"https:\/\/larevistadigital.com.ar\/blog\/el-rally-argentino-abre-la-temporada-en-general-madariaga\/\" title=\"EL RALLY ARGENTINO, ABRE LA TEMPORADA EN GENERAL MADARIAGA\">[Leer M\u00e1s]<\/a><\/p>\n<\/div>","protected":false},"author":3,"featured_media":35060,"comment_status":"open","ping_status":"open","sticky":false,"template":"","format":"standard","meta":{"_jetpack_memberships_contains_paid_content":false,"footnotes":"","jetpack_publicize_message":"","jetpack_publicize_feature_enabled":true,"jetpack_social_post_already_shared":true,"jetpack_social_options":{"image_generator_settings":{"template":"highway","default_image_id":0,"font":"","enabled":false},"version":2}},"categories":[51],"tags":[],"class_list":{"0":"post-35058","1":"post","2":"type-post","3":"status-publish","4":"format-standard","5":"has-post-thumbnail","7":"category-regionales"},"jetpack_publicize_connections":[],"jetpack_featured_media_url":"https:\/\/i0.wp.com\/larevistadigital.com.ar\/blog\/wp-content\/uploads\/ea484b5c1a88ecdbbbba509a74e6e851.jpg?fit=1225%2C390&ssl=1","jetpack_sharing_enabled":true,"jetpack_shortlink":"https:\/\/wp.me\/p8qtrQ-97s","jetpack-related-posts":[{"id":44228,"url":"https:\/\/larevistadigital.com.ar\/blog\/kicillof-encabezo-la-largada-del-rally-2026-mar-y-sierras\/","url_meta":{"origin":35058,"position":0},"title":"Kicillof encabez\u00f3 la largada del Rally 2026 Mar y Sierras","author":"Alejandro Sosa Ruda","date":"28 febrero, 2026","format":false,"excerpt":"El gobernador de la provincia de Buenos Aires, Axel Kicillof, encabez\u00f3 este viernes la largada oficial del Campeonato 2026 con el inicio del Rally Mar y Sierras, que se desarrolla en los caminos rurales del municipio de General Madariaga. Fue junto al intendente local, Esteban Santoro, y el presidente de\u2026","rel":"","context":"En \u00abPOLITICA PROVINCIAL\u00bb","block_context":{"text":"POLITICA PROVINCIAL","link":"https:\/\/larevistadigital.com.ar\/blog\/category\/politica\/politica-provincial\/"},"img":{"alt_text":"","src":"https:\/\/i0.wp.com\/larevistadigital.com.ar\/blog\/wp-content\/uploads\/AR18333-scaled.jpg?fit=1200%2C800&ssl=1&resize=350%2C200","width":350,"height":200,"srcset":"https:\/\/i0.wp.com\/larevistadigital.com.ar\/blog\/wp-content\/uploads\/AR18333-scaled.jpg?fit=1200%2C800&ssl=1&resize=350%2C200 1x, https:\/\/i0.wp.com\/larevistadigital.com.ar\/blog\/wp-content\/uploads\/AR18333-scaled.jpg?fit=1200%2C800&ssl=1&resize=525%2C300 1.5x, https:\/\/i0.wp.com\/larevistadigital.com.ar\/blog\/wp-content\/uploads\/AR18333-scaled.jpg?fit=1200%2C800&ssl=1&resize=700%2C400 2x, https:\/\/i0.wp.com\/larevistadigital.com.ar\/blog\/wp-content\/uploads\/AR18333-scaled.jpg?fit=1200%2C800&ssl=1&resize=1050%2C600 3x"},"classes":[]},{"id":14798,"url":"https:\/\/larevistadigital.com.ar\/blog\/gral-madariaga-haran-un-relevamiento-sobre-las-vias-para-que-vuelva-el-tren-al-distrito\/","url_meta":{"origin":35058,"position":1},"title":"GRAL. MADARIAGA: HAR\u00c1N UN RELEVAMIENTO SOBRE LAS V\u00cdAS, PARA QUE VUELVA EL TREN AL DISTRITO","author":"Alejandro Sosa Ruda","date":"13 febrero, 2020","format":false,"excerpt":"El intendente de Juntos por el Cambio, Esteban Santoro, recibi\u00f3 al\u00a0titular de la Sociedad Operadora Ferroviaria SE, Mart\u00edn Marinucci, y dialogaron sobre la posibilidad del tren de pasajeros entre Constituci\u00f3n y\u00a0la estaci\u00f3n Divisadero de Madariaga. Tambi\u00e9n se trat\u00f3\u00a0la implementaci\u00f3n de un tren tur\u00edstico. El intendente\u00a0Esteban Santoro\u00a0se reuni\u00f3 con el titular\u2026","rel":"","context":"En \u00abREGIONALES\u00bb","block_context":{"text":"REGIONALES","link":"https:\/\/larevistadigital.com.ar\/blog\/category\/regionales\/"},"img":{"alt_text":"","src":"https:\/\/i0.wp.com\/larevistadigital.com.ar\/blog\/wp-content\/uploads\/madariaga_tren.jpeg?fit=600%2C375&ssl=1&resize=350%2C200","width":350,"height":200,"srcset":"https:\/\/i0.wp.com\/larevistadigital.com.ar\/blog\/wp-content\/uploads\/madariaga_tren.jpeg?fit=600%2C375&ssl=1&resize=350%2C200 1x, https:\/\/i0.wp.com\/larevistadigital.com.ar\/blog\/wp-content\/uploads\/madariaga_tren.jpeg?fit=600%2C375&ssl=1&resize=525%2C300 1.5x"},"classes":[]},{"id":18073,"url":"https:\/\/larevistadigital.com.ar\/blog\/general-madariaga-lleva-mas-de-100-dias-sin-casos-de-covid-19\/","url_meta":{"origin":35058,"position":2},"title":"GENERAL MADARIAGA LLEVA M\u00c1S DE 100 D\u00cdAS SIN CASOS DE COVID-19","author":"Alejandro Sosa Ruda","date":"11 diciembre, 2020","format":false,"excerpt":"El Intendente de General Madariaga, Esteban Santoro, afirm\u00f3 que su distrito ya lleva m\u00e1s de 100 d\u00edas sin ning\u00fan caso de coronavirus. En declaraciones a Bien de Radio por Radio Provincia dijo que \u00aben septiembre comenzaron a descender los contagios y puso de relieve el trabajo del Hospital Municipal y\u2026","rel":"","context":"En \u00abREGIONALES\u00bb","block_context":{"text":"REGIONALES","link":"https:\/\/larevistadigital.com.ar\/blog\/category\/regionales\/"},"img":{"alt_text":"","src":"https:\/\/i0.wp.com\/larevistadigital.com.ar\/blog\/wp-content\/uploads\/General-madariaga-dic-2020.jpg?fit=800%2C600&ssl=1&resize=350%2C200","width":350,"height":200,"srcset":"https:\/\/i0.wp.com\/larevistadigital.com.ar\/blog\/wp-content\/uploads\/General-madariaga-dic-2020.jpg?fit=800%2C600&ssl=1&resize=350%2C200 1x, https:\/\/i0.wp.com\/larevistadigital.com.ar\/blog\/wp-content\/uploads\/General-madariaga-dic-2020.jpg?fit=800%2C600&ssl=1&resize=525%2C300 1.5x, https:\/\/i0.wp.com\/larevistadigital.com.ar\/blog\/wp-content\/uploads\/General-madariaga-dic-2020.jpg?fit=800%2C600&ssl=1&resize=700%2C400 2x"},"classes":[]},{"id":20031,"url":"https:\/\/larevistadigital.com.ar\/blog\/gral-madariaga-inauguran-el-zoom-en-una-escuela-donde-se-comenzaron-a-juntar-los-fondos-hace-30-anos\/","url_meta":{"origin":35058,"position":3},"title":"GRAL. MADARIAGA: INAUGURAN EL SUM EN UNA ESCUELA DONDE SE COMENZARON A JUNTAR LOS FONDOS HACE 30 A\u00d1OS","author":"Alejandro Sosa Ruda","date":"3 mayo, 2021","format":false,"excerpt":"GENERAL MADARIAGA - Con la inauguraci\u00f3n del Sal\u00f3n de Usos M\u00faltiples (SUM) de la escuela N\u00b02 Tuy\u00fa, se concret\u00f3 un anhelo de 30 a\u00f1os para comunidad educativa de General Madariaga. Es que la cooperadora de dicho establecimiento hab\u00eda empezado a juntar fondos para su construcci\u00f3n en 1991, hace 30 a\u00f1os\u2026","rel":"","context":"En \u00abREGIONALES\u00bb","block_context":{"text":"REGIONALES","link":"https:\/\/larevistadigital.com.ar\/blog\/category\/regionales\/"},"img":{"alt_text":"","src":"https:\/\/i0.wp.com\/larevistadigital.com.ar\/blog\/wp-content\/uploads\/ee153b2d28e4d53f99393f1605272993df5abcd7.jpg?fit=1140%2C641&ssl=1&resize=350%2C200","width":350,"height":200,"srcset":"https:\/\/i0.wp.com\/larevistadigital.com.ar\/blog\/wp-content\/uploads\/ee153b2d28e4d53f99393f1605272993df5abcd7.jpg?fit=1140%2C641&ssl=1&resize=350%2C200 1x, https:\/\/i0.wp.com\/larevistadigital.com.ar\/blog\/wp-content\/uploads\/ee153b2d28e4d53f99393f1605272993df5abcd7.jpg?fit=1140%2C641&ssl=1&resize=525%2C300 1.5x, https:\/\/i0.wp.com\/larevistadigital.com.ar\/blog\/wp-content\/uploads\/ee153b2d28e4d53f99393f1605272993df5abcd7.jpg?fit=1140%2C641&ssl=1&resize=700%2C400 2x, https:\/\/i0.wp.com\/larevistadigital.com.ar\/blog\/wp-content\/uploads\/ee153b2d28e4d53f99393f1605272993df5abcd7.jpg?fit=1140%2C641&ssl=1&resize=1050%2C600 3x"},"classes":[]},{"id":24118,"url":"https:\/\/larevistadigital.com.ar\/blog\/el-diputado-chascomunense-cote-rossi-junto-al-gobernador-y-ministros-estuvieron-en-gral-madariaga\/","url_meta":{"origin":35058,"position":4},"title":"EL DIPUTADO CHASCOMUNENSE \u00abCOTE\u00bb ROSSI, JUNTO AL GOBERNADOR Y MINISTROS ESTUVIERON EN GRAL. MADARIAGA","author":"Alejandro Sosa Ruda","date":"19 febrero, 2022","format":false,"excerpt":"Formaron parte de un importante evento, que nucle\u00f3 a gran cantidad de autoridades y cont\u00f3 con un nutrido apoyo de los vecinos del lugar y de distintos lugares de la provincia El diputado provincial chascomunense Jos\u00e9 Ignacio \"Cote\" Rossi, estuvo presente en General Madariaga y particip\u00f3 junto al gobernador Axel\u2026","rel":"","context":"En \u00abPOLITICA PROVINCIAL\u00bb","block_context":{"text":"POLITICA PROVINCIAL","link":"https:\/\/larevistadigital.com.ar\/blog\/category\/politica\/politica-provincial\/"},"img":{"alt_text":"","src":"https:\/\/i0.wp.com\/larevistadigital.com.ar\/blog\/wp-content\/uploads\/272971084_10224079007956947_8100341202515261089_n.jpg?fit=850%2C853&ssl=1&resize=350%2C200","width":350,"height":200,"srcset":"https:\/\/i0.wp.com\/larevistadigital.com.ar\/blog\/wp-content\/uploads\/272971084_10224079007956947_8100341202515261089_n.jpg?fit=850%2C853&ssl=1&resize=350%2C200 1x, https:\/\/i0.wp.com\/larevistadigital.com.ar\/blog\/wp-content\/uploads\/272971084_10224079007956947_8100341202515261089_n.jpg?fit=850%2C853&ssl=1&resize=525%2C300 1.5x, https:\/\/i0.wp.com\/larevistadigital.com.ar\/blog\/wp-content\/uploads\/272971084_10224079007956947_8100341202515261089_n.jpg?fit=850%2C853&ssl=1&resize=700%2C400 2x"},"classes":[]},{"id":25708,"url":"https:\/\/larevistadigital.com.ar\/blog\/quinta-seccion-la-juventud-radical-se-reunio-en-madariaga\/","url_meta":{"origin":35058,"position":5},"title":"QUINTA SECCI\u00d3N: LA JUVENTUD RADICAL SE REUNI\u00d3 EN MADARIAGA","author":"Alejandro Sosa Ruda","date":"9 junio, 2022","format":false,"excerpt":"J\u00f3venes de los diferentes distritos que la componen se acercaron al Paraje Macedo en donde tuvieron lugar las diversas actividades. Comenzando con una propuesta solidaria en la que pintaron la Escuela Primaria N\u00b07, luego el primer panel de formaci\u00f3n se centr\u00f3 en el debate y puesta en com\u00fan de las\u2026","rel":"","context":"En \u00abREGIONALES\u00bb","block_context":{"text":"REGIONALES","link":"https:\/\/larevistadigital.com.ar\/blog\/category\/regionales\/"},"img":{"alt_text":"","src":"https:\/\/i0.wp.com\/larevistadigital.com.ar\/blog\/wp-content\/uploads\/20220608160634_juventud-radical-quinta-seccion-2.jpg?fit=880%2C512&ssl=1&resize=350%2C200","width":350,"height":200,"srcset":"https:\/\/i0.wp.com\/larevistadigital.com.ar\/blog\/wp-content\/uploads\/20220608160634_juventud-radical-quinta-seccion-2.jpg?fit=880%2C512&ssl=1&resize=350%2C200 1x, https:\/\/i0.wp.com\/larevistadigital.com.ar\/blog\/wp-content\/uploads\/20220608160634_juventud-radical-quinta-seccion-2.jpg?fit=880%2C512&ssl=1&resize=525%2C300 1.5x, https:\/\/i0.wp.com\/larevistadigital.com.ar\/blog\/wp-content\/uploads\/20220608160634_juventud-radical-quinta-seccion-2.jpg?fit=880%2C512&ssl=1&resize=700%2C400 2x"},"classes":[]}],"_links":{"self":[{"href":"https:\/\/larevistadigital.com.ar\/blog\/wp-json\/wp\/v2\/posts\/35058","targetHints":{"allow":["GET"]}}],"collection":[{"href":"https:\/\/larevistadigital.com.ar\/blog\/wp-json\/wp\/v2\/posts"}],"about":[{"href":"https:\/\/larevistadigital.com.ar\/blog\/wp-json\/wp\/v2\/types\/post"}],"author":[{"embeddable":true,"href":"https:\/\/larevistadigital.com.ar\/blog\/wp-json\/wp\/v2\/users\/3"}],"replies":[{"embeddable":true,"href":"https:\/\/larevistadigital.com.ar\/blog\/wp-json\/wp\/v2\/comments?post=35058"}],"version-history":[{"count":1,"href":"https:\/\/larevistadigital.com.ar\/blog\/wp-json\/wp\/v2\/posts\/35058\/revisions"}],"predecessor-version":[{"id":35061,"href":"https:\/\/larevistadigital.com.ar\/blog\/wp-json\/wp\/v2\/posts\/35058\/revisions\/35061"}],"wp:featuredmedia":[{"embeddable":true,"href":"https:\/\/larevistadigital.com.ar\/blog\/wp-json\/wp\/v2\/media\/35060"}],"wp:attachment":[{"href":"https:\/\/larevistadigital.com.ar\/blog\/wp-json\/wp\/v2\/media?parent=35058"}],"wp:term":[{"taxonomy":"category","embeddable":true,"href":"https:\/\/larevistadigital.com.ar\/blog\/wp-json\/wp\/v2\/categories?post=35058"},{"taxonomy":"post_tag","embeddable":true,"href":"https:\/\/larevistadigital.com.ar\/blog\/wp-json\/wp\/v2\/tags?post=35058"}],"curies":[{"name":"wp","href":"https:\/\/api.w.org\/{rel}","templated":true}]}}