{"id":35062,"date":"2024-01-21T15:51:40","date_gmt":"2024-01-21T18:51:40","guid":{"rendered":"https:\/\/larevistadigital.com.ar\/blog\/?p=35062"},"modified":"2024-01-21T15:51:40","modified_gmt":"2024-01-21T18:51:40","slug":"conmocion-en-la-costa-encontraron-muerto-a-concejal-de-la-libertad-avanza","status":"publish","type":"post","link":"https:\/\/larevistadigital.com.ar\/blog\/conmocion-en-la-costa-encontraron-muerto-a-concejal-de-la-libertad-avanza\/","title":{"rendered":"CONMOCI\u00d3N EN LA COSTA: ENCONTRARON MUERTO A CONCEJAL DE LA LIBERTAD AVANZA"},"content":{"rendered":"<h2>Lo encontraron por la ma\u00f1ana de hoy, domingo 21\/1. Se habr\u00eda quitado la vida.<\/h2>\n<p>21 de enero de 2023<\/p>\n<p><strong>LA COSTA &#8211;\u00a0 \u00a0<\/strong>Seg\u00fan inform\u00f3 el sitio \u00abmiradacentral.com\u00bb, hoy por la ma\u00f1ana fue encontrado muerto el <strong>concejal<\/strong> <strong>electo por la Libertad Avanza, Gonzalo Rojo.<\/strong>\u00a0La novedad conmocion\u00f3 a la pol\u00edtica costera ante la decisi\u00f3n que tom\u00f3 este vecino que ten\u00eda un hijo de dos a\u00f1os y estaba casado.<\/p>\n<p><strong>\u200b\u200b\u200b\u200b\u200bRomero Rojo hab\u00eda jurado el 11 de diciembre de 2023 como concejal suplente del bloque de La Libertad Avanza,<\/strong>\u00a0luego de una muy buena elecci\u00f3n del espacio que llevaba como candidata a intendente a <strong>Roxana Cavallini<\/strong>. El buen resultado obtenido en los comicios le permiti\u00f3 a La Libertad Avanza alcanzar dos bancas en el Concejo Deliberante, que fueron ocupadas por\u00a0 <strong>Ricardo Ar\u00e9balo y Elizabeth Ferrin.<\/strong><\/p>\n<p>Hoy por la ma\u00f1ana, las autoridades del Concejo Deliberante de la Costa, emitieron un comunicado donde hicieron llegar las condolencias en este triste y dif\u00edcil momento a familiares y amigos.<\/p>\n<blockquote>\n<h3><b>Tambi\u00e9n desde La Libertad Avanza costera expresaron su dolor<\/b>: <em><strong>\u201cLa Libertad Avanza acompa\u00f1a en el dolor a familiares y amigos de Gonzalo Rojo Romero. Lamentamos su pronta partida. Te vamos a extra\u00f1ar Gonza. Juraste como concejal y para nosotros ya lo eras. QEPD\u201d<\/strong><\/em>, escribieron en redes sociales.<\/h3>\n<\/blockquote>\n<p>No solo sus compa\u00f1eros del sector de <strong>Javier Milei<\/strong> se manifestaron,\u00a0<b>tambi\u00e9n escribi\u00f3 la senadora provincial Flavia Delmonte:\u00a0<\/b>\u00a0<strong><em>\u201cCon hondo pesar lamentamos el fallecimiento del concejal Gonzalo Rojo Romero\u201d<\/em><\/strong>, tuite\u00f3 la representante de Juntos por el Cambio.<\/p>\n<p>FUENE: Miradacentral.com<\/p>\n","protected":false},"excerpt":{"rendered":"<div class=\"mh-excerpt\"><p>Lo encontraron por la ma\u00f1ana de hoy, domingo 21\/1. Se habr\u00eda quitado la vida. 21 de enero de 2023 LA COSTA &#8211;\u00a0 \u00a0Seg\u00fan inform\u00f3 el sitio \u00abmiradacentral.com\u00bb, hoy por la ma\u00f1ana fue encontrado muerto el <a class=\"mh-excerpt-more\" href=\"https:\/\/larevistadigital.com.ar\/blog\/conmocion-en-la-costa-encontraron-muerto-a-concejal-de-la-libertad-avanza\/\" title=\"CONMOCI\u00d3N EN LA COSTA: ENCONTRARON MUERTO A CONCEJAL DE LA LIBERTAD AVANZA\">[Leer M\u00e1s]<\/a><\/p>\n<\/div>","protected":false},"author":3,"featured_media":35063,"comment_status":"open","ping_status":"open","sticky":false,"template":"","format":"standard","meta":{"_jetpack_memberships_contains_paid_content":false,"footnotes":"","jetpack_publicize_message":"","jetpack_publicize_feature_enabled":true,"jetpack_social_post_already_shared":true,"jetpack_social_options":{"image_generator_settings":{"template":"highway","default_image_id":0,"font":"","enabled":false},"version":2}},"categories":[12,51],"tags":[],"class_list":{"0":"post-35062","1":"post","2":"type-post","3":"status-publish","4":"format-standard","5":"has-post-thumbnail","7":"category-politica","8":"category-regionales"},"jetpack_publicize_connections":[],"jetpack_featured_media_url":"https:\/\/i0.wp.com\/larevistadigital.com.ar\/blog\/wp-content\/uploads\/Captura-de-pantalla-2024-01-21-154300.png?fit=747%2C444&ssl=1","jetpack_sharing_enabled":true,"jetpack_shortlink":"https:\/\/wp.me\/p8qtrQ-97w","jetpack-related-posts":[{"id":45282,"url":"https:\/\/larevistadigital.com.ar\/blog\/hecho-aislado-o-senal-de-alerta-concejal-de-villa-gesell-deja-la-libertad-avanza-y-se-suma-a-otro-espacio\/","url_meta":{"origin":35062,"position":0},"title":"\u00bfHecho aislado, o se\u00f1al de alerta?&#8230; Concejal de Villa Gesell deja La Libertad Avanza y se suma a otro espacio.","author":"Alejandro Sosa Ruda","date":"23 abril, 2026","format":false,"excerpt":"Luis Vivas anunci\u00f3 la ruptura en plena sesi\u00f3n del Concejo Deliberante y formaliz\u00f3 su incorporaci\u00f3n a Consolidaci\u00f3n Argentina, espacio que propone a Dante Guebel. Ya hubo otros pases en la regi\u00f3n y crece la tensi\u00f3n en el armado libertario. 23 de abril de 2026 VILLA GESELL -\u00a0 \u00a0La interna y\u2026","rel":"","context":"En \u00abPOLITICA\u00bb","block_context":{"text":"POLITICA","link":"https:\/\/larevistadigital.com.ar\/blog\/category\/politica\/"},"img":{"alt_text":"","src":"https:\/\/i0.wp.com\/larevistadigital.com.ar\/blog\/wp-content\/uploads\/416035d6115473e6d095bf19dd83896f1f193752.jpg?fit=1140%2C744&ssl=1&resize=350%2C200","width":350,"height":200,"srcset":"https:\/\/i0.wp.com\/larevistadigital.com.ar\/blog\/wp-content\/uploads\/416035d6115473e6d095bf19dd83896f1f193752.jpg?fit=1140%2C744&ssl=1&resize=350%2C200 1x, https:\/\/i0.wp.com\/larevistadigital.com.ar\/blog\/wp-content\/uploads\/416035d6115473e6d095bf19dd83896f1f193752.jpg?fit=1140%2C744&ssl=1&resize=525%2C300 1.5x, https:\/\/i0.wp.com\/larevistadigital.com.ar\/blog\/wp-content\/uploads\/416035d6115473e6d095bf19dd83896f1f193752.jpg?fit=1140%2C744&ssl=1&resize=700%2C400 2x, https:\/\/i0.wp.com\/larevistadigital.com.ar\/blog\/wp-content\/uploads\/416035d6115473e6d095bf19dd83896f1f193752.jpg?fit=1140%2C744&ssl=1&resize=1050%2C600 3x"},"classes":[]},{"id":41331,"url":"https:\/\/larevistadigital.com.ar\/blog\/chascomus-lucio-alfonsin-se-impuso-por-amplio-margen-en-los-comicios-para-concejal\/","url_meta":{"origin":35062,"position":1},"title":"Chascom\u00fas: Lucio Alfons\u00edn se impuso por amplio m\u00e1rgen en los comicios para concejal","author":"Alejandro Sosa Ruda","date":"7 septiembre, 2025","format":false,"excerpt":"Gan\u00f3 la elecci\u00f3n por casi diez puntos de distancia sobre su inmediato perseguidor, Santiago Dos Santos, que solo pudo sacarle 22 votos de diferencia al Dr, Toledo, de La Libertad Avanza. Santiago Casalins, qued\u00f3\u00a0 cuarto, a 492 votos de diferencia. 7 de Septirmbre de 2025 CHASCOM\u00daS -\u00a0 Luego de una\u2026","rel":"","context":"En \u00abCHASCOM\u00daS\u00bb","block_context":{"text":"CHASCOM\u00daS","link":"https:\/\/larevistadigital.com.ar\/blog\/category\/chascomus\/"},"img":{"alt_text":"","src":"https:\/\/i0.wp.com\/larevistadigital.com.ar\/blog\/wp-content\/uploads\/WhatsApp-Image-2025-09-07-at-12.23.18.jpeg?fit=1200%2C798&ssl=1&resize=350%2C200","width":350,"height":200,"srcset":"https:\/\/i0.wp.com\/larevistadigital.com.ar\/blog\/wp-content\/uploads\/WhatsApp-Image-2025-09-07-at-12.23.18.jpeg?fit=1200%2C798&ssl=1&resize=350%2C200 1x, https:\/\/i0.wp.com\/larevistadigital.com.ar\/blog\/wp-content\/uploads\/WhatsApp-Image-2025-09-07-at-12.23.18.jpeg?fit=1200%2C798&ssl=1&resize=525%2C300 1.5x, https:\/\/i0.wp.com\/larevistadigital.com.ar\/blog\/wp-content\/uploads\/WhatsApp-Image-2025-09-07-at-12.23.18.jpeg?fit=1200%2C798&ssl=1&resize=700%2C400 2x, https:\/\/i0.wp.com\/larevistadigital.com.ar\/blog\/wp-content\/uploads\/WhatsApp-Image-2025-09-07-at-12.23.18.jpeg?fit=1200%2C798&ssl=1&resize=1050%2C600 3x"},"classes":[]},{"id":42871,"url":"https:\/\/larevistadigital.com.ar\/blog\/tension-empate-y-quiebre-politico-asi-quedo-conformado-el-nuevo-concejo-deliberante-de-la-costa\/","url_meta":{"origin":35062,"position":2},"title":"Tensi\u00f3n, empate y quiebre pol\u00edtico: as\u00ed qued\u00f3 conformado el nuevo Concejo Deliberante de La Costa","author":"Alejandro Sosa Ruda","date":"12 diciembre, 2025","format":false,"excerpt":"La sesi\u00f3n especial dej\u00f3 continuidad en la presidencia, una inesperada fractura en La Libertad Avanza y un mapa legislativo sin mayor\u00edas autom\u00e1ticas para el per\u00edodo que comienza. 12 de Diciembre de 2025 El Honorable Concejo Deliberante del Partido de La Costa vivi\u00f3 este jueves 11 de diciembre una jornada cargada\u2026","rel":"","context":"En \u00abPOLITICA PROVINCIAL\u00bb","block_context":{"text":"POLITICA PROVINCIAL","link":"https:\/\/larevistadigital.com.ar\/blog\/category\/politica\/politica-provincial\/"},"img":{"alt_text":"","src":"https:\/\/i0.wp.com\/larevistadigital.com.ar\/blog\/wp-content\/uploads\/e56748c2090c1dc18cb4299b44015630bfbb0c5d.jpeg?fit=1140%2C664&ssl=1&resize=350%2C200","width":350,"height":200,"srcset":"https:\/\/i0.wp.com\/larevistadigital.com.ar\/blog\/wp-content\/uploads\/e56748c2090c1dc18cb4299b44015630bfbb0c5d.jpeg?fit=1140%2C664&ssl=1&resize=350%2C200 1x, https:\/\/i0.wp.com\/larevistadigital.com.ar\/blog\/wp-content\/uploads\/e56748c2090c1dc18cb4299b44015630bfbb0c5d.jpeg?fit=1140%2C664&ssl=1&resize=525%2C300 1.5x, https:\/\/i0.wp.com\/larevistadigital.com.ar\/blog\/wp-content\/uploads\/e56748c2090c1dc18cb4299b44015630bfbb0c5d.jpeg?fit=1140%2C664&ssl=1&resize=700%2C400 2x, https:\/\/i0.wp.com\/larevistadigital.com.ar\/blog\/wp-content\/uploads\/e56748c2090c1dc18cb4299b44015630bfbb0c5d.jpeg?fit=1140%2C664&ssl=1&resize=1050%2C600 3x"},"classes":[]},{"id":40426,"url":"https:\/\/larevistadigital.com.ar\/blog\/lito-fernandez-en-la-libertad-avanza-priorizamos-las-ideas-por-sobre-los-nombres\/","url_meta":{"origin":35062,"position":3},"title":"Lito Fern\u00e1ndez: \u201cEn La Libertad Avanza priorizamos las ideas por sobre los nombres\u201d","author":"Alejandro Sosa Ruda","date":"11 julio, 2025","format":false,"excerpt":"El referente de LLA en Chascom\u00fas se refiri\u00f3 a los movimientos internos del espacio, el acuerdo con el PRO y su visi\u00f3n sobre el escenario pol\u00edtico local de cara a las elecciones de septiembre. 11 de Julio de 2025 CHASCOM\u00daS -\u00a0 Antonio \u201cLito\u201d Fern\u00e1ndez, referente de La Libertad Avanza en\u2026","rel":"","context":"En \u00abATAQUE DE RADIO\u00bb","block_context":{"text":"ATAQUE DE RADIO","link":"https:\/\/larevistadigital.com.ar\/blog\/category\/ataque-de-radio\/"},"img":{"alt_text":"","src":"https:\/\/i0.wp.com\/larevistadigital.com.ar\/blog\/wp-content\/uploads\/NOTA-LITO-FERNANDEZ.jpg?fit=902%2C455&ssl=1&resize=350%2C200","width":350,"height":200,"srcset":"https:\/\/i0.wp.com\/larevistadigital.com.ar\/blog\/wp-content\/uploads\/NOTA-LITO-FERNANDEZ.jpg?fit=902%2C455&ssl=1&resize=350%2C200 1x, https:\/\/i0.wp.com\/larevistadigital.com.ar\/blog\/wp-content\/uploads\/NOTA-LITO-FERNANDEZ.jpg?fit=902%2C455&ssl=1&resize=525%2C300 1.5x, https:\/\/i0.wp.com\/larevistadigital.com.ar\/blog\/wp-content\/uploads\/NOTA-LITO-FERNANDEZ.jpg?fit=902%2C455&ssl=1&resize=700%2C400 2x"},"classes":[]},{"id":42247,"url":"https:\/\/larevistadigital.com.ar\/blog\/el-mapa-completo-de-los-ganadores-en-la-provincia-de-bs-as-distrito-por-distrito\/","url_meta":{"origin":35062,"position":4},"title":"El mapa completo de los ganadores en la provincia de Bs As, distrito por distrito","author":"Alejandro Sosa Ruda","date":"27 octubre, 2025","format":false,"excerpt":"Adolfo Alsina: 97,58% escrutado La Libertad Avanza: 44,12% Fuerza Patria: 28,37% Propuesta Federal Para el Cambio: 3,11% Adolfo Gonzales Chaves: 96,75% escrutado La Libertad Avanza: 42,68% Fuerza Patria: 38% Alianza Nuevos Aires: 7,50% Alberti: 100% escrutado La Libertad Avanza: 48,13% Fuerza Patria: 37,83% Alianza Provincias Unidas: 3,95% Almirante Brown: 92,91%\u2026","rel":"","context":"En \u00abDESTACADAS\u00bb","block_context":{"text":"DESTACADAS","link":"https:\/\/larevistadigital.com.ar\/blog\/category\/destacadas\/"},"img":{"alt_text":"","src":"https:\/\/i0.wp.com\/larevistadigital.com.ar\/blog\/wp-content\/uploads\/elecciones-26-de-octubre-cuando-se-conoceran-los-primeros-resultados-2124019.jpg?fit=987%2C555&ssl=1&resize=350%2C200","width":350,"height":200,"srcset":"https:\/\/i0.wp.com\/larevistadigital.com.ar\/blog\/wp-content\/uploads\/elecciones-26-de-octubre-cuando-se-conoceran-los-primeros-resultados-2124019.jpg?fit=987%2C555&ssl=1&resize=350%2C200 1x, https:\/\/i0.wp.com\/larevistadigital.com.ar\/blog\/wp-content\/uploads\/elecciones-26-de-octubre-cuando-se-conoceran-los-primeros-resultados-2124019.jpg?fit=987%2C555&ssl=1&resize=525%2C300 1.5x, https:\/\/i0.wp.com\/larevistadigital.com.ar\/blog\/wp-content\/uploads\/elecciones-26-de-octubre-cuando-se-conoceran-los-primeros-resultados-2124019.jpg?fit=987%2C555&ssl=1&resize=700%2C400 2x"},"classes":[]},{"id":39891,"url":"https:\/\/larevistadigital.com.ar\/blog\/una-concejal-de-juntos-insulto-a-una-edil-libertaria-y-profundizo-la-interna-opositora\/","url_meta":{"origin":35062,"position":5},"title":"Una concejal de Juntos insult\u00f3 a una edil libertaria y profundiz\u00f3 la interna opositora","author":"Alejandro Sosa Ruda","date":"25 mayo, 2025","format":false,"excerpt":"En una sesi\u00f3n del Concejo Deliberante del municipio de La Costa, la concejal Evangelina Cordone, de Juntos por el Cambio, lanz\u00f3 insultos violentos contra su par, Elizabeth Ferr\u00edn, de La Libertad Avanza, provocando indignaci\u00f3n. Este incidente se suma a un previo enfrentamiento con Roxana Cavallini y deja al descubierto la\u2026","rel":"","context":"En \u00abPOLITICA PROVINCIAL\u00bb","block_context":{"text":"POLITICA PROVINCIAL","link":"https:\/\/larevistadigital.com.ar\/blog\/category\/politica\/politica-provincial\/"},"img":{"alt_text":"","src":"https:\/\/i0.wp.com\/larevistadigital.com.ar\/blog\/wp-content\/uploads\/20250523170957_la-concejal-evangelina-cordone-juntos.jpg?fit=880%2C512&ssl=1&resize=350%2C200","width":350,"height":200,"srcset":"https:\/\/i0.wp.com\/larevistadigital.com.ar\/blog\/wp-content\/uploads\/20250523170957_la-concejal-evangelina-cordone-juntos.jpg?fit=880%2C512&ssl=1&resize=350%2C200 1x, https:\/\/i0.wp.com\/larevistadigital.com.ar\/blog\/wp-content\/uploads\/20250523170957_la-concejal-evangelina-cordone-juntos.jpg?fit=880%2C512&ssl=1&resize=525%2C300 1.5x, https:\/\/i0.wp.com\/larevistadigital.com.ar\/blog\/wp-content\/uploads\/20250523170957_la-concejal-evangelina-cordone-juntos.jpg?fit=880%2C512&ssl=1&resize=700%2C400 2x"},"classes":[]}],"_links":{"self":[{"href":"https:\/\/larevistadigital.com.ar\/blog\/wp-json\/wp\/v2\/posts\/35062","targetHints":{"allow":["GET"]}}],"collection":[{"href":"https:\/\/larevistadigital.com.ar\/blog\/wp-json\/wp\/v2\/posts"}],"about":[{"href":"https:\/\/larevistadigital.com.ar\/blog\/wp-json\/wp\/v2\/types\/post"}],"author":[{"embeddable":true,"href":"https:\/\/larevistadigital.com.ar\/blog\/wp-json\/wp\/v2\/users\/3"}],"replies":[{"embeddable":true,"href":"https:\/\/larevistadigital.com.ar\/blog\/wp-json\/wp\/v2\/comments?post=35062"}],"version-history":[{"count":1,"href":"https:\/\/larevistadigital.com.ar\/blog\/wp-json\/wp\/v2\/posts\/35062\/revisions"}],"predecessor-version":[{"id":35064,"href":"https:\/\/larevistadigital.com.ar\/blog\/wp-json\/wp\/v2\/posts\/35062\/revisions\/35064"}],"wp:featuredmedia":[{"embeddable":true,"href":"https:\/\/larevistadigital.com.ar\/blog\/wp-json\/wp\/v2\/media\/35063"}],"wp:attachment":[{"href":"https:\/\/larevistadigital.com.ar\/blog\/wp-json\/wp\/v2\/media?parent=35062"}],"wp:term":[{"taxonomy":"category","embeddable":true,"href":"https:\/\/larevistadigital.com.ar\/blog\/wp-json\/wp\/v2\/categories?post=35062"},{"taxonomy":"post_tag","embeddable":true,"href":"https:\/\/larevistadigital.com.ar\/blog\/wp-json\/wp\/v2\/tags?post=35062"}],"curies":[{"name":"wp","href":"https:\/\/api.w.org\/{rel}","templated":true}]}}