{"id":35070,"date":"2024-01-22T18:51:15","date_gmt":"2024-01-22T21:51:15","guid":{"rendered":"https:\/\/larevistadigital.com.ar\/blog\/?p=35070"},"modified":"2024-01-22T18:51:15","modified_gmt":"2024-01-22T21:51:15","slug":"fallecio-umma-la-nena-de-9-anos-baleada-en-un-intento-de-robo-a-su-padre-custodio-de-patricia-bullrich","status":"publish","type":"post","link":"https:\/\/larevistadigital.com.ar\/blog\/fallecio-umma-la-nena-de-9-anos-baleada-en-un-intento-de-robo-a-su-padre-custodio-de-patricia-bullrich\/","title":{"rendered":"FALLECI\u00d3 UMMA, LA NENA DE 9 A\u00d1OS BALEADA EN UN INTENTO DE ROBO A SU PADRE, CUSTODIO DE PATRICIA BULLRICH"},"content":{"rendered":"<h2>Patricia Bullrich asegur\u00f3 que \u00abMano dura es matar a una nena de 9 a\u00f1os\u00bb. Umma Aguilera muri\u00f3 en el hospital Churruca tras haber recibido un tiro en la nuca.<\/h2>\n<p>22 de enero de 2023<\/p>\n<p>Lamentablemente, despu\u00e9s de pelear por su vida,<strong>\u00a0Umma<\/strong>, la nena de 9 a\u00f1os que hab\u00eda sido baleada en el marco de un asalto en la localidad de Villa Centenario muri\u00f3 por las heridas recibidas. Su padre era el custodio personal de la ministra de seguridad\u00a0<strong>Patricia Bullrich<\/strong>, quien no ocult\u00f3 su indignaci\u00f3n por lo ocurrido.<\/p>\n<p>En conferencia de prensa desde el Hospital Churruca, la jefa de la cartera de Seguridad prometi\u00f3 ir hasta las \u00faltimas consecuencias y poner mano dura a la situaci\u00f3n. <strong><em>\u00abEs un dolor enorme para todos los argentinos, para la Polic\u00eda Federal, para su jefe que est\u00e1 aqu\u00ed, el Secretario de Seguridad y para m\u00ed especialmente, que\u00a0Eduardo Aguilera\u00a0el d\u00eda de ayer estuvo conmigo en mi custodia y hoy llorando el brutal asesinato de su hija\u00bb<\/em><\/strong>, comenz\u00f3, al tiempo que pidi\u00f3 al Ministerio de Seguridad bonaerense <strong><em>\u00abponer el esfuerzo necesario\u00bb<\/em><\/strong> para cuidar a los ciudadanos.<\/p>\n<p><strong><em>\u00abNosotros en el caso de esta investigaci\u00f3n tenemos un especial inter\u00e9s en que la Polic\u00eda Federal trabaje para el esclarecimiento inmediato. M\u00e1s all\u00e1 del dolor de la familia de la Polic\u00eda Federal, de los argentinos y de nosotros mismos, m\u00e1s all\u00e1 del dolor, queremos que haya justicia, que las paguen estos asesinos de una nena de 9 a\u00f1os que le metieron un tiro en la cabeza para robarle el auto. Los dos pap\u00e1s son polic\u00edas, intentaron no hacer nada para proteger justamente a la nena y se llevaron lo peor que fue el tiro en la cabeza de la nena\u00bb<\/em><\/strong>, expres\u00f3\u00a0<strong>Bullrich<\/strong>.<\/p>\n<p>En este sentido, la ministra se comprometi\u00f3 a buscar y detener a los delincuentes que balearon a\u00a0<strong>Umma<\/strong>\u00a0y remarc\u00f3 que ser\u00e1 un trabajo en conjunto con la provincia de Buenos Aires. <strong><em>\u00abNecesitamos en la Provincia de Buenos Aires m\u00e1s prevenci\u00f3n, m\u00e1s patrullaje, m\u00e1s acompa\u00f1amiento a la tarea diaria. No queremos hacer cr\u00edticas porque no es momento de cr\u00edticas, es momento de estar todos juntos, la polic\u00eda de la provincia, la polic\u00eda federal, todos juntos porque todos est\u00e1n llorando el asesinato de Umma y todos quieren ir a buscar a los delincuentes. Pero los vamos a agarrar y las van a pagar\u00bb<\/em><\/strong>, asever\u00f3.<\/p>\n<p>Adem\u00e1s, asegur\u00f3 que los padres de la menor est\u00e1n consternados y que no pueden aceptar la muerte de su hija as\u00ed como ella tampoco puede permitirse dejarle pasar al gobierno de<strong>\u00a0Kicillof\u00a0<\/strong>este \u00aberror\u00bb. <strong><em>\u00abNosotros la verdad que estamos el d\u00eda de ma\u00f1ana con una reuni\u00f3n con la Provincia de Buenos Aires, queremos colaborar desde nuestra tarea que es la tarea federal, a tratar de que la Provincia de Buenos Aires pueda cada vez mejorar la seguridad, pero hoy no es d\u00eda para hablar de la polic\u00eda de la provincia, ni del Ministerio de Seguridad de la provincia, hoy es un d\u00eda de luto de los argentinos\u00bb<\/em><\/strong>, expres\u00f3.<\/p>\n<p>Sobre si el auto de los asaltantes, fue identificado para encontrarlos, la ministra insisti\u00f3 en que todav\u00eda est\u00e1 intentando localizarlos: <em><strong>\u00abNo vamos a escatimar ning\u00fan tipo de recursos para encontrar a los responsables de este terrible hecho.\u00bb<\/strong><\/em><\/p>\n","protected":false},"excerpt":{"rendered":"<div class=\"mh-excerpt\"><p>Patricia Bullrich asegur\u00f3 que \u00abMano dura es matar a una nena de 9 a\u00f1os\u00bb. Umma Aguilera muri\u00f3 en el hospital Churruca tras haber recibido un tiro en la nuca. 22 de enero de 2023 Lamentablemente, <a class=\"mh-excerpt-more\" href=\"https:\/\/larevistadigital.com.ar\/blog\/fallecio-umma-la-nena-de-9-anos-baleada-en-un-intento-de-robo-a-su-padre-custodio-de-patricia-bullrich\/\" title=\"FALLECI\u00d3 UMMA, LA NENA DE 9 A\u00d1OS BALEADA EN UN INTENTO DE ROBO A SU PADRE, CUSTODIO DE PATRICIA BULLRICH\">[Leer M\u00e1s]<\/a><\/p>\n<\/div>","protected":false},"author":3,"featured_media":35072,"comment_status":"open","ping_status":"open","sticky":false,"template":"","format":"standard","meta":{"_jetpack_memberships_contains_paid_content":false,"footnotes":"","jetpack_publicize_message":"","jetpack_publicize_feature_enabled":true,"jetpack_social_post_already_shared":true,"jetpack_social_options":{"image_generator_settings":{"template":"highway","default_image_id":0,"font":"","enabled":false},"version":2}},"categories":[41],"tags":[],"class_list":{"0":"post-35070","1":"post","2":"type-post","3":"status-publish","4":"format-standard","5":"has-post-thumbnail","7":"category-destacadas"},"jetpack_publicize_connections":[],"jetpack_featured_media_url":"https:\/\/i0.wp.com\/larevistadigital.com.ar\/blog\/wp-content\/uploads\/bullrich.jpg?fit=700%2C466&ssl=1","jetpack_sharing_enabled":true,"jetpack_shortlink":"https:\/\/wp.me\/p8qtrQ-97E","jetpack-related-posts":[{"id":35074,"url":"https:\/\/larevistadigital.com.ar\/blog\/presidente-milei-umma-fue-asesinada-cobardemente-vamos-a-hacer-que-paguen-por-la-vida-que-se-llevaron\/","url_meta":{"origin":35070,"position":0},"title":"PRESIDENTE MILEI: \u00abUMMA FUE ASESINADA COBARDEMENTE, VAMOS A HACER QUE PAGUEN POR LA VIDA QUE SE LLEVARON\u00bb.","author":"Alejandro Sosa Ruda","date":"22 enero, 2024","format":false,"excerpt":"El presidente fue contundente respecto a los responsables del crimen de la nena de 9 a\u00f1os, hija de un custodio de la Ministra Patricia Bullrich. 22 de enero de 2023 El brutal asesinato de Umma, una ni\u00f1a de 9 a\u00f1os, durante un intento de robo en Lomas de Zamora, ha\u2026","rel":"","context":"En \u00abINTERES GENERAL\u00bb","block_context":{"text":"INTERES GENERAL","link":"https:\/\/larevistadigital.com.ar\/blog\/category\/interes-general\/"},"img":{"alt_text":"","src":"https:\/\/i0.wp.com\/larevistadigital.com.ar\/blog\/wp-content\/uploads\/Captura-de-pantalla-2024-01-22-190023.png?fit=709%2C452&ssl=1&resize=350%2C200","width":350,"height":200,"srcset":"https:\/\/i0.wp.com\/larevistadigital.com.ar\/blog\/wp-content\/uploads\/Captura-de-pantalla-2024-01-22-190023.png?fit=709%2C452&ssl=1&resize=350%2C200 1x, https:\/\/i0.wp.com\/larevistadigital.com.ar\/blog\/wp-content\/uploads\/Captura-de-pantalla-2024-01-22-190023.png?fit=709%2C452&ssl=1&resize=525%2C300 1.5x, https:\/\/i0.wp.com\/larevistadigital.com.ar\/blog\/wp-content\/uploads\/Captura-de-pantalla-2024-01-22-190023.png?fit=709%2C452&ssl=1&resize=700%2C400 2x"},"classes":[]},{"id":31468,"url":"https:\/\/larevistadigital.com.ar\/blog\/tragedia-murio-una-nena-de-2-anos-golpeada-por-un-cano-que-llevaba-su-mama\/","url_meta":{"origin":35070,"position":1},"title":"TRAGEDIA: MURI\u00d3 UNA NENA DE 2 A\u00d1OS GOLPEADA POR UN CA\u00d1O QUE LLEVABA SU MAM\u00c1.","author":"Alejandro Sosa Ruda","date":"9 mayo, 2023","format":false,"excerpt":"La madre transportaba ca\u00f1os de calefacci\u00f3n en el changuito del supermercado y uno de ellos golpe\u00f3 en la cabeza a la nena. Un hombre que pasaba por el lugar llev\u00f3 a la nena hasta el Hospital Cura. All\u00ed fue recibida de urgencia por los profesionales del nosocomio, pero poco despu\u00e9s\u2026","rel":"","context":"En \u00abREGIONALES\u00bb","block_context":{"text":"REGIONALES","link":"https:\/\/larevistadigital.com.ar\/blog\/category\/regionales\/"},"img":{"alt_text":"","src":"https:\/\/i0.wp.com\/larevistadigital.com.ar\/blog\/wp-content\/uploads\/20230509144638_olav.jpg?fit=880%2C512&ssl=1&resize=350%2C200","width":350,"height":200,"srcset":"https:\/\/i0.wp.com\/larevistadigital.com.ar\/blog\/wp-content\/uploads\/20230509144638_olav.jpg?fit=880%2C512&ssl=1&resize=350%2C200 1x, https:\/\/i0.wp.com\/larevistadigital.com.ar\/blog\/wp-content\/uploads\/20230509144638_olav.jpg?fit=880%2C512&ssl=1&resize=525%2C300 1.5x, https:\/\/i0.wp.com\/larevistadigital.com.ar\/blog\/wp-content\/uploads\/20230509144638_olav.jpg?fit=880%2C512&ssl=1&resize=700%2C400 2x"},"classes":[]},{"id":32303,"url":"https:\/\/larevistadigital.com.ar\/blog\/desgracia-en-merlo-una-nena-se-disparo-con-un-arma-que-guardaba-su-padre-y-murio\/","url_meta":{"origin":35070,"position":2},"title":"DESGRACIA EN MERLO: UNA NENA SE DISPAR\u00d3 CON UN ARMA QUE GUARDABA SU PADRE Y MURI\u00d3","author":"Alejandro Sosa Ruda","date":"5 julio, 2023","format":false,"excerpt":"Ocurri\u00f3 cuando la v\u00edctima estaba jugando con una amiga en el dormitorio de sus padres. La causa fue caratulada como \u201cMuerte por accidente, tenencia ilegal de arma de uso civil condicional y encubrimiento\u201d. 5 de julio de 2023 MERLO -\u00a0 Una nena de ocho a\u00f1os muri\u00f3 despu\u00e9s de dispararse accidentalmente\u2026","rel":"","context":"En \u00abPOLICIALES\u00bb","block_context":{"text":"POLICIALES","link":"https:\/\/larevistadigital.com.ar\/blog\/category\/policiales\/"},"img":{"alt_text":"","src":"https:\/\/i0.wp.com\/larevistadigital.com.ar\/blog\/wp-content\/uploads\/20230705161335_merlo.jpg?fit=880%2C512&ssl=1&resize=350%2C200","width":350,"height":200,"srcset":"https:\/\/i0.wp.com\/larevistadigital.com.ar\/blog\/wp-content\/uploads\/20230705161335_merlo.jpg?fit=880%2C512&ssl=1&resize=350%2C200 1x, https:\/\/i0.wp.com\/larevistadigital.com.ar\/blog\/wp-content\/uploads\/20230705161335_merlo.jpg?fit=880%2C512&ssl=1&resize=525%2C300 1.5x, https:\/\/i0.wp.com\/larevistadigital.com.ar\/blog\/wp-content\/uploads\/20230705161335_merlo.jpg?fit=880%2C512&ssl=1&resize=700%2C400 2x"},"classes":[]},{"id":12316,"url":"https:\/\/larevistadigital.com.ar\/blog\/video-patricia-bullrich-acerca-de-los-movimientos-sociales-si-volvemos-a-ser-electos-esto-va-a-cambiar\/","url_meta":{"origin":35070,"position":3},"title":"[VIDEO] PATRICIA BULLRICH ACERCA DE LOS MOVIMIENTOS SOCIALES: \u00abSI VOLVEMOS A SER ELECTOS, ESTO VA A CAMBIAR\u00bb","author":"Alejandro Sosa Ruda","date":"26 septiembre, 2019","format":false,"excerpt":"La ministra de seguridad dijo que el gobierno les dio \"toda la plata\" y tienen \"demasiado poder\" e insisti\u00f3 con aplicar un protocolo antipiquetes. En medio de un acto de campa\u00f1a, la ministra de Seguridad Patricia Bullrich\u00a0critic\u00f3 este mi\u00e9rcoles a los movimientos sociales\u00a0\"vienen rompiendo desde el primer d\u00eda\" al gobierno\u2026","rel":"","context":"En \u00abINTERES GENERAL\u00bb","block_context":{"text":"INTERES GENERAL","link":"https:\/\/larevistadigital.com.ar\/blog\/category\/interes-general\/"},"img":{"alt_text":"","src":"https:\/\/i0.wp.com\/larevistadigital.com.ar\/blog\/wp-content\/uploads\/0036518346-1.jpg?fit=1140%2C640&ssl=1&resize=350%2C200","width":350,"height":200,"srcset":"https:\/\/i0.wp.com\/larevistadigital.com.ar\/blog\/wp-content\/uploads\/0036518346-1.jpg?fit=1140%2C640&ssl=1&resize=350%2C200 1x, https:\/\/i0.wp.com\/larevistadigital.com.ar\/blog\/wp-content\/uploads\/0036518346-1.jpg?fit=1140%2C640&ssl=1&resize=525%2C300 1.5x, https:\/\/i0.wp.com\/larevistadigital.com.ar\/blog\/wp-content\/uploads\/0036518346-1.jpg?fit=1140%2C640&ssl=1&resize=700%2C400 2x, https:\/\/i0.wp.com\/larevistadigital.com.ar\/blog\/wp-content\/uploads\/0036518346-1.jpg?fit=1140%2C640&ssl=1&resize=1050%2C600 3x"},"classes":[]},{"id":11063,"url":"https:\/\/larevistadigital.com.ar\/blog\/la-campana-arranco-con-un-deep-fake-a-patricia-bullrich\/","url_meta":{"origin":35070,"position":4},"title":"LA CAMPA\u00d1A ARRANC\u00d3 CON UN DEEP FAKE  A PATRICIA BULLRICH","author":"Alejandro Sosa Ruda","date":"4 julio, 2019","format":false,"excerpt":"La ministra de Seguridad\u00a0Patricia Bullrich fue la primera v\u00edctima de un\u00a0deep fake\u00a0a pocos d\u00edas del comienzo de la campa\u00f1a electoral para las PASO.\u00a0\"Me cay\u00f3 muy mal, ya di instrucciones a mi director de ciberseguridad para que baje ese video de Facebook y Google\", explic\u00f3 la ministra a Infobae.\u00a0 Bullrich lleg\u00f3\u2026","rel":"","context":"En \u00abDESTACADAS\u00bb","block_context":{"text":"DESTACADAS","link":"https:\/\/larevistadigital.com.ar\/blog\/category\/destacadas\/"},"img":{"alt_text":"","src":"https:\/\/i0.wp.com\/larevistadigital.com.ar\/blog\/wp-content\/uploads\/3052203w1033.jpg?fit=1033%2C688&ssl=1&resize=350%2C200","width":350,"height":200,"srcset":"https:\/\/i0.wp.com\/larevistadigital.com.ar\/blog\/wp-content\/uploads\/3052203w1033.jpg?fit=1033%2C688&ssl=1&resize=350%2C200 1x, https:\/\/i0.wp.com\/larevistadigital.com.ar\/blog\/wp-content\/uploads\/3052203w1033.jpg?fit=1033%2C688&ssl=1&resize=525%2C300 1.5x, https:\/\/i0.wp.com\/larevistadigital.com.ar\/blog\/wp-content\/uploads\/3052203w1033.jpg?fit=1033%2C688&ssl=1&resize=700%2C400 2x"},"classes":[]},{"id":31649,"url":"https:\/\/larevistadigital.com.ar\/blog\/bullrich-eligio-a-nestor-grindetti-como-su-candidato-a-gobernador-en-la-provincia\/","url_meta":{"origin":35070,"position":5},"title":"BULLRICH ELIGI\u00d3 A N\u00c9STOR GRINDETTI COMO SU CANDIDATO A GOBERNADOR EN LA PROVINCIA.","author":"Alejandro Sosa Ruda","date":"18 mayo, 2023","format":false,"excerpt":"Faltando pocos meses para las PASO, la precandidata a presidenta de Juntos por el Cambio dio la noticia\u00a0a trav\u00e9s de sus redes sociales. 18 de mayo de 2023 La precandidata presidencial del PRO, Patricia Bullrich, ha seleccionado al intendente en licencia de Lan\u00fas, N\u00e9stor Grindetti, como su postulante para gobernador\u2026","rel":"","context":"En \u00abINTERES GENERAL\u00bb","block_context":{"text":"INTERES GENERAL","link":"https:\/\/larevistadigital.com.ar\/blog\/category\/interes-general\/"},"img":{"alt_text":"","src":"https:\/\/i0.wp.com\/larevistadigital.com.ar\/blog\/wp-content\/uploads\/1684450230031.jpg?fit=1200%2C594&ssl=1&resize=350%2C200","width":350,"height":200,"srcset":"https:\/\/i0.wp.com\/larevistadigital.com.ar\/blog\/wp-content\/uploads\/1684450230031.jpg?fit=1200%2C594&ssl=1&resize=350%2C200 1x, https:\/\/i0.wp.com\/larevistadigital.com.ar\/blog\/wp-content\/uploads\/1684450230031.jpg?fit=1200%2C594&ssl=1&resize=525%2C300 1.5x, https:\/\/i0.wp.com\/larevistadigital.com.ar\/blog\/wp-content\/uploads\/1684450230031.jpg?fit=1200%2C594&ssl=1&resize=700%2C400 2x, https:\/\/i0.wp.com\/larevistadigital.com.ar\/blog\/wp-content\/uploads\/1684450230031.jpg?fit=1200%2C594&ssl=1&resize=1050%2C600 3x"},"classes":[]}],"_links":{"self":[{"href":"https:\/\/larevistadigital.com.ar\/blog\/wp-json\/wp\/v2\/posts\/35070","targetHints":{"allow":["GET"]}}],"collection":[{"href":"https:\/\/larevistadigital.com.ar\/blog\/wp-json\/wp\/v2\/posts"}],"about":[{"href":"https:\/\/larevistadigital.com.ar\/blog\/wp-json\/wp\/v2\/types\/post"}],"author":[{"embeddable":true,"href":"https:\/\/larevistadigital.com.ar\/blog\/wp-json\/wp\/v2\/users\/3"}],"replies":[{"embeddable":true,"href":"https:\/\/larevistadigital.com.ar\/blog\/wp-json\/wp\/v2\/comments?post=35070"}],"version-history":[{"count":1,"href":"https:\/\/larevistadigital.com.ar\/blog\/wp-json\/wp\/v2\/posts\/35070\/revisions"}],"predecessor-version":[{"id":35073,"href":"https:\/\/larevistadigital.com.ar\/blog\/wp-json\/wp\/v2\/posts\/35070\/revisions\/35073"}],"wp:featuredmedia":[{"embeddable":true,"href":"https:\/\/larevistadigital.com.ar\/blog\/wp-json\/wp\/v2\/media\/35072"}],"wp:attachment":[{"href":"https:\/\/larevistadigital.com.ar\/blog\/wp-json\/wp\/v2\/media?parent=35070"}],"wp:term":[{"taxonomy":"category","embeddable":true,"href":"https:\/\/larevistadigital.com.ar\/blog\/wp-json\/wp\/v2\/categories?post=35070"},{"taxonomy":"post_tag","embeddable":true,"href":"https:\/\/larevistadigital.com.ar\/blog\/wp-json\/wp\/v2\/tags?post=35070"}],"curies":[{"name":"wp","href":"https:\/\/api.w.org\/{rel}","templated":true}]}}