{"id":35074,"date":"2024-01-22T19:19:58","date_gmt":"2024-01-22T22:19:58","guid":{"rendered":"https:\/\/larevistadigital.com.ar\/blog\/?p=35074"},"modified":"2024-01-22T19:19:58","modified_gmt":"2024-01-22T22:19:58","slug":"presidente-milei-umma-fue-asesinada-cobardemente-vamos-a-hacer-que-paguen-por-la-vida-que-se-llevaron","status":"publish","type":"post","link":"https:\/\/larevistadigital.com.ar\/blog\/presidente-milei-umma-fue-asesinada-cobardemente-vamos-a-hacer-que-paguen-por-la-vida-que-se-llevaron\/","title":{"rendered":"PRESIDENTE MILEI: \u00abUMMA FUE ASESINADA COBARDEMENTE, VAMOS A HACER QUE PAGUEN POR LA VIDA QUE SE LLEVARON\u00bb."},"content":{"rendered":"<h2>El presidente fue contundente respecto a los responsables del crimen de la nena de 9 a\u00f1os, hija de un custodio de la Ministra Patricia Bullrich.<\/h2>\n<p>22 de enero de 2023<\/p>\n<p>El brutal asesinato de <strong>Umma<\/strong>, una ni\u00f1a de 9 a\u00f1os, durante un intento de robo en Lomas de Zamora, ha causado una gran conmoci\u00f3n en el pa\u00eds y ha provocado la reacci\u00f3n de todo el espectro pol\u00edtico. La v\u00edctima era hija de un custodio de la ministra de Seguridad, <strong>Patricia Bullrich<\/strong>, quien fue la primera en confirmar el hecho y enviar un duro mensaje a los criminales: <em><strong>\u201cAsesinaron a Umma. Estos criminales no tienen perd\u00f3n. Los vamos a buscar hasta encontrarlos. Estamos junto a sus padres, Mar\u00eda Eugenia y Eduardo, en este terrible momento y profundo dolor\u201d<\/strong><\/em>.<\/p>\n<p>El presidente <strong>Javier Milei<\/strong> se sum\u00f3 al repudio y expres\u00f3 su solidaridad con la familia en sus redes sociales: <strong><em>\u201cUmma ten\u00eda 9 a\u00f1os y fue asesinada cobardemente. Env\u00edo mis m\u00e1s sinceras condolencias a sus pap\u00e1s, Mar\u00eda Eugenia y Eduardo, ambos efectivos de nuestra Polic\u00eda Federal. Cuentan con mi apoyo y el de todo el Gobierno Nacional\u201d. Y agreg\u00f3: \u201cLos delincuentes creen que siguen viviendo en la Argentina de la impunidad, pero se equivocan. Los vamos a encontrar y vamos a hacer que paguen por la vida que se llevaron y por la familia que destruyeron\u201d<\/em><\/strong>.<\/p>\n<p>Por su parte, la vicepresidenta <strong>Victoria Villarruel<\/strong> tambi\u00e9n lament\u00f3 el fallecimiento de <strong>Umma<\/strong> y escribi\u00f3: <strong><em>\u201cAcaba de fallecer Umma de 9 a\u00f1os asesinada por delincuentes luego de intentar robar a sus padres, ambos integrantes de la Polic\u00eda Federal Argentina. Mi abrazo a la familia y el apoyo de nuestro gobierno a todos los argentinos de bien y a los polic\u00edas que nos cuidan diariamente. QEPD Umma\u201d<\/em><\/strong>.<\/p>\n<blockquote>\n<h3>Asimismo, el vocero Presidencial, <strong>Manuel Adorni<\/strong>, afirm\u00f3 que <em><strong>\u201ca los responsables les debe caer todo el peso de la ley\u201d<\/strong><\/em> y record\u00f3 que los padres de la ni\u00f1a asesinada eran \u201cpertenecientes a la Polic\u00eda Federal Argentina\u201d.<\/h3>\n<\/blockquote>\n<p>El ministro de Defensa, <strong>Luis Petri<\/strong>, que fue el compa\u00f1ero de f\u00f3rmula de Bullrich en las \u00faltimas elecciones, se sum\u00f3 al repudio y dijo: <strong><em>\u201cMataron a Umma, una nena de 9 a\u00f1os, hija de 2 miembros de la Polic\u00eda Federal. Estos criminaales tienen que pagar sus consecuencias. Mis condolencias a la familia en este dif\u00edcil momento\u201d.<\/em><\/strong><\/p>\n<p>Tambi\u00e9n el ministro de Justicia, <strong>Mariano C\u00faneo Libarona<\/strong>, tambi\u00e9n expres\u00f3 su pesar por la muerte de <strong>Umma<\/strong> y manifest\u00f3: <strong><em>\u201cLamento el fallecimiento de Umma y acompa\u00f1o a su familia en este doloroso momento\u201d<\/em><\/strong>.<\/p>\n","protected":false},"excerpt":{"rendered":"<div class=\"mh-excerpt\"><p>El presidente fue contundente respecto a los responsables del crimen de la nena de 9 a\u00f1os, hija de un custodio de la Ministra Patricia Bullrich. 22 de enero de 2023 El brutal asesinato de Umma, <a class=\"mh-excerpt-more\" href=\"https:\/\/larevistadigital.com.ar\/blog\/presidente-milei-umma-fue-asesinada-cobardemente-vamos-a-hacer-que-paguen-por-la-vida-que-se-llevaron\/\" title=\"PRESIDENTE MILEI: \u00abUMMA FUE ASESINADA COBARDEMENTE, VAMOS A HACER QUE PAGUEN POR LA VIDA QUE SE LLEVARON\u00bb.\">[Leer M\u00e1s]<\/a><\/p>\n<\/div>","protected":false},"author":3,"featured_media":35075,"comment_status":"open","ping_status":"open","sticky":false,"template":"","format":"standard","meta":{"_jetpack_memberships_contains_paid_content":false,"footnotes":"","jetpack_publicize_message":"","jetpack_publicize_feature_enabled":true,"jetpack_social_post_already_shared":true,"jetpack_social_options":{"image_generator_settings":{"template":"highway","default_image_id":0,"font":"","enabled":false},"version":2}},"categories":[50],"tags":[238],"class_list":{"0":"post-35074","1":"post","2":"type-post","3":"status-publish","4":"format-standard","5":"has-post-thumbnail","7":"category-interes-general","8":"tag-umma"},"jetpack_publicize_connections":[],"jetpack_featured_media_url":"https:\/\/i0.wp.com\/larevistadigital.com.ar\/blog\/wp-content\/uploads\/Captura-de-pantalla-2024-01-22-190023.png?fit=709%2C452&ssl=1","jetpack_sharing_enabled":true,"jetpack_shortlink":"https:\/\/wp.me\/p8qtrQ-97I","jetpack-related-posts":[{"id":35070,"url":"https:\/\/larevistadigital.com.ar\/blog\/fallecio-umma-la-nena-de-9-anos-baleada-en-un-intento-de-robo-a-su-padre-custodio-de-patricia-bullrich\/","url_meta":{"origin":35074,"position":0},"title":"FALLECI\u00d3 UMMA, LA NENA DE 9 A\u00d1OS BALEADA EN UN INTENTO DE ROBO A SU PADRE, CUSTODIO DE PATRICIA BULLRICH","author":"Alejandro Sosa Ruda","date":"22 enero, 2024","format":false,"excerpt":"Patricia Bullrich asegur\u00f3 que \"Mano dura es matar a una nena de 9 a\u00f1os\". Umma Aguilera muri\u00f3 en el hospital Churruca tras haber recibido un tiro en la nuca. 22 de enero de 2023 Lamentablemente, despu\u00e9s de pelear por su vida,\u00a0Umma, la nena de 9 a\u00f1os que hab\u00eda sido baleada\u2026","rel":"","context":"En \u00abDESTACADAS\u00bb","block_context":{"text":"DESTACADAS","link":"https:\/\/larevistadigital.com.ar\/blog\/category\/destacadas\/"},"img":{"alt_text":"","src":"https:\/\/i0.wp.com\/larevistadigital.com.ar\/blog\/wp-content\/uploads\/bullrich.jpg?fit=700%2C466&ssl=1&resize=350%2C200","width":350,"height":200,"srcset":"https:\/\/i0.wp.com\/larevistadigital.com.ar\/blog\/wp-content\/uploads\/bullrich.jpg?fit=700%2C466&ssl=1&resize=350%2C200 1x, https:\/\/i0.wp.com\/larevistadigital.com.ar\/blog\/wp-content\/uploads\/bullrich.jpg?fit=700%2C466&ssl=1&resize=525%2C300 1.5x, https:\/\/i0.wp.com\/larevistadigital.com.ar\/blog\/wp-content\/uploads\/bullrich.jpg?fit=700%2C466&ssl=1&resize=700%2C400 2x"},"classes":[]},{"id":34739,"url":"https:\/\/larevistadigital.com.ar\/blog\/luis-petri-sera-el-ministro-de-defensa-del-gobierno-de-milei\/","url_meta":{"origin":35074,"position":1},"title":"LUIS PETRI SER\u00c1 EL MINISTRO DE DEFENSA DEL GOBIERNO DE MILEI","author":"Alejandro Sosa Ruda","date":"4 diciembre, 2023","format":false,"excerpt":"El presidente electo confirm\u00f3 que el dirigente radical estar\u00e1 al frente de la cartera que hoy conduce Jorge Taiana. \u201cLa f\u00f3rmula completa de Juntos por el Cambio ha quedado integrada al gobierno\u201d, inform\u00f3 la oficina del presidente electo. 4 de Diciembre de 2023 La f\u00f3rmula presidencial de Juntos por el\u2026","rel":"","context":"En \u00abINTERES GENERAL\u00bb","block_context":{"text":"INTERES GENERAL","link":"https:\/\/larevistadigital.com.ar\/blog\/category\/interes-general\/"},"img":{"alt_text":"","src":"https:\/\/i0.wp.com\/larevistadigital.com.ar\/blog\/wp-content\/uploads\/Captura-de-pantalla-2023-12-04-170029.png?fit=800%2C511&ssl=1&resize=350%2C200","width":350,"height":200,"srcset":"https:\/\/i0.wp.com\/larevistadigital.com.ar\/blog\/wp-content\/uploads\/Captura-de-pantalla-2023-12-04-170029.png?fit=800%2C511&ssl=1&resize=350%2C200 1x, https:\/\/i0.wp.com\/larevistadigital.com.ar\/blog\/wp-content\/uploads\/Captura-de-pantalla-2023-12-04-170029.png?fit=800%2C511&ssl=1&resize=525%2C300 1.5x, https:\/\/i0.wp.com\/larevistadigital.com.ar\/blog\/wp-content\/uploads\/Captura-de-pantalla-2023-12-04-170029.png?fit=800%2C511&ssl=1&resize=700%2C400 2x"},"classes":[]},{"id":33248,"url":"https:\/\/larevistadigital.com.ar\/blog\/kicillof-ni-bullrich-ni-milei-van-a-resolver-un-solo-problema\/","url_meta":{"origin":35074,"position":2},"title":"KICILLOF: \u00abNI BULLRICH NI MILEI VAN A RESOLVER UN SOLO PROBLEMA\u00bb","author":"Alejandro Sosa Ruda","date":"3 septiembre, 2023","format":false,"excerpt":"\"La derecha tiene dos candidatos pero un solo proyecto, que es quitar derechos\", dijo el Gobernador a trav\u00e9s de\u00a0sus redes sociales. 03 de septiembre de 2023 El gobernador bonaerense,\u00a0Axel Kicillof, advirti\u00f3 este domingo que los candidatos presidenciales opositores,\u00a0Patricia Bullrich\u00a0y\u00a0Javier Milei,\u00a0\"no van a resolver un solo problema\", por lo que el\u2026","rel":"","context":"En \u00abPOLITICA PROVINCIAL\u00bb","block_context":{"text":"POLITICA PROVINCIAL","link":"https:\/\/larevistadigital.com.ar\/blog\/category\/politica\/politica-provincial\/"},"img":{"alt_text":"","src":"https:\/\/i0.wp.com\/larevistadigital.com.ar\/blog\/wp-content\/uploads\/1693770149328.jpeg?fit=1200%2C594&ssl=1&resize=350%2C200","width":350,"height":200,"srcset":"https:\/\/i0.wp.com\/larevistadigital.com.ar\/blog\/wp-content\/uploads\/1693770149328.jpeg?fit=1200%2C594&ssl=1&resize=350%2C200 1x, https:\/\/i0.wp.com\/larevistadigital.com.ar\/blog\/wp-content\/uploads\/1693770149328.jpeg?fit=1200%2C594&ssl=1&resize=525%2C300 1.5x, https:\/\/i0.wp.com\/larevistadigital.com.ar\/blog\/wp-content\/uploads\/1693770149328.jpeg?fit=1200%2C594&ssl=1&resize=700%2C400 2x, https:\/\/i0.wp.com\/larevistadigital.com.ar\/blog\/wp-content\/uploads\/1693770149328.jpeg?fit=1200%2C594&ssl=1&resize=1050%2C600 3x"},"classes":[]},{"id":34604,"url":"https:\/\/larevistadigital.com.ar\/blog\/villarroel-visito-a-la-plana-mayor-de-policia-federal-gendarmeria-y-prefectura\/","url_meta":{"origin":35074,"position":3},"title":"VILLARROEL VISIT\u00d3 A LA PLANA MAYOR DE POLIC\u00cdA FEDERAL, GENDARMER\u00cdA Y PREFECTURA","author":"Alejandro Sosa Ruda","date":"25 noviembre, 2023","format":false,"excerpt":"A trav\u00e9s de sus redes sociales, la vicepresidenta electa comunic\u00f3 la recorrida por los edificios de tres de las fuerzas de seguridad nacionales y detall\u00f3 las reuniones que mantuvo con sus autoridades. 25 de Noviembre de 2023 La vicepresidenta electa Victoria Villarruel\u00a0mantuvo en las \u00faltimas horas reuniones con la plana\u2026","rel":"","context":"En \u00abINTERES GENERAL\u00bb","block_context":{"text":"INTERES GENERAL","link":"https:\/\/larevistadigital.com.ar\/blog\/category\/interes-general\/"},"img":{"alt_text":"","src":"https:\/\/i0.wp.com\/larevistadigital.com.ar\/blog\/wp-content\/uploads\/6561ef3c8ed9d.-prefectura-foto-x_1200.jpg?fit=1200%2C675&ssl=1&resize=350%2C200","width":350,"height":200,"srcset":"https:\/\/i0.wp.com\/larevistadigital.com.ar\/blog\/wp-content\/uploads\/6561ef3c8ed9d.-prefectura-foto-x_1200.jpg?fit=1200%2C675&ssl=1&resize=350%2C200 1x, https:\/\/i0.wp.com\/larevistadigital.com.ar\/blog\/wp-content\/uploads\/6561ef3c8ed9d.-prefectura-foto-x_1200.jpg?fit=1200%2C675&ssl=1&resize=525%2C300 1.5x, https:\/\/i0.wp.com\/larevistadigital.com.ar\/blog\/wp-content\/uploads\/6561ef3c8ed9d.-prefectura-foto-x_1200.jpg?fit=1200%2C675&ssl=1&resize=700%2C400 2x, https:\/\/i0.wp.com\/larevistadigital.com.ar\/blog\/wp-content\/uploads\/6561ef3c8ed9d.-prefectura-foto-x_1200.jpg?fit=1200%2C675&ssl=1&resize=1050%2C600 3x"},"classes":[]},{"id":39394,"url":"https:\/\/larevistadigital.com.ar\/blog\/derrota-libertaria-en-santa-fe-milei-se-despega-bullrich-festeja\/","url_meta":{"origin":35074,"position":4},"title":"Derrota libertaria en Santa Fe: Milei se despega, Bullrich festeja","author":"Alejandro Sosa Ruda","date":"15 abril, 2025","format":false,"excerpt":"La interna de La Libertad Avanza estall\u00f3 tras una elecci\u00f3n para el olvido. Karina Milei qued\u00f3 en el ojo de la tormenta y los \u00fanicos aplausos se los llev\u00f3 el equipo de Patricia Bullrich. 15 de Abril de 2025 SANTA FE -\u00a0 La elecci\u00f3n de La Libertad Avanza (LLA) en\u2026","rel":"","context":"En \u00abINTERES GENERAL\u00bb","block_context":{"text":"INTERES GENERAL","link":"https:\/\/larevistadigital.com.ar\/blog\/category\/interes-general\/"},"img":{"alt_text":"","src":"https:\/\/i0.wp.com\/larevistadigital.com.ar\/blog\/wp-content\/uploads\/Captura-de-pantalla-2025-04-15-225506.jpg?fit=906%2C533&ssl=1&resize=350%2C200","width":350,"height":200,"srcset":"https:\/\/i0.wp.com\/larevistadigital.com.ar\/blog\/wp-content\/uploads\/Captura-de-pantalla-2025-04-15-225506.jpg?fit=906%2C533&ssl=1&resize=350%2C200 1x, https:\/\/i0.wp.com\/larevistadigital.com.ar\/blog\/wp-content\/uploads\/Captura-de-pantalla-2025-04-15-225506.jpg?fit=906%2C533&ssl=1&resize=525%2C300 1.5x, https:\/\/i0.wp.com\/larevistadigital.com.ar\/blog\/wp-content\/uploads\/Captura-de-pantalla-2025-04-15-225506.jpg?fit=906%2C533&ssl=1&resize=700%2C400 2x"},"classes":[]},{"id":11063,"url":"https:\/\/larevistadigital.com.ar\/blog\/la-campana-arranco-con-un-deep-fake-a-patricia-bullrich\/","url_meta":{"origin":35074,"position":5},"title":"LA CAMPA\u00d1A ARRANC\u00d3 CON UN DEEP FAKE  A PATRICIA BULLRICH","author":"Alejandro Sosa Ruda","date":"4 julio, 2019","format":false,"excerpt":"La ministra de Seguridad\u00a0Patricia Bullrich fue la primera v\u00edctima de un\u00a0deep fake\u00a0a pocos d\u00edas del comienzo de la campa\u00f1a electoral para las PASO.\u00a0\"Me cay\u00f3 muy mal, ya di instrucciones a mi director de ciberseguridad para que baje ese video de Facebook y Google\", explic\u00f3 la ministra a Infobae.\u00a0 Bullrich lleg\u00f3\u2026","rel":"","context":"En \u00abDESTACADAS\u00bb","block_context":{"text":"DESTACADAS","link":"https:\/\/larevistadigital.com.ar\/blog\/category\/destacadas\/"},"img":{"alt_text":"","src":"https:\/\/i0.wp.com\/larevistadigital.com.ar\/blog\/wp-content\/uploads\/3052203w1033.jpg?fit=1033%2C688&ssl=1&resize=350%2C200","width":350,"height":200,"srcset":"https:\/\/i0.wp.com\/larevistadigital.com.ar\/blog\/wp-content\/uploads\/3052203w1033.jpg?fit=1033%2C688&ssl=1&resize=350%2C200 1x, https:\/\/i0.wp.com\/larevistadigital.com.ar\/blog\/wp-content\/uploads\/3052203w1033.jpg?fit=1033%2C688&ssl=1&resize=525%2C300 1.5x, https:\/\/i0.wp.com\/larevistadigital.com.ar\/blog\/wp-content\/uploads\/3052203w1033.jpg?fit=1033%2C688&ssl=1&resize=700%2C400 2x"},"classes":[]}],"_links":{"self":[{"href":"https:\/\/larevistadigital.com.ar\/blog\/wp-json\/wp\/v2\/posts\/35074","targetHints":{"allow":["GET"]}}],"collection":[{"href":"https:\/\/larevistadigital.com.ar\/blog\/wp-json\/wp\/v2\/posts"}],"about":[{"href":"https:\/\/larevistadigital.com.ar\/blog\/wp-json\/wp\/v2\/types\/post"}],"author":[{"embeddable":true,"href":"https:\/\/larevistadigital.com.ar\/blog\/wp-json\/wp\/v2\/users\/3"}],"replies":[{"embeddable":true,"href":"https:\/\/larevistadigital.com.ar\/blog\/wp-json\/wp\/v2\/comments?post=35074"}],"version-history":[{"count":1,"href":"https:\/\/larevistadigital.com.ar\/blog\/wp-json\/wp\/v2\/posts\/35074\/revisions"}],"predecessor-version":[{"id":35076,"href":"https:\/\/larevistadigital.com.ar\/blog\/wp-json\/wp\/v2\/posts\/35074\/revisions\/35076"}],"wp:featuredmedia":[{"embeddable":true,"href":"https:\/\/larevistadigital.com.ar\/blog\/wp-json\/wp\/v2\/media\/35075"}],"wp:attachment":[{"href":"https:\/\/larevistadigital.com.ar\/blog\/wp-json\/wp\/v2\/media?parent=35074"}],"wp:term":[{"taxonomy":"category","embeddable":true,"href":"https:\/\/larevistadigital.com.ar\/blog\/wp-json\/wp\/v2\/categories?post=35074"},{"taxonomy":"post_tag","embeddable":true,"href":"https:\/\/larevistadigital.com.ar\/blog\/wp-json\/wp\/v2\/tags?post=35074"}],"curies":[{"name":"wp","href":"https:\/\/api.w.org\/{rel}","templated":true}]}}