{"id":35077,"date":"2024-01-22T19:39:23","date_gmt":"2024-01-22T22:39:23","guid":{"rendered":"https:\/\/larevistadigital.com.ar\/blog\/?p=35077"},"modified":"2024-01-22T19:39:23","modified_gmt":"2024-01-22T22:39:23","slug":"grave-accidente-de-transito-en-la-ruta-34","status":"publish","type":"post","link":"https:\/\/larevistadigital.com.ar\/blog\/grave-accidente-de-transito-en-la-ruta-34\/","title":{"rendered":"GRAVE ACCIDENTE DE TR\u00c1NSITO EN LA RUTA 34"},"content":{"rendered":"<h2>Falleci\u00f3 el conductor del auto.<\/h2>\n<p>22 de enero de 2023<\/p>\n<p><strong>SALTA\u00a0 &#8211;\u00a0<\/strong> En horas de la ma\u00f1ana, se produjo un fuerte accidente en el que un autom\u00f3vil embisti\u00f3 \u00abpor alcance\u00bb a un cami\u00f3n y qued\u00f3 pr\u00e1cticamente destru\u00eddo.<\/p>\n<blockquote>\n<h3>El hecho, sucedi\u00f3 a la altura del kil\u00f3metro 73 de la ruta nacional 34, y en el acto falleci\u00f3 el conductor del veh\u00edculo, mientras que su acompa\u00f1ante fue trasladado al hospital.<\/h3>\n<\/blockquote>\n<p>Ambos ocupantes del veh\u00edculo eran de nacionalidad colombiana.<\/p>\n","protected":false},"excerpt":{"rendered":"<div class=\"mh-excerpt\"><p>Falleci\u00f3 el conductor del auto. 22 de enero de 2023 SALTA\u00a0 &#8211;\u00a0 En horas de la ma\u00f1ana, se produjo un fuerte accidente en el que un autom\u00f3vil embisti\u00f3 \u00abpor alcance\u00bb a un cami\u00f3n y qued\u00f3 <a class=\"mh-excerpt-more\" href=\"https:\/\/larevistadigital.com.ar\/blog\/grave-accidente-de-transito-en-la-ruta-34\/\" title=\"GRAVE ACCIDENTE DE TR\u00c1NSITO EN LA RUTA 34\">[Leer M\u00e1s]<\/a><\/p>\n<\/div>","protected":false},"author":3,"featured_media":35078,"comment_status":"open","ping_status":"open","sticky":false,"template":"","format":"standard","meta":{"_jetpack_memberships_contains_paid_content":false,"footnotes":"","jetpack_publicize_message":"","jetpack_publicize_feature_enabled":true,"jetpack_social_post_already_shared":true,"jetpack_social_options":{"image_generator_settings":{"template":"highway","default_image_id":0,"font":"","enabled":false},"version":2}},"categories":[50,44],"tags":[],"class_list":{"0":"post-35077","1":"post","2":"type-post","3":"status-publish","4":"format-standard","5":"has-post-thumbnail","7":"category-interes-general","8":"category-policiales"},"jetpack_publicize_connections":[],"jetpack_featured_media_url":"https:\/\/i0.wp.com\/larevistadigital.com.ar\/blog\/wp-content\/uploads\/421475652_785788700252931_7122320725243760373_n.jpg?fit=720%2C720&ssl=1","jetpack_sharing_enabled":true,"jetpack_shortlink":"https:\/\/wp.me\/p8qtrQ-97L","jetpack-related-posts":[{"id":9032,"url":"https:\/\/larevistadigital.com.ar\/blog\/san-vicente-accidente-fatal-en-ruta-6\/","url_meta":{"origin":35077,"position":0},"title":"SAN VICENTE: ACCIDENTE FATAL EN RUTA 6","author":"Alejandro Sosa Ruda","date":"12 marzo, 2019","format":false,"excerpt":"En las \u00faltimas horas se produjo un\u00a0grave accidente\u00a0en\u00a0ruta 6\u00a0a la altura del\u00a0peaje en construcci\u00f3n\u00a0de\u00a0San Vicente, donde lamentablemente\u00a0falleci\u00f3 el conductor de un cami\u00f3n, tras impactar con otro cami\u00f3n. La v\u00edctima fatal es un hombre de 28 a\u00f1os de edad. Fuentes policiales indicaron a\u00a0DLN\u00a0que en la ruta 6, un cami\u00f3n Mercedes Benz\u00a0colision\u00f3\u2026","rel":"","context":"En \u00abPOLICIALES\u00bb","block_context":{"text":"POLICIALES","link":"https:\/\/larevistadigital.com.ar\/blog\/category\/policiales\/"},"img":{"alt_text":"","src":"https:\/\/i0.wp.com\/larevistadigital.com.ar\/blog\/wp-content\/uploads\/2019\/03\/WhatsApp-Image-2019-03-12-at-09.41.18.jpeg?fit=1024%2C575&ssl=1&resize=350%2C200","width":350,"height":200,"srcset":"https:\/\/i0.wp.com\/larevistadigital.com.ar\/blog\/wp-content\/uploads\/2019\/03\/WhatsApp-Image-2019-03-12-at-09.41.18.jpeg?fit=1024%2C575&ssl=1&resize=350%2C200 1x, https:\/\/i0.wp.com\/larevistadigital.com.ar\/blog\/wp-content\/uploads\/2019\/03\/WhatsApp-Image-2019-03-12-at-09.41.18.jpeg?fit=1024%2C575&ssl=1&resize=525%2C300 1.5x, https:\/\/i0.wp.com\/larevistadigital.com.ar\/blog\/wp-content\/uploads\/2019\/03\/WhatsApp-Image-2019-03-12-at-09.41.18.jpeg?fit=1024%2C575&ssl=1&resize=700%2C400 2x"},"classes":[]},{"id":38676,"url":"https:\/\/larevistadigital.com.ar\/blog\/la-plata-muere-una-jubilada-en-un-impactante-accidente-vial\/","url_meta":{"origin":35077,"position":1},"title":"La Plata: Muere una jubilada en un impactante accidente vial","author":"Alejandro Sosa Ruda","date":"13 febrero, 2025","format":false,"excerpt":"La v\u00edctima falleci\u00f3 tras un choque en Ruta 215 y Ruta 6, a las afueras de La Plata. El veh\u00edculo impact\u00f3 contra una columna y dej\u00f3 a dos personas m\u00e1s heridas. 13 de Febrero de 2025 LA PLATA -\u00a0 Una mujer de 77 a\u00f1os falleci\u00f3 este mi\u00e9rcoles por la ma\u00f1ana\u2026","rel":"","context":"En \u00abPOLICIALES\u00bb","block_context":{"text":"POLICIALES","link":"https:\/\/larevistadigital.com.ar\/blog\/category\/policiales\/"},"img":{"alt_text":"","src":"https:\/\/i0.wp.com\/larevistadigital.com.ar\/blog\/wp-content\/uploads\/Captura-de-pantalla-2025-02-13-072421.jpg?fit=732%2C323&ssl=1&resize=350%2C200","width":350,"height":200,"srcset":"https:\/\/i0.wp.com\/larevistadigital.com.ar\/blog\/wp-content\/uploads\/Captura-de-pantalla-2025-02-13-072421.jpg?fit=732%2C323&ssl=1&resize=350%2C200 1x, https:\/\/i0.wp.com\/larevistadigital.com.ar\/blog\/wp-content\/uploads\/Captura-de-pantalla-2025-02-13-072421.jpg?fit=732%2C323&ssl=1&resize=525%2C300 1.5x, https:\/\/i0.wp.com\/larevistadigital.com.ar\/blog\/wp-content\/uploads\/Captura-de-pantalla-2025-02-13-072421.jpg?fit=732%2C323&ssl=1&resize=700%2C400 2x"},"classes":[]},{"id":31121,"url":"https:\/\/larevistadigital.com.ar\/blog\/trenque-lauquen-dos-personas-mueren-en-un-tragico-accidente\/","url_meta":{"origin":35077,"position":2},"title":"TRENQUE LAUQUEN: DOS PERSONAS MUEREN EN UN TR\u00c1GICO ACCIDENTE","author":"Alejandro Sosa Ruda","date":"19 abril, 2023","format":false,"excerpt":"El accidente ocurri\u00f3 sobre la ruta nacional N\u00b0 5 a la altura del kil\u00f3metro 444, por el complejo industrial La Seren\u00edsima, en la calle Llamb\u00edas cuando el conductor del veh\u00edculo intent\u00f3 subir a la ruta y fue embestido por un cami\u00f3n que circulaba hacia la localidad de Beruti. 19 de\u2026","rel":"","context":"En \u00abINTERES GENERAL\u00bb","block_context":{"text":"INTERES GENERAL","link":"https:\/\/larevistadigital.com.ar\/blog\/category\/interes-general\/"},"img":{"alt_text":"","src":"https:\/\/i0.wp.com\/larevistadigital.com.ar\/blog\/wp-content\/uploads\/20230419181157_trenque1.jpg?fit=880%2C512&ssl=1&resize=350%2C200","width":350,"height":200,"srcset":"https:\/\/i0.wp.com\/larevistadigital.com.ar\/blog\/wp-content\/uploads\/20230419181157_trenque1.jpg?fit=880%2C512&ssl=1&resize=350%2C200 1x, https:\/\/i0.wp.com\/larevistadigital.com.ar\/blog\/wp-content\/uploads\/20230419181157_trenque1.jpg?fit=880%2C512&ssl=1&resize=525%2C300 1.5x, https:\/\/i0.wp.com\/larevistadigital.com.ar\/blog\/wp-content\/uploads\/20230419181157_trenque1.jpg?fit=880%2C512&ssl=1&resize=700%2C400 2x"},"classes":[]},{"id":24611,"url":"https:\/\/larevistadigital.com.ar\/blog\/otra-vez-nuevamente-un-auto-choco-contra-un-poste-en-la-ruta-11-ahora-fallecio-un-policia-retirado\/","url_meta":{"origin":35077,"position":3},"title":"OTRA VEZ: NUEVAMENTE UN AUTO CHOC\u00d3 CONTRA UN POSTE EN LA RUTA 11, AHORA FALLECI\u00d3 UN POLIC\u00cdA RETIRADO","author":"Alejandro Sosa Ruda","date":"16 marzo, 2022","format":false,"excerpt":"El accidente se produjo a la altura del kil\u00f3metro 504, en las cercan\u00edas del Grupo de Artiller\u00eda Antia\u00e9reo 601, en Mar del Plata. MAR DEL PLATA -\u00a0 El conductor de un veh\u00edculo utilitario falleci\u00f3 en la noche del martes cuando colision\u00f3 una de las columnas ubicadas en el cantero divisor\u2026","rel":"","context":"En \u00abPOLICIALES\u00bb","block_context":{"text":"POLICIALES","link":"https:\/\/larevistadigital.com.ar\/blog\/category\/policiales\/"},"img":{"alt_text":"","src":"https:\/\/i0.wp.com\/larevistadigital.com.ar\/blog\/wp-content\/uploads\/f2ce65359259d3680baa7d7f4f64a61f54c18d56.jpg?fit=1140%2C646&ssl=1&resize=350%2C200","width":350,"height":200,"srcset":"https:\/\/i0.wp.com\/larevistadigital.com.ar\/blog\/wp-content\/uploads\/f2ce65359259d3680baa7d7f4f64a61f54c18d56.jpg?fit=1140%2C646&ssl=1&resize=350%2C200 1x, https:\/\/i0.wp.com\/larevistadigital.com.ar\/blog\/wp-content\/uploads\/f2ce65359259d3680baa7d7f4f64a61f54c18d56.jpg?fit=1140%2C646&ssl=1&resize=525%2C300 1.5x, https:\/\/i0.wp.com\/larevistadigital.com.ar\/blog\/wp-content\/uploads\/f2ce65359259d3680baa7d7f4f64a61f54c18d56.jpg?fit=1140%2C646&ssl=1&resize=700%2C400 2x, https:\/\/i0.wp.com\/larevistadigital.com.ar\/blog\/wp-content\/uploads\/f2ce65359259d3680baa7d7f4f64a61f54c18d56.jpg?fit=1140%2C646&ssl=1&resize=1050%2C600 3x"},"classes":[]},{"id":31937,"url":"https:\/\/larevistadigital.com.ar\/blog\/ruta-2-un-automovil-embistio-violentamente-a-un-caballo\/","url_meta":{"origin":35077,"position":4},"title":"RUTA 2: UN AUTOM\u00d3VIL EMBISTI\u00d3 VIOLENTAMENTE A UN CABALLO","author":"Alejandro Sosa Ruda","date":"12 junio, 2023","format":false,"excerpt":"Afortunadamente, el conductor del veh\u00edculo result\u00f3 ileso. 12 de junio de 2023 DOLORES -\u00a0 En las \u00faltimas horas se registr\u00f3 un impactante incidente vial cuando un autom\u00f3vil Fiat Strada colision\u00f3 violentamente con un caballo que deambulaba sobre la Ruta Provincial N\u00b0 2, cerca del kil\u00f3metro 212, en direcci\u00f3n a la\u2026","rel":"","context":"En \u00abDOLORES\u00bb","block_context":{"text":"DOLORES","link":"https:\/\/larevistadigital.com.ar\/blog\/category\/dolores\/"},"img":{"alt_text":"","src":"https:\/\/i0.wp.com\/larevistadigital.com.ar\/blog\/wp-content\/uploads\/351458582_734682248662039_3830523802438692304_n.jpg?fit=960%2C720&ssl=1&resize=350%2C200","width":350,"height":200,"srcset":"https:\/\/i0.wp.com\/larevistadigital.com.ar\/blog\/wp-content\/uploads\/351458582_734682248662039_3830523802438692304_n.jpg?fit=960%2C720&ssl=1&resize=350%2C200 1x, https:\/\/i0.wp.com\/larevistadigital.com.ar\/blog\/wp-content\/uploads\/351458582_734682248662039_3830523802438692304_n.jpg?fit=960%2C720&ssl=1&resize=525%2C300 1.5x, https:\/\/i0.wp.com\/larevistadigital.com.ar\/blog\/wp-content\/uploads\/351458582_734682248662039_3830523802438692304_n.jpg?fit=960%2C720&ssl=1&resize=700%2C400 2x"},"classes":[]},{"id":30459,"url":"https:\/\/larevistadigital.com.ar\/blog\/dolores-muere-una-mujer-en-un-accidente-fatal-en-la-ruta-63\/","url_meta":{"origin":35077,"position":5},"title":"DOLORES: MUERE UNA MUJER EN UN ACCIDENTE FATAL  EN LA RUTA 63","author":"Alejandro Sosa Ruda","date":"8 marzo, 2023","format":false,"excerpt":"La joven de 26 a\u00f1os perdi\u00f3 el control del veh\u00edculo, despist\u00f3 y volc\u00f3. 8 de marzo de 2023 DOLORES -\u00a0 Una mujer de 26 a\u00f1os, falleci\u00f3 como consecuencia de un tr\u00e1gico accidente se registr\u00f3 en la Ruta 63 a la altura de Dolores. La joven perdi\u00f3 el control del veh\u00edculo,\u2026","rel":"","context":"En \u00abDOLORES\u00bb","block_context":{"text":"DOLORES","link":"https:\/\/larevistadigital.com.ar\/blog\/category\/dolores\/"},"img":{"alt_text":"","src":"https:\/\/i0.wp.com\/larevistadigital.com.ar\/blog\/wp-content\/uploads\/f63ea82b4e3f22caa1f2022f314c373f8fb7eb32.jpg?fit=1140%2C706&ssl=1&resize=350%2C200","width":350,"height":200,"srcset":"https:\/\/i0.wp.com\/larevistadigital.com.ar\/blog\/wp-content\/uploads\/f63ea82b4e3f22caa1f2022f314c373f8fb7eb32.jpg?fit=1140%2C706&ssl=1&resize=350%2C200 1x, https:\/\/i0.wp.com\/larevistadigital.com.ar\/blog\/wp-content\/uploads\/f63ea82b4e3f22caa1f2022f314c373f8fb7eb32.jpg?fit=1140%2C706&ssl=1&resize=525%2C300 1.5x, https:\/\/i0.wp.com\/larevistadigital.com.ar\/blog\/wp-content\/uploads\/f63ea82b4e3f22caa1f2022f314c373f8fb7eb32.jpg?fit=1140%2C706&ssl=1&resize=700%2C400 2x, https:\/\/i0.wp.com\/larevistadigital.com.ar\/blog\/wp-content\/uploads\/f63ea82b4e3f22caa1f2022f314c373f8fb7eb32.jpg?fit=1140%2C706&ssl=1&resize=1050%2C600 3x"},"classes":[]}],"_links":{"self":[{"href":"https:\/\/larevistadigital.com.ar\/blog\/wp-json\/wp\/v2\/posts\/35077","targetHints":{"allow":["GET"]}}],"collection":[{"href":"https:\/\/larevistadigital.com.ar\/blog\/wp-json\/wp\/v2\/posts"}],"about":[{"href":"https:\/\/larevistadigital.com.ar\/blog\/wp-json\/wp\/v2\/types\/post"}],"author":[{"embeddable":true,"href":"https:\/\/larevistadigital.com.ar\/blog\/wp-json\/wp\/v2\/users\/3"}],"replies":[{"embeddable":true,"href":"https:\/\/larevistadigital.com.ar\/blog\/wp-json\/wp\/v2\/comments?post=35077"}],"version-history":[{"count":1,"href":"https:\/\/larevistadigital.com.ar\/blog\/wp-json\/wp\/v2\/posts\/35077\/revisions"}],"predecessor-version":[{"id":35079,"href":"https:\/\/larevistadigital.com.ar\/blog\/wp-json\/wp\/v2\/posts\/35077\/revisions\/35079"}],"wp:featuredmedia":[{"embeddable":true,"href":"https:\/\/larevistadigital.com.ar\/blog\/wp-json\/wp\/v2\/media\/35078"}],"wp:attachment":[{"href":"https:\/\/larevistadigital.com.ar\/blog\/wp-json\/wp\/v2\/media?parent=35077"}],"wp:term":[{"taxonomy":"category","embeddable":true,"href":"https:\/\/larevistadigital.com.ar\/blog\/wp-json\/wp\/v2\/categories?post=35077"},{"taxonomy":"post_tag","embeddable":true,"href":"https:\/\/larevistadigital.com.ar\/blog\/wp-json\/wp\/v2\/tags?post=35077"}],"curies":[{"name":"wp","href":"https:\/\/api.w.org\/{rel}","templated":true}]}}