{"id":35080,"date":"2024-01-22T20:29:03","date_gmt":"2024-01-22T23:29:03","guid":{"rendered":"https:\/\/larevistadigital.com.ar\/blog\/?p=35080"},"modified":"2024-01-22T20:29:03","modified_gmt":"2024-01-22T23:29:03","slug":"el-ex-diputado-chascomunense-jose-ignacio-cote-rossi-asumio-como-viceministro-de-cultura-de-la-provincia-de-buenos-aires","status":"publish","type":"post","link":"https:\/\/larevistadigital.com.ar\/blog\/el-ex-diputado-chascomunense-jose-ignacio-cote-rossi-asumio-como-viceministro-de-cultura-de-la-provincia-de-buenos-aires\/","title":{"rendered":"EL EX DIPUTADO CHASCOMUNENSE JOSE IGNACIO \u00abCOTE\u00bb ROSSI ASUMI\u00d3 COMO VICEMINISTRO DE CULTURA DE LA PROVINCIA DE BUENOS AIRES"},"content":{"rendered":"<h2>Otra vez un representante de Chascom\u00fas ocupa una importante posici\u00f3n pol\u00edtica, ahora en el gabinete de Axel Kicillof.<\/h2>\n<p>22 de enero de 2023<\/p>\n<p><strong>BUENOS AIRES &#8211;<\/strong>\u00a0 Originario de Chascom\u00fas,<strong> \u00abCote\u00bb Rossi<\/strong>, quien ocup\u00f3 el cargo de legislador provincial hasta el 10 de diciembre, ha sido seleccionado para desempe\u00f1ar el rol de vicepresidente en el Instituto Cultural de la provincia de Buenos Aires.<\/p>\n<p>En este nuevo rol, trabajar\u00e1 en colaboraci\u00f3n con <strong>Florencia Saintout<\/strong> para gestionar dicha cartera. La designaci\u00f3n, respaldada por la firma del Gobernador bonaerense <strong>Axel Kicilof<\/strong>, se llev\u00f3 a cabo recientemente, y el dirigente provincial de Uni\u00f3n por la Patria ha asumido sus funciones de inmediato.<\/p>\n","protected":false},"excerpt":{"rendered":"<div class=\"mh-excerpt\"><p>Otra vez un representante de Chascom\u00fas ocupa una importante posici\u00f3n pol\u00edtica, ahora en el gabinete de Axel Kicillof. 22 de enero de 2023 BUENOS AIRES &#8211;\u00a0 Originario de Chascom\u00fas, \u00abCote\u00bb Rossi, quien ocup\u00f3 el cargo <a class=\"mh-excerpt-more\" href=\"https:\/\/larevistadigital.com.ar\/blog\/el-ex-diputado-chascomunense-jose-ignacio-cote-rossi-asumio-como-viceministro-de-cultura-de-la-provincia-de-buenos-aires\/\" title=\"EL EX DIPUTADO CHASCOMUNENSE JOSE IGNACIO \u00abCOTE\u00bb ROSSI ASUMI\u00d3 COMO VICEMINISTRO DE CULTURA DE LA PROVINCIA DE BUENOS AIRES\">[Leer M\u00e1s]<\/a><\/p>\n<\/div>","protected":false},"author":3,"featured_media":35081,"comment_status":"open","ping_status":"open","sticky":false,"template":"","format":"standard","meta":{"_jetpack_memberships_contains_paid_content":false,"footnotes":"","jetpack_publicize_message":"","jetpack_publicize_feature_enabled":true,"jetpack_social_post_already_shared":true,"jetpack_social_options":{"image_generator_settings":{"template":"highway","default_image_id":0,"font":"","enabled":false},"version":2}},"categories":[50,12],"tags":[],"class_list":{"0":"post-35080","1":"post","2":"type-post","3":"status-publish","4":"format-standard","5":"has-post-thumbnail","7":"category-interes-general","8":"category-politica"},"jetpack_publicize_connections":[],"jetpack_featured_media_url":"https:\/\/i0.wp.com\/larevistadigital.com.ar\/blog\/wp-content\/uploads\/WhatsApp-Image-2024-01-22-at-20.23.03.jpeg?fit=600%2C400&ssl=1","jetpack_sharing_enabled":true,"jetpack_shortlink":"https:\/\/wp.me\/p8qtrQ-97O","jetpack-related-posts":[{"id":14173,"url":"https:\/\/larevistadigital.com.ar\/blog\/el-diputado-chascomunense-cote-rossi-junto-al-gobernador-y-ministros-en-el-lanzamiento-del-programa-recreo\/","url_meta":{"origin":35080,"position":0},"title":"EL DIPUTADO CHASCOMUNENSE COTE ROSSI JUNTO AL GOBERNADOR Y MINISTROS EN EL LANZAMIENTO DEL PROGRAMA \u00abRECREO\u00bb","author":"Alejandro Sosa Ruda","date":"13 enero, 2020","format":false,"excerpt":"El diputado chascomunense acompa\u00f1\u00f3 al gobernador, a los ministros de seguridad y de producci\u00f3n y al intendente costero presentando un programa provincial. En la tarde del \u00faltimo viernes y al cumplirse un mes de su asunci\u00f3n, el gobernador bonaerense Axel Kicillof, visit\u00f3 la localidad costera de San Bernardo, acompa\u00f1ado por\u2026","rel":"","context":"En \u00abCHASCOM\u00daS\u00bb","block_context":{"text":"CHASCOM\u00daS","link":"https:\/\/larevistadigital.com.ar\/blog\/category\/chascomus\/"},"img":{"alt_text":"","src":"https:\/\/i0.wp.com\/larevistadigital.com.ar\/blog\/wp-content\/uploads\/82706890_3471983062842711_402877587451281408_o.jpg?fit=1200%2C872&ssl=1&resize=350%2C200","width":350,"height":200,"srcset":"https:\/\/i0.wp.com\/larevistadigital.com.ar\/blog\/wp-content\/uploads\/82706890_3471983062842711_402877587451281408_o.jpg?fit=1200%2C872&ssl=1&resize=350%2C200 1x, https:\/\/i0.wp.com\/larevistadigital.com.ar\/blog\/wp-content\/uploads\/82706890_3471983062842711_402877587451281408_o.jpg?fit=1200%2C872&ssl=1&resize=525%2C300 1.5x, https:\/\/i0.wp.com\/larevistadigital.com.ar\/blog\/wp-content\/uploads\/82706890_3471983062842711_402877587451281408_o.jpg?fit=1200%2C872&ssl=1&resize=700%2C400 2x, https:\/\/i0.wp.com\/larevistadigital.com.ar\/blog\/wp-content\/uploads\/82706890_3471983062842711_402877587451281408_o.jpg?fit=1200%2C872&ssl=1&resize=1050%2C600 3x"},"classes":[]},{"id":27457,"url":"https:\/\/larevistadigital.com.ar\/blog\/chascomus-por-gestiones-del-diputado-jose-ignacio-cote-rossi-javier-gaston-firmo-un-convenio-con-medio-ambiente-pba\/","url_meta":{"origin":35080,"position":1},"title":"CHASCOM\u00daS: POR GESTIONES DEL DIPUTADO JOS\u00c9 IGNACIO \u00abCOTE\u00bb ROSSI, JAVIER GAST\u00d3N FIRM\u00d3 UN CONVENIO CON MEDIO AMBIENTE PBA","author":"Alejandro Sosa Ruda","date":"1 septiembre, 2022","format":false,"excerpt":"Se firm\u00f3 con la Ministra de Ambiente de la Provincia de Buenos Aires, Daniela Vilar. Los alcances. CHASCOM\u00daS -\u00a0 Por gestiones del diputado Jos\u00e9 Ignacio \"Cote\" Rossi, se firm\u00f3 un importante convenio entre la Ministro de Ambiente de la Provincia de Buenos Aires, Daniela Vilar y el intendente chascomunense Javier\u2026","rel":"","context":"En \u00abINTERES GENERAL\u00bb","block_context":{"text":"INTERES GENERAL","link":"https:\/\/larevistadigital.com.ar\/blog\/category\/interes-general\/"},"img":{"alt_text":"","src":"https:\/\/i0.wp.com\/larevistadigital.com.ar\/blog\/wp-content\/uploads\/304693538_503419148261624_5646517410135872841_n.jpg?fit=710%2C462&ssl=1&resize=350%2C200","width":350,"height":200,"srcset":"https:\/\/i0.wp.com\/larevistadigital.com.ar\/blog\/wp-content\/uploads\/304693538_503419148261624_5646517410135872841_n.jpg?fit=710%2C462&ssl=1&resize=350%2C200 1x, https:\/\/i0.wp.com\/larevistadigital.com.ar\/blog\/wp-content\/uploads\/304693538_503419148261624_5646517410135872841_n.jpg?fit=710%2C462&ssl=1&resize=525%2C300 1.5x, https:\/\/i0.wp.com\/larevistadigital.com.ar\/blog\/wp-content\/uploads\/304693538_503419148261624_5646517410135872841_n.jpg?fit=710%2C462&ssl=1&resize=700%2C400 2x"},"classes":[]},{"id":35834,"url":"https:\/\/larevistadigital.com.ar\/blog\/el-viceministro-de-cultura-provincial-cote-rossi-visito-balcarce\/","url_meta":{"origin":35080,"position":2},"title":"EL VICEMINISTRO DE CULTURA PROVINCIAL, JOS\u00c9 IGNACIO\u00bbCOTE\u00bb ROSSI VISIT\u00d3 BALCARCE","author":"Alejandro Sosa Ruda","date":"15 abril, 2024","format":false,"excerpt":"Pese al recorte del gobierno nacional, se sigue trabajando con gran dedicaci\u00f3n en el \u00e1rea cultural de la Provincia de Buenos Aires, con gran cantidad de iniciativas y artistas. 14 de abril de 2024 BUENOS AIRES -\u00a0 El Vice Ministro de Cultura de la Provincia de Buenos Aires, Jos\u00e9 Ignacio\u2026","rel":"","context":"En \u00abDESTACADAS\u00bb","block_context":{"text":"DESTACADAS","link":"https:\/\/larevistadigital.com.ar\/blog\/category\/destacadas\/"},"img":{"alt_text":"","src":"https:\/\/i0.wp.com\/larevistadigital.com.ar\/blog\/wp-content\/uploads\/437768030_843911317752412_3866289522582623179_n.jpg?fit=1200%2C795&ssl=1&resize=350%2C200","width":350,"height":200,"srcset":"https:\/\/i0.wp.com\/larevistadigital.com.ar\/blog\/wp-content\/uploads\/437768030_843911317752412_3866289522582623179_n.jpg?fit=1200%2C795&ssl=1&resize=350%2C200 1x, https:\/\/i0.wp.com\/larevistadigital.com.ar\/blog\/wp-content\/uploads\/437768030_843911317752412_3866289522582623179_n.jpg?fit=1200%2C795&ssl=1&resize=525%2C300 1.5x, https:\/\/i0.wp.com\/larevistadigital.com.ar\/blog\/wp-content\/uploads\/437768030_843911317752412_3866289522582623179_n.jpg?fit=1200%2C795&ssl=1&resize=700%2C400 2x, https:\/\/i0.wp.com\/larevistadigital.com.ar\/blog\/wp-content\/uploads\/437768030_843911317752412_3866289522582623179_n.jpg?fit=1200%2C795&ssl=1&resize=1050%2C600 3x"},"classes":[]},{"id":8519,"url":"https:\/\/larevistadigital.com.ar\/blog\/el-diputado-chascomunense-jose-cote-rossi-visito-distintas-localidades-acompanando-a-axel-kicillof\/","url_meta":{"origin":35080,"position":3},"title":"EL DIPUTADO CHASCOMUNENSE JOS\u00c9  \u00abCOTE\u00bb ROSSI VISIT\u00d3 DISTINTAS LOCALIDADES ACOMPA\u00d1ANDO A AXEL KICILLOF","author":"Alejandro Sosa Ruda","date":"18 febrero, 2019","format":false,"excerpt":"El dirigente kirchner\u00edsta y ex ministro de econom\u00eda del gobierno de Cristina Fernandez,\u00a0Axel Kicillof visit\u00f3 distintas localidades de la provincia de Buenos Aires, en el marco de una recorrida que tiene que ver con su probable candidatura a gobernador de la Provincia, acompa\u00f1ado por el diputado de Unidad Ciudadana nativo\u2026","rel":"","context":"En \u00abPOLITICA\u00bb","block_context":{"text":"POLITICA","link":"https:\/\/larevistadigital.com.ar\/blog\/category\/politica\/"},"img":{"alt_text":"","src":"https:\/\/i0.wp.com\/larevistadigital.com.ar\/blog\/wp-content\/uploads\/2019\/02\/WhatsApp-Image-2019-02-17-at-22.18.45.jpeg?fit=720%2C479&ssl=1&resize=350%2C200","width":350,"height":200,"srcset":"https:\/\/i0.wp.com\/larevistadigital.com.ar\/blog\/wp-content\/uploads\/2019\/02\/WhatsApp-Image-2019-02-17-at-22.18.45.jpeg?fit=720%2C479&ssl=1&resize=350%2C200 1x, https:\/\/i0.wp.com\/larevistadigital.com.ar\/blog\/wp-content\/uploads\/2019\/02\/WhatsApp-Image-2019-02-17-at-22.18.45.jpeg?fit=720%2C479&ssl=1&resize=525%2C300 1.5x, https:\/\/i0.wp.com\/larevistadigital.com.ar\/blog\/wp-content\/uploads\/2019\/02\/WhatsApp-Image-2019-02-17-at-22.18.45.jpeg?fit=720%2C479&ssl=1&resize=700%2C400 2x"},"classes":[]},{"id":35652,"url":"https:\/\/larevistadigital.com.ar\/blog\/el-viceministro-de-cultura-de-la-provincia-jose-ignacio-cote-rossi-continua-acompanando-las-fiestas-populares\/","url_meta":{"origin":35080,"position":4},"title":"EL VICEMINISTRO DE CULTURA DE LA PROVINCIA, JOS\u00c9 IGNACIO \u00abCOTE\u00bb ROSSI CONTIN\u00daA ACOMPA\u00d1ANDO LAS FIESTAS POPULARES","author":"Alejandro Sosa Ruda","date":"20 marzo, 2024","format":false,"excerpt":"El dirigente provincial nativo de Chascom\u00fas, renueva cada d\u00eda su compromiso con la cultura popular. 20 de marzo de 2024 BUENOS AIRES -\u00a0 El viceministro de Cultura de la Provincia de Buenos Aires, Jos\u00e9 Ignacio \"Cote\" Rossi, quien desde que asumi\u00f3 tiene una agenda que lo lleva a participar y\u2026","rel":"","context":"En \u00abINTERES GENERAL\u00bb","block_context":{"text":"INTERES GENERAL","link":"https:\/\/larevistadigital.com.ar\/blog\/category\/interes-general\/"},"img":{"alt_text":"","src":"https:\/\/i0.wp.com\/larevistadigital.com.ar\/blog\/wp-content\/uploads\/433660757_826319242844953_3075976269529019029_n.jpg?fit=1200%2C800&ssl=1&resize=350%2C200","width":350,"height":200,"srcset":"https:\/\/i0.wp.com\/larevistadigital.com.ar\/blog\/wp-content\/uploads\/433660757_826319242844953_3075976269529019029_n.jpg?fit=1200%2C800&ssl=1&resize=350%2C200 1x, https:\/\/i0.wp.com\/larevistadigital.com.ar\/blog\/wp-content\/uploads\/433660757_826319242844953_3075976269529019029_n.jpg?fit=1200%2C800&ssl=1&resize=525%2C300 1.5x, https:\/\/i0.wp.com\/larevistadigital.com.ar\/blog\/wp-content\/uploads\/433660757_826319242844953_3075976269529019029_n.jpg?fit=1200%2C800&ssl=1&resize=700%2C400 2x, https:\/\/i0.wp.com\/larevistadigital.com.ar\/blog\/wp-content\/uploads\/433660757_826319242844953_3075976269529019029_n.jpg?fit=1200%2C800&ssl=1&resize=1050%2C600 3x"},"classes":[]},{"id":35570,"url":"https:\/\/larevistadigital.com.ar\/blog\/el-viceministro-de-cultura-juan-ignacio-cote-rossi-visito-la-isla-martin-garcia-junto-al-gobernador-kicillof\/","url_meta":{"origin":35080,"position":5},"title":"EL VICEMINISTRO DE CULTURA, JUAN IGNACIO \u00abCOTE\u00bb ROSSI VISIT\u00d3 LA ISLA MART\u00cdN GARC\u00cdA JUNTO AL GOBERNADOR KICILLOF","author":"Alejandro Sosa Ruda","date":"16 marzo, 2024","format":false,"excerpt":"\u00a0 16 de marzo de 2024 LRD - El chascomunense Juan Ignacio \"Cote\" Rossi, viceministro de Cultura de la Provincia de Buenos Aires, junto al gobernador Axel Kicillof\u00a0 y en representaci\u00f3n del Instituto Cultural de la Provincia de Buenos Aires, de un reconocimiento a Eva Per\u00f3n, abanderada de los humildes\u2026","rel":"","context":"En \u00abINTERES GENERAL\u00bb","block_context":{"text":"INTERES GENERAL","link":"https:\/\/larevistadigital.com.ar\/blog\/category\/interes-general\/"},"img":{"alt_text":"","src":"https:\/\/i0.wp.com\/larevistadigital.com.ar\/blog\/wp-content\/uploads\/432381351_824620576348153_5614084164306149309_n.jpg?fit=1200%2C1200&ssl=1&resize=350%2C200","width":350,"height":200,"srcset":"https:\/\/i0.wp.com\/larevistadigital.com.ar\/blog\/wp-content\/uploads\/432381351_824620576348153_5614084164306149309_n.jpg?fit=1200%2C1200&ssl=1&resize=350%2C200 1x, https:\/\/i0.wp.com\/larevistadigital.com.ar\/blog\/wp-content\/uploads\/432381351_824620576348153_5614084164306149309_n.jpg?fit=1200%2C1200&ssl=1&resize=525%2C300 1.5x, https:\/\/i0.wp.com\/larevistadigital.com.ar\/blog\/wp-content\/uploads\/432381351_824620576348153_5614084164306149309_n.jpg?fit=1200%2C1200&ssl=1&resize=700%2C400 2x, https:\/\/i0.wp.com\/larevistadigital.com.ar\/blog\/wp-content\/uploads\/432381351_824620576348153_5614084164306149309_n.jpg?fit=1200%2C1200&ssl=1&resize=1050%2C600 3x"},"classes":[]}],"_links":{"self":[{"href":"https:\/\/larevistadigital.com.ar\/blog\/wp-json\/wp\/v2\/posts\/35080","targetHints":{"allow":["GET"]}}],"collection":[{"href":"https:\/\/larevistadigital.com.ar\/blog\/wp-json\/wp\/v2\/posts"}],"about":[{"href":"https:\/\/larevistadigital.com.ar\/blog\/wp-json\/wp\/v2\/types\/post"}],"author":[{"embeddable":true,"href":"https:\/\/larevistadigital.com.ar\/blog\/wp-json\/wp\/v2\/users\/3"}],"replies":[{"embeddable":true,"href":"https:\/\/larevistadigital.com.ar\/blog\/wp-json\/wp\/v2\/comments?post=35080"}],"version-history":[{"count":1,"href":"https:\/\/larevistadigital.com.ar\/blog\/wp-json\/wp\/v2\/posts\/35080\/revisions"}],"predecessor-version":[{"id":35082,"href":"https:\/\/larevistadigital.com.ar\/blog\/wp-json\/wp\/v2\/posts\/35080\/revisions\/35082"}],"wp:featuredmedia":[{"embeddable":true,"href":"https:\/\/larevistadigital.com.ar\/blog\/wp-json\/wp\/v2\/media\/35081"}],"wp:attachment":[{"href":"https:\/\/larevistadigital.com.ar\/blog\/wp-json\/wp\/v2\/media?parent=35080"}],"wp:term":[{"taxonomy":"category","embeddable":true,"href":"https:\/\/larevistadigital.com.ar\/blog\/wp-json\/wp\/v2\/categories?post=35080"},{"taxonomy":"post_tag","embeddable":true,"href":"https:\/\/larevistadigital.com.ar\/blog\/wp-json\/wp\/v2\/tags?post=35080"}],"curies":[{"name":"wp","href":"https:\/\/api.w.org\/{rel}","templated":true}]}}