{"id":35085,"date":"2024-01-23T11:58:12","date_gmt":"2024-01-23T14:58:12","guid":{"rendered":"https:\/\/larevistadigital.com.ar\/blog\/?p=35085"},"modified":"2024-01-23T11:58:12","modified_gmt":"2024-01-23T14:58:12","slug":"otro-caso-se-busca-a-un-joven-que-salio-en-kayak-el-domingo-y-no-ha-regresado","status":"publish","type":"post","link":"https:\/\/larevistadigital.com.ar\/blog\/otro-caso-se-busca-a-un-joven-que-salio-en-kayak-el-domingo-y-no-ha-regresado\/","title":{"rendered":"OTRO CASO&#8230; SE BUSCA A UN JOVEN QUE SALI\u00d3 EN KAYAK EL DOMINGO Y NO HA REGRESADO"},"content":{"rendered":"<h2 class=\"fparrafo ctext fz18 lh25\">Se trata de Federico Saihueque Cuevas, quien fue visto por \u00faltima vez por la polic\u00eda local este domingo cerca de las 19. Su madre radic\u00f3 la denuncia de desaparici\u00f3n de persona en la Comisar\u00eda de Tres Arroyos. Dice, que su hijo se fue a Claromec\u00f3 este domingo por la tarde con amigos en un auto y no regres\u00f3.<\/h2>\n<p>23 de enero de 2023<\/p>\n<p><strong>TRES ARROYOS &#8211;\u00a0<\/strong> \u00a0A ra\u00edz de la denuncia, el Secretario de Seguridad de la Municipalidad de Tres Arroyos, <strong>Juan Eduardo Apolonio<\/strong> se\u00f1al\u00f3 a LU 24. que se estaba organizando un operativo de b\u00fasqueda del joven <strong>Federico Saihueque Cuevas<\/strong>, mayor de edad, qui\u00e9n el domingo alquil\u00f3 un kayak y no volvi\u00f3.<\/p>\n<p>Ya est\u00e1 interviniendo la Fiscal\u00eda N\u00ba 13 tras la denuncia de la madre. Trascendi\u00f3 que alrededor de las 19 horas del domingo un guardavida vio un kayakista a una distancia tal vez imprudente de la costa. Se acerc\u00f3 para preguntarle que estaba haciendo y este respondi\u00f3 que estaba practicando y estaba bien, al parecer ser\u00eda<strong> Federico Saihueque Cuevas<\/strong>.<\/p>\n<blockquote>\n<h3>La familia, mediante un comunicado en las redes sociales, disiente con que haya sido una cuesti\u00f3n de intentar robar la embarcaci\u00f3n y solo queda pensar que se trata de un accidente n\u00e1utico.<\/h3>\n<\/blockquote>\n<p>Cabe recordar, que, desde hace unos d\u00edas atr\u00e1s, en Caril\u00f3 tambi\u00e9n buscan intensamente a dos hombres que ingresaron en kayak al mar para pescar. Hasta ahora las novedades de ese caso particular fue la aparici\u00f3n de la embarcaci\u00f3n, pero personal policial contin\u00faa trabajando en el caso.\u00a0<b>(InfoGEI)Ac<\/b><\/p>\n","protected":false},"excerpt":{"rendered":"<div class=\"mh-excerpt\"><p>Se trata de Federico Saihueque Cuevas, quien fue visto por \u00faltima vez por la polic\u00eda local este domingo cerca de las 19. Su madre radic\u00f3 la denuncia de desaparici\u00f3n de persona en la Comisar\u00eda de <a class=\"mh-excerpt-more\" href=\"https:\/\/larevistadigital.com.ar\/blog\/otro-caso-se-busca-a-un-joven-que-salio-en-kayak-el-domingo-y-no-ha-regresado\/\" title=\"OTRO CASO&#8230; SE BUSCA A UN JOVEN QUE SALI\u00d3 EN KAYAK EL DOMINGO Y NO HA REGRESADO\">[Leer M\u00e1s]<\/a><\/p>\n<\/div>","protected":false},"author":3,"featured_media":35086,"comment_status":"open","ping_status":"open","sticky":false,"template":"","format":"standard","meta":{"_jetpack_memberships_contains_paid_content":false,"footnotes":"","jetpack_publicize_message":"","jetpack_publicize_feature_enabled":true,"jetpack_social_post_already_shared":true,"jetpack_social_options":{"image_generator_settings":{"template":"highway","default_image_id":0,"font":"","enabled":false},"version":2}},"categories":[44,51],"tags":[],"class_list":{"0":"post-35085","1":"post","2":"type-post","3":"status-publish","4":"format-standard","5":"has-post-thumbnail","7":"category-policiales","8":"category-regionales"},"jetpack_publicize_connections":[],"jetpack_featured_media_url":"https:\/\/i0.wp.com\/larevistadigital.com.ar\/blog\/wp-content\/uploads\/Captura-de-pantalla-2024-01-23-115503.png?fit=771%2C402&ssl=1","jetpack_sharing_enabled":true,"jetpack_shortlink":"https:\/\/wp.me\/p8qtrQ-97T","jetpack-related-posts":[{"id":24653,"url":"https:\/\/larevistadigital.com.ar\/blog\/accidente-domestico-fallece-joven-en-tres-arroyos-que-se-habia-quemado-al-avivar-un-fuego-con-nafta\/","url_meta":{"origin":35085,"position":0},"title":"ACCIDENTE DOM\u00c9STICO: FALLECE JOVEN EN TRES ARROYOS, QUE SE HAB\u00cdA QUEMADO AL AVIVAR UN FUEGO CON NAFTA","author":"Alejandro Sosa Ruda","date":"18 marzo, 2022","format":false,"excerpt":"Jonathan se encontraba en su vivienda cuando sufri\u00f3 un el accidente que le provoc\u00f3 quemaduras en el 60% del cuerpo. El joven quiso avivar un fuego con nafta, pero las llamas agarraron el bid\u00f3n que termin\u00f3 explotando. TRES ARROYOS -\u00a0 Jonathan Ruiz de 25 a\u00f1os falleci\u00f3 en el Hospital de\u2026","rel":"","context":"En \u00abREGIONALES\u00bb","block_context":{"text":"REGIONALES","link":"https:\/\/larevistadigital.com.ar\/blog\/category\/regionales\/"},"img":{"alt_text":"","src":"https:\/\/i0.wp.com\/larevistadigital.com.ar\/blog\/wp-content\/uploads\/20220317165925_avion-sanitario.jpg?fit=880%2C512&ssl=1&resize=350%2C200","width":350,"height":200,"srcset":"https:\/\/i0.wp.com\/larevistadigital.com.ar\/blog\/wp-content\/uploads\/20220317165925_avion-sanitario.jpg?fit=880%2C512&ssl=1&resize=350%2C200 1x, https:\/\/i0.wp.com\/larevistadigital.com.ar\/blog\/wp-content\/uploads\/20220317165925_avion-sanitario.jpg?fit=880%2C512&ssl=1&resize=525%2C300 1.5x, https:\/\/i0.wp.com\/larevistadigital.com.ar\/blog\/wp-content\/uploads\/20220317165925_avion-sanitario.jpg?fit=880%2C512&ssl=1&resize=700%2C400 2x"},"classes":[]},{"id":33550,"url":"https:\/\/larevistadigital.com.ar\/blog\/desgracia-un-joven-quedo-atrapado-en-una-cosechadora-y-perdio-una-pierna\/","url_meta":{"origin":35085,"position":1},"title":"DESGRACIA: UN JOVEN QUED\u00d3 ATRAPADO EN UNA COSECHADORA Y PERDI\u00d3 UNA PIERNA","author":"Alejandro Sosa Ruda","date":"23 septiembre, 2023","format":false,"excerpt":"El joven fue atrapado por la unidad. Como consecuencia, le amputaron la pierna derecha y tuvo que ser intervenido quir\u00fargicamente para que le reconstruyan la pierna izquierda. 23 de Septiembre de 2023 TRES ARROYOS -\u00a0 Un trabajador rural de 25 a\u00f1os sufri\u00f3 un grave accidente en un campo ubicado a\u2026","rel":"","context":"En \u00abINTERES GENERAL\u00bb","block_context":{"text":"INTERES GENERAL","link":"https:\/\/larevistadigital.com.ar\/blog\/category\/interes-general\/"},"img":{"alt_text":"","src":"https:\/\/i0.wp.com\/larevistadigital.com.ar\/blog\/wp-content\/uploads\/20230922143628_cose.jpg?fit=880%2C512&ssl=1&resize=350%2C200","width":350,"height":200,"srcset":"https:\/\/i0.wp.com\/larevistadigital.com.ar\/blog\/wp-content\/uploads\/20230922143628_cose.jpg?fit=880%2C512&ssl=1&resize=350%2C200 1x, https:\/\/i0.wp.com\/larevistadigital.com.ar\/blog\/wp-content\/uploads\/20230922143628_cose.jpg?fit=880%2C512&ssl=1&resize=525%2C300 1.5x, https:\/\/i0.wp.com\/larevistadigital.com.ar\/blog\/wp-content\/uploads\/20230922143628_cose.jpg?fit=880%2C512&ssl=1&resize=700%2C400 2x"},"classes":[]},{"id":29159,"url":"https:\/\/larevistadigital.com.ar\/blog\/mueren-tres-personas-en-un-choque-entre-un-auto-y-una-camioneta\/","url_meta":{"origin":35085,"position":2},"title":"MUEREN TRES PERSONAS EN UN CHOQUE ENTRE UN AUTO Y UNA CAMIONETA","author":"Alejandro Sosa Ruda","date":"29 noviembre, 2022","format":false,"excerpt":"Sucedi\u00f3 en la ruta provincial 72, entre las localidades de Oriente y Copetonas. Dos de los fallecidos ten\u00edan 16 a\u00f1os y el otro, 42. El choque ocurri\u00f3 el domingo a la ma\u00f1ana. El fiscal Gabriel Lopazo, de Tres Arroyos, solicit\u00f3 demorar al conductor de la camioneta en la causa caratulada\u2026","rel":"","context":"En \u00abPOLICIALES\u00bb","block_context":{"text":"POLICIALES","link":"https:\/\/larevistadigital.com.ar\/blog\/category\/policiales\/"},"img":{"alt_text":"","src":"https:\/\/i0.wp.com\/larevistadigital.com.ar\/blog\/wp-content\/uploads\/20221128174603_3a.jpg?fit=880%2C512&ssl=1&resize=350%2C200","width":350,"height":200,"srcset":"https:\/\/i0.wp.com\/larevistadigital.com.ar\/blog\/wp-content\/uploads\/20221128174603_3a.jpg?fit=880%2C512&ssl=1&resize=350%2C200 1x, https:\/\/i0.wp.com\/larevistadigital.com.ar\/blog\/wp-content\/uploads\/20221128174603_3a.jpg?fit=880%2C512&ssl=1&resize=525%2C300 1.5x, https:\/\/i0.wp.com\/larevistadigital.com.ar\/blog\/wp-content\/uploads\/20221128174603_3a.jpg?fit=880%2C512&ssl=1&resize=700%2C400 2x"},"classes":[]},{"id":5375,"url":"https:\/\/larevistadigital.com.ar\/blog\/siguio-a-un-menor-durante-varias-cuadras-denuncia-por-actitud-sospechosa-de-un-desconocido-que-desperto-logica-inquietud-en-chascomus\/","url_meta":{"origin":35085,"position":3},"title":"SIGUI\u00d3 A UN MENOR DURANTE VARIAS CUADRAS: Denuncia por actitud sospechosa de un desconocido, que despert\u00f3 l\u00f3gica inquietud en Chascom\u00fas","author":"admin","date":"25 marzo, 2018","format":false,"excerpt":"Adriana Bianchi, vecina de nuestra ciudad, fue entrevistada en la ma\u00f1ana de FM Por Siempre, oportunidad en la que se refiri\u00f3 a una situaci\u00f3n que le toc\u00f3 vivir a su hijo de 12 a\u00f1os, d\u00edas pasados cuando se dirig\u00eda por calle Escribano hacia el club Deportivo siendo las 18:30. Como\u2026","rel":"","context":"En \u00abDESTACADAS\u00bb","block_context":{"text":"DESTACADAS","link":"https:\/\/larevistadigital.com.ar\/blog\/category\/destacadas\/"},"img":{"alt_text":"","src":"https:\/\/i0.wp.com\/larevistadigital.com.ar\/blog\/wp-content\/uploads\/2018\/03\/DSCN2446-1-700x467.jpg?fit=700%2C467&ssl=1&resize=350%2C200","width":350,"height":200,"srcset":"https:\/\/i0.wp.com\/larevistadigital.com.ar\/blog\/wp-content\/uploads\/2018\/03\/DSCN2446-1-700x467.jpg?fit=700%2C467&ssl=1&resize=350%2C200 1x, https:\/\/i0.wp.com\/larevistadigital.com.ar\/blog\/wp-content\/uploads\/2018\/03\/DSCN2446-1-700x467.jpg?fit=700%2C467&ssl=1&resize=525%2C300 1.5x, https:\/\/i0.wp.com\/larevistadigital.com.ar\/blog\/wp-content\/uploads\/2018\/03\/DSCN2446-1-700x467.jpg?fit=700%2C467&ssl=1&resize=700%2C400 2x"},"classes":[]},{"id":22104,"url":"https:\/\/larevistadigital.com.ar\/blog\/tragedia-en-tres-arroyos-adolescente-muere-al-caer-de-un-noveno-piso\/","url_meta":{"origin":35085,"position":4},"title":"TRAGEDIA EN TRES ARROYOS: ADOLESCENTE MUERE AL CAER DE UN NOVENO PISO","author":"Alejandro Sosa Ruda","date":"23 septiembre, 2021","format":false,"excerpt":"Un adolescente muri\u00f3 en la ciudad de Tres Arroyos tras caer de un noveno piso. El hecho tuvo lugar en un edificio ubicado en pleno centro. Hay testigos que indican que el adolescente intent\u00f3 llegar a la terraza desde la ventana de su departamento trepando tomado a un manojo de\u2026","rel":"","context":"En \u00abPOLICIALES\u00bb","block_context":{"text":"POLICIALES","link":"https:\/\/larevistadigital.com.ar\/blog\/category\/policiales\/"},"img":{"alt_text":"","src":"https:\/\/i0.wp.com\/larevistadigital.com.ar\/blog\/wp-content\/uploads\/20210922130335_caida.jpg?fit=880%2C512&ssl=1&resize=350%2C200","width":350,"height":200,"srcset":"https:\/\/i0.wp.com\/larevistadigital.com.ar\/blog\/wp-content\/uploads\/20210922130335_caida.jpg?fit=880%2C512&ssl=1&resize=350%2C200 1x, https:\/\/i0.wp.com\/larevistadigital.com.ar\/blog\/wp-content\/uploads\/20210922130335_caida.jpg?fit=880%2C512&ssl=1&resize=525%2C300 1.5x, https:\/\/i0.wp.com\/larevistadigital.com.ar\/blog\/wp-content\/uploads\/20210922130335_caida.jpg?fit=880%2C512&ssl=1&resize=700%2C400 2x"},"classes":[]},{"id":14578,"url":"https:\/\/larevistadigital.com.ar\/blog\/guernica-buscan-desesperadamente-a-conocido-periodista-desaparecido-desde-el-sabado\/","url_meta":{"origin":35085,"position":5},"title":"GUERNICA: BUSCAN DESESPERADAMENTE A CONOCIDO PERIODISTA DESAPARECIDO DESDE EL S\u00c1BADO","author":"Alejandro Sosa Ruda","date":"3 febrero, 2020","format":false,"excerpt":"Se trata del colega Matias Baigorria, director del medio \"El Peronense\". Fue visto por \u00faltima vez el domingo a la ma\u00f1ana. La localidad de Guernica, distrito de Presidente Per\u00f3n, se encuentra conmocionada por la desaparici\u00f3n de Matias Nahuel Baigorria, un joven y conocido periodista de esa ciudad\u00a0de quien no se\u2026","rel":"","context":"En \u00abPOLICIALES\u00bb","block_context":{"text":"POLICIALES","link":"https:\/\/larevistadigital.com.ar\/blog\/category\/policiales\/"},"img":{"alt_text":"","src":"https:\/\/i0.wp.com\/larevistadigital.com.ar\/blog\/wp-content\/uploads\/IMG-20200203-WA0066.jpg?fit=1024%2C512&ssl=1&resize=350%2C200","width":350,"height":200,"srcset":"https:\/\/i0.wp.com\/larevistadigital.com.ar\/blog\/wp-content\/uploads\/IMG-20200203-WA0066.jpg?fit=1024%2C512&ssl=1&resize=350%2C200 1x, https:\/\/i0.wp.com\/larevistadigital.com.ar\/blog\/wp-content\/uploads\/IMG-20200203-WA0066.jpg?fit=1024%2C512&ssl=1&resize=525%2C300 1.5x, https:\/\/i0.wp.com\/larevistadigital.com.ar\/blog\/wp-content\/uploads\/IMG-20200203-WA0066.jpg?fit=1024%2C512&ssl=1&resize=700%2C400 2x"},"classes":[]}],"_links":{"self":[{"href":"https:\/\/larevistadigital.com.ar\/blog\/wp-json\/wp\/v2\/posts\/35085","targetHints":{"allow":["GET"]}}],"collection":[{"href":"https:\/\/larevistadigital.com.ar\/blog\/wp-json\/wp\/v2\/posts"}],"about":[{"href":"https:\/\/larevistadigital.com.ar\/blog\/wp-json\/wp\/v2\/types\/post"}],"author":[{"embeddable":true,"href":"https:\/\/larevistadigital.com.ar\/blog\/wp-json\/wp\/v2\/users\/3"}],"replies":[{"embeddable":true,"href":"https:\/\/larevistadigital.com.ar\/blog\/wp-json\/wp\/v2\/comments?post=35085"}],"version-history":[{"count":1,"href":"https:\/\/larevistadigital.com.ar\/blog\/wp-json\/wp\/v2\/posts\/35085\/revisions"}],"predecessor-version":[{"id":35087,"href":"https:\/\/larevistadigital.com.ar\/blog\/wp-json\/wp\/v2\/posts\/35085\/revisions\/35087"}],"wp:featuredmedia":[{"embeddable":true,"href":"https:\/\/larevistadigital.com.ar\/blog\/wp-json\/wp\/v2\/media\/35086"}],"wp:attachment":[{"href":"https:\/\/larevistadigital.com.ar\/blog\/wp-json\/wp\/v2\/media?parent=35085"}],"wp:term":[{"taxonomy":"category","embeddable":true,"href":"https:\/\/larevistadigital.com.ar\/blog\/wp-json\/wp\/v2\/categories?post=35085"},{"taxonomy":"post_tag","embeddable":true,"href":"https:\/\/larevistadigital.com.ar\/blog\/wp-json\/wp\/v2\/tags?post=35085"}],"curies":[{"name":"wp","href":"https:\/\/api.w.org\/{rel}","templated":true}]}}