{"id":35091,"date":"2024-01-23T12:17:06","date_gmt":"2024-01-23T15:17:06","guid":{"rendered":"https:\/\/larevistadigital.com.ar\/blog\/?p=35091"},"modified":"2024-01-23T12:17:06","modified_gmt":"2024-01-23T15:17:06","slug":"encontraron-a-la-chica-desaparecida-luego-de-una-cita-por-tik-tok","status":"publish","type":"post","link":"https:\/\/larevistadigital.com.ar\/blog\/encontraron-a-la-chica-desaparecida-luego-de-una-cita-por-tik-tok\/","title":{"rendered":"ENCONTRARON A LA CHICA DESAPARECIDA LUEGO DE UNA CITA POR TIK TOK"},"content":{"rendered":"<h2 class=\"fparrafo ctext fz18 lh25\">Una mujer de 30 a\u00f1os con retraso madurativo fue encontrada luego de una intensa b\u00fasqueda iniciada d\u00edas atr\u00e1s, cuando se le perdi\u00f3 el rastro despu\u00e9s de haber acordado una cita con un hombre que conoci\u00f3 en Tik Tok. La mujer hab\u00eda pactado un encuentro con una persona, y se retir\u00f3 de su hogar tras discutir con su madre.<\/h2>\n<p>23 de enero de 2023<\/p>\n<p><strong>PILAR &#8211;\u00a0 <\/strong>La familia confirm\u00f3 el hallazgo, pero de momento evitaron precisar d\u00f3nde estuvo y con qui\u00e9n.<\/p>\n<blockquote>\n<h3>La denuncia por averiguaci\u00f3n de paradero de Emilce Gonz\u00e1lez fue radicada por su madre, Mar\u00eda Romualda Esquivel, de 55 a\u00f1os, en la localidad de Derqui, partido de Pilar.<\/h3>\n<\/blockquote>\n<p>La mujer dijo que su hija se fue de la casa tras haber discutido con su familia y se\u00f1al\u00f3 que pact\u00f3 una cita con un hombre que conoci\u00f3 por la red social Tik Tok.<\/p>\n<blockquote>\n<h3>En la denuncia, la madre coment\u00f3 que Emilce estaba utilizando una tablet para hablar a trav\u00e9s de Tik Tok con un hombre que figura con el nombre de \u00abGast\u00f3n Breiser\u00bb.<\/h3>\n<\/blockquote>\n<p>La madre sostuvo que estaba hablando con este hombre y, tras una discusi\u00f3n entre ambas, su hija dijo que \u00abse iba a lo de un amigo\u00bb y nunca regres\u00f3.<\/p>\n<p>Seg\u00fan <strong>Esquivel<\/strong>, no es la primera vez que <strong>Emilce<\/strong> se ausenta varios d\u00edas de su casa y explic\u00f3 que la joven posee un \u00ableve retraso madurativo\u00bb.\u00a0<b>(InfoGEI)Ac<\/b><\/p>\n","protected":false},"excerpt":{"rendered":"<div class=\"mh-excerpt\"><p>Una mujer de 30 a\u00f1os con retraso madurativo fue encontrada luego de una intensa b\u00fasqueda iniciada d\u00edas atr\u00e1s, cuando se le perdi\u00f3 el rastro despu\u00e9s de haber acordado una cita con un hombre que conoci\u00f3 <a class=\"mh-excerpt-more\" href=\"https:\/\/larevistadigital.com.ar\/blog\/encontraron-a-la-chica-desaparecida-luego-de-una-cita-por-tik-tok\/\" title=\"ENCONTRARON A LA CHICA DESAPARECIDA LUEGO DE UNA CITA POR TIK TOK\">[Leer M\u00e1s]<\/a><\/p>\n<\/div>","protected":false},"author":3,"featured_media":35039,"comment_status":"open","ping_status":"open","sticky":false,"template":"","format":"standard","meta":{"_jetpack_memberships_contains_paid_content":false,"footnotes":"","jetpack_publicize_message":"","jetpack_publicize_feature_enabled":true,"jetpack_social_post_already_shared":true,"jetpack_social_options":{"image_generator_settings":{"template":"highway","default_image_id":0,"font":"","enabled":false},"version":2}},"categories":[1],"tags":[],"class_list":{"0":"post-35091","1":"post","2":"type-post","3":"status-publish","4":"format-standard","5":"has-post-thumbnail","7":"category-sin-categoria"},"jetpack_publicize_connections":[],"jetpack_featured_media_url":"https:\/\/i0.wp.com\/larevistadigital.com.ar\/blog\/wp-content\/uploads\/20240120102449_emilce-gonzalez.jpg?fit=880%2C512&ssl=1","jetpack_sharing_enabled":true,"jetpack_shortlink":"https:\/\/wp.me\/p8qtrQ-97Z","jetpack-related-posts":[{"id":35038,"url":"https:\/\/larevistadigital.com.ar\/blog\/se-busca-con-intensidad-a-una-mujer-que-fue-a-una-cita-con-alguien-que-conocio-en-tik-tok-y-no-regreso-mas\/","url_meta":{"origin":35091,"position":0},"title":"SE BUSCA CON INTENSIDAD A UNA MUJER QUE FUE A UNA CITA CON ALGUIEN QUE CONOCI\u00d3 EN TIK TOK Y NO REGRES\u00d3 M\u00c1S","author":"Alejandro Sosa Ruda","date":"20 enero, 2024","format":false,"excerpt":"Se llama Emilce Gonz\u00e1lez. Es oriunda de la localidad de Presidente Derqui y la \u00faltima vez que se supo de ella fue el viernes pasado. Familiares la buscan desesperadamente. 20 de enero de 2023 PILAR -\u00a0 \u00a0Una mujer de 30 a\u00f1os permanece desaparecida desde el pasado viernes luego de que\u2026","rel":"","context":"En \u00abPOLICIALES\u00bb","block_context":{"text":"POLICIALES","link":"https:\/\/larevistadigital.com.ar\/blog\/category\/policiales\/"},"img":{"alt_text":"","src":"https:\/\/i0.wp.com\/larevistadigital.com.ar\/blog\/wp-content\/uploads\/20240120102449_emilce-gonzalez.jpg?fit=880%2C512&ssl=1&resize=350%2C200","width":350,"height":200,"srcset":"https:\/\/i0.wp.com\/larevistadigital.com.ar\/blog\/wp-content\/uploads\/20240120102449_emilce-gonzalez.jpg?fit=880%2C512&ssl=1&resize=350%2C200 1x, https:\/\/i0.wp.com\/larevistadigital.com.ar\/blog\/wp-content\/uploads\/20240120102449_emilce-gonzalez.jpg?fit=880%2C512&ssl=1&resize=525%2C300 1.5x, https:\/\/i0.wp.com\/larevistadigital.com.ar\/blog\/wp-content\/uploads\/20240120102449_emilce-gonzalez.jpg?fit=880%2C512&ssl=1&resize=700%2C400 2x"},"classes":[]},{"id":23956,"url":"https:\/\/larevistadigital.com.ar\/blog\/pilar-detienen-a-hombre-acusado-de-violar-a-su-pequena-hija\/","url_meta":{"origin":35091,"position":1},"title":"PILAR: DETIENEN A HOMBRE ACUSADO DE VIOLAR A SU PEQUE\u00d1A HIJA","author":"Alejandro Sosa Ruda","date":"12 febrero, 2022","format":false,"excerpt":"La Polic\u00eda detuvo a un hombre acusado de haber violado en reiteradas oportunidades a su peque\u00f1a hija. La menor tiene 8 a\u00f1os y fue ultrajada en reiteradas oportunidades, de acuerdo a la denuncia de la madre. PILAR -\u00a0 La captura se efectu\u00f3 luego de que el sujeto, de 31 a\u00f1os,\u2026","rel":"","context":"En \u00abPOLICIALES\u00bb","block_context":{"text":"POLICIALES","link":"https:\/\/larevistadigital.com.ar\/blog\/category\/policiales\/"},"img":{"alt_text":"","src":"https:\/\/i0.wp.com\/larevistadigital.com.ar\/blog\/wp-content\/uploads\/20220211111148_detenido-violacion-pilar.jpg?fit=880%2C512&ssl=1&resize=350%2C200","width":350,"height":200,"srcset":"https:\/\/i0.wp.com\/larevistadigital.com.ar\/blog\/wp-content\/uploads\/20220211111148_detenido-violacion-pilar.jpg?fit=880%2C512&ssl=1&resize=350%2C200 1x, https:\/\/i0.wp.com\/larevistadigital.com.ar\/blog\/wp-content\/uploads\/20220211111148_detenido-violacion-pilar.jpg?fit=880%2C512&ssl=1&resize=525%2C300 1.5x, https:\/\/i0.wp.com\/larevistadigital.com.ar\/blog\/wp-content\/uploads\/20220211111148_detenido-violacion-pilar.jpg?fit=880%2C512&ssl=1&resize=700%2C400 2x"},"classes":[]},{"id":33242,"url":"https:\/\/larevistadigital.com.ar\/blog\/detienen-a-una-mujer-que-obligaba-a-su-hija-menor-a-prostituirse\/","url_meta":{"origin":35091,"position":2},"title":"DETIENEN A UNA MUJER QUE OBLIGABA A SU HIJA MENOR A PROSTITUIRSE","author":"Alejandro Sosa Ruda","date":"3 septiembre, 2023","format":false,"excerpt":"La v\u00edctima tiene 16 a\u00f1os. Fue encerrada en una vivienda\u00a0 y era obligada a mantener relaciones sexuales con un hombre a cambio de dinero. La madre de la menor y la due\u00f1a de la vivienda, quedaron detenidas. Buscan al abusador que ya est\u00e1 identificado. 3 de septiembre de 2023 PILAR\u2026","rel":"","context":"En \u00abINTERES GENERAL\u00bb","block_context":{"text":"INTERES GENERAL","link":"https:\/\/larevistadigital.com.ar\/blog\/category\/interes-general\/"},"img":{"alt_text":"","src":"https:\/\/i0.wp.com\/larevistadigital.com.ar\/blog\/wp-content\/uploads\/20230903103606_menor-madre-prostituirse.jpg?fit=880%2C512&ssl=1&resize=350%2C200","width":350,"height":200,"srcset":"https:\/\/i0.wp.com\/larevistadigital.com.ar\/blog\/wp-content\/uploads\/20230903103606_menor-madre-prostituirse.jpg?fit=880%2C512&ssl=1&resize=350%2C200 1x, https:\/\/i0.wp.com\/larevistadigital.com.ar\/blog\/wp-content\/uploads\/20230903103606_menor-madre-prostituirse.jpg?fit=880%2C512&ssl=1&resize=525%2C300 1.5x, https:\/\/i0.wp.com\/larevistadigital.com.ar\/blog\/wp-content\/uploads\/20230903103606_menor-madre-prostituirse.jpg?fit=880%2C512&ssl=1&resize=700%2C400 2x"},"classes":[]},{"id":8560,"url":"https:\/\/larevistadigital.com.ar\/blog\/castelli-denuncian-abuso-sexual-a-menor\/","url_meta":{"origin":35091,"position":3},"title":"CASTELLI: DENUNCIAN ABUSO SEXUAL A MENOR","author":"Alejandro Sosa Ruda","date":"18 febrero, 2019","format":false,"excerpt":"Una mujer denunci\u00f3 abuso sexual de una menor de edad, confirm\u00f3 una fuente policial a castellidiario El hecho ocurri\u00f3 el jueves de la semana pasada cuando una ni\u00f1a recibi\u00f3 tocamientos por parte de la pareja de su madre luego de haber quedado a solas con el hombre, confiaron a este\u2026","rel":"","context":"En \u00abCASTELLI\u00bb","block_context":{"text":"CASTELLI","link":"https:\/\/larevistadigital.com.ar\/blog\/category\/castelli\/"},"img":{"alt_text":"","src":"https:\/\/i0.wp.com\/larevistadigital.com.ar\/blog\/wp-content\/uploads\/2019\/02\/5a16c73a587a3.jpeg?fit=1200%2C689&ssl=1&resize=350%2C200","width":350,"height":200,"srcset":"https:\/\/i0.wp.com\/larevistadigital.com.ar\/blog\/wp-content\/uploads\/2019\/02\/5a16c73a587a3.jpeg?fit=1200%2C689&ssl=1&resize=350%2C200 1x, https:\/\/i0.wp.com\/larevistadigital.com.ar\/blog\/wp-content\/uploads\/2019\/02\/5a16c73a587a3.jpeg?fit=1200%2C689&ssl=1&resize=525%2C300 1.5x, https:\/\/i0.wp.com\/larevistadigital.com.ar\/blog\/wp-content\/uploads\/2019\/02\/5a16c73a587a3.jpeg?fit=1200%2C689&ssl=1&resize=700%2C400 2x, https:\/\/i0.wp.com\/larevistadigital.com.ar\/blog\/wp-content\/uploads\/2019\/02\/5a16c73a587a3.jpeg?fit=1200%2C689&ssl=1&resize=1050%2C600 3x"},"classes":[]},{"id":29746,"url":"https:\/\/larevistadigital.com.ar\/blog\/lo-peor-de-las-redes-murio-una-nena-de-12-anos-por-un-desafio-de-tik-tok\/","url_meta":{"origin":35091,"position":4},"title":"LO PEOR DE LAS REDES: MURI\u00d3 UNA NENA DE 12 A\u00d1OS POR UN DESAF\u00cdO DE TIK TOK","author":"Alejandro Sosa Ruda","date":"16 enero, 2023","format":false,"excerpt":"El padre de la menor la encontr\u00f3 sin vida en su habitaci\u00f3n, el pasado viernes. Los familiares constataron que se debe a un reto de la red social favorita de los adolescentes. Una\u00a0ni\u00f1a de 12 a\u00f1os\u00a0oriunda de la ciudad de\u00a0San Lorenzo, Santa Fe, fue encontrada sin vida por su padre\u00a0el\u2026","rel":"","context":"En \u00abDESTACADAS\u00bb","block_context":{"text":"DESTACADAS","link":"https:\/\/larevistadigital.com.ar\/blog\/category\/destacadas\/"},"img":{"alt_text":"","src":"https:\/\/i0.wp.com\/larevistadigital.com.ar\/blog\/wp-content\/uploads\/Captura-de-pantalla-2023-01-15-225749.jpg?fit=605%2C399&ssl=1&resize=350%2C200","width":350,"height":200,"srcset":"https:\/\/i0.wp.com\/larevistadigital.com.ar\/blog\/wp-content\/uploads\/Captura-de-pantalla-2023-01-15-225749.jpg?fit=605%2C399&ssl=1&resize=350%2C200 1x, https:\/\/i0.wp.com\/larevistadigital.com.ar\/blog\/wp-content\/uploads\/Captura-de-pantalla-2023-01-15-225749.jpg?fit=605%2C399&ssl=1&resize=525%2C300 1.5x"},"classes":[]},{"id":10073,"url":"https:\/\/larevistadigital.com.ar\/blog\/madre-desesperada-busca-a-su-hija-tras-ser-arrebatada-por-su-ex\/","url_meta":{"origin":35091,"position":5},"title":"MADRE DESESPERADA BUSCA A SU HIJA TRAS SER ARREBATADA POR SU EX","author":"Alejandro Sosa Ruda","date":"8 mayo, 2019","format":false,"excerpt":"El pap\u00e1 se la llev\u00f3 el 1\u00b0 de mayo, y desde ese entonces, Silvana, no sabe nada sobre el paradero de su peque\u00f1a hija de tan s\u00f3lo 8 a\u00f1os. Silvana Russo, tiene 38 a\u00f1os, es oriunda de la localidad de Longchamps, partido de Almirante Brown y\u00a0est\u00e1 desesperada porque desde hace\u2026","rel":"","context":"En \u00abPOLICIALES\u00bb","block_context":{"text":"POLICIALES","link":"https:\/\/larevistadigital.com.ar\/blog\/category\/policiales\/"},"img":{"alt_text":"","src":"https:\/\/i0.wp.com\/larevistadigital.com.ar\/blog\/wp-content\/uploads\/2019\/05\/Screenshot_1-7.jpg?fit=1019%2C697&ssl=1&resize=350%2C200","width":350,"height":200,"srcset":"https:\/\/i0.wp.com\/larevistadigital.com.ar\/blog\/wp-content\/uploads\/2019\/05\/Screenshot_1-7.jpg?fit=1019%2C697&ssl=1&resize=350%2C200 1x, https:\/\/i0.wp.com\/larevistadigital.com.ar\/blog\/wp-content\/uploads\/2019\/05\/Screenshot_1-7.jpg?fit=1019%2C697&ssl=1&resize=525%2C300 1.5x, https:\/\/i0.wp.com\/larevistadigital.com.ar\/blog\/wp-content\/uploads\/2019\/05\/Screenshot_1-7.jpg?fit=1019%2C697&ssl=1&resize=700%2C400 2x"},"classes":[]}],"_links":{"self":[{"href":"https:\/\/larevistadigital.com.ar\/blog\/wp-json\/wp\/v2\/posts\/35091","targetHints":{"allow":["GET"]}}],"collection":[{"href":"https:\/\/larevistadigital.com.ar\/blog\/wp-json\/wp\/v2\/posts"}],"about":[{"href":"https:\/\/larevistadigital.com.ar\/blog\/wp-json\/wp\/v2\/types\/post"}],"author":[{"embeddable":true,"href":"https:\/\/larevistadigital.com.ar\/blog\/wp-json\/wp\/v2\/users\/3"}],"replies":[{"embeddable":true,"href":"https:\/\/larevistadigital.com.ar\/blog\/wp-json\/wp\/v2\/comments?post=35091"}],"version-history":[{"count":1,"href":"https:\/\/larevistadigital.com.ar\/blog\/wp-json\/wp\/v2\/posts\/35091\/revisions"}],"predecessor-version":[{"id":35092,"href":"https:\/\/larevistadigital.com.ar\/blog\/wp-json\/wp\/v2\/posts\/35091\/revisions\/35092"}],"wp:featuredmedia":[{"embeddable":true,"href":"https:\/\/larevistadigital.com.ar\/blog\/wp-json\/wp\/v2\/media\/35039"}],"wp:attachment":[{"href":"https:\/\/larevistadigital.com.ar\/blog\/wp-json\/wp\/v2\/media?parent=35091"}],"wp:term":[{"taxonomy":"category","embeddable":true,"href":"https:\/\/larevistadigital.com.ar\/blog\/wp-json\/wp\/v2\/categories?post=35091"},{"taxonomy":"post_tag","embeddable":true,"href":"https:\/\/larevistadigital.com.ar\/blog\/wp-json\/wp\/v2\/tags?post=35091"}],"curies":[{"name":"wp","href":"https:\/\/api.w.org\/{rel}","templated":true}]}}