{"id":35097,"date":"2024-01-23T13:01:36","date_gmt":"2024-01-23T16:01:36","guid":{"rendered":"https:\/\/larevistadigital.com.ar\/blog\/?p=35097"},"modified":"2024-01-23T13:01:36","modified_gmt":"2024-01-23T16:01:36","slug":"fue-detenido-un-ex-pre-candidato-a-intendente-por-robo-de-celulares","status":"publish","type":"post","link":"https:\/\/larevistadigital.com.ar\/blog\/fue-detenido-un-ex-pre-candidato-a-intendente-por-robo-de-celulares\/","title":{"rendered":"FUE DETENIDO UN EX PRE-CANDIDATO A INTENDENTE POR ROBO DE CELULARES"},"content":{"rendered":"<h2 class=\"fparrafo ctext fz18 lh25\">Se trata de Juan Cruz Sica, quien trabajaba como guardavidas en un club de General Rodr\u00edguez donde ocurrieron los hechos. Familiares de las v\u00edctimas lo localizaron en la ciudad vecina de Luj\u00e1n, siguiendo el rastro de uno de los aparatos sustra\u00eddos.<\/h2>\n<p>23 de enero de 2023<\/p>\n<p><strong>GENERAL RODRIGUEZ &#8211;<\/strong>\u00a0 \u00a0El ex precandidato a intendente en dos ocasiones y actualmente desempe\u00f1\u00e1ndose como ba\u00f1ero en el Porte\u00f1o Atl\u00e9tico Club (PAC) de General Rodr\u00edguez, Juan Cruz Sica, fue detenido el pasado mi\u00e9rcoles y alojado en la Comisar\u00eda Luj\u00e1n Primera.<\/p>\n<p>Seg\u00fan la cr\u00f3nica de El Civismo, Sica est\u00e1 acusado de hurtar tel\u00e9fonos celulares de menores que participaban en la colonia de vacaciones del club de la vecina ciudad.<\/p>\n<p>De acuerdo con informaci\u00f3n publicada por el sitio La Posta Noticia, \u201crob\u00f3 celulares de los vestuarios mientras los menores estaban en la pileta, para despu\u00e9s intentar vender los aparatos\u201d.<\/p>\n<p>Al parecer, la maniobra delictiva \u201cfue mientras los chicos estaban en la pileta y \u00e9l se dirigi\u00f3 al vestuario de las chicas para comenzar a hurtar los celulares\u201d.<\/p>\n<p>El incidente que llev\u00f3 a su detenci\u00f3n ocurri\u00f3 a principios de la semana pasada, cuando Sica qued\u00f3 en la mira como el principal sospecho de haber robado varios tel\u00e9fonos celulares propiedad de menores de entre 11 y 14 a\u00f1os que concurren al club.<\/p>\n<p><b>Descubierto<\/b><\/p>\n<p>Los padres descubrieron el hurto al realizar un rastreo, identificando la ubicaci\u00f3n de uno de los dispositivos. Esa direcci\u00f3n coincid\u00eda con el lugar de residencia de Sica en esta ciudad.<\/p>\n<p>En un audio viralizado, un hermano de una de las ni\u00f1as robadas relat\u00f3: \u00abLos padres de las chicas fueron a buscarlo y lo encontraron al guardavida en una fiambrer\u00eda, lo agarraron del cuello, lo sacaron afuera y cuando le revisaron la mochila ten\u00eda los tres tel\u00e9fonos\u00bb.<\/p>\n<p><b>Arresto de Sica<\/b><\/p>\n<p>Luego, dieron aviso a la Polic\u00eda que procedi\u00f3 al arresto de Sica quien \u201cten\u00eda en su poder cinco tel\u00e9fonos robados, todos reconocidos por las v\u00edctimas\u201d, detall\u00f3 el sitio de noticias rodriguense.<\/p>\n<p>Actualmente, se encuentra a disposici\u00f3n de la Fiscal 10 del Departamento Judicial de Moreno &#8211; General Rodr\u00edguez, la Dra. Gabriela Urrutia, enfrentando cargos por \u201churto\u201d.<\/p>\n<p><b>Actividad pol\u00edtica de Sica<\/b><\/p>\n<p>Sica, de 44 a\u00f1os, no era conocido en General Rodr\u00edguez por su actividad pol\u00edtica como hab\u00eda desplegado en esta ciudad. En 2019, fue precandidato a intendente por el Partido Dignidad y Lealtad, donde obtuvo escasos 76 sufragios en las PASO, representando el 0,11%, convirti\u00e9ndose as\u00ed en uno de los menos votados en la provincia de Buenos Aires.<\/p>\n<p>En 2021, volvi\u00f3 a intentarlo al encabezar como precandidato a concejal por el partido Vocaci\u00f3n Social, bajo la Lista 317, que llevaba a la modelo y medi\u00e1tica Cinthia Fern\u00e1ndez como precandidata a diputada nacional.\u00a0<b>(InfoGEI)Ac<\/b><\/p>\n","protected":false},"excerpt":{"rendered":"<div class=\"mh-excerpt\"><p>Se trata de Juan Cruz Sica, quien trabajaba como guardavidas en un club de General Rodr\u00edguez donde ocurrieron los hechos. Familiares de las v\u00edctimas lo localizaron en la ciudad vecina de Luj\u00e1n, siguiendo el rastro <a class=\"mh-excerpt-more\" href=\"https:\/\/larevistadigital.com.ar\/blog\/fue-detenido-un-ex-pre-candidato-a-intendente-por-robo-de-celulares\/\" title=\"FUE DETENIDO UN EX PRE-CANDIDATO A INTENDENTE POR ROBO DE CELULARES\">[Leer M\u00e1s]<\/a><\/p>\n<\/div>","protected":false},"author":3,"featured_media":35095,"comment_status":"open","ping_status":"open","sticky":false,"template":"","format":"standard","meta":{"_jetpack_memberships_contains_paid_content":false,"footnotes":"","jetpack_publicize_message":"","jetpack_publicize_feature_enabled":true,"jetpack_social_post_already_shared":true,"jetpack_social_options":{"image_generator_settings":{"template":"highway","default_image_id":0,"font":"","enabled":false},"version":2}},"categories":[44,51],"tags":[],"class_list":{"0":"post-35097","1":"post","2":"type-post","3":"status-publish","4":"format-standard","5":"has-post-thumbnail","7":"category-policiales","8":"category-regionales"},"jetpack_publicize_connections":[],"jetpack_featured_media_url":"https:\/\/i0.wp.com\/larevistadigital.com.ar\/blog\/wp-content\/uploads\/20240123072950_juan-cruz-sica.jpg?fit=880%2C512&ssl=1","jetpack_sharing_enabled":true,"jetpack_shortlink":"https:\/\/wp.me\/p8qtrQ-985","jetpack-related-posts":[{"id":22244,"url":"https:\/\/larevistadigital.com.ar\/blog\/fallecio-el-ex-intendente-de-rauch-jorge-ugarte-a-los-92-anos-de-edad\/","url_meta":{"origin":35097,"position":0},"title":"FALLECI\u00d3 EL EX INTENDENTE DE RAUCH, JORGE UGARTE A LOS 92 A\u00d1OS DE EDAD","author":"Alejandro Sosa Ruda","date":"6 octubre, 2021","format":false,"excerpt":"Este martes 5 de Octubre a los 92 a\u00f1os de edad falleci\u00f3 en Rauch el ex intendente Jorge Mario Ram\u00f3n Ugarte. Fue Jefe Comunal de la vecina localidad durante 3 per\u00edodos, desde el 2003 al 2015. Nacido el 4 de febrero de 1929, el doctor Ugarte se convirti\u00f3 en una\u2026","rel":"","context":"En \u00abPOLITICA PROVINCIAL\u00bb","block_context":{"text":"POLITICA PROVINCIAL","link":"https:\/\/larevistadigital.com.ar\/blog\/category\/politica\/politica-provincial\/"},"img":{"alt_text":"","src":"https:\/\/i0.wp.com\/larevistadigital.com.ar\/blog\/wp-content\/uploads\/Captura-de-pantalla-2021-10-06-082802.jpg?fit=842%2C527&ssl=1&resize=350%2C200","width":350,"height":200,"srcset":"https:\/\/i0.wp.com\/larevistadigital.com.ar\/blog\/wp-content\/uploads\/Captura-de-pantalla-2021-10-06-082802.jpg?fit=842%2C527&ssl=1&resize=350%2C200 1x, https:\/\/i0.wp.com\/larevistadigital.com.ar\/blog\/wp-content\/uploads\/Captura-de-pantalla-2021-10-06-082802.jpg?fit=842%2C527&ssl=1&resize=525%2C300 1.5x, https:\/\/i0.wp.com\/larevistadigital.com.ar\/blog\/wp-content\/uploads\/Captura-de-pantalla-2021-10-06-082802.jpg?fit=842%2C527&ssl=1&resize=700%2C400 2x"},"classes":[]},{"id":35437,"url":"https:\/\/larevistadigital.com.ar\/blog\/chascomus-robo-en-un-corralon-y-fue-detenido-por-la-policia\/","url_meta":{"origin":35097,"position":1},"title":"CHASCOM\u00daS: ROB\u00d3 EN UN CORRAL\u00d3N Y FUE DETENIDO POR LA POLIC\u00cdA","author":"Alejandro Sosa Ruda","date":"9 marzo, 2024","format":false,"excerpt":"El sujeto oriundo de Dolores, intent\u00f3 escapar, pero fue aprehendido a pocas cuadras del lugar, con todos los elementos robados. 9 de marzo de 2024 CHASCOM\u00daS -\u00a0 Durante las primeras horas de la madrugada del dia de la fecha, personal policial de E.P.C. Chascomus 1ra., procedi\u00f3 a la aprehensi\u00f3n de\u2026","rel":"","context":"En \u00abCHASCOM\u00daS\u00bb","block_context":{"text":"CHASCOM\u00daS","link":"https:\/\/larevistadigital.com.ar\/blog\/category\/chascomus\/"},"img":{"alt_text":"","src":"https:\/\/i0.wp.com\/larevistadigital.com.ar\/blog\/wp-content\/uploads\/1620734311775.jpg?fit=1200%2C777&ssl=1&resize=350%2C200","width":350,"height":200,"srcset":"https:\/\/i0.wp.com\/larevistadigital.com.ar\/blog\/wp-content\/uploads\/1620734311775.jpg?fit=1200%2C777&ssl=1&resize=350%2C200 1x, https:\/\/i0.wp.com\/larevistadigital.com.ar\/blog\/wp-content\/uploads\/1620734311775.jpg?fit=1200%2C777&ssl=1&resize=525%2C300 1.5x, https:\/\/i0.wp.com\/larevistadigital.com.ar\/blog\/wp-content\/uploads\/1620734311775.jpg?fit=1200%2C777&ssl=1&resize=700%2C400 2x, https:\/\/i0.wp.com\/larevistadigital.com.ar\/blog\/wp-content\/uploads\/1620734311775.jpg?fit=1200%2C777&ssl=1&resize=1050%2C600 3x"},"classes":[]},{"id":38327,"url":"https:\/\/larevistadigital.com.ar\/blog\/detienen-a-un-hombre-por-el-robo-de-30-toneladas-de-soja\/","url_meta":{"origin":35097,"position":2},"title":"Detienen a un hombre por el robo de 30 toneladas de soja","author":"Alejandro Sosa Ruda","date":"18 diciembre, 2024","format":false,"excerpt":"Un hombre fue detenido en Chacabuco en el marco de una investigaci\u00f3n por \"Robo Agravado\", encabezada por fuerzas policiales de distintas jurisdicciones. Adem\u00e1s de la soja recuperada, se incautaron armas, equipos de comunicaci\u00f3n y otros elementos en cuatro allanamientos realizados. El caso se inici\u00f3 el 9 de septiembre, cuando se\u2026","rel":"","context":"En \u00abINTERES GENERAL\u00bb","block_context":{"text":"INTERES GENERAL","link":"https:\/\/larevistadigital.com.ar\/blog\/category\/interes-general\/"},"img":{"alt_text":"","src":"https:\/\/i0.wp.com\/larevistadigital.com.ar\/blog\/wp-content\/uploads\/20241218162054_policia-rural-chacabuco-allanamientos.jpg?fit=880%2C512&ssl=1&resize=350%2C200","width":350,"height":200,"srcset":"https:\/\/i0.wp.com\/larevistadigital.com.ar\/blog\/wp-content\/uploads\/20241218162054_policia-rural-chacabuco-allanamientos.jpg?fit=880%2C512&ssl=1&resize=350%2C200 1x, https:\/\/i0.wp.com\/larevistadigital.com.ar\/blog\/wp-content\/uploads\/20241218162054_policia-rural-chacabuco-allanamientos.jpg?fit=880%2C512&ssl=1&resize=525%2C300 1.5x, https:\/\/i0.wp.com\/larevistadigital.com.ar\/blog\/wp-content\/uploads\/20241218162054_policia-rural-chacabuco-allanamientos.jpg?fit=880%2C512&ssl=1&resize=700%2C400 2x"},"classes":[]},{"id":43094,"url":"https:\/\/larevistadigital.com.ar\/blog\/fue-referente-de-bullrich-y-de-randazzo-un-excandidato-a-intendente-fue-detenido-por-circular-en-un-auto-robado\/","url_meta":{"origin":35097,"position":3},"title":"Fue referente de Bullrich y de Randazzo: un excandidato a intendente fue detenido por circular en un auto robado","author":"Alejandro Sosa Ruda","date":"2 enero, 2026","format":false,"excerpt":"Se trata de Norberto Delgado, exreferente de Patricia Bullrich y postulante local del espacio de Florencio Randazzo. El veh\u00edculo ten\u00eda patentes falsas y pedido de secuestro por robo, y fue hallado durante un allanamiento por estafas. Un dirigente pol\u00edtico de\u00a0Jun\u00edn\u00a0fue detenido en los \u00faltimos d\u00edas cuando circulaba en un auto\u2026","rel":"","context":"En \u00abPOLITICA PROVINCIAL\u00bb","block_context":{"text":"POLITICA PROVINCIAL","link":"https:\/\/larevistadigital.com.ar\/blog\/category\/politica\/politica-provincial\/"},"img":{"alt_text":"","src":"https:\/\/i0.wp.com\/larevistadigital.com.ar\/blog\/wp-content\/uploads\/Captura-de-pantalla-2026-01-02-150245.jpg?fit=795%2C463&ssl=1&resize=350%2C200","width":350,"height":200,"srcset":"https:\/\/i0.wp.com\/larevistadigital.com.ar\/blog\/wp-content\/uploads\/Captura-de-pantalla-2026-01-02-150245.jpg?fit=795%2C463&ssl=1&resize=350%2C200 1x, https:\/\/i0.wp.com\/larevistadigital.com.ar\/blog\/wp-content\/uploads\/Captura-de-pantalla-2026-01-02-150245.jpg?fit=795%2C463&ssl=1&resize=525%2C300 1.5x, https:\/\/i0.wp.com\/larevistadigital.com.ar\/blog\/wp-content\/uploads\/Captura-de-pantalla-2026-01-02-150245.jpg?fit=795%2C463&ssl=1&resize=700%2C400 2x"},"classes":[]},{"id":15225,"url":"https:\/\/larevistadigital.com.ar\/blog\/sangriento-sorprenden-a-escribano-cuando-arrojaba-una-valija-con-un-cuerpo-descuartizado-al-rio\/","url_meta":{"origin":35097,"position":4},"title":"SANGRIENTO: SORPRENDEN A ESCRIBANO CUANDO ARROJABA UNA VALIJA CON UN CUERPO DESCUARTIZADO AL R\u00cdO","author":"Alejandro Sosa Ruda","date":"14 mayo, 2020","format":false,"excerpt":"El profesional tiene 56 a\u00f1os y es de Mor\u00f3n. A los polic\u00edas les confes\u00f3 el crimen. Dijo que mat\u00f3 a un hombre de 42 a\u00f1os porque lo encontr\u00f3 robando en su oficina. En poder del presunto asesino encontraron 20.700 d\u00f3lares Un escribano del partido de Mor\u00f3n fue detenido cuando descartaba\u2026","rel":"","context":"En \u00abINTERES GENERAL\u00bb","block_context":{"text":"INTERES GENERAL","link":"https:\/\/larevistadigital.com.ar\/blog\/category\/interes-general\/"},"img":{"alt_text":"","src":"https:\/\/i0.wp.com\/larevistadigital.com.ar\/blog\/wp-content\/uploads\/20200514094754_aaa.jpg?fit=887%2C554&ssl=1&resize=350%2C200","width":350,"height":200,"srcset":"https:\/\/i0.wp.com\/larevistadigital.com.ar\/blog\/wp-content\/uploads\/20200514094754_aaa.jpg?fit=887%2C554&ssl=1&resize=350%2C200 1x, https:\/\/i0.wp.com\/larevistadigital.com.ar\/blog\/wp-content\/uploads\/20200514094754_aaa.jpg?fit=887%2C554&ssl=1&resize=525%2C300 1.5x, https:\/\/i0.wp.com\/larevistadigital.com.ar\/blog\/wp-content\/uploads\/20200514094754_aaa.jpg?fit=887%2C554&ssl=1&resize=700%2C400 2x"},"classes":[]},{"id":16718,"url":"https:\/\/larevistadigital.com.ar\/blog\/dolores-camino-20-kilometros-y-llevo-el-pedido-de-sus-vecinos-a-la-virgen-de-lujan\/","url_meta":{"origin":35097,"position":5},"title":"DOLORES: CAMIN\u00d3 20 KIL\u00d3METROS Y LLEV\u00d3 EL PEDIDO DE SUS VECINOS A LA VIRGEN DE LUJ\u00c1N","author":"Alejandro Sosa Ruda","date":"5 octubre, 2020","format":false,"excerpt":"Se trata de de Juan Manuel Alday quien todos los a\u00f1os participa de la Peregrinaci\u00f3n a Luj\u00e1n. Su nombre es Juan Manuel Alday, y todos los a\u00f1os participa de la peregrinaci\u00f3n a Luj\u00e1n, aunque lamentablemente este a\u00f1o la pandemia hizo imposible lo que ocurre siempre: la multitudinaria participaci\u00f3n de los\u2026","rel":"","context":"En \u00abDOLORES\u00bb","block_context":{"text":"DOLORES","link":"https:\/\/larevistadigital.com.ar\/blog\/category\/dolores\/"},"img":{"alt_text":"","src":"https:\/\/i0.wp.com\/larevistadigital.com.ar\/blog\/wp-content\/uploads\/4d05e598015e2d24971eca18d7f9d361f560ba35.jpg?fit=1140%2C829&ssl=1&resize=350%2C200","width":350,"height":200,"srcset":"https:\/\/i0.wp.com\/larevistadigital.com.ar\/blog\/wp-content\/uploads\/4d05e598015e2d24971eca18d7f9d361f560ba35.jpg?fit=1140%2C829&ssl=1&resize=350%2C200 1x, https:\/\/i0.wp.com\/larevistadigital.com.ar\/blog\/wp-content\/uploads\/4d05e598015e2d24971eca18d7f9d361f560ba35.jpg?fit=1140%2C829&ssl=1&resize=525%2C300 1.5x, https:\/\/i0.wp.com\/larevistadigital.com.ar\/blog\/wp-content\/uploads\/4d05e598015e2d24971eca18d7f9d361f560ba35.jpg?fit=1140%2C829&ssl=1&resize=700%2C400 2x, https:\/\/i0.wp.com\/larevistadigital.com.ar\/blog\/wp-content\/uploads\/4d05e598015e2d24971eca18d7f9d361f560ba35.jpg?fit=1140%2C829&ssl=1&resize=1050%2C600 3x"},"classes":[]}],"_links":{"self":[{"href":"https:\/\/larevistadigital.com.ar\/blog\/wp-json\/wp\/v2\/posts\/35097","targetHints":{"allow":["GET"]}}],"collection":[{"href":"https:\/\/larevistadigital.com.ar\/blog\/wp-json\/wp\/v2\/posts"}],"about":[{"href":"https:\/\/larevistadigital.com.ar\/blog\/wp-json\/wp\/v2\/types\/post"}],"author":[{"embeddable":true,"href":"https:\/\/larevistadigital.com.ar\/blog\/wp-json\/wp\/v2\/users\/3"}],"replies":[{"embeddable":true,"href":"https:\/\/larevistadigital.com.ar\/blog\/wp-json\/wp\/v2\/comments?post=35097"}],"version-history":[{"count":1,"href":"https:\/\/larevistadigital.com.ar\/blog\/wp-json\/wp\/v2\/posts\/35097\/revisions"}],"predecessor-version":[{"id":35098,"href":"https:\/\/larevistadigital.com.ar\/blog\/wp-json\/wp\/v2\/posts\/35097\/revisions\/35098"}],"wp:featuredmedia":[{"embeddable":true,"href":"https:\/\/larevistadigital.com.ar\/blog\/wp-json\/wp\/v2\/media\/35095"}],"wp:attachment":[{"href":"https:\/\/larevistadigital.com.ar\/blog\/wp-json\/wp\/v2\/media?parent=35097"}],"wp:term":[{"taxonomy":"category","embeddable":true,"href":"https:\/\/larevistadigital.com.ar\/blog\/wp-json\/wp\/v2\/categories?post=35097"},{"taxonomy":"post_tag","embeddable":true,"href":"https:\/\/larevistadigital.com.ar\/blog\/wp-json\/wp\/v2\/tags?post=35097"}],"curies":[{"name":"wp","href":"https:\/\/api.w.org\/{rel}","templated":true}]}}