{"id":35101,"date":"2024-01-24T10:02:29","date_gmt":"2024-01-24T13:02:29","guid":{"rendered":"https:\/\/larevistadigital.com.ar\/blog\/?p=35101"},"modified":"2024-01-24T10:02:29","modified_gmt":"2024-01-24T13:02:29","slug":"a-40-dias-de-su-asuncion-milei-sufre-hoy-su-primer-paro-general-como-presidente-argentino","status":"publish","type":"post","link":"https:\/\/larevistadigital.com.ar\/blog\/a-40-dias-de-su-asuncion-milei-sufre-hoy-su-primer-paro-general-como-presidente-argentino\/","title":{"rendered":"A 40 D\u00cdAS DE SU ASUNCI\u00d3N, MILEI SUFRE HOY SU PRIMER PARO GENERAL COMO PRESIDENTE ARGENTINO"},"content":{"rendered":"<h2 class=\"news-headline__article-summary\">Cientos de trabajadores parar\u00e1n sus actividades para concentrarse en el Congreso de la Naci\u00f3n en el marco del paro general. Los servicios ser\u00e1n afectados.<\/h2>\n<p>24 de enero de 2023<\/p>\n<article class=\"article-body article-body--first-paragraph\" data-td-script-src=\"https:\/\/www.0221.com.ar\/js-custom\/vendor\/jquery\/jquery-3.6.0.min-min-version-1706069254.js\">Durante el paro general\u00a0de este mi\u00e9rcoles convocado por la\u00a0<strong>Confederaci\u00f3n General de los Trabajadores (CGT)<\/strong>, los servicios de trenes, micros y bancos se ver\u00e1n afectados ya que estos sectores se sumar\u00e1n a la marcha que tendr\u00e1 su epicentro en el Congreso de la Naci\u00f3n.<\/p>\n<\/article>\n<div>\n<div id=\"Parallax\">La convocatoria de la CGT es una huelga nacional de <strong>12 horas a partir del mediod\u00eda\u00a0<\/strong>de este y a una movilizaci\u00f3n hacia el\u00a0<strong>Congreso de la Naci\u00f3n\u00a0<\/strong>ya que se espera que comience el debate de la<strong> LEY OMNIBUS <\/strong>en el recinto.<\/div>\n<\/div>\n<div>\n<article class=\"article-body article-body--third-paragraph\">El encuentro de la central obrera comenzar\u00e1<strong>\u00a0cerca de las 12 en la sede sindical de Azopardo al 800\u00a0<\/strong>de la\u00a0<strong>Ciudad Aut\u00f3noma de Buenos Aires (CABA)<\/strong>. Inicialmente, la idea de la mayor\u00eda de organizaciones y dirigentes sindicales era<strong>\u00a0\u00abaprobar la instrumentaci\u00f3n de un plan de lucha gradual\u00bb<\/strong>.<\/p>\n<\/article>\n<article class=\"article-body article-body--fourth-paragraph\">Como respuesta, el Gobierno advirti\u00f3 en las \u00faltimas horas a los empleados estatales que cesen en funciones y asegur\u00f3 que se descontar\u00e1 el d\u00eda de trabajo. \u00abSe ha tomado la decisi\u00f3n de descontar el salario a todos los\u00a0<strong>empleados estatales nacionales<\/strong>\u00a0que adhieran a la medida.\u00a0<strong>El salario es una contraprestaci\u00f3n y quien no trabaje, no cobrar\u00e1\u00bb<\/strong>, dijo el vocero <strong>Manuel Adorni<\/strong>, en su habitual conferencia de prensa en Casa Rosada.<\/p>\n<article class=\"article-body article-body--fifth-paragraph\"><span style=\"color: #ff0000\"><strong>LAS ACTIVIDADES AFECTADAS DURANTE EL PARO ESTE MI\u00c9RCOLES<\/strong><\/span><\/p>\n<\/article>\n<article class=\"article-body article-body--sixth-paragraph\">El transporte p\u00fablico estar\u00e1 disponible hasta las 19. As\u00ed lo mencion\u00f3\u00a0<strong>Omar Maturano<\/strong>, titular de la Uni\u00f3n\u00a0<strong>Uni\u00f3n General de Asociaciones de Trabajadores del Transporte, Log\u00edstica y Servicios (Ugatt)\u00a0<\/strong>quien dijo que garantizar\u00e1 \u00abla movilidad del transporte p\u00fablico la 0 y las 19 de ese d\u00eda para facilitar la posibilidad del pueblo de concentrarse y desconcentrarse\u00bb. Por su parte, la Uni\u00f3n Ferroviaria anunciar\u00e1 este lunes en conferencia de prensa las medidas de protesta que llevar\u00e1n adelante.<\/p>\n<p>Ello fue replicado por\u00a0<strong>Roberto Fern\u00e1ndez,\u00a0<\/strong>titular de la\u00a0<strong><a class=\"agrupador\" href=\"https:\/\/www.0221.com.ar\/tag\/uta\" rel=\"451\">UTA<\/a>:\u00a0<\/strong><strong>\u00abla Uni\u00f3n Tranviarios Automotor pone en conocimiento que, a pedido de la CGT, el d\u00eda 24\/01\/2024 cumplir\u00e1 con los servicios normales hasta las 19. Luego se acoplar\u00e1 a la medida de fuerza, a nivel nacional, hasta las 0:00\u00bb<\/strong>.<\/p>\n<blockquote>\n<h3>Desde\u00a0<strong>La Bancaria<\/strong> sostuvieron que el gremio formar\u00e1 parte de la jornada de movilizaciones atendiendo al p\u00fablico hasta el mediod\u00eda y luego partir\u00e1n hacia el Congreso para sumarse al grueso de la manifestaci\u00f3n convocada por la CGT.<\/h3>\n<\/blockquote>\n<p>Hasta el momento, otros rubros como las estaciones de servicio se mantendr\u00edan activos durante el paro general. Justo a ese sector est\u00e1 apuntado el art\u00edculo 97 del Decreto de Necesidad y Urgencia (DNU) 70\/2023, el cual rige desde el 29 de diciembre y establece como\u00a0<strong>esencial\u00a0<\/strong>a la \u00ab<em><strong>producci\u00f3n, transporte y distribuci\u00f3n y comercializaci\u00f3n de agua potable, gas y otros combustibles y energ\u00eda el\u00e9ctrica\u00bb.<\/strong><\/em><\/p>\n<\/article>\n<\/article>\n<\/div>\n","protected":false},"excerpt":{"rendered":"<div class=\"mh-excerpt\"><p>Cientos de trabajadores parar\u00e1n sus actividades para concentrarse en el Congreso de la Naci\u00f3n en el marco del paro general. Los servicios ser\u00e1n afectados. 24 de enero de 2023 Durante el paro general\u00a0de este mi\u00e9rcoles <a class=\"mh-excerpt-more\" href=\"https:\/\/larevistadigital.com.ar\/blog\/a-40-dias-de-su-asuncion-milei-sufre-hoy-su-primer-paro-general-como-presidente-argentino\/\" title=\"A 40 D\u00cdAS DE SU ASUNCI\u00d3N, MILEI SUFRE HOY SU PRIMER PARO GENERAL COMO PRESIDENTE ARGENTINO\">[Leer M\u00e1s]<\/a><\/p>\n<\/div>","protected":false},"author":3,"featured_media":35103,"comment_status":"open","ping_status":"open","sticky":false,"template":"","format":"standard","meta":{"_jetpack_memberships_contains_paid_content":false,"footnotes":"","jetpack_publicize_message":"","jetpack_publicize_feature_enabled":true,"jetpack_social_post_already_shared":true,"jetpack_social_options":{"image_generator_settings":{"template":"highway","default_image_id":0,"font":"","enabled":false},"version":2}},"categories":[41],"tags":[],"class_list":{"0":"post-35101","1":"post","2":"type-post","3":"status-publish","4":"format-standard","5":"has-post-thumbnail","7":"category-destacadas"},"jetpack_publicize_connections":[],"jetpack_featured_media_url":"https:\/\/i0.wp.com\/larevistadigital.com.ar\/blog\/wp-content\/uploads\/paro-cgt.jpg?fit=800%2C450&ssl=1","jetpack_sharing_enabled":true,"jetpack_shortlink":"https:\/\/wp.me\/p8qtrQ-989","jetpack-related-posts":[{"id":5927,"url":"https:\/\/larevistadigital.com.ar\/blog\/el-paro-general-de-la-cgt-es-contundente\/","url_meta":{"origin":35101,"position":0},"title":"El Paro general de la CGT es contundente","author":"admin","date":"25 junio, 2018","format":false,"excerpt":"La CGT comenz\u00f3 a las 00:00 de hoy su tercer paro nacional en la gesti\u00f3n de Mauricio Macri en rechazo a las pol\u00edticas del Gobierno, con lo cual no funcionan la mayor\u00eda de las actividades y servicios del pa\u00eds, incluyendo escuelas, dependencias p\u00fablicas, transporte y comercios. La medida de fuerza\u2026","rel":"","context":"En \u00abGREMIALES\u00bb","block_context":{"text":"GREMIALES","link":"https:\/\/larevistadigital.com.ar\/blog\/category\/gremiales\/"},"img":{"alt_text":"","src":"https:\/\/i0.wp.com\/larevistadigital.com.ar\/blog\/wp-content\/uploads\/2018\/06\/25-06-2018_buenos_aires_huelga_convocada_por-4-644x340.jpg?fit=644%2C340&ssl=1&resize=350%2C200","width":350,"height":200,"srcset":"https:\/\/i0.wp.com\/larevistadigital.com.ar\/blog\/wp-content\/uploads\/2018\/06\/25-06-2018_buenos_aires_huelga_convocada_por-4-644x340.jpg?fit=644%2C340&ssl=1&resize=350%2C200 1x, https:\/\/i0.wp.com\/larevistadigital.com.ar\/blog\/wp-content\/uploads\/2018\/06\/25-06-2018_buenos_aires_huelga_convocada_por-4-644x340.jpg?fit=644%2C340&ssl=1&resize=525%2C300 1.5x"},"classes":[]},{"id":5918,"url":"https:\/\/larevistadigital.com.ar\/blog\/la-cgt-encabeza-hoy-el-paro-mas-importante-de-este-siglo\/","url_meta":{"origin":35101,"position":1},"title":"La CGT encabeza hoy el paro m\u00e1s importante de este siglo","author":"admin","date":"25 junio, 2018","format":false,"excerpt":"La huelga, sin movilizaci\u00f3n, decidida por el consejo directivo cegetista el 12 de junio pasado, recibi\u00f3 la adhesi\u00f3n de todo el arco sindical, por lo que se descuenta ser\u00e1 la m\u00e1s importante del siglo. Adem\u00e1s de la CGT se sumaron el MASA, la Corriente Federal, importantes gremios no alineados como\u2026","rel":"","context":"En \u00abGREMIALES\u00bb","block_context":{"text":"GREMIALES","link":"https:\/\/larevistadigital.com.ar\/blog\/category\/gremiales\/"},"img":{"alt_text":"","src":"https:\/\/i0.wp.com\/larevistadigital.com.ar\/blog\/wp-content\/uploads\/2018\/06\/12-06-2018_buenos_aires_carlos_acunia_hector-5-644x340.jpg?fit=644%2C340&ssl=1&resize=350%2C200","width":350,"height":200,"srcset":"https:\/\/i0.wp.com\/larevistadigital.com.ar\/blog\/wp-content\/uploads\/2018\/06\/12-06-2018_buenos_aires_carlos_acunia_hector-5-644x340.jpg?fit=644%2C340&ssl=1&resize=350%2C200 1x, https:\/\/i0.wp.com\/larevistadigital.com.ar\/blog\/wp-content\/uploads\/2018\/06\/12-06-2018_buenos_aires_carlos_acunia_hector-5-644x340.jpg?fit=644%2C340&ssl=1&resize=525%2C300 1.5x"},"classes":[]},{"id":677,"url":"https:\/\/larevistadigital.com.ar\/blog\/duro-discurso-gobierno-triunvirato-la-cgt-prometio-paro-no-puso-fecha\/","url_meta":{"origin":35101,"position":2},"title":"En un duro discurso contra el gobierno, el triunvirato de la CGT prometi\u00f3 un paro, pero no puso fecha","author":"Alejandro Sosa Ruda","date":"7 marzo, 2017","format":false,"excerpt":"En un acto masivo, los l\u00edderes de la Central obrera criticaron con dureza al gobierno, a la vez que hablaron de un pr\u00f3ximo paro pero sin fijar una fecha. Esto alter\u00f3 a muchos concurrentes que provocaron disturbios. Los tres l\u00edderes que conforman la actual conducci\u00f3n de la CGT, H\u00e9ctor Daer,\u2026","rel":"","context":"En \u00abDESTACADAS\u00bb","block_context":{"text":"DESTACADAS","link":"https:\/\/larevistadigital.com.ar\/blog\/category\/destacadas\/"},"img":{"alt_text":"","src":"https:\/\/i0.wp.com\/larevistadigital.com.ar\/blog\/wp-content\/uploads\/2017\/03\/67374_3.jpg?fit=862%2C484&ssl=1&resize=350%2C200","width":350,"height":200,"srcset":"https:\/\/i0.wp.com\/larevistadigital.com.ar\/blog\/wp-content\/uploads\/2017\/03\/67374_3.jpg?fit=862%2C484&ssl=1&resize=350%2C200 1x, https:\/\/i0.wp.com\/larevistadigital.com.ar\/blog\/wp-content\/uploads\/2017\/03\/67374_3.jpg?fit=862%2C484&ssl=1&resize=525%2C300 1.5x, https:\/\/i0.wp.com\/larevistadigital.com.ar\/blog\/wp-content\/uploads\/2017\/03\/67374_3.jpg?fit=862%2C484&ssl=1&resize=700%2C400 2x"},"classes":[]},{"id":35278,"url":"https:\/\/larevistadigital.com.ar\/blog\/trabajadores-de-la-sanidad-realizan-un-paro-general-por-bajos-salarios\/","url_meta":{"origin":35101,"position":3},"title":"TRABAJADORES DE LA SANIDAD REALIZAN UN PARO GENERAL POR BAJOS SALARIOS","author":"Alejandro Sosa Ruda","date":"20 febrero, 2024","format":false,"excerpt":"El secretario general del sindicato, H\u00e9ctor Daer, anunci\u00f3 la medida y adelant\u00f3 que llevar\u00e1n adelante \"todas las acciones necesarias\" para la recomposici\u00f3n salarial. 20 de febrero de 2023 La\u00a0Federaci\u00f3n de Asociaciones Trabajadores de la\u00a0Sanidad\u00a0Argentina (FATSA)\u00a0anunci\u00f3 que llevar\u00e1 a cabo un\u00a0paro nacional este jueves 22 de febrero, en reclamo por una\u2026","rel":"","context":"En \u00abINTERES GENERAL\u00bb","block_context":{"text":"INTERES GENERAL","link":"https:\/\/larevistadigital.com.ar\/blog\/category\/interes-general\/"},"img":{"alt_text":"","src":"https:\/\/i0.wp.com\/larevistadigital.com.ar\/blog\/wp-content\/uploads\/Captura-de-pantalla-2024-02-20-101324.png?fit=891%2C505&ssl=1&resize=350%2C200","width":350,"height":200,"srcset":"https:\/\/i0.wp.com\/larevistadigital.com.ar\/blog\/wp-content\/uploads\/Captura-de-pantalla-2024-02-20-101324.png?fit=891%2C505&ssl=1&resize=350%2C200 1x, https:\/\/i0.wp.com\/larevistadigital.com.ar\/blog\/wp-content\/uploads\/Captura-de-pantalla-2024-02-20-101324.png?fit=891%2C505&ssl=1&resize=525%2C300 1.5x, https:\/\/i0.wp.com\/larevistadigital.com.ar\/blog\/wp-content\/uploads\/Captura-de-pantalla-2024-02-20-101324.png?fit=891%2C505&ssl=1&resize=700%2C400 2x"},"classes":[]},{"id":1252,"url":"https:\/\/larevistadigital.com.ar\/blog\/cgt-el-paro-sera-el-6-de-abril\/","url_meta":{"origin":35101,"position":4},"title":"CGT: EL PARO SER\u00c1 EL 6 DE ABRIL","author":"Alejandro Sosa Ruda","date":"17 marzo, 2017","format":false,"excerpt":"Luego de las pol\u00e9micas, las especulaciones y las idas y vueltas, el triunvirato que conduce la CGT puso fecha para el paro general que tanto se ped\u00eda sobre todo desde algunos sectores: El paro nacional (sin movilizaci\u00f3n) ser\u00e1 el jueves 6 de abril. \"Por unanimidad, este consejo directivo eligi\u00f3 realizar\u2026","rel":"","context":"En \u00abDESTACADAS\u00bb","block_context":{"text":"DESTACADAS","link":"https:\/\/larevistadigital.com.ar\/blog\/category\/destacadas\/"},"img":{"alt_text":"","src":"https:\/\/i0.wp.com\/larevistadigital.com.ar\/blog\/wp-content\/uploads\/2017\/03\/cgt.jpg_2127846270.jpg?fit=1200%2C674&ssl=1&resize=350%2C200","width":350,"height":200,"srcset":"https:\/\/i0.wp.com\/larevistadigital.com.ar\/blog\/wp-content\/uploads\/2017\/03\/cgt.jpg_2127846270.jpg?fit=1200%2C674&ssl=1&resize=350%2C200 1x, https:\/\/i0.wp.com\/larevistadigital.com.ar\/blog\/wp-content\/uploads\/2017\/03\/cgt.jpg_2127846270.jpg?fit=1200%2C674&ssl=1&resize=525%2C300 1.5x, https:\/\/i0.wp.com\/larevistadigital.com.ar\/blog\/wp-content\/uploads\/2017\/03\/cgt.jpg_2127846270.jpg?fit=1200%2C674&ssl=1&resize=700%2C400 2x, https:\/\/i0.wp.com\/larevistadigital.com.ar\/blog\/wp-content\/uploads\/2017\/03\/cgt.jpg_2127846270.jpg?fit=1200%2C674&ssl=1&resize=1050%2C600 3x"},"classes":[]},{"id":44028,"url":"https:\/\/larevistadigital.com.ar\/blog\/reforma-laboral-la-cgt-ahora-evalua-la-posibilidad-de-un-paro-general\/","url_meta":{"origin":35101,"position":5},"title":"Reforma Laboral: la CGT ahora eval\u00faa la posibilidad de un paro general","author":"Alejandro Sosa Ruda","date":"15 febrero, 2026","format":false,"excerpt":"La medida de fuerza ser\u00eda el jueves, si el gobierno acelera y trata ese d\u00eda el proyecto en Diputados. El detonante del endurecimiento de la postura fueron los cambios en el r\u00e9gimen de licencia por enfermedad. 15 de febrero de 2026 Mientras el oficialismo intenta acelerar la votaci\u00f3n del proyecto\u2026","rel":"","context":"En \u00abGREMIALES\u00bb","block_context":{"text":"GREMIALES","link":"https:\/\/larevistadigital.com.ar\/blog\/category\/gremiales\/"},"img":{"alt_text":"","src":"https:\/\/i0.wp.com\/larevistadigital.com.ar\/blog\/wp-content\/uploads\/Captura-de-pantalla-2026-02-15-234131.jpg?fit=628%2C386&ssl=1&resize=350%2C200","width":350,"height":200,"srcset":"https:\/\/i0.wp.com\/larevistadigital.com.ar\/blog\/wp-content\/uploads\/Captura-de-pantalla-2026-02-15-234131.jpg?fit=628%2C386&ssl=1&resize=350%2C200 1x, https:\/\/i0.wp.com\/larevistadigital.com.ar\/blog\/wp-content\/uploads\/Captura-de-pantalla-2026-02-15-234131.jpg?fit=628%2C386&ssl=1&resize=525%2C300 1.5x"},"classes":[]}],"_links":{"self":[{"href":"https:\/\/larevistadigital.com.ar\/blog\/wp-json\/wp\/v2\/posts\/35101","targetHints":{"allow":["GET"]}}],"collection":[{"href":"https:\/\/larevistadigital.com.ar\/blog\/wp-json\/wp\/v2\/posts"}],"about":[{"href":"https:\/\/larevistadigital.com.ar\/blog\/wp-json\/wp\/v2\/types\/post"}],"author":[{"embeddable":true,"href":"https:\/\/larevistadigital.com.ar\/blog\/wp-json\/wp\/v2\/users\/3"}],"replies":[{"embeddable":true,"href":"https:\/\/larevistadigital.com.ar\/blog\/wp-json\/wp\/v2\/comments?post=35101"}],"version-history":[{"count":1,"href":"https:\/\/larevistadigital.com.ar\/blog\/wp-json\/wp\/v2\/posts\/35101\/revisions"}],"predecessor-version":[{"id":35104,"href":"https:\/\/larevistadigital.com.ar\/blog\/wp-json\/wp\/v2\/posts\/35101\/revisions\/35104"}],"wp:featuredmedia":[{"embeddable":true,"href":"https:\/\/larevistadigital.com.ar\/blog\/wp-json\/wp\/v2\/media\/35103"}],"wp:attachment":[{"href":"https:\/\/larevistadigital.com.ar\/blog\/wp-json\/wp\/v2\/media?parent=35101"}],"wp:term":[{"taxonomy":"category","embeddable":true,"href":"https:\/\/larevistadigital.com.ar\/blog\/wp-json\/wp\/v2\/categories?post=35101"},{"taxonomy":"post_tag","embeddable":true,"href":"https:\/\/larevistadigital.com.ar\/blog\/wp-json\/wp\/v2\/tags?post=35101"}],"curies":[{"name":"wp","href":"https:\/\/api.w.org\/{rel}","templated":true}]}}