{"id":35105,"date":"2024-01-24T10:29:14","date_gmt":"2024-01-24T13:29:14","guid":{"rendered":"https:\/\/larevistadigital.com.ar\/blog\/?p=35105"},"modified":"2024-01-24T10:29:14","modified_gmt":"2024-01-24T13:29:14","slug":"anses-pagara-un-nuevo-bono-a-jubilados-y-pensionados-de-todo-el-pais","status":"publish","type":"post","link":"https:\/\/larevistadigital.com.ar\/blog\/anses-pagara-un-nuevo-bono-a-jubilados-y-pensionados-de-todo-el-pais\/","title":{"rendered":"ANSES PAGAR\u00c1 UN NUEVO BONO A JUBILADOS Y PENSIONADOS DE TODO EL PA\u00cdS"},"content":{"rendered":"<h2 class=\"news-headline__article-summary\">Si bien la medida para jubilados era algo que se ven\u00eda analizando, este mi\u00e9rcoles el Gobierno la public\u00f3 en el Bolet\u00edn Oficial.<\/h2>\n<p>24 de enero de 2023<\/p>\n<article class=\"article-body article-body--first-paragraph\" data-td-script-src=\"https:\/\/www.0221.com.ar\/js-custom\/vendor\/jquery\/jquery-3.6.0.min-min-version-1705810032.js\">En medio pol\u00e9mica desatada por el debate de la Ley de Bases y Puntos de Partida para la Libertad de los Argentinos, m\u00e1s conocida como LEY OMNIBUS; cuyo debate se lleva adelante en el Congreso de la Naci\u00f3n,\u00a0<strong>el Gobierno argentino confirm\u00f3 que otorgar\u00e1 a trav\u00e9s de la Administraci\u00f3n Nacional de la Seguridad Social (ANSES) un bono de $55.000 a los jubilados\u00a0que perciban el haber m\u00ednimo en febrero<\/strong>. Se trata del mismo monto adicional que recibieron en diciembre del a\u00f1o pasado y enero.<\/p>\n<article class=\"article-body article-body--third-paragraph\">\n<blockquote>\n<h3>Por otro lado, el decreto indica que aquellos que perciben un haber m\u00e1s alto recibir\u00e1n un monto extra hasta llegar a los $160.712,61. De este modo, a ning\u00fan jubilado se le asignar\u00e1 menos de ese dinero durante el mes de febrero.<\/h3>\n<\/blockquote>\n<\/article>\n<article class=\"article-body article-body--fourth-paragraph\">En la normativa se establece que el refuerzo de ingresos se pagar\u00e1 junto con los haberes mensuales del beneficiario entregados por la ANSES. El texto cuenta con la firma del presidente<strong>\u00a0Javier Milei<\/strong>; el jefe de Gabinete,\u00a0<strong>Nicol\u00e1s Posse<\/strong>; y la ministra de Capital Humano,\u00a0<strong>Sandra Petovello<\/strong>.<\/p>\n<\/article>\n<\/article>\n<article class=\"article-body article-body--second-paragraph\">\n<blockquote>\n<h3>La medida fue publicada este mi\u00e9rcoles en el<strong>\u00a0Bolet\u00edn Oficial<\/strong>, a trav\u00e9s del Decreto N\u00b0 81\/2024. La norma se\u00f1ala que\u00a0<strong>acceder\u00e1n al bono todos aquellos que perciban $105.712,61, es decir, la jubilaci\u00f3n m\u00ednima establecida en el \u00faltimo mes del 2023<\/strong>, mediante la Ley de Movilidad.<\/h3>\n<\/blockquote>\n<p>En el decreto, que se dio a conocer con el t\u00edtulo de \u00abayuda econ\u00f3mica previsional\u00bb, se menciona que la medida se lleva a cabo a ra\u00edz de \u00abla grave situaci\u00f3n socioecon\u00f3mica que atraviesa nuestro pa\u00eds ha ocasionado, entre otras cuestiones, un alza acelerada del \u00edndice de precios, con especial incidencia en los adultos mayores de menores ingresos\u00bb, sobre quienes \u00abes necesario acudir a su sostenimiento\u00bb.<\/p>\n<p>publicado en 0221.com.ar<\/p>\n<\/article>\n","protected":false},"excerpt":{"rendered":"<div class=\"mh-excerpt\"><p>Si bien la medida para jubilados era algo que se ven\u00eda analizando, este mi\u00e9rcoles el Gobierno la public\u00f3 en el Bolet\u00edn Oficial. 24 de enero de 2023 En medio pol\u00e9mica desatada por el debate de <a class=\"mh-excerpt-more\" href=\"https:\/\/larevistadigital.com.ar\/blog\/anses-pagara-un-nuevo-bono-a-jubilados-y-pensionados-de-todo-el-pais\/\" title=\"ANSES PAGAR\u00c1 UN NUEVO BONO A JUBILADOS Y PENSIONADOS DE TODO EL PA\u00cdS\">[Leer M\u00e1s]<\/a><\/p>\n<\/div>","protected":false},"author":3,"featured_media":35106,"comment_status":"open","ping_status":"open","sticky":false,"template":"","format":"standard","meta":{"_jetpack_memberships_contains_paid_content":false,"footnotes":"","jetpack_publicize_message":"","jetpack_publicize_feature_enabled":true,"jetpack_social_post_already_shared":true,"jetpack_social_options":{"image_generator_settings":{"template":"highway","default_image_id":0,"font":"","enabled":false},"version":2}},"categories":[50,29],"tags":[],"class_list":{"0":"post-35105","1":"post","2":"type-post","3":"status-publish","4":"format-standard","5":"has-post-thumbnail","7":"category-interes-general","8":"category-sociedad"},"jetpack_publicize_connections":[],"jetpack_featured_media_url":"https:\/\/i0.wp.com\/larevistadigital.com.ar\/blog\/wp-content\/uploads\/Captura-de-pantalla-2024-01-24-102814.png?fit=876%2C516&ssl=1","jetpack_sharing_enabled":true,"jetpack_shortlink":"https:\/\/wp.me\/p8qtrQ-98d","jetpack-related-posts":[{"id":39151,"url":"https:\/\/larevistadigital.com.ar\/blog\/nuevo-aumento-para-jubilados-cuanto-cobraran-desde-abril-y-que-pasa-con-el-bono\/","url_meta":{"origin":35105,"position":0},"title":"Nuevo aumento para jubilados: cu\u00e1nto cobrar\u00e1n desde abril y qu\u00e9 pasa con el bono","author":"Alejandro Sosa Ruda","date":"26 marzo, 2025","format":false,"excerpt":"La suba ser\u00e1 del 2,4% y responde a la f\u00f3rmula de movilidad que se ajusta de acuerdo al \u00edndice de inflaci\u00f3n. El bono se mantiene en $ 70.000, como desde marzo de 2024. 26 de Marzo de 2025 El Gobierno nacional oficializ\u00f3 este mi\u00e9rcoles un incremento del 2,4% en los\u2026","rel":"","context":"En \u00abINTERES GENERAL\u00bb","block_context":{"text":"INTERES GENERAL","link":"https:\/\/larevistadigital.com.ar\/blog\/category\/interes-general\/"},"img":{"alt_text":"","src":"https:\/\/i0.wp.com\/larevistadigital.com.ar\/blog\/wp-content\/uploads\/6610702a40a02.jpg?fit=1200%2C675&ssl=1&resize=350%2C200","width":350,"height":200,"srcset":"https:\/\/i0.wp.com\/larevistadigital.com.ar\/blog\/wp-content\/uploads\/6610702a40a02.jpg?fit=1200%2C675&ssl=1&resize=350%2C200 1x, https:\/\/i0.wp.com\/larevistadigital.com.ar\/blog\/wp-content\/uploads\/6610702a40a02.jpg?fit=1200%2C675&ssl=1&resize=525%2C300 1.5x, https:\/\/i0.wp.com\/larevistadigital.com.ar\/blog\/wp-content\/uploads\/6610702a40a02.jpg?fit=1200%2C675&ssl=1&resize=700%2C400 2x, https:\/\/i0.wp.com\/larevistadigital.com.ar\/blog\/wp-content\/uploads\/6610702a40a02.jpg?fit=1200%2C675&ssl=1&resize=1050%2C600 3x"},"classes":[]},{"id":25365,"url":"https:\/\/larevistadigital.com.ar\/blog\/anses-cuando-cobran-el-proximo-sueldo-y-aguinaldo-con-aumento-los-jubilados-y-pensionados\/","url_meta":{"origin":35105,"position":1},"title":"ANSES: CUANDO COBRAN EL PR\u00d3XIMO SUELDO Y AGUINALDO CON AUMENTO LOS JUBILADOS Y PENSIONADOS","author":"Alejandro Sosa Ruda","date":"23 mayo, 2022","format":false,"excerpt":"La ANSES deber\u00e1 abonar el aguinaldo teniendo en cuenta el aumento del 15% que confirm\u00f3 el Gobierno. La\u00a0Administraci\u00f3n Nacional de la Seguridad Social (ANSES)\u00a0confirm\u00f3 que\u00a0a partir de junio\u00a0comenzar\u00e1 a regir el\u00a0segundo aumento trimestral de 2022\u00a0para las\u00a0jubilaciones, pensiones y asignaciones. En detalle, este grupo social recibir\u00e1 un aumento del 15% y,\u2026","rel":"","context":"En \u00abDESTACADAS\u00bb","block_context":{"text":"DESTACADAS","link":"https:\/\/larevistadigital.com.ar\/blog\/category\/destacadas\/"},"img":{"alt_text":"","src":"https:\/\/i0.wp.com\/larevistadigital.com.ar\/blog\/wp-content\/uploads\/2018\/07\/ANSES-1.jpg?fit=1200%2C562&ssl=1&resize=350%2C200","width":350,"height":200,"srcset":"https:\/\/i0.wp.com\/larevistadigital.com.ar\/blog\/wp-content\/uploads\/2018\/07\/ANSES-1.jpg?fit=1200%2C562&ssl=1&resize=350%2C200 1x, https:\/\/i0.wp.com\/larevistadigital.com.ar\/blog\/wp-content\/uploads\/2018\/07\/ANSES-1.jpg?fit=1200%2C562&ssl=1&resize=525%2C300 1.5x, https:\/\/i0.wp.com\/larevistadigital.com.ar\/blog\/wp-content\/uploads\/2018\/07\/ANSES-1.jpg?fit=1200%2C562&ssl=1&resize=700%2C400 2x, https:\/\/i0.wp.com\/larevistadigital.com.ar\/blog\/wp-content\/uploads\/2018\/07\/ANSES-1.jpg?fit=1200%2C562&ssl=1&resize=1050%2C600 3x"},"classes":[]},{"id":27062,"url":"https:\/\/larevistadigital.com.ar\/blog\/enterate-los-detalles-del-nuevo-bono-de-los-jubilados\/","url_meta":{"origin":35105,"position":2},"title":"ENTERATE LOS DETALLES DEL NUEVO BONO DE LOS JUBILADOS","author":"Alejandro Sosa Ruda","date":"8 agosto, 2022","format":false,"excerpt":"Se cobrar\u00e1 en septiembre y ser\u00e1 financiado por un adelante del Impuesto a las Ganancias de casi 2000 grandes empresas. 07 de agosto de 2022 En las \u00faltimas horas, el ministro de Econom\u00eda,\u00a0Sergio Massa, adelant\u00f3 que\u00a0el pr\u00f3ximo mi\u00e9rcoles se anunciar\u00e1 el monto extra que recibir\u00e1n los jubilados y pensionados en\u2026","rel":"","context":"En \u00abINTERES GENERAL\u00bb","block_context":{"text":"INTERES GENERAL","link":"https:\/\/larevistadigital.com.ar\/blog\/category\/interes-general\/"},"img":{"alt_text":"","src":"https:\/\/i0.wp.com\/larevistadigital.com.ar\/blog\/wp-content\/uploads\/jubilados-sergio-massa-dio-mas-precisiones-sobre-bono-recibiran-septiembre-955789-120421.jpg?fit=1185%2C653&ssl=1&resize=350%2C200","width":350,"height":200,"srcset":"https:\/\/i0.wp.com\/larevistadigital.com.ar\/blog\/wp-content\/uploads\/jubilados-sergio-massa-dio-mas-precisiones-sobre-bono-recibiran-septiembre-955789-120421.jpg?fit=1185%2C653&ssl=1&resize=350%2C200 1x, https:\/\/i0.wp.com\/larevistadigital.com.ar\/blog\/wp-content\/uploads\/jubilados-sergio-massa-dio-mas-precisiones-sobre-bono-recibiran-septiembre-955789-120421.jpg?fit=1185%2C653&ssl=1&resize=525%2C300 1.5x, https:\/\/i0.wp.com\/larevistadigital.com.ar\/blog\/wp-content\/uploads\/jubilados-sergio-massa-dio-mas-precisiones-sobre-bono-recibiran-septiembre-955789-120421.jpg?fit=1185%2C653&ssl=1&resize=700%2C400 2x, https:\/\/i0.wp.com\/larevistadigital.com.ar\/blog\/wp-content\/uploads\/jubilados-sergio-massa-dio-mas-precisiones-sobre-bono-recibiran-septiembre-955789-120421.jpg?fit=1185%2C653&ssl=1&resize=1050%2C600 3x"},"classes":[]},{"id":44835,"url":"https:\/\/larevistadigital.com.ar\/blog\/el-gobierno-mantiene-el-bono-congelado-para-jubilados-desde-el-2023\/","url_meta":{"origin":35105,"position":3},"title":"El gobierno mantiene el bono congelado para jubilados desde el 2023","author":"Alejandro Sosa Ruda","date":"30 marzo, 2026","format":false,"excerpt":"El Gobierno Nacional confirm\u00f3 el bono de $70 mil para jubilados sin aumentos. Con inflaci\u00f3n alta, el ingreso pierde fuerte contra la canasta b\u00e1sica. El Gobierno nacional volvi\u00f3 a confirmar que el bono extraordinario destinado a jubilados y pensionados que cobran la m\u00ednima seguir\u00e1 siendo de $70.000, sin actualizaciones desde\u2026","rel":"","context":"En \u00abINTERES GENERAL\u00bb","block_context":{"text":"INTERES GENERAL","link":"https:\/\/larevistadigital.com.ar\/blog\/category\/interes-general\/"},"img":{"alt_text":"","src":"https:\/\/i0.wp.com\/larevistadigital.com.ar\/blog\/wp-content\/uploads\/Captura-de-pantalla-2026-03-30-214314.jpg?fit=860%2C469&ssl=1&resize=350%2C200","width":350,"height":200,"srcset":"https:\/\/i0.wp.com\/larevistadigital.com.ar\/blog\/wp-content\/uploads\/Captura-de-pantalla-2026-03-30-214314.jpg?fit=860%2C469&ssl=1&resize=350%2C200 1x, https:\/\/i0.wp.com\/larevistadigital.com.ar\/blog\/wp-content\/uploads\/Captura-de-pantalla-2026-03-30-214314.jpg?fit=860%2C469&ssl=1&resize=525%2C300 1.5x, https:\/\/i0.wp.com\/larevistadigital.com.ar\/blog\/wp-content\/uploads\/Captura-de-pantalla-2026-03-30-214314.jpg?fit=860%2C469&ssl=1&resize=700%2C400 2x"},"classes":[]},{"id":30122,"url":"https:\/\/larevistadigital.com.ar\/blog\/el-gobierno-anuncio-un-bono-de-15-mil-pesos-durante-tres-meses-para-los-jubilados-que-cobran-la-minima\/","url_meta":{"origin":35105,"position":4},"title":"EL GOBIERNO ANUNCI\u00d3 UN BONO DE 15 MIL PESOS DURANTE TRES MESES PARA LOS JUBILADOS QUE COBRAN LA M\u00cdNIMA.","author":"Alejandro Sosa Ruda","date":"11 febrero, 2023","format":false,"excerpt":"Las jubilaciones y pensiones aumentar\u00e1n un 17% en marzo y el haber m\u00ednimo ser\u00e1 de 73.665 pesos. El mismo porcentaje se aplicar\u00e1 para actualizar la Asignaci\u00f3n Universal por Hijo (AUH) y las asignaciones familiares 10 de febrero de 2023 Las jubilaciones y pensiones aumentar\u00e1n un 17,04% a partir de marzo\u2026","rel":"","context":"En \u00abECONOMIA\u00bb","block_context":{"text":"ECONOMIA","link":"https:\/\/larevistadigital.com.ar\/blog\/category\/economia\/"},"img":{"alt_text":"","src":"https:\/\/i0.wp.com\/larevistadigital.com.ar\/blog\/wp-content\/uploads\/descarga-17.jpg?fit=800%2C448&ssl=1&resize=350%2C200","width":350,"height":200,"srcset":"https:\/\/i0.wp.com\/larevistadigital.com.ar\/blog\/wp-content\/uploads\/descarga-17.jpg?fit=800%2C448&ssl=1&resize=350%2C200 1x, https:\/\/i0.wp.com\/larevistadigital.com.ar\/blog\/wp-content\/uploads\/descarga-17.jpg?fit=800%2C448&ssl=1&resize=525%2C300 1.5x, https:\/\/i0.wp.com\/larevistadigital.com.ar\/blog\/wp-content\/uploads\/descarga-17.jpg?fit=800%2C448&ssl=1&resize=700%2C400 2x"},"classes":[]},{"id":15204,"url":"https:\/\/larevistadigital.com.ar\/blog\/pami-y-anses-pagaran-bono-de-1-600-a-jubilados\/","url_meta":{"origin":35105,"position":5},"title":"PAMI Y ANSES PAGARAN BONO DE $1.600.- A JUBILADOS","author":"Alejandro Sosa Ruda","date":"12 mayo, 2020","format":false,"excerpt":"La medida beneficia a 540.000 personas afiliadas. Ser\u00e1 un pago extraordinario en reemplazo de los bolsones de alimentos. Esta semana, la directora Ejecutiva de PAMI, Luana\u00a0Volnovich\u00a0y la titular de ANSES, Fernanda\u00a0Raverta, anunciaron que se otorgar\u00e1 una suma fija y extraordinaria de $1.600 a 540.000 personas afiliados en reemplazo de los\u2026","rel":"","context":"En \u00abINTERES GENERAL\u00bb","block_context":{"text":"INTERES GENERAL","link":"https:\/\/larevistadigital.com.ar\/blog\/category\/interes-general\/"},"img":{"alt_text":"","src":"https:\/\/i0.wp.com\/larevistadigital.com.ar\/blog\/wp-content\/uploads\/0001245877.jpg?fit=1020%2C674&ssl=1&resize=350%2C200","width":350,"height":200,"srcset":"https:\/\/i0.wp.com\/larevistadigital.com.ar\/blog\/wp-content\/uploads\/0001245877.jpg?fit=1020%2C674&ssl=1&resize=350%2C200 1x, https:\/\/i0.wp.com\/larevistadigital.com.ar\/blog\/wp-content\/uploads\/0001245877.jpg?fit=1020%2C674&ssl=1&resize=525%2C300 1.5x, https:\/\/i0.wp.com\/larevistadigital.com.ar\/blog\/wp-content\/uploads\/0001245877.jpg?fit=1020%2C674&ssl=1&resize=700%2C400 2x"},"classes":[]}],"_links":{"self":[{"href":"https:\/\/larevistadigital.com.ar\/blog\/wp-json\/wp\/v2\/posts\/35105","targetHints":{"allow":["GET"]}}],"collection":[{"href":"https:\/\/larevistadigital.com.ar\/blog\/wp-json\/wp\/v2\/posts"}],"about":[{"href":"https:\/\/larevistadigital.com.ar\/blog\/wp-json\/wp\/v2\/types\/post"}],"author":[{"embeddable":true,"href":"https:\/\/larevistadigital.com.ar\/blog\/wp-json\/wp\/v2\/users\/3"}],"replies":[{"embeddable":true,"href":"https:\/\/larevistadigital.com.ar\/blog\/wp-json\/wp\/v2\/comments?post=35105"}],"version-history":[{"count":1,"href":"https:\/\/larevistadigital.com.ar\/blog\/wp-json\/wp\/v2\/posts\/35105\/revisions"}],"predecessor-version":[{"id":35107,"href":"https:\/\/larevistadigital.com.ar\/blog\/wp-json\/wp\/v2\/posts\/35105\/revisions\/35107"}],"wp:featuredmedia":[{"embeddable":true,"href":"https:\/\/larevistadigital.com.ar\/blog\/wp-json\/wp\/v2\/media\/35106"}],"wp:attachment":[{"href":"https:\/\/larevistadigital.com.ar\/blog\/wp-json\/wp\/v2\/media?parent=35105"}],"wp:term":[{"taxonomy":"category","embeddable":true,"href":"https:\/\/larevistadigital.com.ar\/blog\/wp-json\/wp\/v2\/categories?post=35105"},{"taxonomy":"post_tag","embeddable":true,"href":"https:\/\/larevistadigital.com.ar\/blog\/wp-json\/wp\/v2\/tags?post=35105"}],"curies":[{"name":"wp","href":"https:\/\/api.w.org\/{rel}","templated":true}]}}