{"id":35108,"date":"2024-01-24T10:39:50","date_gmt":"2024-01-24T13:39:50","guid":{"rendered":"https:\/\/larevistadigital.com.ar\/blog\/?p=35108"},"modified":"2024-01-24T10:39:50","modified_gmt":"2024-01-24T13:39:50","slug":"preolimpico-la-seleccion-argentina-juega-su-futuro-ante-peru","status":"publish","type":"post","link":"https:\/\/larevistadigital.com.ar\/blog\/preolimpico-la-seleccion-argentina-juega-su-futuro-ante-peru\/","title":{"rendered":"PREOL\u00cdMPICO: LA SELECCI\u00d3N ARGENTINA JUEGA SU FUTURO ANTE PER\u00da"},"content":{"rendered":"<h2 class=\"news-headline__article-summary\">La Selecci\u00f3n Argentina Sub-23, dirigida por Javier Mascherano, enfrentar\u00e1 a Per\u00fa en Venezuela por la segunda fecha del Grupo B del Preol\u00edmpico. La previa.<\/h2>\n<p>24 de enero de 2023<\/p>\n<article class=\"article-body article-body--first-paragraph\" data-td-script-src=\"https:\/\/www.0221.com.ar\/js-custom\/vendor\/jquery\/jquery-3.6.0.min-min-version-1705810032.js\">La Selecci\u00f3n Argentina Sub-23 se enfrentar\u00e1 este mi\u00e9rcoles con Per\u00fa\u00a0por la segunda fecha del<strong>\u00a0Grupo B\u00a0<\/strong>del\u00a0<strong>Preol\u00edmpico Sudamericano 2024<\/strong>. Tras el duro debut contra Paraguay, los dirigidos por Javier Mascherano tratar\u00e1n de sumar de a tres contra el seleccionado albirojo.<\/p>\n<\/article>\n<article class=\"article-body article-body--second-paragraph\">Lo dicho, a Argentina le cost\u00f3 contra Paraguay (1 a 1) en la primera fecha del grupo que comparten tambi\u00e9n con Chile y Uruguay y ahora buscar\u00e1 un triunfo para no complicarse de cara a la clasificaci\u00f3n. Ambas selecciones se enfrentar\u00e1n a las 20 en el estadio\u00a0<strong>Polideportivo Misael Delgado<\/strong>\u00a0ubicado en la ciudad venezolana de Valencia.<\/p>\n<article class=\"article-body article-body--third-paragraph\">\n<blockquote>\n<h3>En cuanto a los once representantes argentinos que comiencen a jugar, podr\u00eda haber modificiaciones respecto al choque contra Paraguay.\u00a0<strong>Luciano Goundou<\/strong>, quien convirti\u00f3 el gol en el partido pasado, podr\u00eda salir desde el arranque junto a\u00a0<strong>Claudio Echeverri<\/strong>\u00a0en el ataque y\u00a0<strong>Federico Redondo<\/strong>\u00a0en el mediocampo.<\/h3>\n<\/blockquote>\n<\/article>\n<article class=\"article-body article-body--fourth-paragraph\"><em><strong>\u00abTodos est\u00e1n en condiciones de hacerlo (ser titulares). Tenemos la tranquilidad de saber que los 11 que inician el partido pueden ser reemplazados en cualquier momento. Para eso armamos este plantel\u00bb<\/strong><\/em>, hab\u00eda declarado <strong>Mascherano<\/strong>, luego del empate contra el combinado guaran\u00ed.<\/p>\n<article class=\"article-body article-body--fifth-paragraph\">De esta manera, la formaci\u00f3n titular de Argentina estar\u00eda conformada por\u00a0<strong>Leandro Brey<\/strong>;<strong>\u00a0Joaqu\u00edn Garc\u00eda<\/strong>,<strong>\u00a0Marco Di C\u00e9sare<\/strong>,<strong>\u00a0Nicol\u00e1s Valentini\u00a0<\/strong>y\u00a0<strong>Valent\u00edn Barco<\/strong>;\u00a0<strong>Ezequiel Fern\u00e1ndez<\/strong>,<strong>\u00a0Redondo\u00a0<\/strong>y\u00a0<strong>Cristian Medina<\/strong>;\u00a0<strong>Pablo Solari\u00a0<\/strong>o\u00a0<strong>Echeverri<\/strong>,\u00a0<strong>Gondou\u00a0<\/strong>y\u00a0<strong>Thiago Almada<\/strong>.<\/p>\n<\/article>\n<article class=\"article-body article-body--sixth-paragraph\">Por su parte, Per\u00fa viene de ganarle a Chile con gol de <strong>Francisco Flores<\/strong> aunque no podr\u00e1 repetir el esquema titular debido a la expulsi\u00f3n de\u00a0<strong>Mathias Llantop<\/strong>.<\/p>\n<p><strong>DESDE LAS 20 HS. TELEVISADO POR TYC SPORTS.<\/strong><\/p>\n<\/article>\n<\/article>\n<\/article>\n","protected":false},"excerpt":{"rendered":"<div class=\"mh-excerpt\"><p>La Selecci\u00f3n Argentina Sub-23, dirigida por Javier Mascherano, enfrentar\u00e1 a Per\u00fa en Venezuela por la segunda fecha del Grupo B del Preol\u00edmpico. La previa. 24 de enero de 2023 La Selecci\u00f3n Argentina Sub-23 se enfrentar\u00e1 <a class=\"mh-excerpt-more\" href=\"https:\/\/larevistadigital.com.ar\/blog\/preolimpico-la-seleccion-argentina-juega-su-futuro-ante-peru\/\" title=\"PREOL\u00cdMPICO: LA SELECCI\u00d3N ARGENTINA JUEGA SU FUTURO ANTE PER\u00da\">[Leer M\u00e1s]<\/a><\/p>\n<\/div>","protected":false},"author":3,"featured_media":35109,"comment_status":"open","ping_status":"open","sticky":false,"template":"","format":"standard","meta":{"_jetpack_memberships_contains_paid_content":false,"footnotes":"","jetpack_publicize_message":"","jetpack_publicize_feature_enabled":true,"jetpack_social_post_already_shared":true,"jetpack_social_options":{"image_generator_settings":{"template":"highway","default_image_id":0,"font":"","enabled":false},"version":2}},"categories":[50],"tags":[],"class_list":{"0":"post-35108","1":"post","2":"type-post","3":"status-publish","4":"format-standard","5":"has-post-thumbnail","7":"category-interes-general"},"jetpack_publicize_connections":[],"jetpack_featured_media_url":"https:\/\/i0.wp.com\/larevistadigital.com.ar\/blog\/wp-content\/uploads\/Captura-de-pantalla-2024-01-24-103359.png?fit=899%2C486&ssl=1","jetpack_sharing_enabled":true,"jetpack_shortlink":"https:\/\/wp.me\/p8qtrQ-98g","jetpack-related-posts":[{"id":35053,"url":"https:\/\/larevistadigital.com.ar\/blog\/manana-arranca-el-sueno-del-sub-23-con-la-mira-en-los-juegos-olimpicos\/","url_meta":{"origin":35108,"position":0},"title":"MA\u00d1ANA ARRANCA EL SUE\u00d1O DEL SUB-23 CON LA MIRA EN LOS JUEGOS OL\u00cdMPICOS","author":"Alejandro Sosa Ruda","date":"20 enero, 2024","format":false,"excerpt":"El equipo de Javier Mascherano enfrenta a Paraguay en el debut. 20 de enero de 2023 El Seleccionado Argentino Sub-23 de f\u00fatbol, con\u00a0Javier Mascherano\u00a0como entrenador,\u00a0debutar\u00e1 este domingo ante Paraguay\u00a0en un partido de\u00a0la primera fecha del Grupo B del Torneo Preol\u00edmpico Sudamericano, que se juega en\u00a0Venezuela\u00a0y otorga dos plazas para los\u2026","rel":"","context":"En \u00abINTERES GENERAL\u00bb","block_context":{"text":"INTERES GENERAL","link":"https:\/\/larevistadigital.com.ar\/blog\/category\/interes-general\/"},"img":{"alt_text":"","src":"https:\/\/i0.wp.com\/larevistadigital.com.ar\/blog\/wp-content\/uploads\/Captura-de-pantalla-2024-01-20-133402.png?fit=895%2C508&ssl=1&resize=350%2C200","width":350,"height":200,"srcset":"https:\/\/i0.wp.com\/larevistadigital.com.ar\/blog\/wp-content\/uploads\/Captura-de-pantalla-2024-01-20-133402.png?fit=895%2C508&ssl=1&resize=350%2C200 1x, https:\/\/i0.wp.com\/larevistadigital.com.ar\/blog\/wp-content\/uploads\/Captura-de-pantalla-2024-01-20-133402.png?fit=895%2C508&ssl=1&resize=525%2C300 1.5x, https:\/\/i0.wp.com\/larevistadigital.com.ar\/blog\/wp-content\/uploads\/Captura-de-pantalla-2024-01-20-133402.png?fit=895%2C508&ssl=1&resize=700%2C400 2x"},"classes":[]},{"id":10596,"url":"https:\/\/larevistadigital.com.ar\/blog\/dia-hora-y-televisacion-el-fixture-de-argentina-en-la-copa-america-brasil-2019\/","url_meta":{"origin":35108,"position":1},"title":"D\u00cdA, HORA Y TELEVISACI\u00d3N: EL FIXTURE DE ARGENTINA EN LA COPA AM\u00c9RICA \u00abBRASIL 2019)","author":"Alejandro Sosa Ruda","date":"13 junio, 2019","format":false,"excerpt":"La\u00a0selecci\u00f3n argentina\u00a0iniciar\u00e1 su traves\u00eda en la 46\u00aa edici\u00f3n de la\u00a0Copa Am\u00e9rica\u00a0con el sue\u00f1o de conquistar nuevamente el torneo y as\u00ed transformarse en uno de los equipos m\u00e1s ganadores de la historia, igualando la l\u00ednea de Uruguay. El equipo que comanda Lionel Scaloni tendr\u00e1 una concentraci\u00f3n itinerante que ir\u00e1 movi\u00e9ndose por\u2026","rel":"","context":"En \u00abDESTACADAS\u00bb","block_context":{"text":"DESTACADAS","link":"https:\/\/larevistadigital.com.ar\/blog\/category\/destacadas\/"},"img":{"alt_text":"","src":"https:\/\/i0.wp.com\/larevistadigital.com.ar\/blog\/wp-content\/uploads\/d85fimmxkaapi5c_1560378137.jpg?fit=1072%2C715&ssl=1&resize=350%2C200","width":350,"height":200,"srcset":"https:\/\/i0.wp.com\/larevistadigital.com.ar\/blog\/wp-content\/uploads\/d85fimmxkaapi5c_1560378137.jpg?fit=1072%2C715&ssl=1&resize=350%2C200 1x, https:\/\/i0.wp.com\/larevistadigital.com.ar\/blog\/wp-content\/uploads\/d85fimmxkaapi5c_1560378137.jpg?fit=1072%2C715&ssl=1&resize=525%2C300 1.5x, https:\/\/i0.wp.com\/larevistadigital.com.ar\/blog\/wp-content\/uploads\/d85fimmxkaapi5c_1560378137.jpg?fit=1072%2C715&ssl=1&resize=700%2C400 2x, https:\/\/i0.wp.com\/larevistadigital.com.ar\/blog\/wp-content\/uploads\/d85fimmxkaapi5c_1560378137.jpg?fit=1072%2C715&ssl=1&resize=1050%2C600 3x"},"classes":[]},{"id":10887,"url":"https:\/\/larevistadigital.com.ar\/blog\/argentina-semifinalista-el-martes-enfrentara-a-brasil\/","url_meta":{"origin":35108,"position":2},"title":"ARGENTINA SEMIFINALISTA: EL MARTES ENFRENTAR\u00c1 A BRASIL","author":"Alejandro Sosa Ruda","date":"28 junio, 2019","format":false,"excerpt":"La Selecci\u00f3n venci\u00f3 a Venezuela por 2 a 0 y sac\u00f3 su pasaporte a semifinales donde jugar\u00e1 con su cl\u00e1sico rival. El equipo fue de mayor a menor pero pudo sentenciarlo en la segunda etapa. Ag\u00fcero y Lo Celso los gritos de la Selecci\u00f3n. Luego de un buen primer tiempo\u2026","rel":"","context":"En \u00abDESTACADAS\u00bb","block_context":{"text":"DESTACADAS","link":"https:\/\/larevistadigital.com.ar\/blog\/category\/destacadas\/"},"img":{"alt_text":"","src":"https:\/\/i0.wp.com\/larevistadigital.com.ar\/blog\/wp-content\/uploads\/Screenshot_1-15.jpg?fit=842%2C471&ssl=1&resize=350%2C200","width":350,"height":200,"srcset":"https:\/\/i0.wp.com\/larevistadigital.com.ar\/blog\/wp-content\/uploads\/Screenshot_1-15.jpg?fit=842%2C471&ssl=1&resize=350%2C200 1x, https:\/\/i0.wp.com\/larevistadigital.com.ar\/blog\/wp-content\/uploads\/Screenshot_1-15.jpg?fit=842%2C471&ssl=1&resize=525%2C300 1.5x, https:\/\/i0.wp.com\/larevistadigital.com.ar\/blog\/wp-content\/uploads\/Screenshot_1-15.jpg?fit=842%2C471&ssl=1&resize=700%2C400 2x"},"classes":[]},{"id":24833,"url":"https:\/\/larevistadigital.com.ar\/blog\/copa-libertadores-aca-los-grupos-y-las-fechas-hasta-la-final-y-habra-choque-argentino\/","url_meta":{"origin":35108,"position":3},"title":"COPA LIBERTADORES, AC\u00c1 LOS GRUPOS Y LAS FECHAS HASTA LA FINAL (Y HABR\u00c1 CHOQUE ARGENTINO)","author":"Alejandro Sosa Ruda","date":"26 marzo, 2022","format":false,"excerpt":"El Xeneize y el Millonario son cabezas de serie de los grupos E y F; V\u00e9lez y Estudiantes comparten la zona C y el Sabalero fue al grupo G con Pe\u00f1arol y los dos grandes de Paraguay. Talleres al H, con Flamengo. La espera termin\u00f3: se realiz\u00f3 en Paraguay el\u2026","rel":"","context":"En \u00abDEPORTES\u00bb","block_context":{"text":"DEPORTES","link":"https:\/\/larevistadigital.com.ar\/blog\/category\/deportes\/"},"img":{"alt_text":"","src":"https:\/\/i0.wp.com\/larevistadigital.com.ar\/blog\/wp-content\/uploads\/libertadores-2022.jpg?fit=680%2C680&ssl=1&resize=350%2C200","width":350,"height":200,"srcset":"https:\/\/i0.wp.com\/larevistadigital.com.ar\/blog\/wp-content\/uploads\/libertadores-2022.jpg?fit=680%2C680&ssl=1&resize=350%2C200 1x, https:\/\/i0.wp.com\/larevistadigital.com.ar\/blog\/wp-content\/uploads\/libertadores-2022.jpg?fit=680%2C680&ssl=1&resize=525%2C300 1.5x"},"classes":[]},{"id":30781,"url":"https:\/\/larevistadigital.com.ar\/blog\/la-fifa-le-saco-la-sede-del-mundial-sub-20-a-indonesia-y-argentina-tiene-chances-de-organizarlo\/","url_meta":{"origin":35108,"position":4},"title":"LA FIFA LE SAC\u00d3 LA SEDE DEL MUNDIAL SUB 20 A INDONESIA Y ARGENTINA TIENE CHANCES DE ORGANIZARLO","author":"Alejandro Sosa Ruda","date":"29 marzo, 2023","format":false,"excerpt":"\u00abLa FIFA ha decidido retirar a Indonesia como pa\u00eds anfitri\u00f3n de la Copa Mundial Sub-20 de la FIFA 2023\u2122 debido a las circunstancias actuales\u00bb,\u00a0inform\u00f3 la entidad madre del f\u00fatbol en un comunicado. 29 DE MARZO DE 2023 El pr\u00f3ximo viernes deb\u00eda realizarse el sorteo,\u00a0pero finalmente la FIFA lo pospuso luego\u2026","rel":"","context":"En \u00abDEPORTES\u00bb","block_context":{"text":"DEPORTES","link":"https:\/\/larevistadigital.com.ar\/blog\/category\/deportes\/"},"img":{"alt_text":"","src":"https:\/\/i0.wp.com\/larevistadigital.com.ar\/blog\/wp-content\/uploads\/Captura-de-pantalla-2023-03-29-143836.png?fit=739%2C417&ssl=1&resize=350%2C200","width":350,"height":200,"srcset":"https:\/\/i0.wp.com\/larevistadigital.com.ar\/blog\/wp-content\/uploads\/Captura-de-pantalla-2023-03-29-143836.png?fit=739%2C417&ssl=1&resize=350%2C200 1x, https:\/\/i0.wp.com\/larevistadigital.com.ar\/blog\/wp-content\/uploads\/Captura-de-pantalla-2023-03-29-143836.png?fit=739%2C417&ssl=1&resize=525%2C300 1.5x, https:\/\/i0.wp.com\/larevistadigital.com.ar\/blog\/wp-content\/uploads\/Captura-de-pantalla-2023-03-29-143836.png?fit=739%2C417&ssl=1&resize=700%2C400 2x"},"classes":[]},{"id":28955,"url":"https:\/\/larevistadigital.com.ar\/blog\/sorpresa-mundial-argentina-perdio-en-su-debut-contra-arabia-saudita\/","url_meta":{"origin":35108,"position":5},"title":"SORPRESA MUNDIAL: ARGENTINA PERDI\u00d3 EN SU DEBUT CONTRA ARABIA SAUDITA","author":"Alejandro Sosa Ruda","date":"22 noviembre, 2022","format":false,"excerpt":"Un gol de Lionel Messi no fue suficiente para que la selecci\u00f3n de Argentina venciera a Arabia Saudita, que mostr\u00f3 gran esp\u00edritu y termin\u00f3 ganando con un golazo de Al-Dawsari. 22 de noviembre de 2022 QATAR -\u00a0 La selecci\u00f3n de f\u00fatbol de Argentina perdi\u00f3 su primer partido de la Copa\u2026","rel":"","context":"En \u00abDEPORTES\u00bb","block_context":{"text":"DEPORTES","link":"https:\/\/larevistadigital.com.ar\/blog\/category\/deportes\/"},"img":{"alt_text":"","src":"https:\/\/i0.wp.com\/larevistadigital.com.ar\/blog\/wp-content\/uploads\/ARCHI_961157.jpg?fit=760%2C488&ssl=1&resize=350%2C200","width":350,"height":200,"srcset":"https:\/\/i0.wp.com\/larevistadigital.com.ar\/blog\/wp-content\/uploads\/ARCHI_961157.jpg?fit=760%2C488&ssl=1&resize=350%2C200 1x, https:\/\/i0.wp.com\/larevistadigital.com.ar\/blog\/wp-content\/uploads\/ARCHI_961157.jpg?fit=760%2C488&ssl=1&resize=525%2C300 1.5x, https:\/\/i0.wp.com\/larevistadigital.com.ar\/blog\/wp-content\/uploads\/ARCHI_961157.jpg?fit=760%2C488&ssl=1&resize=700%2C400 2x"},"classes":[]}],"_links":{"self":[{"href":"https:\/\/larevistadigital.com.ar\/blog\/wp-json\/wp\/v2\/posts\/35108","targetHints":{"allow":["GET"]}}],"collection":[{"href":"https:\/\/larevistadigital.com.ar\/blog\/wp-json\/wp\/v2\/posts"}],"about":[{"href":"https:\/\/larevistadigital.com.ar\/blog\/wp-json\/wp\/v2\/types\/post"}],"author":[{"embeddable":true,"href":"https:\/\/larevistadigital.com.ar\/blog\/wp-json\/wp\/v2\/users\/3"}],"replies":[{"embeddable":true,"href":"https:\/\/larevistadigital.com.ar\/blog\/wp-json\/wp\/v2\/comments?post=35108"}],"version-history":[{"count":1,"href":"https:\/\/larevistadigital.com.ar\/blog\/wp-json\/wp\/v2\/posts\/35108\/revisions"}],"predecessor-version":[{"id":35110,"href":"https:\/\/larevistadigital.com.ar\/blog\/wp-json\/wp\/v2\/posts\/35108\/revisions\/35110"}],"wp:featuredmedia":[{"embeddable":true,"href":"https:\/\/larevistadigital.com.ar\/blog\/wp-json\/wp\/v2\/media\/35109"}],"wp:attachment":[{"href":"https:\/\/larevistadigital.com.ar\/blog\/wp-json\/wp\/v2\/media?parent=35108"}],"wp:term":[{"taxonomy":"category","embeddable":true,"href":"https:\/\/larevistadigital.com.ar\/blog\/wp-json\/wp\/v2\/categories?post=35108"},{"taxonomy":"post_tag","embeddable":true,"href":"https:\/\/larevistadigital.com.ar\/blog\/wp-json\/wp\/v2\/tags?post=35108"}],"curies":[{"name":"wp","href":"https:\/\/api.w.org\/{rel}","templated":true}]}}