{"id":35117,"date":"2024-01-26T12:39:00","date_gmt":"2024-01-26T15:39:00","guid":{"rendered":"https:\/\/larevistadigital.com.ar\/blog\/?p=35117"},"modified":"2024-01-26T12:39:00","modified_gmt":"2024-01-26T15:39:00","slug":"tratando-de-eludir-responsabilidades-por-jorge-macchi","status":"publish","type":"post","link":"https:\/\/larevistadigital.com.ar\/blog\/tratando-de-eludir-responsabilidades-por-jorge-macchi\/","title":{"rendered":"TRATANDO DE ELUDIR RESPONSABILIDADES&#8230; (Por Jorge Macchi)"},"content":{"rendered":"<h2>Una interesante y necesaria reflexi\u00f3n del dirigente radical, que conoce del tema y lo aborda, mientras muchos miran hacia otro lado.<\/h2>\n<p>26 de enero de 2023<\/p>\n<p>Esta\u00a0semana, el Intendente Municipal, tanto en medios locales como en provinciales, manifest\u00f3:\u00a0<strong><em>que en las \u00faltimas semanas se registr\u00f3 un notable incremento en las solicitudes de ayuda alimentaria y econ\u00f3mica por parte de la comunidad, debido a las dificultades que enfrentan muchas familias.<\/em><\/strong><\/p>\n<p>Seg\u00fan sus dichos estas son:\u00a0\u201c<strong><em>Las consecuencias de la gran devaluaci\u00f3n que hubo en diciembre empiezan a sentirse en todos los distritos y la situaci\u00f3n se est\u00e1 deteriorando de manera r\u00e1pida y profunda\u201d.<\/em><\/strong><\/p>\n<p>En este sentido indic\u00f3 que esta situaci\u00f3n fue planteada la semana pasada, durante la Conferencia de Verano del mandatario bonaerense, <strong>Axel\u00a0Kiciloff<\/strong>\u00a0en la que particip\u00f3 junto a 22 intendentes de la zona costera y tur\u00edstica del interior de la provincia.<\/p>\n<p>\u00ab<strong><em>Es urgente que trabajemos juntos para mitigar los impactos negativos de la actual situaci\u00f3n econ\u00f3mica y para eso estamos colaborando estrechamente con el gobierno provincial para implementar medidas que brinden respuestas concretas a las necesidades de nuestros vecinos\u00bb<\/em><\/strong>.<\/p>\n<p>Desde ya que todos comparten estas\u00a0declaraciones\u00a0sobre\u00a0el dif\u00edcil momento por el que atraviesa el pa\u00eds, pero el Sr. Intendente deber\u00eda\u00a0reflexionar\u00a0tambi\u00e9n respecto a la situaci\u00f3n puntual de los directos dependientes. <strong>LOS EMPLEADOS Y LOS JUBILADOS MUNICIPALES.<\/strong><\/p>\n<p>Seg\u00fan el Presupuesto Municipal recientemente aprobado por el HCD,\u00a0<strong>la planta de empleados Municipales es de 2278 entre los correspondientes a planta permanente y planta temporaria, estimamos que los jubilados\u00a0Municipales son unos 1500 aproximadamente,\u00a0<\/strong>pero \u00bfsaben\u00a0qu\u00e9?&#8230;\u00a0<strong>m\u00e1s\u00a0del\u00a080% de estos perciben haberes por debajo de la l\u00ednea de pobreza y muchos de estos de la l\u00ednea de indigencia,<\/strong> en Noviembre del a\u00f1o 2023 seg\u00fan el INDEC, para superar la l\u00ednea de pobreza se deb\u00eda percibir por encima de $ 345.950 y para no caer en la indigencia $160.603.-. (No contabilizamos cientos de locaciones de servicio y cooperativistas, informaci\u00f3n por cierto poco transparente de la actual gesti\u00f3n).<\/p>\n<p>En Diciembre solo a partir de la categor\u00eda 16 (Director) se superaba la l\u00ednea de pobreza y\u00a0de\u00a0Categor\u00eda\u00a013 para abajo la integraban sueldos\u00a0indigentes. (Ver Decreto 477\/23)<\/p>\n<p>Estos datos, demuestran la falta de empat\u00eda que ha tenido y tiene desde que asumi\u00f3 el <strong>Intendente\u00a0Gast\u00f3n<\/strong>,\u00a0 y se refleja claramente\u00a0en\u00a0la ca\u00edda de la capacidad de compra\u00a0de los empleados Municipales, que en los \u00faltimos 8 a\u00f1os es desastrosa.<\/p>\n<p><span style=\"color: #ff0000\"><strong>Por poner\u00a0un\u00a0ejemplo,\u00a0el pasado a\u00f1o,\u00a0solo recibieron aumentos en un 100,8 %, mientras que la inflaci\u00f3n alcanzo al 211%.<\/strong><\/span><\/p>\n<p>Nadie se asombrar\u00eda entonces, si decimos que <strong>la actual administraci\u00f3n es una \u201cf\u00e1brica de hacer pobres\u201d.<\/strong><\/p>\n<p>\u00bfCu\u00e1ntos\u00a0de los que reclaman asistencia alimentaria o econ\u00f3mica son empleados Municipales?\u00a0\u00a0\u00bfDe qu\u00e9 se sorprende alguien que es el responsable de la situaci\u00f3n econ\u00f3mica de sus empleados?.<\/p>\n<p>Ser\u00eda recomendable recordarle al Jefe Comunal el refr\u00e1n popular: nunca es recomendable escupir para arriba\u2026.<strong>\u00a0<\/strong><\/p>\n<p><strong>J.Macchi<\/strong><\/p>\n","protected":false},"excerpt":{"rendered":"<div class=\"mh-excerpt\"><p>Una interesante y necesaria reflexi\u00f3n del dirigente radical, que conoce del tema y lo aborda, mientras muchos miran hacia otro lado. 26 de enero de 2023 Esta\u00a0semana, el Intendente Municipal, tanto en medios locales como <a class=\"mh-excerpt-more\" href=\"https:\/\/larevistadigital.com.ar\/blog\/tratando-de-eludir-responsabilidades-por-jorge-macchi\/\" title=\"TRATANDO DE ELUDIR RESPONSABILIDADES&#8230; (Por Jorge Macchi)\">[Leer M\u00e1s]<\/a><\/p>\n<\/div>","protected":false},"author":3,"featured_media":35118,"comment_status":"open","ping_status":"open","sticky":false,"template":"","format":"standard","meta":{"_jetpack_memberships_contains_paid_content":false,"footnotes":"","jetpack_publicize_message":"","jetpack_publicize_feature_enabled":true,"jetpack_social_post_already_shared":true,"jetpack_social_options":{"image_generator_settings":{"template":"highway","default_image_id":0,"font":"","enabled":false},"version":2}},"categories":[41],"tags":[],"class_list":{"0":"post-35117","1":"post","2":"type-post","3":"status-publish","4":"format-standard","5":"has-post-thumbnail","7":"category-destacadas"},"jetpack_publicize_connections":[],"jetpack_featured_media_url":"https:\/\/i0.wp.com\/larevistadigital.com.ar\/blog\/wp-content\/uploads\/Captura-de-pantalla-2024-01-26-123757.png?fit=842%2C559&ssl=1","jetpack_sharing_enabled":true,"jetpack_shortlink":"https:\/\/wp.me\/p8qtrQ-98p","jetpack-related-posts":[{"id":5356,"url":"https:\/\/larevistadigital.com.ar\/blog\/fin-de-semana-largo-sin-dinero-en-los-cajeros-de-chascomus\/","url_meta":{"origin":35117,"position":0},"title":"Fin de semana largo sin dinero en los cajeros de Chascom\u00fas","author":"admin","date":"29 marzo, 2018","format":false,"excerpt":"Francisco Rodr\u00edguez, se\u00f1al\u00f3 ayer que contin\u00faa la preocupaci\u00f3n de los afiliados tras el aumento de la edad jubilatoria y el rechazo del incremento salarial del 15% ofrecido por el gobierno de Vidal. Tambi\u00e9n se\u00f1al\u00f3 que este fin de semana largo no habr\u00e1 guardias para recargar los cajeros autom\u00e1ticos, ocasionando l\u00f3gicos\u2026","rel":"","context":"En \u00abPOLITICA\u00bb","block_context":{"text":"POLITICA","link":"https:\/\/larevistadigital.com.ar\/blog\/category\/politica\/"},"img":{"alt_text":"","src":"https:\/\/i0.wp.com\/larevistadigital.com.ar\/blog\/wp-content\/uploads\/2018\/03\/cajeros.jpg?fit=1200%2C675&ssl=1&resize=350%2C200","width":350,"height":200,"srcset":"https:\/\/i0.wp.com\/larevistadigital.com.ar\/blog\/wp-content\/uploads\/2018\/03\/cajeros.jpg?fit=1200%2C675&ssl=1&resize=350%2C200 1x, https:\/\/i0.wp.com\/larevistadigital.com.ar\/blog\/wp-content\/uploads\/2018\/03\/cajeros.jpg?fit=1200%2C675&ssl=1&resize=525%2C300 1.5x, https:\/\/i0.wp.com\/larevistadigital.com.ar\/blog\/wp-content\/uploads\/2018\/03\/cajeros.jpg?fit=1200%2C675&ssl=1&resize=700%2C400 2x, https:\/\/i0.wp.com\/larevistadigital.com.ar\/blog\/wp-content\/uploads\/2018\/03\/cajeros.jpg?fit=1200%2C675&ssl=1&resize=1050%2C600 3x"},"classes":[]},{"id":13739,"url":"https:\/\/larevistadigital.com.ar\/blog\/actualizacion-informacion-ioma-reunion-con-las-nuevas-autoridades\/","url_meta":{"origin":35117,"position":1},"title":"ACTUALIZACI\u00d3N INFORMACI\u00d3N IOMA (REUNI\u00d3N CON LAS NUEVAS AUTORIDADES)","author":"Alejandro Sosa Ruda","date":"19 diciembre, 2019","format":false,"excerpt":"Hoy jueves 19 de diciembre las farmac\u00e9uticas\u00a0Isabel Reinoso\u00a0y\u00a0Claudia Slezack\u00a0(presidente y vice del CFPBA), se reunieron con el\u00a0Dr. Homero Giles, nuevo presidente de la obra social provincial y su equipo. En el encuentro intercambiaron informaci\u00f3n sobre la situaci\u00f3n del sector, el estado actual del IOMA y la necesidad de las farmacias\u2026","rel":"","context":"En \u00abINTERES GENERAL\u00bb","block_context":{"text":"INTERES GENERAL","link":"https:\/\/larevistadigital.com.ar\/blog\/category\/interes-general\/"},"img":{"alt_text":"","src":"https:\/\/i0.wp.com\/larevistadigital.com.ar\/blog\/wp-content\/uploads\/mail-1-1.jpg?fit=600%2C222&ssl=1&resize=350%2C200","width":350,"height":200,"srcset":"https:\/\/i0.wp.com\/larevistadigital.com.ar\/blog\/wp-content\/uploads\/mail-1-1.jpg?fit=600%2C222&ssl=1&resize=350%2C200 1x, https:\/\/i0.wp.com\/larevistadigital.com.ar\/blog\/wp-content\/uploads\/mail-1-1.jpg?fit=600%2C222&ssl=1&resize=525%2C300 1.5x"},"classes":[]},{"id":23494,"url":"https:\/\/larevistadigital.com.ar\/blog\/suciedad-y-abandono-vecinos-reclaman-que-hace-una-semana-hay-basura-acumulada\/","url_meta":{"origin":35117,"position":2},"title":"SUCIEDAD Y ABANDONO: VECINOS RECLAMAN QUE HACE UNA SEMANA HAY BASURA ACUMULADA","author":"Alejandro Sosa Ruda","date":"21 enero, 2022","format":false,"excerpt":"CHASCOM\u00daS -\u00a0 Un grupo de vecinos ha hecho llegar a nuestra redacci\u00f3n una foto, ilustrando el abandono y la suciedad que se ha acumulado en una semana en la intersecci\u00f3n de la calle que viene del matadero y Campa\u00f1as al Desierto. La situaci\u00f3n deja en evidencia en principio la desidia\u2026","rel":"","context":"En \u00abINTERES GENERAL\u00bb","block_context":{"text":"INTERES GENERAL","link":"https:\/\/larevistadigital.com.ar\/blog\/category\/interes-general\/"},"img":{"alt_text":"","src":"https:\/\/i0.wp.com\/larevistadigital.com.ar\/blog\/wp-content\/uploads\/WhatsApp-Image-2022-01-21-at-12.13.29.jpeg?fit=1200%2C675&ssl=1&resize=350%2C200","width":350,"height":200,"srcset":"https:\/\/i0.wp.com\/larevistadigital.com.ar\/blog\/wp-content\/uploads\/WhatsApp-Image-2022-01-21-at-12.13.29.jpeg?fit=1200%2C675&ssl=1&resize=350%2C200 1x, https:\/\/i0.wp.com\/larevistadigital.com.ar\/blog\/wp-content\/uploads\/WhatsApp-Image-2022-01-21-at-12.13.29.jpeg?fit=1200%2C675&ssl=1&resize=525%2C300 1.5x, https:\/\/i0.wp.com\/larevistadigital.com.ar\/blog\/wp-content\/uploads\/WhatsApp-Image-2022-01-21-at-12.13.29.jpeg?fit=1200%2C675&ssl=1&resize=700%2C400 2x, https:\/\/i0.wp.com\/larevistadigital.com.ar\/blog\/wp-content\/uploads\/WhatsApp-Image-2022-01-21-at-12.13.29.jpeg?fit=1200%2C675&ssl=1&resize=1050%2C600 3x"},"classes":[]},{"id":15121,"url":"https:\/\/larevistadigital.com.ar\/blog\/coronavirus-solo-37-de-los-135-municipios-de-la-provincia-habilitaron-las-salidas-recreativas\/","url_meta":{"origin":35117,"position":3},"title":"CORONAVIRUS: SOLO 37 DE LOS 135 MUNICIPIOS DE LA PROVINCIA HABILITARON LAS SALIDAS RECREATIVAS","author":"Alejandro Sosa Ruda","date":"2 mayo, 2020","format":false,"excerpt":"A una semana del anuncio de Alberto Fern\u00e1ndez, el 70% de los distritos bonaerenses mantienen prohibidas las salidas a caminar. \u00bfCu\u00e1l es el futuro de la medida? El detalle y el an\u00e1lisis, caso por caso. De los 135 municipios bonaerenses, apenas 37 habilitaron el tiempo de esparcimiento para los vecinos.\u2026","rel":"","context":"En \u00abINTERES GENERAL\u00bb","block_context":{"text":"INTERES GENERAL","link":"https:\/\/larevistadigital.com.ar\/blog\/category\/interes-general\/"},"img":{"alt_text":"","src":"https:\/\/i0.wp.com\/larevistadigital.com.ar\/blog\/wp-content\/uploads\/5eac7419cb987_800x450.jpg?fit=800%2C450&ssl=1&resize=350%2C200","width":350,"height":200,"srcset":"https:\/\/i0.wp.com\/larevistadigital.com.ar\/blog\/wp-content\/uploads\/5eac7419cb987_800x450.jpg?fit=800%2C450&ssl=1&resize=350%2C200 1x, https:\/\/i0.wp.com\/larevistadigital.com.ar\/blog\/wp-content\/uploads\/5eac7419cb987_800x450.jpg?fit=800%2C450&ssl=1&resize=525%2C300 1.5x, https:\/\/i0.wp.com\/larevistadigital.com.ar\/blog\/wp-content\/uploads\/5eac7419cb987_800x450.jpg?fit=800%2C450&ssl=1&resize=700%2C400 2x"},"classes":[]},{"id":35999,"url":"https:\/\/larevistadigital.com.ar\/blog\/el-hilo-siempre-se-corta-por-lo-mas-delgado-anses-aplaza-una-semana-el-pago-a-las-pensiones-no-contributivas\/","url_meta":{"origin":35117,"position":4},"title":"\u00abEL HILO SIEMPRE SE CORTA POR LO M\u00c1S DELGADO\u00bb: ANSES APLAZA UNA SEMANA EL PAGO A LAS PENSIONES NO CONTRIBUTIVAS","author":"Alejandro Sosa Ruda","date":"6 mayo, 2024","format":false,"excerpt":"La Administraci\u00f3n Nacional de la Seguridad Social (ANSES) ha decidido aplazar una semana el pago de las Pensiones No Contributivas (PNC) en mayo. Inicialmente programadas para empezar entre el 1 y el 3 de mayo, para los documentos terminados en 0 y 1, ahora comenzar\u00e1n el 9 de mayo, coincidiendo\u2026","rel":"","context":"En \u00abINTERES GENERAL\u00bb","block_context":{"text":"INTERES GENERAL","link":"https:\/\/larevistadigital.com.ar\/blog\/category\/interes-general\/"},"img":{"alt_text":"","src":"https:\/\/i0.wp.com\/larevistadigital.com.ar\/blog\/wp-content\/uploads\/20240504132831_anses-web.jpg?fit=880%2C512&ssl=1&resize=350%2C200","width":350,"height":200,"srcset":"https:\/\/i0.wp.com\/larevistadigital.com.ar\/blog\/wp-content\/uploads\/20240504132831_anses-web.jpg?fit=880%2C512&ssl=1&resize=350%2C200 1x, https:\/\/i0.wp.com\/larevistadigital.com.ar\/blog\/wp-content\/uploads\/20240504132831_anses-web.jpg?fit=880%2C512&ssl=1&resize=525%2C300 1.5x, https:\/\/i0.wp.com\/larevistadigital.com.ar\/blog\/wp-content\/uploads\/20240504132831_anses-web.jpg?fit=880%2C512&ssl=1&resize=700%2C400 2x"},"classes":[]},{"id":4759,"url":"https:\/\/larevistadigital.com.ar\/blog\/chascomus-vecinos-enojados-la-secretaria-obras-servicios\/","url_meta":{"origin":35117,"position":5},"title":"CHASCOM\u00daS: VECINOS ENOJADOS CON LA SECRETAR\u00cdA DE OBRAS Y SERVICIOS","author":"Alejandro Sosa Ruda","date":"6 febrero, 2018","format":false,"excerpt":"Vecinos se pusieron en contacto con nosotros para informarnos su descontento con las autoridades de la Secretar\u00eda de Obras de Chascom\u00fas, luego de haberse comunicado en varias oportunidades y no haber tenido ning\u00fan tipo de respuesta. Manifestaron,\u00a0 que desde hace m\u00e1s de una semana, una persona cort\u00f3 las plantas de\u2026","rel":"","context":"En \u00abPOLITICA\u00bb","block_context":{"text":"POLITICA","link":"https:\/\/larevistadigital.com.ar\/blog\/category\/politica\/"},"img":{"alt_text":"","src":"https:\/\/i0.wp.com\/larevistadigital.com.ar\/blog\/wp-content\/uploads\/2018\/02\/WhatsApp-Image-2018-02-05-at-21.24.47.jpeg?fit=1200%2C900&ssl=1&resize=350%2C200","width":350,"height":200,"srcset":"https:\/\/i0.wp.com\/larevistadigital.com.ar\/blog\/wp-content\/uploads\/2018\/02\/WhatsApp-Image-2018-02-05-at-21.24.47.jpeg?fit=1200%2C900&ssl=1&resize=350%2C200 1x, https:\/\/i0.wp.com\/larevistadigital.com.ar\/blog\/wp-content\/uploads\/2018\/02\/WhatsApp-Image-2018-02-05-at-21.24.47.jpeg?fit=1200%2C900&ssl=1&resize=525%2C300 1.5x, https:\/\/i0.wp.com\/larevistadigital.com.ar\/blog\/wp-content\/uploads\/2018\/02\/WhatsApp-Image-2018-02-05-at-21.24.47.jpeg?fit=1200%2C900&ssl=1&resize=700%2C400 2x, https:\/\/i0.wp.com\/larevistadigital.com.ar\/blog\/wp-content\/uploads\/2018\/02\/WhatsApp-Image-2018-02-05-at-21.24.47.jpeg?fit=1200%2C900&ssl=1&resize=1050%2C600 3x"},"classes":[]}],"_links":{"self":[{"href":"https:\/\/larevistadigital.com.ar\/blog\/wp-json\/wp\/v2\/posts\/35117","targetHints":{"allow":["GET"]}}],"collection":[{"href":"https:\/\/larevistadigital.com.ar\/blog\/wp-json\/wp\/v2\/posts"}],"about":[{"href":"https:\/\/larevistadigital.com.ar\/blog\/wp-json\/wp\/v2\/types\/post"}],"author":[{"embeddable":true,"href":"https:\/\/larevistadigital.com.ar\/blog\/wp-json\/wp\/v2\/users\/3"}],"replies":[{"embeddable":true,"href":"https:\/\/larevistadigital.com.ar\/blog\/wp-json\/wp\/v2\/comments?post=35117"}],"version-history":[{"count":1,"href":"https:\/\/larevistadigital.com.ar\/blog\/wp-json\/wp\/v2\/posts\/35117\/revisions"}],"predecessor-version":[{"id":35119,"href":"https:\/\/larevistadigital.com.ar\/blog\/wp-json\/wp\/v2\/posts\/35117\/revisions\/35119"}],"wp:featuredmedia":[{"embeddable":true,"href":"https:\/\/larevistadigital.com.ar\/blog\/wp-json\/wp\/v2\/media\/35118"}],"wp:attachment":[{"href":"https:\/\/larevistadigital.com.ar\/blog\/wp-json\/wp\/v2\/media?parent=35117"}],"wp:term":[{"taxonomy":"category","embeddable":true,"href":"https:\/\/larevistadigital.com.ar\/blog\/wp-json\/wp\/v2\/categories?post=35117"},{"taxonomy":"post_tag","embeddable":true,"href":"https:\/\/larevistadigital.com.ar\/blog\/wp-json\/wp\/v2\/tags?post=35117"}],"curies":[{"name":"wp","href":"https:\/\/api.w.org\/{rel}","templated":true}]}}