{"id":35120,"date":"2024-01-26T12:53:59","date_gmt":"2024-01-26T15:53:59","guid":{"rendered":"https:\/\/larevistadigital.com.ar\/blog\/?p=35120"},"modified":"2024-01-26T12:53:59","modified_gmt":"2024-01-26T15:53:59","slug":"chascomus-allanamiento-y-detencion","status":"publish","type":"post","link":"https:\/\/larevistadigital.com.ar\/blog\/chascomus-allanamiento-y-detencion\/","title":{"rendered":"CHASCOM\u00daS: ALLANAMIENTO Y DETENCI\u00d3N."},"content":{"rendered":"<h2>Era en relaci\u00f3n a un delito de \u00abrobo calificado\u00bb<\/h2>\n<p>26 de enero de 2023<\/p>\n<p><strong>CHASCOM\u00daS &#8211;\u00a0<\/strong> En el d\u00eda de ayer en horas de la tarde personal policial de E.P.C Chascomus 1ra. Procedi\u00f3 a dar cumplimiento a una orden de Allanamiento y detenci\u00f3n en el barrio el algarrobo, luego de que se culminara una investigaci\u00f3n en orden al delito de Robo Calificado ocurrido d\u00edas atras,<\/p>\n<blockquote>\n<h3>Se reuni\u00f3 prueba suficiente para que el titular de la U.F.ID. N 10 Dr<strong>. Jonathan Robert<\/strong> requiera orden de Allanamiento y detenci\u00f3n para una persona masculina mayor de edad investigado en distintos hechos en esta localidad y con antecedentes delictivos.<\/h3>\n<\/blockquote>\n<p>Luego de culminar con el Allanamiento en el que se secuestraron elementos de inter\u00e9s a la investigaci\u00f3n se procedi\u00f3 al traslado del detenido a esta dependencia policial, lugar del que ser\u00e1 trasladado a otra dependencia policial por no existir plaza disponible en esta secci\u00f3nal.<\/p>\n","protected":false},"excerpt":{"rendered":"<div class=\"mh-excerpt\"><p>Era en relaci\u00f3n a un delito de \u00abrobo calificado\u00bb 26 de enero de 2023 CHASCOM\u00daS &#8211;\u00a0 En el d\u00eda de ayer en horas de la tarde personal policial de E.P.C Chascomus 1ra. Procedi\u00f3 a dar <a class=\"mh-excerpt-more\" href=\"https:\/\/larevistadigital.com.ar\/blog\/chascomus-allanamiento-y-detencion\/\" title=\"CHASCOM\u00daS: ALLANAMIENTO Y DETENCI\u00d3N.\">[Leer M\u00e1s]<\/a><\/p>\n<\/div>","protected":false},"author":3,"featured_media":24841,"comment_status":"open","ping_status":"open","sticky":false,"template":"","format":"standard","meta":{"_jetpack_memberships_contains_paid_content":false,"footnotes":"","jetpack_publicize_message":"","jetpack_publicize_feature_enabled":true,"jetpack_social_post_already_shared":true,"jetpack_social_options":{"image_generator_settings":{"template":"highway","default_image_id":0,"font":"","enabled":false},"version":2}},"categories":[1],"tags":[],"class_list":{"0":"post-35120","1":"post","2":"type-post","3":"status-publish","4":"format-standard","5":"has-post-thumbnail","7":"category-sin-categoria"},"jetpack_publicize_connections":[],"jetpack_featured_media_url":"https:\/\/i0.wp.com\/larevistadigital.com.ar\/blog\/wp-content\/uploads\/1620734310362-1.jpg?fit=1920%2C950&ssl=1","jetpack_sharing_enabled":true,"jetpack_shortlink":"https:\/\/wp.me\/p8qtrQ-98s","jetpack-related-posts":[{"id":36974,"url":"https:\/\/larevistadigital.com.ar\/blog\/chascomus-la-policia-detuvo-a-un-hombre-sospechado-de-robo-luego-de-un-allanamiento\/","url_meta":{"origin":35120,"position":0},"title":"CHASCOM\u00daS: LA POLIC\u00cdA DETUVO A UN HOMBRE SOSPECHADO DE ROBO LUEGO DE UN ALLANAMIENTO","author":"Alejandro Sosa Ruda","date":"15 agosto, 2024","format":false,"excerpt":"Se trata de un sujeto con antecedentes penales. 15 de Agosto de 2024 CHASCOM\u00daS -\u00a0 Cerca del mediod\u00eda del d\u00eda de ayer, personal policial procedi\u00f3 a dar cumplimiento a una orden de allanamiento para un domicilio de calle Las Heras y hacer efectiva una orden de detencion para una persona\u2026","rel":"","context":"En \u00abDESTACADAS\u00bb","block_context":{"text":"DESTACADAS","link":"https:\/\/larevistadigital.com.ar\/blog\/category\/destacadas\/"},"img":{"alt_text":"","src":"https:\/\/i0.wp.com\/larevistadigital.com.ar\/blog\/wp-content\/uploads\/POLICIA.png?fit=1002%2C658&ssl=1&resize=350%2C200","width":350,"height":200,"srcset":"https:\/\/i0.wp.com\/larevistadigital.com.ar\/blog\/wp-content\/uploads\/POLICIA.png?fit=1002%2C658&ssl=1&resize=350%2C200 1x, https:\/\/i0.wp.com\/larevistadigital.com.ar\/blog\/wp-content\/uploads\/POLICIA.png?fit=1002%2C658&ssl=1&resize=525%2C300 1.5x, https:\/\/i0.wp.com\/larevistadigital.com.ar\/blog\/wp-content\/uploads\/POLICIA.png?fit=1002%2C658&ssl=1&resize=700%2C400 2x"},"classes":[]},{"id":35122,"url":"https:\/\/larevistadigital.com.ar\/blog\/chascomus-detienen-a-un-sujeto-con-frondosos-antecedentes\/","url_meta":{"origin":35120,"position":1},"title":"CHASCOM\u00daS: DETIENEN A UN SUJETO CON FRONDOSOS ANTECEDENTES.","author":"Alejandro Sosa Ruda","date":"26 enero, 2024","format":false,"excerpt":"La polic\u00eda lo detuvo y dever\u00e1 ser derivado a otra comisar\u00eda, por no haber lugar en la Estaci\u00f3n 1ra. de Polic\u00eda Comunal. 26 de enero de 2023 CHASCOM\u00daS -\u00a0 En el d\u00eda de ayer se recibi\u00f3 orden de Allanamiento y Detenci\u00f3n para una persona de sexo masculino con frondosos antecedentes\u2026","rel":"","context":"En \u00abINTERES GENERAL\u00bb","block_context":{"text":"INTERES GENERAL","link":"https:\/\/larevistadigital.com.ar\/blog\/category\/interes-general\/"},"img":{"alt_text":"","src":"https:\/\/i0.wp.com\/larevistadigital.com.ar\/blog\/wp-content\/uploads\/Captura-de-pantalla-2024-01-26-141311.png?fit=700%2C641&ssl=1&resize=350%2C200","width":350,"height":200,"srcset":"https:\/\/i0.wp.com\/larevistadigital.com.ar\/blog\/wp-content\/uploads\/Captura-de-pantalla-2024-01-26-141311.png?fit=700%2C641&ssl=1&resize=350%2C200 1x, https:\/\/i0.wp.com\/larevistadigital.com.ar\/blog\/wp-content\/uploads\/Captura-de-pantalla-2024-01-26-141311.png?fit=700%2C641&ssl=1&resize=525%2C300 1.5x, https:\/\/i0.wp.com\/larevistadigital.com.ar\/blog\/wp-content\/uploads\/Captura-de-pantalla-2024-01-26-141311.png?fit=700%2C641&ssl=1&resize=700%2C400 2x"},"classes":[]},{"id":36920,"url":"https:\/\/larevistadigital.com.ar\/blog\/chascomus-tras-un-allanamiento-positivo-detienen-a-un-menor-y-lo-trasladan-a-un-centro-de-contencion-en-dolores\/","url_meta":{"origin":35120,"position":2},"title":"CHASCOM\u00daS: TRAS UN ALLANAMIENTO POSITIVO, DETIENEN A UN MENOR Y LO TRASLADAN A UN CENTRO DE CONTENCI\u00d3N EN DOLORES","author":"Alejandro Sosa Ruda","date":"11 agosto, 2024","format":false,"excerpt":"Tambi\u00e9n aprehendieron a un mayor que intent\u00f3 defenderlo en el momento de la detenci\u00f3n, pero ya recuper\u00f3 la libertad. 11 de Agosto de 2024 CHASCOM\u00daS -\u00a0 Personal policial de E.P.C. Chascomus se aboc\u00f3 a recolectar elementos de prueba suficientes requeridos por el Fuero de Responsabilidad Penal Juvenil N\u00b0 1 de\u2026","rel":"","context":"En \u00abINTERES GENERAL\u00bb","block_context":{"text":"INTERES GENERAL","link":"https:\/\/larevistadigital.com.ar\/blog\/category\/interes-general\/"},"img":{"alt_text":"","src":"https:\/\/i0.wp.com\/larevistadigital.com.ar\/blog\/wp-content\/uploads\/1620734311775.jpg?fit=1200%2C777&ssl=1&resize=350%2C200","width":350,"height":200,"srcset":"https:\/\/i0.wp.com\/larevistadigital.com.ar\/blog\/wp-content\/uploads\/1620734311775.jpg?fit=1200%2C777&ssl=1&resize=350%2C200 1x, https:\/\/i0.wp.com\/larevistadigital.com.ar\/blog\/wp-content\/uploads\/1620734311775.jpg?fit=1200%2C777&ssl=1&resize=525%2C300 1.5x, https:\/\/i0.wp.com\/larevistadigital.com.ar\/blog\/wp-content\/uploads\/1620734311775.jpg?fit=1200%2C777&ssl=1&resize=700%2C400 2x, https:\/\/i0.wp.com\/larevistadigital.com.ar\/blog\/wp-content\/uploads\/1620734311775.jpg?fit=1200%2C777&ssl=1&resize=1050%2C600 3x"},"classes":[]},{"id":40653,"url":"https:\/\/larevistadigital.com.ar\/blog\/chascomus-allanamiento-y-detencion-de-una-pareja-por-robo\/","url_meta":{"origin":35120,"position":3},"title":"Chascom\u00fas: Allanamiento y detenci\u00f3n de una pareja por robo","author":"Alejandro Sosa Ruda","date":"29 julio, 2025","format":false,"excerpt":"Tras una r\u00e1pida investigaci\u00f3n, lograron recuperar una moto, garrafas y televisores. La Justicia ya los tiene bajo su control. 29 de Julio de 2025 CHASCOM\u00daS\u00a0 -\u00a0 \u00a0Una pareja fue detenida en las \u00faltimas horas tras una serie de procedimientos encabezados por personal policial de Chascom\u00fas, que permitieron esclarecer un robo\u2026","rel":"","context":"En \u00abDESTACADAS\u00bb","block_context":{"text":"DESTACADAS","link":"https:\/\/larevistadigital.com.ar\/blog\/category\/destacadas\/"},"img":{"alt_text":"","src":"https:\/\/i0.wp.com\/larevistadigital.com.ar\/blog\/wp-content\/uploads\/POLICIA.png?fit=1002%2C658&ssl=1&resize=350%2C200","width":350,"height":200,"srcset":"https:\/\/i0.wp.com\/larevistadigital.com.ar\/blog\/wp-content\/uploads\/POLICIA.png?fit=1002%2C658&ssl=1&resize=350%2C200 1x, https:\/\/i0.wp.com\/larevistadigital.com.ar\/blog\/wp-content\/uploads\/POLICIA.png?fit=1002%2C658&ssl=1&resize=525%2C300 1.5x, https:\/\/i0.wp.com\/larevistadigital.com.ar\/blog\/wp-content\/uploads\/POLICIA.png?fit=1002%2C658&ssl=1&resize=700%2C400 2x"},"classes":[]},{"id":32776,"url":"https:\/\/larevistadigital.com.ar\/blog\/allanamiento-en-el-barrio-30-de-mayo-con-un-aprehendido-por-robo-agravado-por-el-uso-de-arma-blanca\/","url_meta":{"origin":35120,"position":4},"title":"ALLANAMIENTO EN EL BARRIO 30 DE MAYO CON UN APREHENDIDO POR \u00abROBO AGRAVADO POR EL USO DE ARMA BLANCA\u00bb","author":"Alejandro Sosa Ruda","date":"5 agosto, 2023","format":false,"excerpt":"4 de agosto de 20232 CHASCOM\u00daS -\u00a0 el d\u00eda mi\u00e9rcoles 2 de agosto personal policial procedi\u00f3 a realizar un allanamiento en el barrio 30 de mayo de esta localidad luego de dar con pruebas suficientes para establecer que en el domicilio se encontraba el autor de un hecho delictivo ocurrido\u2026","rel":"","context":"En \u00abINTERES GENERAL\u00bb","block_context":{"text":"INTERES GENERAL","link":"https:\/\/larevistadigital.com.ar\/blog\/category\/interes-general\/"},"img":{"alt_text":"","src":"https:\/\/i0.wp.com\/larevistadigital.com.ar\/blog\/wp-content\/uploads\/2018\/10\/COMISARIA-de-CHASCOMUS_02-05-2015.jpg?fit=800%2C600&ssl=1&resize=350%2C200","width":350,"height":200,"srcset":"https:\/\/i0.wp.com\/larevistadigital.com.ar\/blog\/wp-content\/uploads\/2018\/10\/COMISARIA-de-CHASCOMUS_02-05-2015.jpg?fit=800%2C600&ssl=1&resize=350%2C200 1x, https:\/\/i0.wp.com\/larevistadigital.com.ar\/blog\/wp-content\/uploads\/2018\/10\/COMISARIA-de-CHASCOMUS_02-05-2015.jpg?fit=800%2C600&ssl=1&resize=525%2C300 1.5x, https:\/\/i0.wp.com\/larevistadigital.com.ar\/blog\/wp-content\/uploads\/2018\/10\/COMISARIA-de-CHASCOMUS_02-05-2015.jpg?fit=800%2C600&ssl=1&resize=700%2C400 2x"},"classes":[]},{"id":34228,"url":"https:\/\/larevistadigital.com.ar\/blog\/chascomus-le-robaron-el-celular-amenazandolo-con-un-destornillador-hizo-la-denuncia-y-la-policia-comunal-descubrio-y-detuvo-al-culpable\/","url_meta":{"origin":35120,"position":5},"title":"CHASCOM\u00daS: LE ROBARON EL CELULAR AMENAZ\u00c1NDOLO CON UN DESTORNILLADOR. HIZO LA DENUNCIA Y LA POLIC\u00cdA COMUNAL DESCUBRI\u00d3 Y DETUVO AL CULPABLE","author":"Alejandro Sosa Ruda","date":"27 octubre, 2023","format":false,"excerpt":"La polic\u00eda logr\u00f3 r\u00e1pidamente dar con el responsable y recolectar las pruebas necesarias para conseguir el allanamiento y detenci\u00f3n. 27 de Octubre de 2023 CHASCOM\u00daS -\u00a0 El d\u00eda domingo en horas de la madrugada un joven que caminaba por calle Lastra desde la costanera hacia el centro de ciudad, fue\u2026","rel":"","context":"En \u00abDESTACADAS\u00bb","block_context":{"text":"DESTACADAS","link":"https:\/\/larevistadigital.com.ar\/blog\/category\/destacadas\/"},"img":{"alt_text":"","src":"https:\/\/i0.wp.com\/larevistadigital.com.ar\/blog\/wp-content\/uploads\/WhatsApp-Image-2023-10-26-at-23.11.54-e1698417009606.jpeg?fit=898%2C794&ssl=1&resize=350%2C200","width":350,"height":200,"srcset":"https:\/\/i0.wp.com\/larevistadigital.com.ar\/blog\/wp-content\/uploads\/WhatsApp-Image-2023-10-26-at-23.11.54-e1698417009606.jpeg?fit=898%2C794&ssl=1&resize=350%2C200 1x, https:\/\/i0.wp.com\/larevistadigital.com.ar\/blog\/wp-content\/uploads\/WhatsApp-Image-2023-10-26-at-23.11.54-e1698417009606.jpeg?fit=898%2C794&ssl=1&resize=525%2C300 1.5x, https:\/\/i0.wp.com\/larevistadigital.com.ar\/blog\/wp-content\/uploads\/WhatsApp-Image-2023-10-26-at-23.11.54-e1698417009606.jpeg?fit=898%2C794&ssl=1&resize=700%2C400 2x"},"classes":[]}],"_links":{"self":[{"href":"https:\/\/larevistadigital.com.ar\/blog\/wp-json\/wp\/v2\/posts\/35120","targetHints":{"allow":["GET"]}}],"collection":[{"href":"https:\/\/larevistadigital.com.ar\/blog\/wp-json\/wp\/v2\/posts"}],"about":[{"href":"https:\/\/larevistadigital.com.ar\/blog\/wp-json\/wp\/v2\/types\/post"}],"author":[{"embeddable":true,"href":"https:\/\/larevistadigital.com.ar\/blog\/wp-json\/wp\/v2\/users\/3"}],"replies":[{"embeddable":true,"href":"https:\/\/larevistadigital.com.ar\/blog\/wp-json\/wp\/v2\/comments?post=35120"}],"version-history":[{"count":1,"href":"https:\/\/larevistadigital.com.ar\/blog\/wp-json\/wp\/v2\/posts\/35120\/revisions"}],"predecessor-version":[{"id":35121,"href":"https:\/\/larevistadigital.com.ar\/blog\/wp-json\/wp\/v2\/posts\/35120\/revisions\/35121"}],"wp:featuredmedia":[{"embeddable":true,"href":"https:\/\/larevistadigital.com.ar\/blog\/wp-json\/wp\/v2\/media\/24841"}],"wp:attachment":[{"href":"https:\/\/larevistadigital.com.ar\/blog\/wp-json\/wp\/v2\/media?parent=35120"}],"wp:term":[{"taxonomy":"category","embeddable":true,"href":"https:\/\/larevistadigital.com.ar\/blog\/wp-json\/wp\/v2\/categories?post=35120"},{"taxonomy":"post_tag","embeddable":true,"href":"https:\/\/larevistadigital.com.ar\/blog\/wp-json\/wp\/v2\/tags?post=35120"}],"curies":[{"name":"wp","href":"https:\/\/api.w.org\/{rel}","templated":true}]}}