{"id":35122,"date":"2024-01-26T14:09:45","date_gmt":"2024-01-26T17:09:45","guid":{"rendered":"https:\/\/larevistadigital.com.ar\/blog\/?p=35122"},"modified":"2024-01-26T14:21:10","modified_gmt":"2024-01-26T17:21:10","slug":"chascomus-detienen-a-un-sujeto-con-frondosos-antecedentes","status":"publish","type":"post","link":"https:\/\/larevistadigital.com.ar\/blog\/chascomus-detienen-a-un-sujeto-con-frondosos-antecedentes\/","title":{"rendered":"CHASCOM\u00daS: DETIENEN A UN SUJETO CON FRONDOSOS ANTECEDENTES."},"content":{"rendered":"<h2>La polic\u00eda lo detuvo y dever\u00e1 ser derivado a otra comisar\u00eda, por no haber lugar en la Estaci\u00f3n 1ra. de Polic\u00eda Comunal.<\/h2>\n<p>26 de enero de 2023<\/p>\n<p><strong>CHASCOM\u00daS &#8211;\u00a0<\/strong> En el d\u00eda de ayer se recibi\u00f3 orden de Allanamiento y Detenci\u00f3n para una persona de sexo masculino con frondosos antecedentes delictivos, el cual recuper\u00f3 su libertad de unidad carcelaria hace apenas cuatro meses a la fecha.<\/p>\n<blockquote>\n<h3>Las medidas otorgadas son en investigaci\u00f3n por el delito de ROBO, en la que el bien sustra\u00eddo hab\u00eda sido recuperado el d\u00eda s\u00e1bado. En el Allanamiento se logro secuestrar elementos de inter\u00e9s para la investigaci\u00f3n y en la fecha en horas de la ma\u00f1ana se logr\u00f3 efectivizar la medida de coerci\u00f3n personal en contra del imputado.<\/h3>\n<\/blockquote>\n<p>El mismo conducido al asiento de E.P.C. Chascomus para actuaciones preliminares, en horas ser\u00e1 conducido a otra dependencia policial por no poseer est\u00e1 Estaci\u00f3n de Polic\u00eda plazas a ocupar en el sector de calabozo por hallarse completo.<\/p>\n","protected":false},"excerpt":{"rendered":"<div class=\"mh-excerpt\"><p>La polic\u00eda lo detuvo y dever\u00e1 ser derivado a otra comisar\u00eda, por no haber lugar en la Estaci\u00f3n 1ra. de Polic\u00eda Comunal. 26 de enero de 2023 CHASCOM\u00daS &#8211;\u00a0 En el d\u00eda de ayer se <a class=\"mh-excerpt-more\" href=\"https:\/\/larevistadigital.com.ar\/blog\/chascomus-detienen-a-un-sujeto-con-frondosos-antecedentes\/\" title=\"CHASCOM\u00daS: DETIENEN A UN SUJETO CON FRONDOSOS ANTECEDENTES.\">[Leer M\u00e1s]<\/a><\/p>\n<\/div>","protected":false},"author":3,"featured_media":35124,"comment_status":"open","ping_status":"open","sticky":false,"template":"","format":"standard","meta":{"_jetpack_memberships_contains_paid_content":false,"footnotes":"","jetpack_publicize_message":"","jetpack_publicize_feature_enabled":true,"jetpack_social_post_already_shared":true,"jetpack_social_options":{"image_generator_settings":{"template":"highway","default_image_id":0,"font":"","enabled":false},"version":2}},"categories":[50,44],"tags":[240,239],"class_list":{"0":"post-35122","1":"post","2":"type-post","3":"status-publish","4":"format-standard","5":"has-post-thumbnail","7":"category-interes-general","8":"category-policiales","9":"tag-detencion","10":"tag-robo"},"jetpack_publicize_connections":[],"jetpack_featured_media_url":"https:\/\/i0.wp.com\/larevistadigital.com.ar\/blog\/wp-content\/uploads\/Captura-de-pantalla-2024-01-26-141311.png?fit=700%2C641&ssl=1","jetpack_sharing_enabled":true,"jetpack_shortlink":"https:\/\/wp.me\/p8qtrQ-98u","jetpack-related-posts":[{"id":34475,"url":"https:\/\/larevistadigital.com.ar\/blog\/chascomus-dos-detenidos-por-robo-agravado-de-vehiculo\/","url_meta":{"origin":35122,"position":0},"title":"CHASCOM\u00daS: DOS DETENIDOS POR ROBO AGRAVADO DE VEH\u00cdCULO","author":"Alejandro Sosa Ruda","date":"9 noviembre, 2023","format":false,"excerpt":"Se trata de dos sujetos con frondosos antecedentes y ambos fueron excarcelados hace poco tiempo. 9 de Noviembre de 2023 CHASCOM\u00daS -\u00a0 Durante la tarde de ayer personal de la Polic\u00eda Comunal Chascomus 1ra., finaliz\u00f3 una investigaci\u00f3n que ven\u00eda desarrollando. En la misma se logro demostrar que dos personas se\u2026","rel":"","context":"En \u00abDESTACADAS\u00bb","block_context":{"text":"DESTACADAS","link":"https:\/\/larevistadigital.com.ar\/blog\/category\/destacadas\/"},"img":{"alt_text":"","src":"https:\/\/i0.wp.com\/larevistadigital.com.ar\/blog\/wp-content\/uploads\/WhatsApp-Image-2023-11-09-at-11.15.56-1.jpeg?fit=901%2C1200&ssl=1&resize=350%2C200","width":350,"height":200,"srcset":"https:\/\/i0.wp.com\/larevistadigital.com.ar\/blog\/wp-content\/uploads\/WhatsApp-Image-2023-11-09-at-11.15.56-1.jpeg?fit=901%2C1200&ssl=1&resize=350%2C200 1x, https:\/\/i0.wp.com\/larevistadigital.com.ar\/blog\/wp-content\/uploads\/WhatsApp-Image-2023-11-09-at-11.15.56-1.jpeg?fit=901%2C1200&ssl=1&resize=525%2C300 1.5x, https:\/\/i0.wp.com\/larevistadigital.com.ar\/blog\/wp-content\/uploads\/WhatsApp-Image-2023-11-09-at-11.15.56-1.jpeg?fit=901%2C1200&ssl=1&resize=700%2C400 2x"},"classes":[]},{"id":32933,"url":"https:\/\/larevistadigital.com.ar\/blog\/chascomus-allanamiento-con-resultado-positivo-y-aprehenden-a-una-persona-de-sexo-masculino\/","url_meta":{"origin":35122,"position":1},"title":"CHASCOM\u00daS: ALLANAMIENTO CON RESULTADO POSITIVO Y APREHENDEN A UNA PERSONA DE SEXO MASCULINO.","author":"Alejandro Sosa Ruda","date":"20 agosto, 2023","format":false,"excerpt":"Se lograron incautar distintos elementos y drogas. Aprehendieron a un sujeto con frondosos antecedentes. 20 de agosto de 2023 CHASCOM\u00daS -\u00a0 El d\u00eda viernes pasado, la polic\u00eda comunal de Chascom\u00fas, procedi\u00f3 a realizar un allanamiento en el barrio el Algarrobo. La medida judicial se recibi\u00f3 del Juzgado de Garant\u00edas N\u2026","rel":"","context":"En \u00abINTERES GENERAL\u00bb","block_context":{"text":"INTERES GENERAL","link":"https:\/\/larevistadigital.com.ar\/blog\/category\/interes-general\/"},"img":{"alt_text":"","src":"https:\/\/i0.wp.com\/larevistadigital.com.ar\/blog\/wp-content\/uploads\/APREHENDIDO.jpg?fit=800%2C812&ssl=1&resize=350%2C200","width":350,"height":200,"srcset":"https:\/\/i0.wp.com\/larevistadigital.com.ar\/blog\/wp-content\/uploads\/APREHENDIDO.jpg?fit=800%2C812&ssl=1&resize=350%2C200 1x, https:\/\/i0.wp.com\/larevistadigital.com.ar\/blog\/wp-content\/uploads\/APREHENDIDO.jpg?fit=800%2C812&ssl=1&resize=525%2C300 1.5x, https:\/\/i0.wp.com\/larevistadigital.com.ar\/blog\/wp-content\/uploads\/APREHENDIDO.jpg?fit=800%2C812&ssl=1&resize=700%2C400 2x"},"classes":[]},{"id":35120,"url":"https:\/\/larevistadigital.com.ar\/blog\/chascomus-allanamiento-y-detencion\/","url_meta":{"origin":35122,"position":2},"title":"CHASCOM\u00daS: ALLANAMIENTO Y DETENCI\u00d3N.","author":"Alejandro Sosa Ruda","date":"26 enero, 2024","format":false,"excerpt":"Era en relaci\u00f3n a un delito de \"robo calificado\" 26 de enero de 2023 CHASCOM\u00daS -\u00a0 En el d\u00eda de ayer en horas de la tarde personal policial de E.P.C Chascomus 1ra. Procedi\u00f3 a dar cumplimiento a una orden de Allanamiento y detenci\u00f3n en el barrio el algarrobo, luego de\u2026","rel":"","context":"En \u00abSin categor\u00eda\u00bb","block_context":{"text":"Sin categor\u00eda","link":"https:\/\/larevistadigital.com.ar\/blog\/category\/sin-categoria\/"},"img":{"alt_text":"","src":"https:\/\/i0.wp.com\/larevistadigital.com.ar\/blog\/wp-content\/uploads\/1620734310362-1.jpg?fit=1200%2C594&ssl=1&resize=350%2C200","width":350,"height":200,"srcset":"https:\/\/i0.wp.com\/larevistadigital.com.ar\/blog\/wp-content\/uploads\/1620734310362-1.jpg?fit=1200%2C594&ssl=1&resize=350%2C200 1x, https:\/\/i0.wp.com\/larevistadigital.com.ar\/blog\/wp-content\/uploads\/1620734310362-1.jpg?fit=1200%2C594&ssl=1&resize=525%2C300 1.5x, https:\/\/i0.wp.com\/larevistadigital.com.ar\/blog\/wp-content\/uploads\/1620734310362-1.jpg?fit=1200%2C594&ssl=1&resize=700%2C400 2x, https:\/\/i0.wp.com\/larevistadigital.com.ar\/blog\/wp-content\/uploads\/1620734310362-1.jpg?fit=1200%2C594&ssl=1&resize=1050%2C600 3x"},"classes":[]},{"id":32823,"url":"https:\/\/larevistadigital.com.ar\/blog\/chascomus-detienen-y-trasladan-a-un-sujeto-con-frondosos-antecedentes-cuando-intentaba-robar-un-auto\/","url_meta":{"origin":35122,"position":3},"title":"CHASCOM\u00daS: DETIENEN Y TRASLADAN A UN SUJETO CON FRONDOSOS ANTECEDENTES CUANDO INTENTABA ROBAR UN AUTO","author":"Alejandro Sosa Ruda","date":"10 agosto, 2023","format":false,"excerpt":"10 de agosto de 2023 CHASCOM\u00daS -\u00a0 Durante la madrugada de hoy, personal policial de la Estaci\u00f3n de Polic\u00eda Comunal Chascomus Primera aprehendi\u00f3 a una persona de sexo masculino, cuando se fugaba del lugar en donde hab\u00eda roto la cerradura de la puerta de un veh\u00edculo de calle Tandil para\u2026","rel":"","context":"En \u00abINTERES GENERAL\u00bb","block_context":{"text":"INTERES GENERAL","link":"https:\/\/larevistadigital.com.ar\/blog\/category\/interes-general\/"},"img":{"alt_text":"","src":"https:\/\/i0.wp.com\/larevistadigital.com.ar\/blog\/wp-content\/uploads\/WhatsApp-Image-2023-08-09-at-19.13.34.jpeg?fit=772%2C1200&ssl=1&resize=350%2C200","width":350,"height":200,"srcset":"https:\/\/i0.wp.com\/larevistadigital.com.ar\/blog\/wp-content\/uploads\/WhatsApp-Image-2023-08-09-at-19.13.34.jpeg?fit=772%2C1200&ssl=1&resize=350%2C200 1x, https:\/\/i0.wp.com\/larevistadigital.com.ar\/blog\/wp-content\/uploads\/WhatsApp-Image-2023-08-09-at-19.13.34.jpeg?fit=772%2C1200&ssl=1&resize=525%2C300 1.5x, https:\/\/i0.wp.com\/larevistadigital.com.ar\/blog\/wp-content\/uploads\/WhatsApp-Image-2023-08-09-at-19.13.34.jpeg?fit=772%2C1200&ssl=1&resize=700%2C400 2x"},"classes":[]},{"id":32778,"url":"https:\/\/larevistadigital.com.ar\/blog\/la-policia-logro-atrapar-a-un-sujeto-con-frondosos-antecedentes-y-que-era-intensamente-buscado\/","url_meta":{"origin":35122,"position":4},"title":"LA POLIC\u00cdA LOGR\u00d3 ATRAPAR A UN SUJETO CON FRONDOSOS ANTECEDENTES Y QUE ERA INTENSAMENTE BUSCADO","author":"Alejandro Sosa Ruda","date":"5 agosto, 2023","format":false,"excerpt":"Con un excelente trabajo conjunto entre investigaciones, inteligencia y de campo, la polic\u00eda identific\u00f3 y captur\u00f3 a un individuo intensamente buscado. 4 de agosto de 2023 CHASCOM\u00daS -\u00a0 El mi\u00e9rcoles pasado, la polic\u00eda comunal\u00a0 realiz\u00f3 un allanamiento en una vivienda de calle M\u00e9xico, donde habita una persona de sexo masculino\u2026","rel":"","context":"En \u00abDESTACADAS\u00bb","block_context":{"text":"DESTACADAS","link":"https:\/\/larevistadigital.com.ar\/blog\/category\/destacadas\/"},"img":{"alt_text":"","src":"https:\/\/i0.wp.com\/larevistadigital.com.ar\/blog\/wp-content\/uploads\/Polic%C3%ADa-Bonaerense-Patrulleros-3.jpg?fit=772%2C434&ssl=1&resize=350%2C200","width":350,"height":200,"srcset":"https:\/\/i0.wp.com\/larevistadigital.com.ar\/blog\/wp-content\/uploads\/Polic%C3%ADa-Bonaerense-Patrulleros-3.jpg?fit=772%2C434&ssl=1&resize=350%2C200 1x, https:\/\/i0.wp.com\/larevistadigital.com.ar\/blog\/wp-content\/uploads\/Polic%C3%ADa-Bonaerense-Patrulleros-3.jpg?fit=772%2C434&ssl=1&resize=525%2C300 1.5x, https:\/\/i0.wp.com\/larevistadigital.com.ar\/blog\/wp-content\/uploads\/Polic%C3%ADa-Bonaerense-Patrulleros-3.jpg?fit=772%2C434&ssl=1&resize=700%2C400 2x"},"classes":[]},{"id":34228,"url":"https:\/\/larevistadigital.com.ar\/blog\/chascomus-le-robaron-el-celular-amenazandolo-con-un-destornillador-hizo-la-denuncia-y-la-policia-comunal-descubrio-y-detuvo-al-culpable\/","url_meta":{"origin":35122,"position":5},"title":"CHASCOM\u00daS: LE ROBARON EL CELULAR AMENAZ\u00c1NDOLO CON UN DESTORNILLADOR. HIZO LA DENUNCIA Y LA POLIC\u00cdA COMUNAL DESCUBRI\u00d3 Y DETUVO AL CULPABLE","author":"Alejandro Sosa Ruda","date":"27 octubre, 2023","format":false,"excerpt":"La polic\u00eda logr\u00f3 r\u00e1pidamente dar con el responsable y recolectar las pruebas necesarias para conseguir el allanamiento y detenci\u00f3n. 27 de Octubre de 2023 CHASCOM\u00daS -\u00a0 El d\u00eda domingo en horas de la madrugada un joven que caminaba por calle Lastra desde la costanera hacia el centro de ciudad, fue\u2026","rel":"","context":"En \u00abDESTACADAS\u00bb","block_context":{"text":"DESTACADAS","link":"https:\/\/larevistadigital.com.ar\/blog\/category\/destacadas\/"},"img":{"alt_text":"","src":"https:\/\/i0.wp.com\/larevistadigital.com.ar\/blog\/wp-content\/uploads\/WhatsApp-Image-2023-10-26-at-23.11.54-e1698417009606.jpeg?fit=898%2C794&ssl=1&resize=350%2C200","width":350,"height":200,"srcset":"https:\/\/i0.wp.com\/larevistadigital.com.ar\/blog\/wp-content\/uploads\/WhatsApp-Image-2023-10-26-at-23.11.54-e1698417009606.jpeg?fit=898%2C794&ssl=1&resize=350%2C200 1x, https:\/\/i0.wp.com\/larevistadigital.com.ar\/blog\/wp-content\/uploads\/WhatsApp-Image-2023-10-26-at-23.11.54-e1698417009606.jpeg?fit=898%2C794&ssl=1&resize=525%2C300 1.5x, https:\/\/i0.wp.com\/larevistadigital.com.ar\/blog\/wp-content\/uploads\/WhatsApp-Image-2023-10-26-at-23.11.54-e1698417009606.jpeg?fit=898%2C794&ssl=1&resize=700%2C400 2x"},"classes":[]}],"_links":{"self":[{"href":"https:\/\/larevistadigital.com.ar\/blog\/wp-json\/wp\/v2\/posts\/35122","targetHints":{"allow":["GET"]}}],"collection":[{"href":"https:\/\/larevistadigital.com.ar\/blog\/wp-json\/wp\/v2\/posts"}],"about":[{"href":"https:\/\/larevistadigital.com.ar\/blog\/wp-json\/wp\/v2\/types\/post"}],"author":[{"embeddable":true,"href":"https:\/\/larevistadigital.com.ar\/blog\/wp-json\/wp\/v2\/users\/3"}],"replies":[{"embeddable":true,"href":"https:\/\/larevistadigital.com.ar\/blog\/wp-json\/wp\/v2\/comments?post=35122"}],"version-history":[{"count":1,"href":"https:\/\/larevistadigital.com.ar\/blog\/wp-json\/wp\/v2\/posts\/35122\/revisions"}],"predecessor-version":[{"id":35123,"href":"https:\/\/larevistadigital.com.ar\/blog\/wp-json\/wp\/v2\/posts\/35122\/revisions\/35123"}],"wp:featuredmedia":[{"embeddable":true,"href":"https:\/\/larevistadigital.com.ar\/blog\/wp-json\/wp\/v2\/media\/35124"}],"wp:attachment":[{"href":"https:\/\/larevistadigital.com.ar\/blog\/wp-json\/wp\/v2\/media?parent=35122"}],"wp:term":[{"taxonomy":"category","embeddable":true,"href":"https:\/\/larevistadigital.com.ar\/blog\/wp-json\/wp\/v2\/categories?post=35122"},{"taxonomy":"post_tag","embeddable":true,"href":"https:\/\/larevistadigital.com.ar\/blog\/wp-json\/wp\/v2\/tags?post=35122"}],"curies":[{"name":"wp","href":"https:\/\/api.w.org\/{rel}","templated":true}]}}