{"id":35131,"date":"2024-01-28T22:40:33","date_gmt":"2024-01-29T01:40:33","guid":{"rendered":"https:\/\/larevistadigital.com.ar\/blog\/?p=35131"},"modified":"2024-01-29T11:04:23","modified_gmt":"2024-01-29T14:04:23","slug":"chascomus-quejas-por-la-falta-de-un-cirujano-de-guardia-del-hospital-municipal","status":"publish","type":"post","link":"https:\/\/larevistadigital.com.ar\/blog\/chascomus-quejas-por-la-falta-de-un-cirujano-de-guardia-del-hospital-municipal\/","title":{"rendered":"CHASCOM\u00daS: QUEJAS POR LA FALTA DE UN CIRUJANO DE GUARDIA DEL HOSPITAL MUNICIPAL"},"content":{"rendered":"<div class=\"\" dir=\"auto\">\n<div id=\":Rlataul9l9aqqd9emhpapd5aqH2:\" class=\"x1iorvi4 x1pi30zi x1swvt13 xjkvuk6\" data-ad-comet-preview=\"message\" data-ad-preview=\"message\">\n<div class=\"x78zum5 xdt5ytf xz62fqu x16ldp7u\">\n<div class=\"xu06os2 x1ok221b\">\n<div class=\"xdj266r x11i5rnm xat24cr x1mh8g0r x1vvkbs x126k92a\">\n<h2 dir=\"auto\">La vecina y municipal, F\u00e1tima Isolina Casco realiz\u00f3 una publicaci\u00f3n en la red social Facebook, contando una situaci\u00f3n que vivi\u00f3 con su nieta, pero que podr\u00eda haber sido muy grave.<\/h2>\n<div dir=\"auto\">28 de enero de 2023<\/div>\n<div dir=\"auto\"><\/div>\n<div dir=\"auto\"><strong>CHASCOM\u00daS &#8211;\u00a0<\/strong> \u00a0Como escrib\u00edmos en los subt\u00edtulos, una situaci\u00f3n que puede terminar con la vida de una persona, ya que es imprescindible la presencia de un cirujano en el hospital, mucho m\u00e1s cuando somos una ciudad que est\u00e1 al borde de la ruta2 y pasan miles de autos durante el fin de semana.<\/div>\n<div dir=\"auto\"><\/div>\n<div dir=\"auto\"><strong>EL TEXTO DE LA PUBLICACI\u00d3N<\/strong><\/div>\n<div dir=\"auto\"><\/div>\n<div dir=\"auto\"><strong><em>\u00abHospital Municipal qu\u00e9 pena me das!!! Hoy mi nieta de 5 a\u00f1os se accident\u00f3 en la pileta, lo que le produjo un corte debajo de la pera. Obviamente salimos corriendo al hospital, donde la miraron le pusieron una gasa y nos dijeron que la llev\u00e1ramos a La Plata, ya que el hospital no contaba con cirujano de guardia!!!! Un horror!! El pediatra no la quizo coser porque dijo que la cara no se toca. No s\u00e9 d\u00f3nde estudi\u00f3 este se\u00f1or si es que no puede hacer una sutura!!. Una pr\u00e1ctica sencilla que no son capaces de realizar?????. La llevamos al hospital de Ranchos, all\u00ed el Dr Sebasti\u00e1n Pe\u00f1alba, un se\u00f1or digno hijo de su padre, la asisti\u00f3 y la sutura sin inconvenientes. Adem\u00e1s nos inform\u00f3 que en estos casos no se puede esperar m\u00e1s de 6 horas ya que despu\u00e9s hay que cortar para suturar,esto porque ac\u00e1 en Chascom\u00fas nos dijeron que esperar\u00e1mos hasta ma\u00f1ana lunes que hab\u00eda cirujano. H\u00e1blame de responsabilidad,compromiso con la tarea, h\u00e1blame de profesionalismo, de urgencia!!!!! H\u00e1blame de desastre en el Hospital Municipal!!! Me duele porque all\u00ed trabaj\u00e9 durante 5 a\u00f1os, cuando la salud era prioridad!!!!.Emergencia en seguridad, Emergencia econ\u00f3mica, Emergencia sanitaria!!! Y nosotros les pagamos los sueldos!!!!!!<\/em><\/strong><\/div>\n<\/div>\n<\/div>\n<\/div>\n<\/div>\n<\/div>\n<div dir=\"auto\"><\/div>\n<div dir=\"auto\"><img data-recalc-dims=\"1\" loading=\"lazy\" decoding=\"async\" class=\"alignnone size-full wp-image-35132\" src=\"https:\/\/i0.wp.com\/larevistadigital.com.ar\/blog\/wp-content\/uploads\/Captura-de-pantalla-2024-01-28-222941.png?resize=607%2C374&#038;ssl=1\" alt=\"\" width=\"607\" height=\"374\" srcset=\"https:\/\/i0.wp.com\/larevistadigital.com.ar\/blog\/wp-content\/uploads\/Captura-de-pantalla-2024-01-28-222941.png?w=607&amp;ssl=1 607w, https:\/\/i0.wp.com\/larevistadigital.com.ar\/blog\/wp-content\/uploads\/Captura-de-pantalla-2024-01-28-222941.png?resize=300%2C185&amp;ssl=1 300w\" sizes=\"auto, (max-width: 607px) 100vw, 607px\" \/><\/div>\n<div class=\"\" dir=\"auto\">\n<div id=\":Rlataul9l9aqqd9emhpapd5aqH2:\" class=\"x1iorvi4 x1pi30zi x1swvt13 xjkvuk6\" data-ad-comet-preview=\"message\" data-ad-preview=\"message\">\n<div class=\"x78zum5 xdt5ytf xz62fqu x16ldp7u\">\n<div class=\"xu06os2 x1ok221b\">\n<div dir=\"auto\"><\/div>\n<\/div>\n<\/div>\n<\/div>\n<\/div>\n","protected":false},"excerpt":{"rendered":"<div class=\"mh-excerpt\"><p>La vecina y municipal, F\u00e1tima Isolina Casco realiz\u00f3 una publicaci\u00f3n en la red social Facebook, contando una situaci\u00f3n que vivi\u00f3 con su nieta, pero que podr\u00eda haber sido muy grave. 28 de enero de 2023 <a class=\"mh-excerpt-more\" href=\"https:\/\/larevistadigital.com.ar\/blog\/chascomus-quejas-por-la-falta-de-un-cirujano-de-guardia-del-hospital-municipal\/\" title=\"CHASCOM\u00daS: QUEJAS POR LA FALTA DE UN CIRUJANO DE GUARDIA DEL HOSPITAL MUNICIPAL\">[Leer M\u00e1s]<\/a><\/p>\n<\/div>","protected":false},"author":3,"featured_media":3801,"comment_status":"open","ping_status":"open","sticky":false,"template":"","format":"standard","meta":{"_jetpack_memberships_contains_paid_content":false,"footnotes":"","jetpack_publicize_message":"","jetpack_publicize_feature_enabled":true,"jetpack_social_post_already_shared":true,"jetpack_social_options":{"image_generator_settings":{"template":"highway","default_image_id":0,"font":"","enabled":false},"version":2}},"categories":[41],"tags":[],"class_list":{"0":"post-35131","1":"post","2":"type-post","3":"status-publish","4":"format-standard","5":"has-post-thumbnail","7":"category-destacadas"},"jetpack_publicize_connections":[],"jetpack_featured_media_url":"https:\/\/i0.wp.com\/larevistadigital.com.ar\/blog\/wp-content\/uploads\/2017\/11\/hospi1-1024x767-111-700x524.jpg?fit=700%2C524&ssl=1","jetpack_sharing_enabled":true,"jetpack_shortlink":"https:\/\/wp.me\/p8qtrQ-98D","jetpack-related-posts":[{"id":34620,"url":"https:\/\/larevistadigital.com.ar\/blog\/hospital-sin-anestesista-grave-denuncia-del-doctor-santiago-dos-santos\/","url_meta":{"origin":35131,"position":0},"title":"\u00bfHOSPITAL SIN ANESTESISTA?: GRAVE DENUNCIA DEL DOCTOR SANTIAGO DOS SANTOS","author":"Alejandro Sosa Ruda","date":"25 noviembre, 2023","format":false,"excerpt":"El cirujano y ex candidato a intendente de Cambiemos, hizo una publicaci\u00f3n en su perfil de Facebook, denunciando una dif\u00edcil e inaceptable situaci\u00f3n en el Hospital Municipal San Vicente de Paul. 25 de Noviembre de 2023 CHASCOM\u00daS -\u00a0 \u00a0El m\u00e9dico cirujano Santiago Dos Santos, hizo publica una denuncia a trav\u00e9s\u2026","rel":"","context":"En \u00abCHASCOM\u00daS\u00bb","block_context":{"text":"CHASCOM\u00daS","link":"https:\/\/larevistadigital.com.ar\/blog\/category\/chascomus\/"},"img":{"alt_text":"","src":"https:\/\/i0.wp.com\/larevistadigital.com.ar\/blog\/wp-content\/uploads\/Captura-de-pantalla-2023-11-25-132236.png?fit=615%2C280&ssl=1&resize=350%2C200","width":350,"height":200,"srcset":"https:\/\/i0.wp.com\/larevistadigital.com.ar\/blog\/wp-content\/uploads\/Captura-de-pantalla-2023-11-25-132236.png?fit=615%2C280&ssl=1&resize=350%2C200 1x, https:\/\/i0.wp.com\/larevistadigital.com.ar\/blog\/wp-content\/uploads\/Captura-de-pantalla-2023-11-25-132236.png?fit=615%2C280&ssl=1&resize=525%2C300 1.5x"},"classes":[]},{"id":35135,"url":"https:\/\/larevistadigital.com.ar\/blog\/chascomus-vecino-denuncia-que-el-hospital-le-nego-una-ambulancia-para-una-persona-desvanecida\/","url_meta":{"origin":35131,"position":1},"title":"CHASCOM\u00daS: VECINO DENUNCIA QUE EL HOSPITAL LE NEG\u00d3 UNA AMBULANCIA PARA UNA PERSONA DESVANECIDA","author":"Alejandro Sosa Ruda","date":"29 enero, 2024","format":false,"excerpt":"El vecino denunci\u00f3 en la red social Facebook, y r\u00e1pidamente se sumaron gran cantidad de personas con distintos reclamos. \u00bfNo es hora de hacer algo?... 29 de enero de 2023 CHASCOM\u00daS -\u00a0 \u00a0Un nuevo reclamo se ha sumado por distintas irregularidades en la atenci\u00f3n del querido Hospital Municipal San Vicente\u2026","rel":"","context":"En \u00abCHASCOM\u00daS\u00bb","block_context":{"text":"CHASCOM\u00daS","link":"https:\/\/larevistadigital.com.ar\/blog\/category\/chascomus\/"},"img":{"alt_text":"","src":"https:\/\/i0.wp.com\/larevistadigital.com.ar\/blog\/wp-content\/uploads\/AMBULANCIA.jpg?fit=750%2C517&ssl=1&resize=350%2C200","width":350,"height":200,"srcset":"https:\/\/i0.wp.com\/larevistadigital.com.ar\/blog\/wp-content\/uploads\/AMBULANCIA.jpg?fit=750%2C517&ssl=1&resize=350%2C200 1x, https:\/\/i0.wp.com\/larevistadigital.com.ar\/blog\/wp-content\/uploads\/AMBULANCIA.jpg?fit=750%2C517&ssl=1&resize=525%2C300 1.5x, https:\/\/i0.wp.com\/larevistadigital.com.ar\/blog\/wp-content\/uploads\/AMBULANCIA.jpg?fit=750%2C517&ssl=1&resize=700%2C400 2x"},"classes":[]},{"id":30516,"url":"https:\/\/larevistadigital.com.ar\/blog\/chascomus-santiago-dos-santos-hablo-de-lo-que-planifica-para-el-hospital-municipal-san-vicente-de-paul\/","url_meta":{"origin":35131,"position":2},"title":"CHASCOM\u00daS: SANTIAGO DOS SANTOS HABL\u00d3 DE LO QUE PLANIFICA PARA EL HOSPITAL MUNICIPAL SAN VICENTE DE PAUL","author":"Alejandro Sosa Ruda","date":"10 marzo, 2023","format":false,"excerpt":"EL cirujano y pre candidato a intendente de Chascom\u00fas, dijo que \u201cVamos a hacia un hospital de excelencia, a recuperar los profesionales que fueron forzados a emigrar, y a desarrollar con seriedad el \u00e1rea de salud mental\u201d 10 de marzo de 2023 CHASCOM\u00daS -\u00a0 El prestigioso m\u00e9dico cirujano Santiago Dos\u2026","rel":"","context":"En \u00abINTERES GENERAL\u00bb","block_context":{"text":"INTERES GENERAL","link":"https:\/\/larevistadigital.com.ar\/blog\/category\/interes-general\/"},"img":{"alt_text":"","src":"https:\/\/i0.wp.com\/larevistadigital.com.ar\/blog\/wp-content\/uploads\/Sds-1.jpg?fit=1200%2C899&ssl=1&resize=350%2C200","width":350,"height":200,"srcset":"https:\/\/i0.wp.com\/larevistadigital.com.ar\/blog\/wp-content\/uploads\/Sds-1.jpg?fit=1200%2C899&ssl=1&resize=350%2C200 1x, https:\/\/i0.wp.com\/larevistadigital.com.ar\/blog\/wp-content\/uploads\/Sds-1.jpg?fit=1200%2C899&ssl=1&resize=525%2C300 1.5x, https:\/\/i0.wp.com\/larevistadigital.com.ar\/blog\/wp-content\/uploads\/Sds-1.jpg?fit=1200%2C899&ssl=1&resize=700%2C400 2x, https:\/\/i0.wp.com\/larevistadigital.com.ar\/blog\/wp-content\/uploads\/Sds-1.jpg?fit=1200%2C899&ssl=1&resize=1050%2C600 3x"},"classes":[]},{"id":3592,"url":"https:\/\/larevistadigital.com.ar\/blog\/ultimo-momento-doctor-santiago-dos-santos-presento-renuncia-al-hospital-municipal\/","url_meta":{"origin":35131,"position":3},"title":"ULTIMO MOMENTO: EL DOCTOR SANTIAGO DOS SANTOS PRESENT\u00d3 SU RENUNCIA AL HOSPITAL MUNICIPAL","author":"Alejandro Sosa Ruda","date":"23 octubre, 2017","format":false,"excerpt":"Tal como lo hab\u00edamos adelantado en una primicia exclusiva de La Revista Digital el d\u00eda viernes pasado, el m\u00e9dico cirujano Santiago Dos Santos present\u00f3 un escrito el d\u00eda de hoy a las 8:30 de la ma\u00f1ana en mesa de entrada del Hospital Municipal San Vicente de Paul, y en la\u2026","rel":"","context":"En \u00abDESTACADAS\u00bb","block_context":{"text":"DESTACADAS","link":"https:\/\/larevistadigital.com.ar\/blog\/category\/destacadas\/"},"img":{"alt_text":"","src":"https:\/\/i0.wp.com\/larevistadigital.com.ar\/blog\/wp-content\/uploads\/2017\/07\/19601412_10213452250083944_4973836600266300277_n.jpg?fit=960%2C960&ssl=1&resize=350%2C200","width":350,"height":200,"srcset":"https:\/\/i0.wp.com\/larevistadigital.com.ar\/blog\/wp-content\/uploads\/2017\/07\/19601412_10213452250083944_4973836600266300277_n.jpg?fit=960%2C960&ssl=1&resize=350%2C200 1x, https:\/\/i0.wp.com\/larevistadigital.com.ar\/blog\/wp-content\/uploads\/2017\/07\/19601412_10213452250083944_4973836600266300277_n.jpg?fit=960%2C960&ssl=1&resize=525%2C300 1.5x, https:\/\/i0.wp.com\/larevistadigital.com.ar\/blog\/wp-content\/uploads\/2017\/07\/19601412_10213452250083944_4973836600266300277_n.jpg?fit=960%2C960&ssl=1&resize=700%2C400 2x"},"classes":[]},{"id":3544,"url":"https:\/\/larevistadigital.com.ar\/blog\/chascomus-decidio-renunciar-al-hospital-medico-cirujano-santiago-dos-santos\/","url_meta":{"origin":35131,"position":4},"title":"CHASCOM\u00daS: DECIDI\u00d3 RENUNCIAR AL HOSPITAL EL M\u00c9DICO CIRUJANO SANTIAGO DOS SANTOS","author":"Alejandro Sosa Ruda","date":"20 octubre, 2017","format":false,"excerpt":"POR COMO FUE TRATADO, Y AL CONSIDERAR QUE LA SECRETARIA DE SALUD TIENE UN PROBLEMA PERSONAL CON EL, CONFIRM\u00d3 QUE HAR\u00c1 EFECTIVA SU RENUNCIA EL PR\u00d3XIMO LUNES. Nuevamente \u201cArias lo hizo\u201d.\u00a0 Lamentablemente, el prestigioso m\u00e9dico cirujano, doctor Santiago Dos Santos, le confirm\u00f3 a La Revista Digital que estaba redactando su\u2026","rel":"","context":"En \u00abDESTACADAS\u00bb","block_context":{"text":"DESTACADAS","link":"https:\/\/larevistadigital.com.ar\/blog\/category\/destacadas\/"},"img":{"alt_text":"","src":"https:\/\/i0.wp.com\/larevistadigital.com.ar\/blog\/wp-content\/uploads\/2017\/07\/19601412_10213452250083944_4973836600266300277_n.jpg?fit=960%2C960&ssl=1&resize=350%2C200","width":350,"height":200,"srcset":"https:\/\/i0.wp.com\/larevistadigital.com.ar\/blog\/wp-content\/uploads\/2017\/07\/19601412_10213452250083944_4973836600266300277_n.jpg?fit=960%2C960&ssl=1&resize=350%2C200 1x, https:\/\/i0.wp.com\/larevistadigital.com.ar\/blog\/wp-content\/uploads\/2017\/07\/19601412_10213452250083944_4973836600266300277_n.jpg?fit=960%2C960&ssl=1&resize=525%2C300 1.5x, https:\/\/i0.wp.com\/larevistadigital.com.ar\/blog\/wp-content\/uploads\/2017\/07\/19601412_10213452250083944_4973836600266300277_n.jpg?fit=960%2C960&ssl=1&resize=700%2C400 2x"},"classes":[]},{"id":14600,"url":"https:\/\/larevistadigital.com.ar\/blog\/aviso-importante-la-municipalidad-de-chascomus-informo-que-se-suspenden-los-turnos-programados-en-el-hospital-municipal\/","url_meta":{"origin":35131,"position":5},"title":"AVISO IMPORTANTE: LA MUNICIPALIDAD DE CHASCOM\u00daS INFORM\u00d3 QUE SE SUSPENDEN LOS TURNOS PROGRAMADOS EN EL HOSPITAL MUNICIPAL","author":"Alejandro Sosa Ruda","date":"4 febrero, 2020","format":false,"excerpt":"Hace instantes, la Municipalidad de Chascom\u00fas a trav\u00e9s del grupo de \"Prensa\" en whatsapp, inform\u00f3 que con motivo del accidente ocurrido a la ma\u00f1ana en el que un micro volc\u00f3 a la altura del puente Samboromb\u00f3n se suspenden los turnos programados. EL COMUNICADO: Desde la Municipalidad de Chascom\u00fas, queremos informar\u2026","rel":"","context":"En \u00abCHASCOM\u00daS\u00bb","block_context":{"text":"CHASCOM\u00daS","link":"https:\/\/larevistadigital.com.ar\/blog\/category\/chascomus\/"},"img":{"alt_text":"","src":"https:\/\/i0.wp.com\/larevistadigital.com.ar\/blog\/wp-content\/uploads\/municipalidad-de-chascomus.jpg?fit=1200%2C800&ssl=1&resize=350%2C200","width":350,"height":200,"srcset":"https:\/\/i0.wp.com\/larevistadigital.com.ar\/blog\/wp-content\/uploads\/municipalidad-de-chascomus.jpg?fit=1200%2C800&ssl=1&resize=350%2C200 1x, https:\/\/i0.wp.com\/larevistadigital.com.ar\/blog\/wp-content\/uploads\/municipalidad-de-chascomus.jpg?fit=1200%2C800&ssl=1&resize=525%2C300 1.5x, https:\/\/i0.wp.com\/larevistadigital.com.ar\/blog\/wp-content\/uploads\/municipalidad-de-chascomus.jpg?fit=1200%2C800&ssl=1&resize=700%2C400 2x, https:\/\/i0.wp.com\/larevistadigital.com.ar\/blog\/wp-content\/uploads\/municipalidad-de-chascomus.jpg?fit=1200%2C800&ssl=1&resize=1050%2C600 3x"},"classes":[]}],"_links":{"self":[{"href":"https:\/\/larevistadigital.com.ar\/blog\/wp-json\/wp\/v2\/posts\/35131","targetHints":{"allow":["GET"]}}],"collection":[{"href":"https:\/\/larevistadigital.com.ar\/blog\/wp-json\/wp\/v2\/posts"}],"about":[{"href":"https:\/\/larevistadigital.com.ar\/blog\/wp-json\/wp\/v2\/types\/post"}],"author":[{"embeddable":true,"href":"https:\/\/larevistadigital.com.ar\/blog\/wp-json\/wp\/v2\/users\/3"}],"replies":[{"embeddable":true,"href":"https:\/\/larevistadigital.com.ar\/blog\/wp-json\/wp\/v2\/comments?post=35131"}],"version-history":[{"count":1,"href":"https:\/\/larevistadigital.com.ar\/blog\/wp-json\/wp\/v2\/posts\/35131\/revisions"}],"predecessor-version":[{"id":35133,"href":"https:\/\/larevistadigital.com.ar\/blog\/wp-json\/wp\/v2\/posts\/35131\/revisions\/35133"}],"wp:featuredmedia":[{"embeddable":true,"href":"https:\/\/larevistadigital.com.ar\/blog\/wp-json\/wp\/v2\/media\/3801"}],"wp:attachment":[{"href":"https:\/\/larevistadigital.com.ar\/blog\/wp-json\/wp\/v2\/media?parent=35131"}],"wp:term":[{"taxonomy":"category","embeddable":true,"href":"https:\/\/larevistadigital.com.ar\/blog\/wp-json\/wp\/v2\/categories?post=35131"},{"taxonomy":"post_tag","embeddable":true,"href":"https:\/\/larevistadigital.com.ar\/blog\/wp-json\/wp\/v2\/tags?post=35131"}],"curies":[{"name":"wp","href":"https:\/\/api.w.org\/{rel}","templated":true}]}}