{"id":35135,"date":"2024-01-29T09:55:39","date_gmt":"2024-01-29T12:55:39","guid":{"rendered":"https:\/\/larevistadigital.com.ar\/blog\/?p=35135"},"modified":"2024-01-29T11:06:25","modified_gmt":"2024-01-29T14:06:25","slug":"chascomus-vecino-denuncia-que-el-hospital-le-nego-una-ambulancia-para-una-persona-desvanecida","status":"publish","type":"post","link":"https:\/\/larevistadigital.com.ar\/blog\/chascomus-vecino-denuncia-que-el-hospital-le-nego-una-ambulancia-para-una-persona-desvanecida\/","title":{"rendered":"CHASCOM\u00daS: VECINO DENUNCIA QUE EL HOSPITAL LE NEG\u00d3 UNA AMBULANCIA PARA UNA PERSONA DESVANECIDA"},"content":{"rendered":"<h2>El vecino denunci\u00f3 en la red social Facebook, y r\u00e1pidamente se sumaron gran cantidad de personas con distintos reclamos. \u00bfNo es hora de hacer algo?&#8230;<\/h2>\n<p>29 de enero de 2023<\/p>\n<p><strong>CHASCOM\u00daS &#8211;\u00a0 \u00a0<\/strong>Un nuevo reclamo se ha sumado por distintas irregularidades en la atenci\u00f3n del querido Hospital Municipal San Vicente de Paul de la ciudad de Chascom\u00fas.<\/p>\n<p>As\u00ed se pudo ver una publicaci\u00f3n del vecino Omar Viguri en su cuenta de la red social Facebook, narrando una situaci\u00f3n que le toc\u00f3 vivir a su familia, cuando llamaron al tel\u00e9fono de emergencias para pedir una ambulancia por una persona que hab\u00eda sufrido un desmayo, y necesitaba atenci\u00f3n,<\/p>\n<blockquote>\n<h3>Seg\u00fan relata <strong>Vigur\u00ed<\/strong> en su publicaci\u00f3n, <strong><em>\u00abNos dijeron que ten\u00edamos que traerlo nosotros!\u00bb<\/em><\/strong>, agregando que<strong><em> \u00abTodos se lavan las manos, y se pasan la pelota unos a otros\u00bb.<\/em><\/strong><\/h3>\n<\/blockquote>\n<p>Lo peor, segun asegur\u00f3 el vecino, al llegar a la guardia del Hospital, hab\u00edan 6 ambulancias paradas en el lugar, lo que hac\u00eda m\u00e1s indignante la respuesta recibida ante el llamado de emergencia pidiendo ayuda.<\/p>\n<blockquote>\n<h3>Nos queda pensar, que as\u00ed como otra vecina se quej\u00f3 de la incre\u00edble falta de un cirujano de guardia en el lugar, tampoco habr\u00eda personal para manejar las ambulancias.<\/h3>\n<\/blockquote>\n<p>Realmente es preocupante que pasen estas cosas, en una instituci\u00f3n que siempre fue un orgullo de la ciudad, contando con el cari\u00f1o y respeto de toda la sociedad chascomunense.<\/p>\n<blockquote>\n<h3>No se puede aceptar que por los motivos que fueran, se deteriore el brillante servicio que hist\u00f3ricamente brind\u00f3 el nosocomio local, adem\u00e1s que estas cosas, atentan contra la salud y la vida de los vecinos que necesitan atenci\u00f3n, no es algo de menor importancia.<\/h3>\n<\/blockquote>\n<p>Esperemos que el ejecutivo, tome las medidas para que estos temas se solucionen a la brevedad, y que la oposici\u00f3n est\u00e9 a la altura para acompa\u00f1ar a los vecinos y ponerse al frente de los reclamos.<\/p>\n<h3><span style=\"color: #ff0000\"><strong>LA PUBLICACI\u00d3N\u00a0<\/strong><\/span><\/h3>\n<p><img data-recalc-dims=\"1\" loading=\"lazy\" decoding=\"async\" class=\"alignnone size-full wp-image-35136\" src=\"https:\/\/i0.wp.com\/larevistadigital.com.ar\/blog\/wp-content\/uploads\/Captura-de-pantalla-2024-01-29-091944.png?resize=618%2C527&#038;ssl=1\" alt=\"\" width=\"618\" height=\"527\" srcset=\"https:\/\/i0.wp.com\/larevistadigital.com.ar\/blog\/wp-content\/uploads\/Captura-de-pantalla-2024-01-29-091944.png?w=618&amp;ssl=1 618w, https:\/\/i0.wp.com\/larevistadigital.com.ar\/blog\/wp-content\/uploads\/Captura-de-pantalla-2024-01-29-091944.png?resize=300%2C256&amp;ssl=1 300w\" sizes=\"auto, (max-width: 618px) 100vw, 618px\" \/><\/p>\n","protected":false},"excerpt":{"rendered":"<div class=\"mh-excerpt\"><p>El vecino denunci\u00f3 en la red social Facebook, y r\u00e1pidamente se sumaron gran cantidad de personas con distintos reclamos. \u00bfNo es hora de hacer algo?&#8230; 29 de enero de 2023 CHASCOM\u00daS &#8211;\u00a0 \u00a0Un nuevo reclamo <a class=\"mh-excerpt-more\" href=\"https:\/\/larevistadigital.com.ar\/blog\/chascomus-vecino-denuncia-que-el-hospital-le-nego-una-ambulancia-para-una-persona-desvanecida\/\" title=\"CHASCOM\u00daS: VECINO DENUNCIA QUE EL HOSPITAL LE NEG\u00d3 UNA AMBULANCIA PARA UNA PERSONA DESVANECIDA\">[Leer M\u00e1s]<\/a><\/p>\n<\/div>","protected":false},"author":3,"featured_media":35137,"comment_status":"open","ping_status":"open","sticky":false,"template":"","format":"standard","meta":{"_jetpack_memberships_contains_paid_content":false,"footnotes":"","jetpack_publicize_message":"","jetpack_publicize_feature_enabled":true,"jetpack_social_post_already_shared":true,"jetpack_social_options":{"image_generator_settings":{"template":"highway","default_image_id":0,"font":"","enabled":false},"version":2}},"categories":[6],"tags":[],"class_list":{"0":"post-35135","1":"post","2":"type-post","3":"status-publish","4":"format-standard","5":"has-post-thumbnail","7":"category-chascomus"},"jetpack_publicize_connections":[],"jetpack_featured_media_url":"https:\/\/i0.wp.com\/larevistadigital.com.ar\/blog\/wp-content\/uploads\/AMBULANCIA.jpg?fit=750%2C517&ssl=1","jetpack_sharing_enabled":true,"jetpack_shortlink":"https:\/\/wp.me\/p8qtrQ-98H","jetpack-related-posts":[{"id":34620,"url":"https:\/\/larevistadigital.com.ar\/blog\/hospital-sin-anestesista-grave-denuncia-del-doctor-santiago-dos-santos\/","url_meta":{"origin":35135,"position":0},"title":"\u00bfHOSPITAL SIN ANESTESISTA?: GRAVE DENUNCIA DEL DOCTOR SANTIAGO DOS SANTOS","author":"Alejandro Sosa Ruda","date":"25 noviembre, 2023","format":false,"excerpt":"El cirujano y ex candidato a intendente de Cambiemos, hizo una publicaci\u00f3n en su perfil de Facebook, denunciando una dif\u00edcil e inaceptable situaci\u00f3n en el Hospital Municipal San Vicente de Paul. 25 de Noviembre de 2023 CHASCOM\u00daS -\u00a0 \u00a0El m\u00e9dico cirujano Santiago Dos Santos, hizo publica una denuncia a trav\u00e9s\u2026","rel":"","context":"En \u00abCHASCOM\u00daS\u00bb","block_context":{"text":"CHASCOM\u00daS","link":"https:\/\/larevistadigital.com.ar\/blog\/category\/chascomus\/"},"img":{"alt_text":"","src":"https:\/\/i0.wp.com\/larevistadigital.com.ar\/blog\/wp-content\/uploads\/Captura-de-pantalla-2023-11-25-132236.png?fit=615%2C280&ssl=1&resize=350%2C200","width":350,"height":200,"srcset":"https:\/\/i0.wp.com\/larevistadigital.com.ar\/blog\/wp-content\/uploads\/Captura-de-pantalla-2023-11-25-132236.png?fit=615%2C280&ssl=1&resize=350%2C200 1x, https:\/\/i0.wp.com\/larevistadigital.com.ar\/blog\/wp-content\/uploads\/Captura-de-pantalla-2023-11-25-132236.png?fit=615%2C280&ssl=1&resize=525%2C300 1.5x"},"classes":[]},{"id":37886,"url":"https:\/\/larevistadigital.com.ar\/blog\/una-persona-que-realizaba-un-tramite-se-descompuso-en-la-comisaria-y-fue-socorrida-por-una-ambulancia\/","url_meta":{"origin":35135,"position":1},"title":"Una persona que realizaba una denuncia, se descompuso en la comisar\u00eda y fue socorrida por una ambulancia","author":"Alejandro Sosa Ruda","date":"14 noviembre, 2024","format":false,"excerpt":"Ocurri\u00f3 en horas de la noche. La se\u00f1ora fue atendida y trasladada. 14 de Noviembre de 2024 CHASCOM\u00daS -\u00a0 En la noche de hoy, poco antes de las 22hs. una se\u00f1ora que se encontraba en la comisar\u00eda de Chascom\u00fas, efectuando una denuncia, sufri\u00f3 una descompensaci\u00f3n. La polic\u00eda, brindo la contenci\u00f3n\u2026","rel":"","context":"En \u00abDESTACADAS\u00bb","block_context":{"text":"DESTACADAS","link":"https:\/\/larevistadigital.com.ar\/blog\/category\/destacadas\/"},"img":{"alt_text":"","src":"https:\/\/i0.wp.com\/larevistadigital.com.ar\/blog\/wp-content\/uploads\/1-3.png?fit=680%2C685&ssl=1&resize=350%2C200","width":350,"height":200,"srcset":"https:\/\/i0.wp.com\/larevistadigital.com.ar\/blog\/wp-content\/uploads\/1-3.png?fit=680%2C685&ssl=1&resize=350%2C200 1x, https:\/\/i0.wp.com\/larevistadigital.com.ar\/blog\/wp-content\/uploads\/1-3.png?fit=680%2C685&ssl=1&resize=525%2C300 1.5x"},"classes":[]},{"id":13029,"url":"https:\/\/larevistadigital.com.ar\/blog\/importante-accidente-en-el-acceso-a-chascomus\/","url_meta":{"origin":35135,"position":2},"title":"IMPORTANTE ACCIDENTE EN EL ACCESO A CHASCOM\u00daS","author":"Alejandro Sosa Ruda","date":"4 noviembre, 2019","format":false,"excerpt":"Los Bomberos Voluntarios de Chascom\u00fas, dieron a conocer a trav\u00e9s de su p\u00e1gina de Facebook, un accidente ocurrido a las tres y media de la madrugada de ayer, en avenida Juan Manuel de Rosas y Diagonal 30 de Mayo, de acuerdo a lo consignado por los bomberos voluntarios, en su\u2026","rel":"","context":"En \u00abINTERES GENERAL\u00bb","block_context":{"text":"INTERES GENERAL","link":"https:\/\/larevistadigital.com.ar\/blog\/category\/interes-general\/"},"img":{"alt_text":"","src":"https:\/\/i0.wp.com\/larevistadigital.com.ar\/blog\/wp-content\/uploads\/accidente_03denoviembrede2019_elfuerte.jpg?fit=737%2C415&ssl=1&resize=350%2C200","width":350,"height":200,"srcset":"https:\/\/i0.wp.com\/larevistadigital.com.ar\/blog\/wp-content\/uploads\/accidente_03denoviembrede2019_elfuerte.jpg?fit=737%2C415&ssl=1&resize=350%2C200 1x, https:\/\/i0.wp.com\/larevistadigital.com.ar\/blog\/wp-content\/uploads\/accidente_03denoviembrede2019_elfuerte.jpg?fit=737%2C415&ssl=1&resize=525%2C300 1.5x, https:\/\/i0.wp.com\/larevistadigital.com.ar\/blog\/wp-content\/uploads\/accidente_03denoviembrede2019_elfuerte.jpg?fit=737%2C415&ssl=1&resize=700%2C400 2x"},"classes":[]},{"id":4772,"url":"https:\/\/larevistadigital.com.ar\/blog\/chascomus-urgente-pedido-ayuda-joven-vecino\/","url_meta":{"origin":35135,"position":3},"title":"CHASCOM\u00daS: URGENTE PEDIDO DE AYUDA PARA UN J\u00d3VEN VECINO","author":"Alejandro Sosa Ruda","date":"6 febrero, 2018","format":false,"excerpt":"Matias Ruiz de 35 a\u00f1os de edad, vecino de Chascomus, necesita de la ayuda de TODOS, Paciente Oncol\u00f3gico que hoy depende de 2 Ampollas cada 20 d\u00edas, luego de realizar su\u00a0quimio\u00a0por un tumor maligno\u00a0en uno de sus pulmones. El Hospital de Chascom\u00fas logr\u00f3 conseguir 2 en su \u00faltima Quimioterapia, pero\u2026","rel":"","context":"En \u00abCHASCOM\u00daS\u00bb","block_context":{"text":"CHASCOM\u00daS","link":"https:\/\/larevistadigital.com.ar\/blog\/category\/chascomus\/"},"img":{"alt_text":"","src":"https:\/\/i0.wp.com\/larevistadigital.com.ar\/blog\/wp-content\/uploads\/2018\/02\/27657102_218210048750026_3090602461314950192_n.jpg?fit=600%2C604&ssl=1&resize=350%2C200","width":350,"height":200,"srcset":"https:\/\/i0.wp.com\/larevistadigital.com.ar\/blog\/wp-content\/uploads\/2018\/02\/27657102_218210048750026_3090602461314950192_n.jpg?fit=600%2C604&ssl=1&resize=350%2C200 1x, https:\/\/i0.wp.com\/larevistadigital.com.ar\/blog\/wp-content\/uploads\/2018\/02\/27657102_218210048750026_3090602461314950192_n.jpg?fit=600%2C604&ssl=1&resize=525%2C300 1.5x"},"classes":[]},{"id":42590,"url":"https:\/\/larevistadigital.com.ar\/blog\/un-vecino-de-80-anos-fue-asistido-tras-permanecer-caido-en-su-vivienda\/","url_meta":{"origin":35135,"position":4},"title":"Un vecino de 80 a\u00f1os fue asistido tras permanecer ca\u00eddo en su vivienda","author":"Alejandro Sosa Ruda","date":"23 noviembre, 2025","format":false,"excerpt":"Bomberos y personal de salud intervinieron en un domicilio de calle M\u00e9xico al 100, donde un hombre mayor hab\u00eda permanecido ca\u00eddo durante varias horas. Fue trasladado al Hospital Municipal. 23 de Noviembre de 2025 CHASCOM\u00daS -\u00a0 \u00a0Autoridades policiales informaron que, durante la noche del s\u00e1bado 22 de noviembre, un vecino\u2026","rel":"","context":"En \u00abINTERES GENERAL\u00bb","block_context":{"text":"INTERES GENERAL","link":"https:\/\/larevistadigital.com.ar\/blog\/category\/interes-general\/"},"img":{"alt_text":"","src":"https:\/\/i0.wp.com\/larevistadigital.com.ar\/blog\/wp-content\/uploads\/AMBULANCIA-SAME-.jpg?fit=1200%2C800&ssl=1&resize=350%2C200","width":350,"height":200,"srcset":"https:\/\/i0.wp.com\/larevistadigital.com.ar\/blog\/wp-content\/uploads\/AMBULANCIA-SAME-.jpg?fit=1200%2C800&ssl=1&resize=350%2C200 1x, https:\/\/i0.wp.com\/larevistadigital.com.ar\/blog\/wp-content\/uploads\/AMBULANCIA-SAME-.jpg?fit=1200%2C800&ssl=1&resize=525%2C300 1.5x, https:\/\/i0.wp.com\/larevistadigital.com.ar\/blog\/wp-content\/uploads\/AMBULANCIA-SAME-.jpg?fit=1200%2C800&ssl=1&resize=700%2C400 2x, https:\/\/i0.wp.com\/larevistadigital.com.ar\/blog\/wp-content\/uploads\/AMBULANCIA-SAME-.jpg?fit=1200%2C800&ssl=1&resize=1050%2C600 3x"},"classes":[]},{"id":5252,"url":"https:\/\/larevistadigital.com.ar\/blog\/fallece-vecino-de-chascomus-en-tragico-accidente\/","url_meta":{"origin":35135,"position":5},"title":"Fallece vecino de Chascom\u00fas en tr\u00e1gico accidente.","author":"admin","date":"28 marzo, 2018","format":false,"excerpt":"INFORME BOMBERIL DEL ACCIDENTE. Siendo las 12:20 hs se recibe un llamado de Ambulancia de AUBASA Manifestando que en ruta 2 kil\u00f3metro 93 se produc\u00eda un accidente con alarma parte unidad 5 al mando del comandante Zaccheo Gerardo . Llegados al lugar se comprueba que una pickup toyota hilux hab\u00eda\u2026","rel":"","context":"En \u00abDESTACADAS\u00bb","block_context":{"text":"DESTACADAS","link":"https:\/\/larevistadigital.com.ar\/blog\/category\/destacadas\/"},"img":{"alt_text":"","src":"https:\/\/i0.wp.com\/larevistadigital.com.ar\/blog\/wp-content\/uploads\/2018\/03\/32d53322-b68c-4f10-a499-1dd999d146bb.jpg?fit=900%2C1200&ssl=1&resize=350%2C200","width":350,"height":200,"srcset":"https:\/\/i0.wp.com\/larevistadigital.com.ar\/blog\/wp-content\/uploads\/2018\/03\/32d53322-b68c-4f10-a499-1dd999d146bb.jpg?fit=900%2C1200&ssl=1&resize=350%2C200 1x, https:\/\/i0.wp.com\/larevistadigital.com.ar\/blog\/wp-content\/uploads\/2018\/03\/32d53322-b68c-4f10-a499-1dd999d146bb.jpg?fit=900%2C1200&ssl=1&resize=525%2C300 1.5x, https:\/\/i0.wp.com\/larevistadigital.com.ar\/blog\/wp-content\/uploads\/2018\/03\/32d53322-b68c-4f10-a499-1dd999d146bb.jpg?fit=900%2C1200&ssl=1&resize=700%2C400 2x"},"classes":[]}],"_links":{"self":[{"href":"https:\/\/larevistadigital.com.ar\/blog\/wp-json\/wp\/v2\/posts\/35135","targetHints":{"allow":["GET"]}}],"collection":[{"href":"https:\/\/larevistadigital.com.ar\/blog\/wp-json\/wp\/v2\/posts"}],"about":[{"href":"https:\/\/larevistadigital.com.ar\/blog\/wp-json\/wp\/v2\/types\/post"}],"author":[{"embeddable":true,"href":"https:\/\/larevistadigital.com.ar\/blog\/wp-json\/wp\/v2\/users\/3"}],"replies":[{"embeddable":true,"href":"https:\/\/larevistadigital.com.ar\/blog\/wp-json\/wp\/v2\/comments?post=35135"}],"version-history":[{"count":1,"href":"https:\/\/larevistadigital.com.ar\/blog\/wp-json\/wp\/v2\/posts\/35135\/revisions"}],"predecessor-version":[{"id":35138,"href":"https:\/\/larevistadigital.com.ar\/blog\/wp-json\/wp\/v2\/posts\/35135\/revisions\/35138"}],"wp:featuredmedia":[{"embeddable":true,"href":"https:\/\/larevistadigital.com.ar\/blog\/wp-json\/wp\/v2\/media\/35137"}],"wp:attachment":[{"href":"https:\/\/larevistadigital.com.ar\/blog\/wp-json\/wp\/v2\/media?parent=35135"}],"wp:term":[{"taxonomy":"category","embeddable":true,"href":"https:\/\/larevistadigital.com.ar\/blog\/wp-json\/wp\/v2\/categories?post=35135"},{"taxonomy":"post_tag","embeddable":true,"href":"https:\/\/larevistadigital.com.ar\/blog\/wp-json\/wp\/v2\/tags?post=35135"}],"curies":[{"name":"wp","href":"https:\/\/api.w.org\/{rel}","templated":true}]}}