{"id":35139,"date":"2024-01-29T10:31:30","date_gmt":"2024-01-29T13:31:30","guid":{"rendered":"https:\/\/larevistadigital.com.ar\/blog\/?p=35139"},"modified":"2024-01-29T10:31:30","modified_gmt":"2024-01-29T13:31:30","slug":"se-inicia-una-semana-con-altas-temperaturas-recomendaciones-para-cuidarnos","status":"publish","type":"post","link":"https:\/\/larevistadigital.com.ar\/blog\/se-inicia-una-semana-con-altas-temperaturas-recomendaciones-para-cuidarnos\/","title":{"rendered":"SE INICIA UNA SEMANA CON ALTAS TEMPERATURAS, RECOMENDACIONES PARA CUIDARNOS"},"content":{"rendered":"<h2>Desde el Servicio Meteorol\u00f3gico Nacional y otros organismos se recomiendan cuidados a tener en cuenta por las altas temperaturas que se avecinan.<\/h2>\n<p>29 de enero de 2023<\/p>\n<p><strong>BUENOS AIRES &#8211;\u00a0<\/strong><\/p>\n<p>Seg\u00fan las previsiones del Servicio Meteorol\u00f3gico Nacional, se inicia una semana caracterizada por elevadas temperaturas que afectar\u00e1n a toda la regi\u00f3n.<\/p>\n<blockquote>\n<h3>De acuerdo con la informaci\u00f3n proporcionada por el organismo, el calor no se limitar\u00e1 \u00fanicamente al per\u00edodo diurno, sino que tambi\u00e9n se har\u00e1 sentir en las noches y madrugadas, manteniendo un clima c\u00e1lido.<\/h3>\n<\/blockquote>\n<p>En <strong>Dolores<\/strong>, por ejemplo, se espera que las temperaturas m\u00ednimas oscilen entre los 19\u00b0C y 28\u00b0C, mientras que las m\u00e1ximas alcanzar\u00e1n los 37\u00b0C.<\/p>\n<p>En las localidades del <strong>Partido de La Costa, Villa Gesell y Pinamar<\/strong>, los visitantes podr\u00e1n disfrutar de una semana perfecta para la playa, con cielos despejados y temperaturas que rondar\u00e1n los 30 grados.<\/p>\n<p>Cabe destacar que las elevadas temperaturas representan un riesgo para la salud, especialmente para personas mayores de 60 a\u00f1os, beb\u00e9s y ni\u00f1os, pudiendo generar un golpe de calor. Este se caracteriza por fuertes dolores de cabeza, p\u00e9rdida de la conciencia, aumento extremo de la temperatura corporal, mareos y sequedad en la piel.<\/p>\n<h3>Para prevenirlo, los profesionales de la salud recomiendan seguir estas pautas:<\/h3>\n<ul>\n<li>Aumentar el consumo de l\u00edquidos para mantener una hidrataci\u00f3n adecuada.<\/li>\n<li>Evitar la exposici\u00f3n excesiva al sol, especialmente durante las horas centrales del d\u00eda.<\/li>\n<li>Abstenerse de consumir bebidas alcoh\u00f3licas o muy azucaradas.<\/li>\n<li>Evitar comidas abundantes y optar por verduras y frutas.<\/li>\n<li>Reducir la actividad f\u00edsica.<\/li>\n<li>Utilizar ropa ligera, holgada y de colores claros.<\/li>\n<li>Permanecer en espacios ventilados o con aire acondicionado.<\/li>\n<\/ul>\n<p>En caso de experimentar s\u00edntomas como sed intensa, sequedad en la boca, temperatura superior a 39\u00baC, sudoraci\u00f3n excesiva, sensaci\u00f3n de calor sofocante, piel seca, agotamiento, mareos o desmayo, dolores de est\u00f3mago, falta de apetito, n\u00e1useas o v\u00f3mitos, dolores de cabeza, entre otros, se debe actuar de la siguiente manera:<\/p>\n<ul>\n<li><em>Solicitar asistencia m\u00e9dica de inmediato.<\/em><\/li>\n<li><em>Trasladar a la persona afectada a la sombra, a un lugar fresco y tranquilo.<\/em><\/li>\n<li><em>Intentar refrescarla, moj\u00e1ndole la ropa y proporcion\u00e1ndole agua fresca.<\/em><\/li>\n<\/ul>\n","protected":false},"excerpt":{"rendered":"<div class=\"mh-excerpt\"><p>Desde el Servicio Meteorol\u00f3gico Nacional y otros organismos se recomiendan cuidados a tener en cuenta por las altas temperaturas que se avecinan. 29 de enero de 2023 BUENOS AIRES &#8211;\u00a0 Seg\u00fan las previsiones del Servicio <a class=\"mh-excerpt-more\" href=\"https:\/\/larevistadigital.com.ar\/blog\/se-inicia-una-semana-con-altas-temperaturas-recomendaciones-para-cuidarnos\/\" title=\"SE INICIA UNA SEMANA CON ALTAS TEMPERATURAS, RECOMENDACIONES PARA CUIDARNOS\">[Leer M\u00e1s]<\/a><\/p>\n<\/div>","protected":false},"author":3,"featured_media":35140,"comment_status":"open","ping_status":"open","sticky":false,"template":"","format":"standard","meta":{"_jetpack_memberships_contains_paid_content":false,"footnotes":"","jetpack_publicize_message":"","jetpack_publicize_feature_enabled":true,"jetpack_social_post_already_shared":true,"jetpack_social_options":{"image_generator_settings":{"template":"highway","default_image_id":0,"font":"","enabled":false},"version":2}},"categories":[50],"tags":[],"class_list":{"0":"post-35139","1":"post","2":"type-post","3":"status-publish","4":"format-standard","5":"has-post-thumbnail","7":"category-interes-general"},"jetpack_publicize_connections":[],"jetpack_featured_media_url":"https:\/\/i0.wp.com\/larevistadigital.com.ar\/blog\/wp-content\/uploads\/51cf31f7-a68a-4436-b55e-500a3e387dc4.jpg?fit=1024%2C1024&ssl=1","jetpack_sharing_enabled":true,"jetpack_shortlink":"https:\/\/wp.me\/p8qtrQ-98L","jetpack-related-posts":[{"id":30548,"url":"https:\/\/larevistadigital.com.ar\/blog\/calor-interminable-se-espera-otra-semana-con-temperaturas-sobre-los-34\/","url_meta":{"origin":35139,"position":0},"title":"\u00a1CALOR INTERMINABLE! SE ESPERA OTRA SEMANA CON TEMPERATURAS SOBRE LOS 34\u00b0","author":"Alejandro Sosa Ruda","date":"12 marzo, 2023","format":false,"excerpt":"Sigue el calor agobiante con temperaturas que llevan la t\u00e9rmica a 40\u00b0. 11 de marzo de 2023 Varios municipios bonaerenses siguen atravesando temperaturas extremas \u201cmuy peligrosas\u201d y de acuerdo al Servicio Meteorol\u00f3gico Nacional (SMN) en los pr\u00f3ximos siete d\u00edas el term\u00f3metro promediar\u00e1 los 34 grados de m\u00e1xima, con picos en\u2026","rel":"","context":"En \u00abINTERES GENERAL\u00bb","block_context":{"text":"INTERES GENERAL","link":"https:\/\/larevistadigital.com.ar\/blog\/category\/interes-general\/"},"img":{"alt_text":"","src":"https:\/\/i0.wp.com\/larevistadigital.com.ar\/blog\/wp-content\/uploads\/images-4.jpg?fit=800%2C448&ssl=1&resize=350%2C200","width":350,"height":200,"srcset":"https:\/\/i0.wp.com\/larevistadigital.com.ar\/blog\/wp-content\/uploads\/images-4.jpg?fit=800%2C448&ssl=1&resize=350%2C200 1x, https:\/\/i0.wp.com\/larevistadigital.com.ar\/blog\/wp-content\/uploads\/images-4.jpg?fit=800%2C448&ssl=1&resize=525%2C300 1.5x, https:\/\/i0.wp.com\/larevistadigital.com.ar\/blog\/wp-content\/uploads\/images-4.jpg?fit=800%2C448&ssl=1&resize=700%2C400 2x"},"classes":[]},{"id":19822,"url":"https:\/\/larevistadigital.com.ar\/blog\/mal-clima-y-amenazas-de-tormentas-en-la-plata-chascomus-y-la-zona-hasta-mar-del-plata\/","url_meta":{"origin":35139,"position":1},"title":"MAL CLIMA, Y AMENAZAS DE TORMENTAS EN LA PLATA, CHASCOM\u00daS, Y LA ZONA HASTA MAR DEL PLATA","author":"Alejandro Sosa Ruda","date":"23 abril, 2021","format":false,"excerpt":"El Servicio Meteorol\u00f3gico Nacional anticipa precipitaciones para la tarde y la noche de este viernes, que continuar\u00e1n durante la primera parte del s\u00e1bado. El viernes amaneci\u00f3 con buen tiempo y el cielo despejado, pero los meteor\u00f3logos anticipan lluvias hacia la noche.\u00a0El Servicio Meteorol\u00f3gico Nacional pronostica tormentas aisladas para la segunda\u2026","rel":"","context":"En \u00abINTERES GENERAL\u00bb","block_context":{"text":"INTERES GENERAL","link":"https:\/\/larevistadigital.com.ar\/blog\/category\/interes-general\/"},"img":{"alt_text":"","src":"https:\/\/i0.wp.com\/larevistadigital.com.ar\/blog\/wp-content\/uploads\/ALERTA-METEOROLOGICO.jpg?fit=1140%2C758&ssl=1&resize=350%2C200","width":350,"height":200,"srcset":"https:\/\/i0.wp.com\/larevistadigital.com.ar\/blog\/wp-content\/uploads\/ALERTA-METEOROLOGICO.jpg?fit=1140%2C758&ssl=1&resize=350%2C200 1x, https:\/\/i0.wp.com\/larevistadigital.com.ar\/blog\/wp-content\/uploads\/ALERTA-METEOROLOGICO.jpg?fit=1140%2C758&ssl=1&resize=525%2C300 1.5x, https:\/\/i0.wp.com\/larevistadigital.com.ar\/blog\/wp-content\/uploads\/ALERTA-METEOROLOGICO.jpg?fit=1140%2C758&ssl=1&resize=700%2C400 2x, https:\/\/i0.wp.com\/larevistadigital.com.ar\/blog\/wp-content\/uploads\/ALERTA-METEOROLOGICO.jpg?fit=1140%2C758&ssl=1&resize=1050%2C600 3x"},"classes":[]},{"id":23325,"url":"https:\/\/larevistadigital.com.ar\/blog\/como-cuidar-a-las-mascotas-de-los-golpes-de-calor\/","url_meta":{"origin":35139,"position":2},"title":"\u00bfCOMO CUIDAR A LAS MASCOTAS DE LOS GOLPES DE CALOR?","author":"Alejandro Sosa Ruda","date":"12 enero, 2022","format":false,"excerpt":"Ante las altas temperaturas previstas para los pr\u00f3ximos d\u00edas, veterinarios brindaron recomendaciones para prevenir que nuestras mascotas sufran un golpe de calor. El Colegio de Veterinarios de la Provincia de Buenos Aires (CVPBA) difundi\u00f3 una serie de recomendaciones para que las mascotas no sufran un golpe de calor durante esta\u2026","rel":"","context":"En \u00abINTERES GENERAL\u00bb","block_context":{"text":"INTERES GENERAL","link":"https:\/\/larevistadigital.com.ar\/blog\/category\/interes-general\/"},"img":{"alt_text":"","src":"https:\/\/i0.wp.com\/larevistadigital.com.ar\/blog\/wp-content\/uploads\/20220111135434_calor.jpg?fit=880%2C512&ssl=1&resize=350%2C200","width":350,"height":200,"srcset":"https:\/\/i0.wp.com\/larevistadigital.com.ar\/blog\/wp-content\/uploads\/20220111135434_calor.jpg?fit=880%2C512&ssl=1&resize=350%2C200 1x, https:\/\/i0.wp.com\/larevistadigital.com.ar\/blog\/wp-content\/uploads\/20220111135434_calor.jpg?fit=880%2C512&ssl=1&resize=525%2C300 1.5x, https:\/\/i0.wp.com\/larevistadigital.com.ar\/blog\/wp-content\/uploads\/20220111135434_calor.jpg?fit=880%2C512&ssl=1&resize=700%2C400 2x"},"classes":[]},{"id":33031,"url":"https:\/\/larevistadigital.com.ar\/blog\/alerta-por-frio-extremo-del-servicio-meteorologico-naciolal\/","url_meta":{"origin":35139,"position":3},"title":"ALERTA POR \u00abFR\u00cdO EXTREMO\u00bb DEL SERVICIO METEOROL\u00d3GICO NACIOLAL","author":"Alejandro Sosa Ruda","date":"26 agosto, 2023","format":false,"excerpt":"Rige hasta ma\u00f1ana por la tarde. abarca 15 distritos. 26 de agosto de 2023 El Servicio Meteorol\u00f3gico Nacional (SMN) lanz\u00f3 una\u00a0alerta \u201camarilla\u201d por temperaturas extremas de fr\u00edo\u00a0para unos 15 distritos de la zona este de la provincia de Buenos Aires. El aviso rige hasta el domingo por la tarde inclusive\u2026","rel":"","context":"En \u00abSin categor\u00eda\u00bb","block_context":{"text":"Sin categor\u00eda","link":"https:\/\/larevistadigital.com.ar\/blog\/category\/sin-categoria\/"},"img":{"alt_text":"","src":"https:\/\/i0.wp.com\/larevistadigital.com.ar\/blog\/wp-content\/uploads\/descarga-26.jpg?fit=700%2C393&ssl=1&resize=350%2C200","width":350,"height":200,"srcset":"https:\/\/i0.wp.com\/larevistadigital.com.ar\/blog\/wp-content\/uploads\/descarga-26.jpg?fit=700%2C393&ssl=1&resize=350%2C200 1x, https:\/\/i0.wp.com\/larevistadigital.com.ar\/blog\/wp-content\/uploads\/descarga-26.jpg?fit=700%2C393&ssl=1&resize=525%2C300 1.5x, https:\/\/i0.wp.com\/larevistadigital.com.ar\/blog\/wp-content\/uploads\/descarga-26.jpg?fit=700%2C393&ssl=1&resize=700%2C400 2x"},"classes":[]},{"id":31926,"url":"https:\/\/larevistadigital.com.ar\/blog\/atencion-emitieron-una-alerta-amarilla-por-bajas-temperaturas-en-la-provincia-de-buenos-aires\/","url_meta":{"origin":35139,"position":4},"title":"ATENCI\u00d3N: EMITIERON UNA ALERTA AMARILLA POR BAJAS TEMPERATURAS EN LA PROVINCIA DE BUENOS AIRES","author":"Alejandro Sosa Ruda","date":"12 junio, 2023","format":false,"excerpt":"Se prev\u00e9 que haya temperaturas por debajo de cero. 11 de junio de 2023 BUENOS AIRES -\u00a0 El Servicio Meteorol\u00f3gico Nacional (SMN) ha emitido una alerta por bajas temperaturas extremas que abarca casi todo el territorio bonaerense. Seg\u00fan la advertencia del organismo, clasificada como nivel amarillo, las bajas temperaturas extremas\u2026","rel":"","context":"En \u00abINTERES GENERAL\u00bb","block_context":{"text":"INTERES GENERAL","link":"https:\/\/larevistadigital.com.ar\/blog\/category\/interes-general\/"},"img":{"alt_text":"","src":"https:\/\/i0.wp.com\/larevistadigital.com.ar\/blog\/wp-content\/uploads\/image-242.png?fit=800%2C450&ssl=1&resize=350%2C200","width":350,"height":200,"srcset":"https:\/\/i0.wp.com\/larevistadigital.com.ar\/blog\/wp-content\/uploads\/image-242.png?fit=800%2C450&ssl=1&resize=350%2C200 1x, https:\/\/i0.wp.com\/larevistadigital.com.ar\/blog\/wp-content\/uploads\/image-242.png?fit=800%2C450&ssl=1&resize=525%2C300 1.5x, https:\/\/i0.wp.com\/larevistadigital.com.ar\/blog\/wp-content\/uploads\/image-242.png?fit=800%2C450&ssl=1&resize=700%2C400 2x"},"classes":[]},{"id":29239,"url":"https:\/\/larevistadigital.com.ar\/blog\/se-vienen-olas-de-calor-como-cuidarnos-de-algo-que-puede-ser-muy-peligroso\/","url_meta":{"origin":35139,"position":5},"title":"SE VIENEN OLAS DE CALOR: C\u00d3MO CUIDARNOS DE ALGO QUE PUEDE SER MUY PELIGROSO","author":"Alejandro Sosa Ruda","date":"3 diciembre, 2022","format":false,"excerpt":"El Servicio Meteorol\u00f3gico Nacional emiti\u00f3 alertas por altas temperaturas en todo el pa\u00eds para esta semana. Qu\u00e9 hacer y que no. 03 de diciembre de 2022 Se aproxima una ola de calor agobiante esta semana en todo el territorio nacional y el Servicio Meteorol\u00f3gico ya advirti\u00f3 por las altas temperaturas\u2026","rel":"","context":"En \u00abINTERES GENERAL\u00bb","block_context":{"text":"INTERES GENERAL","link":"https:\/\/larevistadigital.com.ar\/blog\/category\/interes-general\/"},"img":{"alt_text":"","src":"https:\/\/i0.wp.com\/larevistadigital.com.ar\/blog\/wp-content\/uploads\/altas-temperaturas-655x368-1.jpg?fit=800%2C449&ssl=1&resize=350%2C200","width":350,"height":200,"srcset":"https:\/\/i0.wp.com\/larevistadigital.com.ar\/blog\/wp-content\/uploads\/altas-temperaturas-655x368-1.jpg?fit=800%2C449&ssl=1&resize=350%2C200 1x, https:\/\/i0.wp.com\/larevistadigital.com.ar\/blog\/wp-content\/uploads\/altas-temperaturas-655x368-1.jpg?fit=800%2C449&ssl=1&resize=525%2C300 1.5x, https:\/\/i0.wp.com\/larevistadigital.com.ar\/blog\/wp-content\/uploads\/altas-temperaturas-655x368-1.jpg?fit=800%2C449&ssl=1&resize=700%2C400 2x"},"classes":[]}],"_links":{"self":[{"href":"https:\/\/larevistadigital.com.ar\/blog\/wp-json\/wp\/v2\/posts\/35139","targetHints":{"allow":["GET"]}}],"collection":[{"href":"https:\/\/larevistadigital.com.ar\/blog\/wp-json\/wp\/v2\/posts"}],"about":[{"href":"https:\/\/larevistadigital.com.ar\/blog\/wp-json\/wp\/v2\/types\/post"}],"author":[{"embeddable":true,"href":"https:\/\/larevistadigital.com.ar\/blog\/wp-json\/wp\/v2\/users\/3"}],"replies":[{"embeddable":true,"href":"https:\/\/larevistadigital.com.ar\/blog\/wp-json\/wp\/v2\/comments?post=35139"}],"version-history":[{"count":1,"href":"https:\/\/larevistadigital.com.ar\/blog\/wp-json\/wp\/v2\/posts\/35139\/revisions"}],"predecessor-version":[{"id":35141,"href":"https:\/\/larevistadigital.com.ar\/blog\/wp-json\/wp\/v2\/posts\/35139\/revisions\/35141"}],"wp:featuredmedia":[{"embeddable":true,"href":"https:\/\/larevistadigital.com.ar\/blog\/wp-json\/wp\/v2\/media\/35140"}],"wp:attachment":[{"href":"https:\/\/larevistadigital.com.ar\/blog\/wp-json\/wp\/v2\/media?parent=35139"}],"wp:term":[{"taxonomy":"category","embeddable":true,"href":"https:\/\/larevistadigital.com.ar\/blog\/wp-json\/wp\/v2\/categories?post=35139"},{"taxonomy":"post_tag","embeddable":true,"href":"https:\/\/larevistadigital.com.ar\/blog\/wp-json\/wp\/v2\/tags?post=35139"}],"curies":[{"name":"wp","href":"https:\/\/api.w.org\/{rel}","templated":true}]}}