{"id":35148,"date":"2024-02-01T08:35:07","date_gmt":"2024-02-01T11:35:07","guid":{"rendered":"https:\/\/larevistadigital.com.ar\/blog\/?p=35148"},"modified":"2024-02-01T08:35:35","modified_gmt":"2024-02-01T11:35:35","slug":"recursos-provinciales-para-el-carnaval-infantil-de-chascomus","status":"publish","type":"post","link":"https:\/\/larevistadigital.com.ar\/blog\/recursos-provinciales-para-el-carnaval-infantil-de-chascomus\/","title":{"rendered":"RECURSOS PROVINCIALES PARA EL CARNAVAL INFANTIL DE CHASCOM\u00daS"},"content":{"rendered":"<h2>Llegan de la mano de la Ministra Saintout, y el Viceministro Cote Rossi, quienes desde su asunci\u00f3n han demostrado un gran empe\u00f1o y compromiso con la cultura en la Provincia.<\/h2>\n<p>01 de febrero de 2023<\/p>\n<p><strong>CHASCOM\u00daS &#8211;<\/strong>\u00a0 Se llev\u00f3 a cabo una reuni\u00f3n en la sede del Instituto Cultural de la provincia de Buenos Aires de la que participaron la Ministra de Cultura <strong>Florencia Saintout<\/strong>, el viceministro <strong>Jos\u00e9 Ignacio \u00abCote\u00bb Rossi<\/strong>, junto al Intendente municipal de Chascomus <strong>Javier Gast\u00f3n<\/strong>, en la cual se plante\u00f3 la importancia de llevar a cabo el Carnaval infantil en la ciudad, dado que se trata de una celebraci\u00f3n comunitaria que re\u00fane a las familias chascomunenses y cuyos preparativos generan un marco de inclusi\u00f3n que se extiende durante todo el a\u00f1o.<br \/>\nEl instituto cultural a trav\u00e9s del programa \u00abCarnaval es Cultura\u00bb ya seleccion\u00f3 cuatro comparsas de Chascomus que se inscribieron, a las cuales otorg\u00f3 subsidios.<br \/>\nEn la reuni\u00f3n se estableci\u00f3 el compromiso del ministerio cultural a costear otros importantes gastos concernientes a cuestiones t\u00e9cnicas como sonido e iluminaci\u00f3n del evento.<\/p>\n","protected":false},"excerpt":{"rendered":"<div class=\"mh-excerpt\"><p>Llegan de la mano de la Ministra Saintout, y el Viceministro Cote Rossi, quienes desde su asunci\u00f3n han demostrado un gran empe\u00f1o y compromiso con la cultura en la Provincia. 01 de febrero de 2023 <a class=\"mh-excerpt-more\" href=\"https:\/\/larevistadigital.com.ar\/blog\/recursos-provinciales-para-el-carnaval-infantil-de-chascomus\/\" title=\"RECURSOS PROVINCIALES PARA EL CARNAVAL INFANTIL DE CHASCOM\u00daS\">[Leer M\u00e1s]<\/a><\/p>\n<\/div>","protected":false},"author":3,"featured_media":35149,"comment_status":"open","ping_status":"open","sticky":false,"template":"","format":"standard","meta":{"_jetpack_memberships_contains_paid_content":false,"footnotes":"","jetpack_publicize_message":"","jetpack_publicize_feature_enabled":true,"jetpack_social_post_already_shared":true,"jetpack_social_options":{"image_generator_settings":{"template":"highway","default_image_id":0,"font":"","enabled":false},"version":2}},"categories":[41,1],"tags":[],"class_list":{"0":"post-35148","1":"post","2":"type-post","3":"status-publish","4":"format-standard","5":"has-post-thumbnail","7":"category-destacadas","8":"category-sin-categoria"},"jetpack_publicize_connections":[],"jetpack_featured_media_url":"https:\/\/i0.wp.com\/larevistadigital.com.ar\/blog\/wp-content\/uploads\/WhatsApp-Image-2024-01-31-at-09.44.01.jpeg?fit=955%2C622&ssl=1","jetpack_sharing_enabled":true,"jetpack_shortlink":"https:\/\/wp.me\/p8qtrQ-98U","jetpack-related-posts":[{"id":35080,"url":"https:\/\/larevistadigital.com.ar\/blog\/el-ex-diputado-chascomunense-jose-ignacio-cote-rossi-asumio-como-viceministro-de-cultura-de-la-provincia-de-buenos-aires\/","url_meta":{"origin":35148,"position":0},"title":"EL EX DIPUTADO CHASCOMUNENSE JOSE IGNACIO \u00abCOTE\u00bb ROSSI ASUMI\u00d3 COMO VICEMINISTRO DE CULTURA DE LA PROVINCIA DE BUENOS AIRES","author":"Alejandro Sosa Ruda","date":"22 enero, 2024","format":false,"excerpt":"Otra vez un representante de Chascom\u00fas ocupa una importante posici\u00f3n pol\u00edtica, ahora en el gabinete de Axel Kicillof. 22 de enero de 2023 BUENOS AIRES -\u00a0 Originario de Chascom\u00fas, \"Cote\" Rossi, quien ocup\u00f3 el cargo de legislador provincial hasta el 10 de diciembre, ha sido seleccionado para desempe\u00f1ar el rol\u2026","rel":"","context":"En \u00abINTERES GENERAL\u00bb","block_context":{"text":"INTERES GENERAL","link":"https:\/\/larevistadigital.com.ar\/blog\/category\/interes-general\/"},"img":{"alt_text":"","src":"https:\/\/i0.wp.com\/larevistadigital.com.ar\/blog\/wp-content\/uploads\/WhatsApp-Image-2024-01-22-at-20.23.03.jpeg?fit=600%2C400&ssl=1&resize=350%2C200","width":350,"height":200,"srcset":"https:\/\/i0.wp.com\/larevistadigital.com.ar\/blog\/wp-content\/uploads\/WhatsApp-Image-2024-01-22-at-20.23.03.jpeg?fit=600%2C400&ssl=1&resize=350%2C200 1x, https:\/\/i0.wp.com\/larevistadigital.com.ar\/blog\/wp-content\/uploads\/WhatsApp-Image-2024-01-22-at-20.23.03.jpeg?fit=600%2C400&ssl=1&resize=525%2C300 1.5x"},"classes":[]},{"id":35834,"url":"https:\/\/larevistadigital.com.ar\/blog\/el-viceministro-de-cultura-provincial-cote-rossi-visito-balcarce\/","url_meta":{"origin":35148,"position":1},"title":"EL VICEMINISTRO DE CULTURA PROVINCIAL, JOS\u00c9 IGNACIO\u00bbCOTE\u00bb ROSSI VISIT\u00d3 BALCARCE","author":"Alejandro Sosa Ruda","date":"15 abril, 2024","format":false,"excerpt":"Pese al recorte del gobierno nacional, se sigue trabajando con gran dedicaci\u00f3n en el \u00e1rea cultural de la Provincia de Buenos Aires, con gran cantidad de iniciativas y artistas. 14 de abril de 2024 BUENOS AIRES -\u00a0 El Vice Ministro de Cultura de la Provincia de Buenos Aires, Jos\u00e9 Ignacio\u2026","rel":"","context":"En \u00abDESTACADAS\u00bb","block_context":{"text":"DESTACADAS","link":"https:\/\/larevistadigital.com.ar\/blog\/category\/destacadas\/"},"img":{"alt_text":"","src":"https:\/\/i0.wp.com\/larevistadigital.com.ar\/blog\/wp-content\/uploads\/437768030_843911317752412_3866289522582623179_n.jpg?fit=1200%2C795&ssl=1&resize=350%2C200","width":350,"height":200,"srcset":"https:\/\/i0.wp.com\/larevistadigital.com.ar\/blog\/wp-content\/uploads\/437768030_843911317752412_3866289522582623179_n.jpg?fit=1200%2C795&ssl=1&resize=350%2C200 1x, https:\/\/i0.wp.com\/larevistadigital.com.ar\/blog\/wp-content\/uploads\/437768030_843911317752412_3866289522582623179_n.jpg?fit=1200%2C795&ssl=1&resize=525%2C300 1.5x, https:\/\/i0.wp.com\/larevistadigital.com.ar\/blog\/wp-content\/uploads\/437768030_843911317752412_3866289522582623179_n.jpg?fit=1200%2C795&ssl=1&resize=700%2C400 2x, https:\/\/i0.wp.com\/larevistadigital.com.ar\/blog\/wp-content\/uploads\/437768030_843911317752412_3866289522582623179_n.jpg?fit=1200%2C795&ssl=1&resize=1050%2C600 3x"},"classes":[]},{"id":35652,"url":"https:\/\/larevistadigital.com.ar\/blog\/el-viceministro-de-cultura-de-la-provincia-jose-ignacio-cote-rossi-continua-acompanando-las-fiestas-populares\/","url_meta":{"origin":35148,"position":2},"title":"EL VICEMINISTRO DE CULTURA DE LA PROVINCIA, JOS\u00c9 IGNACIO \u00abCOTE\u00bb ROSSI CONTIN\u00daA ACOMPA\u00d1ANDO LAS FIESTAS POPULARES","author":"Alejandro Sosa Ruda","date":"20 marzo, 2024","format":false,"excerpt":"El dirigente provincial nativo de Chascom\u00fas, renueva cada d\u00eda su compromiso con la cultura popular. 20 de marzo de 2024 BUENOS AIRES -\u00a0 El viceministro de Cultura de la Provincia de Buenos Aires, Jos\u00e9 Ignacio \"Cote\" Rossi, quien desde que asumi\u00f3 tiene una agenda que lo lleva a participar y\u2026","rel":"","context":"En \u00abINTERES GENERAL\u00bb","block_context":{"text":"INTERES GENERAL","link":"https:\/\/larevistadigital.com.ar\/blog\/category\/interes-general\/"},"img":{"alt_text":"","src":"https:\/\/i0.wp.com\/larevistadigital.com.ar\/blog\/wp-content\/uploads\/433660757_826319242844953_3075976269529019029_n.jpg?fit=1200%2C800&ssl=1&resize=350%2C200","width":350,"height":200,"srcset":"https:\/\/i0.wp.com\/larevistadigital.com.ar\/blog\/wp-content\/uploads\/433660757_826319242844953_3075976269529019029_n.jpg?fit=1200%2C800&ssl=1&resize=350%2C200 1x, https:\/\/i0.wp.com\/larevistadigital.com.ar\/blog\/wp-content\/uploads\/433660757_826319242844953_3075976269529019029_n.jpg?fit=1200%2C800&ssl=1&resize=525%2C300 1.5x, https:\/\/i0.wp.com\/larevistadigital.com.ar\/blog\/wp-content\/uploads\/433660757_826319242844953_3075976269529019029_n.jpg?fit=1200%2C800&ssl=1&resize=700%2C400 2x, https:\/\/i0.wp.com\/larevistadigital.com.ar\/blog\/wp-content\/uploads\/433660757_826319242844953_3075976269529019029_n.jpg?fit=1200%2C800&ssl=1&resize=1050%2C600 3x"},"classes":[]},{"id":35570,"url":"https:\/\/larevistadigital.com.ar\/blog\/el-viceministro-de-cultura-juan-ignacio-cote-rossi-visito-la-isla-martin-garcia-junto-al-gobernador-kicillof\/","url_meta":{"origin":35148,"position":3},"title":"EL VICEMINISTRO DE CULTURA, JUAN IGNACIO \u00abCOTE\u00bb ROSSI VISIT\u00d3 LA ISLA MART\u00cdN GARC\u00cdA JUNTO AL GOBERNADOR KICILLOF","author":"Alejandro Sosa Ruda","date":"16 marzo, 2024","format":false,"excerpt":"\u00a0 16 de marzo de 2024 LRD - El chascomunense Juan Ignacio \"Cote\" Rossi, viceministro de Cultura de la Provincia de Buenos Aires, junto al gobernador Axel Kicillof\u00a0 y en representaci\u00f3n del Instituto Cultural de la Provincia de Buenos Aires, de un reconocimiento a Eva Per\u00f3n, abanderada de los humildes\u2026","rel":"","context":"En \u00abINTERES GENERAL\u00bb","block_context":{"text":"INTERES GENERAL","link":"https:\/\/larevistadigital.com.ar\/blog\/category\/interes-general\/"},"img":{"alt_text":"","src":"https:\/\/i0.wp.com\/larevistadigital.com.ar\/blog\/wp-content\/uploads\/432381351_824620576348153_5614084164306149309_n.jpg?fit=1200%2C1200&ssl=1&resize=350%2C200","width":350,"height":200,"srcset":"https:\/\/i0.wp.com\/larevistadigital.com.ar\/blog\/wp-content\/uploads\/432381351_824620576348153_5614084164306149309_n.jpg?fit=1200%2C1200&ssl=1&resize=350%2C200 1x, https:\/\/i0.wp.com\/larevistadigital.com.ar\/blog\/wp-content\/uploads\/432381351_824620576348153_5614084164306149309_n.jpg?fit=1200%2C1200&ssl=1&resize=525%2C300 1.5x, https:\/\/i0.wp.com\/larevistadigital.com.ar\/blog\/wp-content\/uploads\/432381351_824620576348153_5614084164306149309_n.jpg?fit=1200%2C1200&ssl=1&resize=700%2C400 2x, https:\/\/i0.wp.com\/larevistadigital.com.ar\/blog\/wp-content\/uploads\/432381351_824620576348153_5614084164306149309_n.jpg?fit=1200%2C1200&ssl=1&resize=1050%2C600 3x"},"classes":[]},{"id":38848,"url":"https:\/\/larevistadigital.com.ar\/blog\/cultura-rodante-se-suma-una-propuesta-ludica-al-carnaval-infantil\/","url_meta":{"origin":35148,"position":4},"title":"Cultura rodante: se suma una propuesta l\u00fadica al Carnaval Infantil","author":"Alejandro Sosa Ruda","date":"27 febrero, 2025","format":false,"excerpt":"Habr\u00e1 juegos gigantes, un rinc\u00f3n de arte, un espacio de lectura y cascos de realidad virtual con contenidos educativos 27 de Febrero de 2025 CHASCOM\u00daS -\u00a0 \u00a0A la gran fiesta popular del Carnaval Infantil de nuestra ciudad, el s\u00e1bado 1 y domingo 2 de marzo, a las 20 horas, se\u2026","rel":"","context":"En \u00abCHASCOM\u00daS\u00bb","block_context":{"text":"CHASCOM\u00daS","link":"https:\/\/larevistadigital.com.ar\/blog\/category\/chascomus\/"},"img":{"alt_text":"","src":"https:\/\/i0.wp.com\/larevistadigital.com.ar\/blog\/wp-content\/uploads\/67bf4cb358a28.png?fit=668%2C445&ssl=1&resize=350%2C200","width":350,"height":200,"srcset":"https:\/\/i0.wp.com\/larevistadigital.com.ar\/blog\/wp-content\/uploads\/67bf4cb358a28.png?fit=668%2C445&ssl=1&resize=350%2C200 1x, https:\/\/i0.wp.com\/larevistadigital.com.ar\/blog\/wp-content\/uploads\/67bf4cb358a28.png?fit=668%2C445&ssl=1&resize=525%2C300 1.5x"},"classes":[]},{"id":36204,"url":"https:\/\/larevistadigital.com.ar\/blog\/chascomus-visita-del-subsecretario-provincial-de-deportes-acompanado-por-el-viceministro-de-cultura-jose-ignacio-cote-rossi\/","url_meta":{"origin":35148,"position":5},"title":"CHASCOM\u00daS: VISITA DEL SUBSECRETARIO PROVINCIAL DE DEPORTES, ACOMPA\u00d1ADO POR EL VICEMINISTRO DE CULTURA JOS\u00c9 IGNACIO \u00abCOTE\u00bb ROSSI","author":"Alejandro Sosa Ruda","date":"4 junio, 2024","format":false,"excerpt":"Durante la visita, el dirigente entreg\u00f3 elementos para los clubes locales. 4 de Junio de 2024 CHASCOM\u00daS -\u00a0 La gesti\u00f3n del gobernador Axel Kicillof ha hecho hincapi\u00e9 en su pol\u00edtica deportiva, lo que llev\u00f3 al actual Subsecretario de Deportes, Leandro Lurati, a visitar la ciudad de Chascom\u00fas. Acompa\u00f1ado por el\u2026","rel":"","context":"En \u00abDESTACADAS\u00bb","block_context":{"text":"DESTACADAS","link":"https:\/\/larevistadigital.com.ar\/blog\/category\/destacadas\/"},"img":{"alt_text":"","src":"https:\/\/i0.wp.com\/larevistadigital.com.ar\/blog\/wp-content\/uploads\/FOTO-2.jpg?fit=600%2C400&ssl=1&resize=350%2C200","width":350,"height":200,"srcset":"https:\/\/i0.wp.com\/larevistadigital.com.ar\/blog\/wp-content\/uploads\/FOTO-2.jpg?fit=600%2C400&ssl=1&resize=350%2C200 1x, https:\/\/i0.wp.com\/larevistadigital.com.ar\/blog\/wp-content\/uploads\/FOTO-2.jpg?fit=600%2C400&ssl=1&resize=525%2C300 1.5x"},"classes":[]}],"_links":{"self":[{"href":"https:\/\/larevistadigital.com.ar\/blog\/wp-json\/wp\/v2\/posts\/35148","targetHints":{"allow":["GET"]}}],"collection":[{"href":"https:\/\/larevistadigital.com.ar\/blog\/wp-json\/wp\/v2\/posts"}],"about":[{"href":"https:\/\/larevistadigital.com.ar\/blog\/wp-json\/wp\/v2\/types\/post"}],"author":[{"embeddable":true,"href":"https:\/\/larevistadigital.com.ar\/blog\/wp-json\/wp\/v2\/users\/3"}],"replies":[{"embeddable":true,"href":"https:\/\/larevistadigital.com.ar\/blog\/wp-json\/wp\/v2\/comments?post=35148"}],"version-history":[{"count":1,"href":"https:\/\/larevistadigital.com.ar\/blog\/wp-json\/wp\/v2\/posts\/35148\/revisions"}],"predecessor-version":[{"id":35150,"href":"https:\/\/larevistadigital.com.ar\/blog\/wp-json\/wp\/v2\/posts\/35148\/revisions\/35150"}],"wp:featuredmedia":[{"embeddable":true,"href":"https:\/\/larevistadigital.com.ar\/blog\/wp-json\/wp\/v2\/media\/35149"}],"wp:attachment":[{"href":"https:\/\/larevistadigital.com.ar\/blog\/wp-json\/wp\/v2\/media?parent=35148"}],"wp:term":[{"taxonomy":"category","embeddable":true,"href":"https:\/\/larevistadigital.com.ar\/blog\/wp-json\/wp\/v2\/categories?post=35148"},{"taxonomy":"post_tag","embeddable":true,"href":"https:\/\/larevistadigital.com.ar\/blog\/wp-json\/wp\/v2\/tags?post=35148"}],"curies":[{"name":"wp","href":"https:\/\/api.w.org\/{rel}","templated":true}]}}