{"id":35152,"date":"2024-02-02T09:50:14","date_gmt":"2024-02-02T12:50:14","guid":{"rendered":"https:\/\/larevistadigital.com.ar\/blog\/?p=35152"},"modified":"2024-02-02T10:50:49","modified_gmt":"2024-02-02T13:50:49","slug":"kicillof-desde-el-gobierno-nacional-van-a-acogotar-a-los-gobernadores","status":"publish","type":"post","link":"https:\/\/larevistadigital.com.ar\/blog\/kicillof-desde-el-gobierno-nacional-van-a-acogotar-a-los-gobernadores\/","title":{"rendered":"KICILLOF: \u00abDESDE EL GOBIERNO NACIONAL VAN A ACOGOTAR A LOS GOBERNADORES\u00bb"},"content":{"rendered":"<h2 class=\"fparrafo ctext fz18 lh25\">As\u00ed lo expres\u00f3 el Gobernador bonaerense cuando visit\u00f3 este mi\u00e9rcoles el partido de La Costa.<\/h2>\n<p>2 de febrero de 2023<\/p>\n<p><strong>BUENOS AIRES &#8211;\u00a0 <\/strong>Durante la jornada de este mi\u00e9rcoles, el Gobernador de la provincia de Buenos Aires, <strong>Axel Kicillof<\/strong> visit\u00f3 el partido de La Costa acompa\u00f1ado de la Vicegobernadora <strong>Ver\u00f3nica Magario<\/strong>, para recorrer el distrito y mantener una reuni\u00f3n con los Intendentes de la regi\u00f3n, encuentro en el que adem\u00e1s participaron m\u00e1s de 200 representantes de diferentes sectores productivos a nivel local, con quienes se realiz\u00f3 una an\u00e1lisis de los resultados obtenidos hasta el momento en la actual temporada de verano.<\/p>\n<p>En la localidad de Mar de Aj\u00f3, participaron m\u00e1s de 200 representantes de sectores industriales, tur\u00edsticos, agrarios, comerciales, cooperativos y culturales, como as\u00ed tambi\u00e9n los Intendentes de la regi\u00f3n, entre los cuales asistieron <strong>Juan de Jes\u00fas<\/strong> (La Costa), <strong>Sebasti\u00e1n Ianantuony<\/strong> (General Alvarado), <strong>Gustavo Barrera<\/strong> (Villa Gesell), <strong>Walter Wischnivetzky<\/strong> (Mar Chiquita), <strong>Arturo Rojas<\/strong> (Necochea), <strong>Hern\u00e1n Arranz<\/strong> (Monte Hermoso), <strong>Sebasti\u00e1n Walker<\/strong> (Pila),<strong> Nahuel Guardia<\/strong> (General Lavalle), <strong>Maximiliano Suescun<\/strong> (Rauch) y <strong>Mart\u00edn Olhaberry<\/strong> (Tornquist).<\/p>\n<p>Seg\u00fan da cuenta\u00a0el medio regional, Opini\u00f3n, en su paso por La Costa, el Gobernador recorri\u00f3 junto al Intendente Juan de Jes\u00fas la planta de reciclaje local Cooperativa Reciclando Vidas, donde se hizo la entrega de un cami\u00f3n para la recolecci\u00f3n diferenciada de residuos, el cual se suma al cami\u00f3n volquetero, al autoelevador y a la cinta de clasificaci\u00f3n, entre otras herramientas, que ya hab\u00edan sido entregadas con anterioridad a trav\u00e9s del programa \u201cMi Provincia Recicla\u201d impulsado por el Ministerio de Ambiente de la provincia.<\/p>\n<h3><span style=\"color: #ff0000\"><b>La industria del turismo<\/b><\/span><\/h3>\n<p>En medio de la temporada tur\u00edstica de verano, record\u00f3 que la industria del turismo <em><strong>\u201ces la quinta actividad productiva de la provincia de Buenos Aires\u201d<\/strong><\/em>, y que al mismo tiempo <strong><em>\u201csomos el principal destino tur\u00edstico de la Argentina\u201d<\/em><\/strong>, debido a lo cual asegur\u00f3 que la actividad <em><strong>\u201ces tambi\u00e9n una important\u00edsima fuente de trabajo y es una rama de creaci\u00f3n de valor agregado\u201d.<\/strong><\/em><\/p>\n<p>Como ejemplo de ello, el mandatario record\u00f3 los esfuerzos que se llevaron a cabo en plena \u00e9poca de pandemia para sostener el turismo, y en este aspecto sostuvo que <em><strong>\u201cgracias a todas esas medidas que se tomaron de un Estado presente logramos lo que no se logr\u00f3 en much\u00edsimos pa\u00edses del mundo\u201d<\/strong><\/em>, por lo que resalt\u00f3 que <strong><em>\u201cel Estado tom\u00f3 esas medidas, tom\u00f3 esas decisiones, control\u00f3, acompa\u00f1\u00f3 y salvamos al sector tur\u00edstico con ustedes con los Intendentes, en la peor \u00e9poca que nos toc\u00f3 como pa\u00eds\u201d.<\/em><\/strong><\/p>\n<h3><span style=\"color: #ff0000\"><b>Municipios tur\u00edsticos complicados<\/b><\/span><\/h3>\n<p>Gracias a ello, <strong>Kicillof<\/strong> asever\u00f3 que <strong><em>\u201cno paramos de romper r\u00e9cords en la etapa anterior en cada una de las temporadas tur\u00edsticas\u201d<\/em><\/strong>, lo cual lament\u00f3 que no se ve reflejado este a\u00f1o. Por ello, consider\u00f3 que <strong><em>\u201calgunos a veces hablan de venir a solucionar problemas, pero en lugar de solucionar lo que anda mal, lo empeoran y lo que andaba bien lo rompen\u201d<\/em><\/strong> en relaci\u00f3n al impacto que han tenido las pol\u00edticas econ\u00f3micas que aplic\u00f3 el Gobierno nacional en menos de dos meses de mandato.<\/p>\n<p>Sin embargo, el Gobernador sostuvo que lo que est\u00e1 sucediendo <em><strong>\u201cno es ninguna sorpresa\u201d, ya que record\u00f3 que \u201cpas\u00f3 varias veces en la Argentina\u201d<\/strong><\/em>. En este sentido, se\u00f1al\u00f3 que quien hoy gobierna nuestro pa\u00eds<strong><em> \u201cen la campa\u00f1a electoral prometi\u00f3 que iba a haber un ajuste\u201d<\/em><\/strong>, y que <strong><em>\u201cpor primera vez la sociedad mayoritariamente vot\u00f3 el ajuste\u201d<\/em><\/strong>. No obstante, destac\u00f3 que en la provincia de Buenos Aires los habitantes eligieron la continuidad y \u201cno vot\u00f3 el ajuste\u201d, un ajuste que se\u00f1al\u00f3 <strong><em>\u201crecibieron los hoteleros, los que hacen los churros, las panificadoras, los que pescan, los que hacen la cerveza artesanal\u201d<\/em><\/strong>, sobre los que aclar\u00f3 que <strong><em>\u201cestos argentinos no son la casta, son laburantes, empresarios, productores y se est\u00e1n comiendo el ajuste por todos lados\u201d<\/em><\/strong>, por lo que subray\u00f3 que <em><strong>\u201cyo no estoy de acuerdo con el ajuste y no estoy dispuesto tampoco a dejarnos enga\u00f1ar\u201d.<\/strong><\/em><\/p>\n<h3><span style=\"color: #ff0000\"><b>El Peligro del DNU y la Ley Omnibus<\/b><\/span><\/h3>\n<p>El mandatario se\u00f1al\u00f3 el peligro que representa la posibilidad de aprobaci\u00f3n del DNU y la Ley Omnibus, que adem\u00e1s advirti\u00f3 que<strong><em> \u201ctodo esto acompa\u00f1ado de una amenaza que ya es realidad, de quitarle recursos a los gobiernos provinciales\u201d.<\/em><\/strong><\/p>\n<p>Lo cierto es que <strong>Kicillof<\/strong> sostuvo que desde el Gobierno nacional <em><strong>\u201cvan a acogotar, van a ahorcar, van a secar, van a fundir a los gobernadores, a las provincias\u201d<\/strong><\/em>, por lo que indic\u00f3 que <em><strong>\u201ca m\u00e1s necesidades quieren cortar cada vez m\u00e1s los recursos\u201d<\/strong><\/em>, ya que en definitiva se\u00f1al\u00f3 que <strong><em>\u201cajustar a los gobernadores es ajustar la salud, la educaci\u00f3n, ajustar la seguridad, ajustar al pueblo, a la gente\u201d.<\/em><\/strong><\/p>\n<h3><span style=\"color: #ff0000\"><b>Torniquete de recursos<\/b><\/span><\/h3>\n<p>Ante estas dificultades que se plantean, el Gobernador expres\u00f3 que <em><strong>\u201cnosotros vamos a tener que hacer todos los esfuerzos\u201d<\/strong><\/em>, y que los Intendentes en ciertas circunstancias deber\u00e1n<em><strong> \u201chacer un torniquete de recursos para seguir cumpliendo con los derechos\u201d<\/strong><\/em>, ya que enfatiz\u00f3 que <strong><em>\u201cson derechos que vamos a cuidar, que vamos a proteger con los recursos que tengamos, eso es lo que nos hemos comprometido hacer\u201d<\/em><\/strong>.<\/p>\n<p>Finalmente, <strong>Kicillof<\/strong> concluy\u00f3: <strong><em>\u201cNos votaron para defender el trabajo, la producci\u00f3n, la salud y la educaci\u00f3n, as\u00ed que nosotros estamos en el territorio acompa\u00f1ando a los sectores, para defender lo que nos cost\u00f3 tanto construir a nosotros y a ustedes, y lo que queremos es seguir construyendo\u201d<\/em><\/strong>.(<b>InfoGEI<\/b>)Ac<\/p>\n","protected":false},"excerpt":{"rendered":"<div class=\"mh-excerpt\"><p>As\u00ed lo expres\u00f3 el Gobernador bonaerense cuando visit\u00f3 este mi\u00e9rcoles el partido de La Costa. 2 de febrero de 2023 BUENOS AIRES &#8211;\u00a0 Durante la jornada de este mi\u00e9rcoles, el Gobernador de la provincia de <a class=\"mh-excerpt-more\" href=\"https:\/\/larevistadigital.com.ar\/blog\/kicillof-desde-el-gobierno-nacional-van-a-acogotar-a-los-gobernadores\/\" title=\"KICILLOF: \u00abDESDE EL GOBIERNO NACIONAL VAN A ACOGOTAR A LOS GOBERNADORES\u00bb\">[Leer M\u00e1s]<\/a><\/p>\n<\/div>","protected":false},"author":3,"featured_media":35153,"comment_status":"open","ping_status":"open","sticky":false,"template":"","format":"standard","meta":{"_jetpack_memberships_contains_paid_content":false,"footnotes":"","jetpack_publicize_message":"","jetpack_publicize_feature_enabled":true,"jetpack_social_post_already_shared":true,"jetpack_social_options":{"image_generator_settings":{"template":"highway","default_image_id":0,"font":"","enabled":false},"version":2}},"categories":[12,51],"tags":[],"class_list":{"0":"post-35152","1":"post","2":"type-post","3":"status-publish","4":"format-standard","5":"has-post-thumbnail","7":"category-politica","8":"category-regionales"},"jetpack_publicize_connections":[],"jetpack_featured_media_url":"https:\/\/i0.wp.com\/larevistadigital.com.ar\/blog\/wp-content\/uploads\/20240201060919_de-jesus-kicillof-magario.jpg?fit=880%2C512&ssl=1","jetpack_sharing_enabled":true,"jetpack_shortlink":"https:\/\/wp.me\/p8qtrQ-98Y","jetpack-related-posts":[{"id":43821,"url":"https:\/\/larevistadigital.com.ar\/blog\/kicillof-se-reunio-con-representantes-de-distintos-sectores-productivos-en-patagones\/","url_meta":{"origin":35152,"position":0},"title":"Kicillof se reuni\u00f3 con representantes de distintos sectores productivos en Patagones","author":"Alejandro Sosa Ruda","date":"6 febrero, 2026","format":false,"excerpt":"Adem\u00e1s, el Gobernador inaugur\u00f3 el nuevo edificio del Jard\u00edn de Infantes N\u00b0910 y recorri\u00f3 los avances de obras de infraestructura en el distrito. 06 De febrero de 2026 El gobernador de la provincia de Buenos Aires, Axel Kicillof, encabez\u00f3 este jueves en el municipio de Patagones una reuni\u00f3n con representantes\u2026","rel":"","context":"En \u00abPOLITICA PROVINCIAL\u00bb","block_context":{"text":"POLITICA PROVINCIAL","link":"https:\/\/larevistadigital.com.ar\/blog\/category\/politica\/politica-provincial\/"},"img":{"alt_text":"","src":"https:\/\/i0.wp.com\/larevistadigital.com.ar\/blog\/wp-content\/uploads\/AR10008-2.jpg-scaled.jpeg?fit=1200%2C800&ssl=1&resize=350%2C200","width":350,"height":200,"srcset":"https:\/\/i0.wp.com\/larevistadigital.com.ar\/blog\/wp-content\/uploads\/AR10008-2.jpg-scaled.jpeg?fit=1200%2C800&ssl=1&resize=350%2C200 1x, https:\/\/i0.wp.com\/larevistadigital.com.ar\/blog\/wp-content\/uploads\/AR10008-2.jpg-scaled.jpeg?fit=1200%2C800&ssl=1&resize=525%2C300 1.5x, https:\/\/i0.wp.com\/larevistadigital.com.ar\/blog\/wp-content\/uploads\/AR10008-2.jpg-scaled.jpeg?fit=1200%2C800&ssl=1&resize=700%2C400 2x, https:\/\/i0.wp.com\/larevistadigital.com.ar\/blog\/wp-content\/uploads\/AR10008-2.jpg-scaled.jpeg?fit=1200%2C800&ssl=1&resize=1050%2C600 3x"},"classes":[]},{"id":35570,"url":"https:\/\/larevistadigital.com.ar\/blog\/el-viceministro-de-cultura-juan-ignacio-cote-rossi-visito-la-isla-martin-garcia-junto-al-gobernador-kicillof\/","url_meta":{"origin":35152,"position":1},"title":"EL VICEMINISTRO DE CULTURA, JUAN IGNACIO \u00abCOTE\u00bb ROSSI VISIT\u00d3 LA ISLA MART\u00cdN GARC\u00cdA JUNTO AL GOBERNADOR KICILLOF","author":"Alejandro Sosa Ruda","date":"16 marzo, 2024","format":false,"excerpt":"\u00a0 16 de marzo de 2024 LRD - El chascomunense Juan Ignacio \"Cote\" Rossi, viceministro de Cultura de la Provincia de Buenos Aires, junto al gobernador Axel Kicillof\u00a0 y en representaci\u00f3n del Instituto Cultural de la Provincia de Buenos Aires, de un reconocimiento a Eva Per\u00f3n, abanderada de los humildes\u2026","rel":"","context":"En \u00abINTERES GENERAL\u00bb","block_context":{"text":"INTERES GENERAL","link":"https:\/\/larevistadigital.com.ar\/blog\/category\/interes-general\/"},"img":{"alt_text":"","src":"https:\/\/i0.wp.com\/larevistadigital.com.ar\/blog\/wp-content\/uploads\/432381351_824620576348153_5614084164306149309_n.jpg?fit=1200%2C1200&ssl=1&resize=350%2C200","width":350,"height":200,"srcset":"https:\/\/i0.wp.com\/larevistadigital.com.ar\/blog\/wp-content\/uploads\/432381351_824620576348153_5614084164306149309_n.jpg?fit=1200%2C1200&ssl=1&resize=350%2C200 1x, https:\/\/i0.wp.com\/larevistadigital.com.ar\/blog\/wp-content\/uploads\/432381351_824620576348153_5614084164306149309_n.jpg?fit=1200%2C1200&ssl=1&resize=525%2C300 1.5x, https:\/\/i0.wp.com\/larevistadigital.com.ar\/blog\/wp-content\/uploads\/432381351_824620576348153_5614084164306149309_n.jpg?fit=1200%2C1200&ssl=1&resize=700%2C400 2x, https:\/\/i0.wp.com\/larevistadigital.com.ar\/blog\/wp-content\/uploads\/432381351_824620576348153_5614084164306149309_n.jpg?fit=1200%2C1200&ssl=1&resize=1050%2C600 3x"},"classes":[]},{"id":34449,"url":"https:\/\/larevistadigital.com.ar\/blog\/kicillof-la-provincia-de-bs-as-quiere-ser-protagonista-del-boom-petrolero\/","url_meta":{"origin":35152,"position":2},"title":"KICILLOF: \u00abLA PROVINCIA DE BS. AS. QUIERE SER PROTAGONISTA DEL BOOM PETROLERO\u00bb","author":"Alejandro Sosa Ruda","date":"8 noviembre, 2023","format":false,"excerpt":"El Gobernador particip\u00f3 de un encuentro con empresarios del Club del Petr\u00f3leo y representantes del sector hidrocarbur\u00edfero. Kicillof resalt\u00f3 que \u201ctenemos pol\u00edticas p\u00fablicas para que este sector estrat\u00e9gico se siga desarrollando y crezca: apuntamos a una articulaci\u00f3n p\u00fablica y privada. 8 de Noviembre de 2023 \u00a0BUENOS AIRES -\u00a0 \u201cComo pa\u00eds\u2026","rel":"","context":"En \u00abPOLITICA\u00bb","block_context":{"text":"POLITICA","link":"https:\/\/larevistadigital.com.ar\/blog\/category\/politica\/"},"img":{"alt_text":"","src":"https:\/\/i0.wp.com\/larevistadigital.com.ar\/blog\/wp-content\/uploads\/20231108180640_lof.jpg?fit=880%2C512&ssl=1&resize=350%2C200","width":350,"height":200,"srcset":"https:\/\/i0.wp.com\/larevistadigital.com.ar\/blog\/wp-content\/uploads\/20231108180640_lof.jpg?fit=880%2C512&ssl=1&resize=350%2C200 1x, https:\/\/i0.wp.com\/larevistadigital.com.ar\/blog\/wp-content\/uploads\/20231108180640_lof.jpg?fit=880%2C512&ssl=1&resize=525%2C300 1.5x, https:\/\/i0.wp.com\/larevistadigital.com.ar\/blog\/wp-content\/uploads\/20231108180640_lof.jpg?fit=880%2C512&ssl=1&resize=700%2C400 2x"},"classes":[]},{"id":43343,"url":"https:\/\/larevistadigital.com.ar\/blog\/kicillof-encabezo-la-primera-reunion-productiva-de-la-temporada\/","url_meta":{"origin":35152,"position":3},"title":"Kicillof encabez\u00f3 la primera reuni\u00f3n productiva de la temporada","author":"Alejandro Sosa Ruda","date":"14 enero, 2026","format":false,"excerpt":"El gobernador de la provincia de Buenos Aires, Axel Kicillof, encabez\u00f3 este mi\u00e9rcoles en el partido de La Costa la primera reuni\u00f3n con representantes del turismo, la industria y diferentes sectores productivos de la regi\u00f3n. Fue en el Espacio Cultural Mar de Aj\u00f3, junto a la vicegobernadora Ver\u00f3nica Magario; los\u2026","rel":"","context":"En \u00abPOLITICA PROVINCIAL\u00bb","block_context":{"text":"POLITICA PROVINCIAL","link":"https:\/\/larevistadigital.com.ar\/blog\/category\/politica\/politica-provincial\/"},"img":{"alt_text":"","src":"https:\/\/i0.wp.com\/larevistadigital.com.ar\/blog\/wp-content\/uploads\/AR17946-scaled.jpg?fit=1200%2C800&ssl=1&resize=350%2C200","width":350,"height":200,"srcset":"https:\/\/i0.wp.com\/larevistadigital.com.ar\/blog\/wp-content\/uploads\/AR17946-scaled.jpg?fit=1200%2C800&ssl=1&resize=350%2C200 1x, https:\/\/i0.wp.com\/larevistadigital.com.ar\/blog\/wp-content\/uploads\/AR17946-scaled.jpg?fit=1200%2C800&ssl=1&resize=525%2C300 1.5x, https:\/\/i0.wp.com\/larevistadigital.com.ar\/blog\/wp-content\/uploads\/AR17946-scaled.jpg?fit=1200%2C800&ssl=1&resize=700%2C400 2x, https:\/\/i0.wp.com\/larevistadigital.com.ar\/blog\/wp-content\/uploads\/AR17946-scaled.jpg?fit=1200%2C800&ssl=1&resize=1050%2C600 3x"},"classes":[]},{"id":41843,"url":"https:\/\/larevistadigital.com.ar\/blog\/olavarria-kicillof-se-reunio-con-sectores-productivos-y-recorrio-obras-en-el-distrito\/","url_meta":{"origin":35152,"position":4},"title":"Olavarr\u00eda: Kicillof se reuni\u00f3 con sectores productivos y recorri\u00f3 obras en el distrito","author":"Alejandro Sosa Ruda","date":"8 octubre, 2025","format":false,"excerpt":"El gobernador bonaerense Axel Kicillof encabez\u00f3 este mi\u00e9rcoles un encuentro con productores, comerciantes y representantes gremiales del partido de Olavarr\u00eda, acompa\u00f1ado por el ministro de Producci\u00f3n, Ciencia e Innovaci\u00f3n Tecnol\u00f3gica, Augusto Costa, y el intendente local, Maximiliano Wesner. Adem\u00e1s, el Gobernador visit\u00f3 la f\u00e1brica Canteras Cerro Negro y recorri\u00f3 los\u2026","rel":"","context":"En \u00abPOLITICA PROVINCIAL\u00bb","block_context":{"text":"POLITICA PROVINCIAL","link":"https:\/\/larevistadigital.com.ar\/blog\/category\/politica\/politica-provincial\/"},"img":{"alt_text":"","src":"https:\/\/i0.wp.com\/larevistadigital.com.ar\/blog\/wp-content\/uploads\/20251008175050_kicillof-olavarria-industria-comercio-productores.jpg?fit=880%2C512&ssl=1&resize=350%2C200","width":350,"height":200,"srcset":"https:\/\/i0.wp.com\/larevistadigital.com.ar\/blog\/wp-content\/uploads\/20251008175050_kicillof-olavarria-industria-comercio-productores.jpg?fit=880%2C512&ssl=1&resize=350%2C200 1x, https:\/\/i0.wp.com\/larevistadigital.com.ar\/blog\/wp-content\/uploads\/20251008175050_kicillof-olavarria-industria-comercio-productores.jpg?fit=880%2C512&ssl=1&resize=525%2C300 1.5x, https:\/\/i0.wp.com\/larevistadigital.com.ar\/blog\/wp-content\/uploads\/20251008175050_kicillof-olavarria-industria-comercio-productores.jpg?fit=880%2C512&ssl=1&resize=700%2C400 2x"},"classes":[]},{"id":45334,"url":"https:\/\/larevistadigital.com.ar\/blog\/kicillof-presidente-del-pj-bonaerense-el-peronismo-va-a-terminar-con-este-modelo-de-destruccion\/","url_meta":{"origin":35152,"position":5},"title":"Kicillof presidente del PJ bonaerense: \u201cEl peronismo va a terminar con este modelo de destrucci\u00f3n\u201d","author":"Alejandro Sosa Ruda","date":"25 abril, 2026","format":false,"excerpt":"El gobernador provincial asumi\u00f3 el mando frente al Partido Justicialista bonaerense, en un acto rodeado de dirigentes kicillofistas en la capital de la Provincia de Buenos Aires. 25 de abril de 2026 Axel Kicillof, gobernador de la\u00a0Provincia de Buenos Aires, asumi\u00f3 el mando frente al\u00a0Partido Justicialista bonaerense, en un acto\u2026","rel":"","context":"En \u00abPOLITICA\u00bb","block_context":{"text":"POLITICA","link":"https:\/\/larevistadigital.com.ar\/blog\/category\/politica\/"},"img":{"alt_text":"","src":"https:\/\/i0.wp.com\/larevistadigital.com.ar\/blog\/wp-content\/uploads\/Captura-de-pantalla-2026-04-25-171400.jpg?fit=870%2C375&ssl=1&resize=350%2C200","width":350,"height":200,"srcset":"https:\/\/i0.wp.com\/larevistadigital.com.ar\/blog\/wp-content\/uploads\/Captura-de-pantalla-2026-04-25-171400.jpg?fit=870%2C375&ssl=1&resize=350%2C200 1x, https:\/\/i0.wp.com\/larevistadigital.com.ar\/blog\/wp-content\/uploads\/Captura-de-pantalla-2026-04-25-171400.jpg?fit=870%2C375&ssl=1&resize=525%2C300 1.5x, https:\/\/i0.wp.com\/larevistadigital.com.ar\/blog\/wp-content\/uploads\/Captura-de-pantalla-2026-04-25-171400.jpg?fit=870%2C375&ssl=1&resize=700%2C400 2x"},"classes":[]}],"_links":{"self":[{"href":"https:\/\/larevistadigital.com.ar\/blog\/wp-json\/wp\/v2\/posts\/35152","targetHints":{"allow":["GET"]}}],"collection":[{"href":"https:\/\/larevistadigital.com.ar\/blog\/wp-json\/wp\/v2\/posts"}],"about":[{"href":"https:\/\/larevistadigital.com.ar\/blog\/wp-json\/wp\/v2\/types\/post"}],"author":[{"embeddable":true,"href":"https:\/\/larevistadigital.com.ar\/blog\/wp-json\/wp\/v2\/users\/3"}],"replies":[{"embeddable":true,"href":"https:\/\/larevistadigital.com.ar\/blog\/wp-json\/wp\/v2\/comments?post=35152"}],"version-history":[{"count":1,"href":"https:\/\/larevistadigital.com.ar\/blog\/wp-json\/wp\/v2\/posts\/35152\/revisions"}],"predecessor-version":[{"id":35154,"href":"https:\/\/larevistadigital.com.ar\/blog\/wp-json\/wp\/v2\/posts\/35152\/revisions\/35154"}],"wp:featuredmedia":[{"embeddable":true,"href":"https:\/\/larevistadigital.com.ar\/blog\/wp-json\/wp\/v2\/media\/35153"}],"wp:attachment":[{"href":"https:\/\/larevistadigital.com.ar\/blog\/wp-json\/wp\/v2\/media?parent=35152"}],"wp:term":[{"taxonomy":"category","embeddable":true,"href":"https:\/\/larevistadigital.com.ar\/blog\/wp-json\/wp\/v2\/categories?post=35152"},{"taxonomy":"post_tag","embeddable":true,"href":"https:\/\/larevistadigital.com.ar\/blog\/wp-json\/wp\/v2\/tags?post=35152"}],"curies":[{"name":"wp","href":"https:\/\/api.w.org\/{rel}","templated":true}]}}