{"id":35155,"date":"2024-02-02T10:48:19","date_gmt":"2024-02-02T13:48:19","guid":{"rendered":"https:\/\/larevistadigital.com.ar\/blog\/?p=35155"},"modified":"2024-02-02T10:48:19","modified_gmt":"2024-02-02T13:48:19","slug":"juan-facundo-alfonsin-las-medidas-del-gobierno-nacional-golpearon-en-la-linea-de-flotacion-a-los-municipios","status":"publish","type":"post","link":"https:\/\/larevistadigital.com.ar\/blog\/juan-facundo-alfonsin-las-medidas-del-gobierno-nacional-golpearon-en-la-linea-de-flotacion-a-los-municipios\/","title":{"rendered":"JUAN FACUNDO ALFONS\u00cdN: \u201cLAS MEDIDAS DEL GOBIERNO NACIONAL GOLPEARON EN LA L\u00cdNEA DE FLOTACI\u00d3N A LOS MUNICIPIOS\u201d"},"content":{"rendered":"<h2 class=\"notaIntro\">El secretario de Hacienda de la Municipalidad de Chascom\u00fas remarc\u00f3 la importancia de contar en el corto plazo con la declaraci\u00f3n de emergencia para afrontar la complicada situaci\u00f3n econ\u00f3mica.<\/h2>\n<p>2 de febrero de 2023<\/p>\n<p class=\"notaTexto\"><strong>CHASCOM\u00daS &#8211;<\/strong>\u00a0 <strong><em>\u201cEs urgente tomar medidas y avanzar en un plan de emergencia para garantizar la prestaci\u00f3n de los servicios indispensables y, al mismo tiempo, poder hacer frente a las urgencias y demandas en materia social, sanitaria y de seguridad que ya comenzaron a multiplicarse\u201d<\/em><\/strong>, manifest\u00f3 <strong>Alfons\u00edn<\/strong>.<br \/>\nEl intendente <strong>Javier Gast\u00f3n<\/strong> envi\u00f3 d\u00edas atr\u00e1s al Concejo Deliberante el proyecto de ordenanza en el que se solicita la declaraci\u00f3n del estado de emergencia econ\u00f3mica, administrativa y financiera, social, sanitaria y de servicios p\u00fablicos para el municipio de Chascom\u00fas.<br \/>\n<strong><em>\u201cLa situaci\u00f3n est\u00e1 realmente muy complicada, por eso solicitamos el tratamiento urgente de la ordenanza porque es muy complicado esperar hasta marzo para empezar a tomar medidas\u201d<\/em><\/strong>, manifest\u00f3 el secretario.<br \/>\nEn ese sentido, explic\u00f3 que hubo una importante suba en los costos de los insumos necesarios para brindar servicios y continuar obras. Adem\u00e1s, detall\u00f3 que lo mismo empez\u00f3 a pasar en otros rubros, principalmente alimentos, combustibles, medicamentos, repuestos y reparaciones de veh\u00edculos y maquinarias.<br \/>\n<strong><em>\u201cEn noviembre el combustible para prestar los servicios sal\u00eda 11 millones y hoy sale 30. Es casi imposible reducir costos sin reducir servicios por lo que hay organizar planes de emergencia para tratar de prestarlos, quiz\u00e1s con menor frecuencia\u201d<\/em><\/strong>, indic\u00f3.<br \/>\nAlfons\u00edn tambi\u00e9n se\u00f1al\u00f3 que se espera una \u201cestatizaci\u00f3n\u201d de la poblaci\u00f3n: <strong><em>\u201cAl rev\u00e9s de lo que pretende el estado nacional, al subir el monto de los medicamentos, de las prepagas, de las escuelas privadas, la gente no va a poder cubrir esos costos y va a reemplazarlos por el sistema p\u00fablico y la primera ventanilla es la municipalidad\u201d.<\/em><\/strong><br \/>\n<em><strong>\u201cLa realidad es que los ingresos municipales no crecen en esa proporci\u00f3n, ni la coparticipaci\u00f3n ni los fondos propios, m\u00e1s all\u00e1 de todas las gestiones y los esfuerzos que estamos haciendo a nivel administrativo para generar una eficiencia en el cobro de tributos\u201d<\/strong><\/em>, consider\u00f3.<\/p>\n","protected":false},"excerpt":{"rendered":"<div class=\"mh-excerpt\"><p>El secretario de Hacienda de la Municipalidad de Chascom\u00fas remarc\u00f3 la importancia de contar en el corto plazo con la declaraci\u00f3n de emergencia para afrontar la complicada situaci\u00f3n econ\u00f3mica. 2 de febrero de 2023 CHASCOM\u00daS <a class=\"mh-excerpt-more\" href=\"https:\/\/larevistadigital.com.ar\/blog\/juan-facundo-alfonsin-las-medidas-del-gobierno-nacional-golpearon-en-la-linea-de-flotacion-a-los-municipios\/\" title=\"JUAN FACUNDO ALFONS\u00cdN: \u201cLAS MEDIDAS DEL GOBIERNO NACIONAL GOLPEARON EN LA L\u00cdNEA DE FLOTACI\u00d3N A LOS MUNICIPIOS\u201d\">[Leer M\u00e1s]<\/a><\/p>\n<\/div>","protected":false},"author":3,"featured_media":35156,"comment_status":"open","ping_status":"open","sticky":false,"template":"","format":"standard","meta":{"_jetpack_memberships_contains_paid_content":false,"footnotes":"","jetpack_publicize_message":"","jetpack_publicize_feature_enabled":true,"jetpack_social_post_already_shared":true,"jetpack_social_options":{"image_generator_settings":{"template":"highway","default_image_id":0,"font":"","enabled":false},"version":2}},"categories":[6],"tags":[],"class_list":{"0":"post-35155","1":"post","2":"type-post","3":"status-publish","4":"format-standard","5":"has-post-thumbnail","7":"category-chascomus"},"jetpack_publicize_connections":[],"jetpack_featured_media_url":"https:\/\/i0.wp.com\/larevistadigital.com.ar\/blog\/wp-content\/uploads\/2024_01_30_01_48_10_2914616.jpg?fit=750%2C501&ssl=1","jetpack_sharing_enabled":true,"jetpack_shortlink":"https:\/\/wp.me\/p8qtrQ-991","jetpack-related-posts":[{"id":40587,"url":"https:\/\/larevistadigital.com.ar\/blog\/chascomus-choco-contra-el-puente-de-avda-alfonsin-en-la-madrugada-y-debio-ser-rescatado-por-los-bomberos\/","url_meta":{"origin":35155,"position":0},"title":"Chascom\u00fas: Choc\u00f3 contra el puente de Avda. Alfons\u00edn en la madrugada y debi\u00f3 ser rescatado por los bomberos","author":"Alejandro Sosa Ruda","date":"22 julio, 2025","format":false,"excerpt":"Un joven conductor fue trasladado al hospital con una presunta lesi\u00f3n en una pierna tras impactar con su auto en la zona del puente de Avenida Alfons\u00edn. 22 de Julio de 2025 CHASCOM\u00daS\u00a0 -\u00a0 \u00a0Un accidente de tr\u00e1nsito ocurrido en la ma\u00f1ana del domingo moviliz\u00f3 a los servicios de emergencia\u2026","rel":"","context":"En \u00abDESTACADAS\u00bb","block_context":{"text":"DESTACADAS","link":"https:\/\/larevistadigital.com.ar\/blog\/category\/destacadas\/"},"img":{"alt_text":"","src":"https:\/\/i0.wp.com\/larevistadigital.com.ar\/blog\/wp-content\/uploads\/Captura-de-pantalla-2025-07-22-153519.jpg?fit=833%2C472&ssl=1&resize=350%2C200","width":350,"height":200,"srcset":"https:\/\/i0.wp.com\/larevistadigital.com.ar\/blog\/wp-content\/uploads\/Captura-de-pantalla-2025-07-22-153519.jpg?fit=833%2C472&ssl=1&resize=350%2C200 1x, https:\/\/i0.wp.com\/larevistadigital.com.ar\/blog\/wp-content\/uploads\/Captura-de-pantalla-2025-07-22-153519.jpg?fit=833%2C472&ssl=1&resize=525%2C300 1.5x, https:\/\/i0.wp.com\/larevistadigital.com.ar\/blog\/wp-content\/uploads\/Captura-de-pantalla-2025-07-22-153519.jpg?fit=833%2C472&ssl=1&resize=700%2C400 2x"},"classes":[]},{"id":26162,"url":"https:\/\/larevistadigital.com.ar\/blog\/declaran-la-emergencia-agropecuaria-para-chascomus-y-general-paz\/","url_meta":{"origin":35155,"position":1},"title":"DECLARAN LA EMERGENCIA AGROPECUARIA PARA CHASCOM\u00daS Y GENERAL PAZ","author":"Alejandro Sosa Ruda","date":"27 junio, 2022","format":false,"excerpt":"El Gobierno bonaerense decret\u00f3 el estado de emergencia y\/o desastre agropecuario en otros dos distritos de la provincia de Buenos Aires afectados por las sequ\u00edas. Es de car\u00e1cter individual y tendr\u00e1 beneficios tributarios y crediticios bancarios. Mediante las resoluciones N\u00ba 202-MDAGP-2022 y N\u00ba 199-MDAGP-2022 firmadas por el ministro de Desarrollo\u2026","rel":"","context":"En \u00abINTERES GENERAL\u00bb","block_context":{"text":"INTERES GENERAL","link":"https:\/\/larevistadigital.com.ar\/blog\/category\/interes-general\/"},"img":{"alt_text":"","src":"https:\/\/i0.wp.com\/larevistadigital.com.ar\/blog\/wp-content\/uploads\/20220627170046_declaran-la-emergencia-agropecuaria-para-productores-de-chascomus-y-general-paz.png?fit=880%2C512&ssl=1&resize=350%2C200","width":350,"height":200,"srcset":"https:\/\/i0.wp.com\/larevistadigital.com.ar\/blog\/wp-content\/uploads\/20220627170046_declaran-la-emergencia-agropecuaria-para-productores-de-chascomus-y-general-paz.png?fit=880%2C512&ssl=1&resize=350%2C200 1x, https:\/\/i0.wp.com\/larevistadigital.com.ar\/blog\/wp-content\/uploads\/20220627170046_declaran-la-emergencia-agropecuaria-para-productores-de-chascomus-y-general-paz.png?fit=880%2C512&ssl=1&resize=525%2C300 1.5x, https:\/\/i0.wp.com\/larevistadigital.com.ar\/blog\/wp-content\/uploads\/20220627170046_declaran-la-emergencia-agropecuaria-para-productores-de-chascomus-y-general-paz.png?fit=880%2C512&ssl=1&resize=700%2C400 2x"},"classes":[]},{"id":33018,"url":"https:\/\/larevistadigital.com.ar\/blog\/general-lavalle-el-intendente-declaro-la-emergencia-economica-por-90-dias\/","url_meta":{"origin":35155,"position":2},"title":"GENERAL LAVALLE: EL INTENDENTE DECLAR\u00d3 LA EMERGENCIA ECON\u00d3MICA POR 90 D\u00cdAS","author":"Alejandro Sosa Ruda","date":"26 agosto, 2023","format":false,"excerpt":"Esta declaraci\u00f3n de emergencia se funda, seg\u00fan la gesti\u00f3n de Rodr\u00edguez Ponte, \u201cen la necesidad de afrontar las erogaciones que sean \u00fatiles y necesarias para el cumplimiento de las labores encomendadas a la comuna, principalmente en cuestiones de salud, seguridad, servicios p\u00fablicos, y educaci\u00f3n\u201d. 26 de agosto de 2023 GENERAL\u2026","rel":"","context":"En \u00abREGIONALES\u00bb","block_context":{"text":"REGIONALES","link":"https:\/\/larevistadigital.com.ar\/blog\/category\/regionales\/"},"img":{"alt_text":"","src":"https:\/\/i0.wp.com\/larevistadigital.com.ar\/blog\/wp-content\/uploads\/20230825155321_lavalle.jpg?fit=880%2C512&ssl=1&resize=350%2C200","width":350,"height":200,"srcset":"https:\/\/i0.wp.com\/larevistadigital.com.ar\/blog\/wp-content\/uploads\/20230825155321_lavalle.jpg?fit=880%2C512&ssl=1&resize=350%2C200 1x, https:\/\/i0.wp.com\/larevistadigital.com.ar\/blog\/wp-content\/uploads\/20230825155321_lavalle.jpg?fit=880%2C512&ssl=1&resize=525%2C300 1.5x, https:\/\/i0.wp.com\/larevistadigital.com.ar\/blog\/wp-content\/uploads\/20230825155321_lavalle.jpg?fit=880%2C512&ssl=1&resize=700%2C400 2x"},"classes":[]},{"id":41755,"url":"https:\/\/larevistadigital.com.ar\/blog\/el-senado-bonaerense-declaro-la-emergencia-en-bahia-blanca-y-aprobo-un-paquete-de-medidas-sociales-y-economicas\/","url_meta":{"origin":35155,"position":3},"title":"El Senado bonaerense declar\u00f3 la Emergencia en Bah\u00eda Blanca y aprob\u00f3 un paquete de medidas sociales y econ\u00f3micas","author":"Alejandro Sosa Ruda","date":"3 octubre, 2025","format":false,"excerpt":"La norma contempla asistencia, alivio fiscal, congelamiento de tarifas y nuevas leyes con enfoque social y sanitario. 03 de Octubre de 2025 BUENOS AIRES\u00a0 -\u00a0 \u00a0En una sesi\u00f3n cargada de contenido y debate pol\u00edtico, el Senado de la Provincia de Buenos Aires aprob\u00f3 la Emergencia social, econ\u00f3mica, sanitaria, ambiental y\u2026","rel":"","context":"En \u00abPOLITICA PROVINCIAL\u00bb","block_context":{"text":"POLITICA PROVINCIAL","link":"https:\/\/larevistadigital.com.ar\/blog\/category\/politica\/politica-provincial\/"},"img":{"alt_text":"","src":"https:\/\/i0.wp.com\/larevistadigital.com.ar\/blog\/wp-content\/uploads\/Captura-de-pantalla-2025-10-03-172453.jpg?fit=788%2C453&ssl=1&resize=350%2C200","width":350,"height":200,"srcset":"https:\/\/i0.wp.com\/larevistadigital.com.ar\/blog\/wp-content\/uploads\/Captura-de-pantalla-2025-10-03-172453.jpg?fit=788%2C453&ssl=1&resize=350%2C200 1x, https:\/\/i0.wp.com\/larevistadigital.com.ar\/blog\/wp-content\/uploads\/Captura-de-pantalla-2025-10-03-172453.jpg?fit=788%2C453&ssl=1&resize=525%2C300 1.5x, https:\/\/i0.wp.com\/larevistadigital.com.ar\/blog\/wp-content\/uploads\/Captura-de-pantalla-2025-10-03-172453.jpg?fit=788%2C453&ssl=1&resize=700%2C400 2x"},"classes":[]},{"id":41707,"url":"https:\/\/larevistadigital.com.ar\/blog\/el-colegio-de-arquitectos-pidio-informes-y-medidas-urgentes-sobre-el-sistema-cloacal-de-chascomus\/","url_meta":{"origin":35155,"position":4},"title":"El Colegio de Arquitectos pidi\u00f3 informes y medidas urgentes sobre el sistema cloacal de Chascom\u00fas","author":"Alejandro Sosa Ruda","date":"3 octubre, 2025","format":false,"excerpt":"Solicitan acceder a los estudios t\u00e9cnicos, declarar la emergencia sanitaria y revisar las medidas adoptadas por el Ejecutivo. 03 de Octubre de 2025 El Colegio de Arquitectos de la Provincia de Buenos Aires \u2013 Distrito 1, Delegaci\u00f3n Chascom\u00fas, present\u00f3 una nota formal ante el Departamento Ejecutivo Municipal, dirigida al intendente\u2026","rel":"","context":"En \u00abCHASCOM\u00daS\u00bb","block_context":{"text":"CHASCOM\u00daS","link":"https:\/\/larevistadigital.com.ar\/blog\/category\/chascomus\/"},"img":{"alt_text":"","src":"https:\/\/i0.wp.com\/larevistadigital.com.ar\/blog\/wp-content\/uploads\/WhatsApp-Image-2025-10-03-at-09.30.24-e1759502707261.jpeg?fit=960%2C530&ssl=1&resize=350%2C200","width":350,"height":200,"srcset":"https:\/\/i0.wp.com\/larevistadigital.com.ar\/blog\/wp-content\/uploads\/WhatsApp-Image-2025-10-03-at-09.30.24-e1759502707261.jpeg?fit=960%2C530&ssl=1&resize=350%2C200 1x, https:\/\/i0.wp.com\/larevistadigital.com.ar\/blog\/wp-content\/uploads\/WhatsApp-Image-2025-10-03-at-09.30.24-e1759502707261.jpeg?fit=960%2C530&ssl=1&resize=525%2C300 1.5x, https:\/\/i0.wp.com\/larevistadigital.com.ar\/blog\/wp-content\/uploads\/WhatsApp-Image-2025-10-03-at-09.30.24-e1759502707261.jpeg?fit=960%2C530&ssl=1&resize=700%2C400 2x"},"classes":[]},{"id":42806,"url":"https:\/\/larevistadigital.com.ar\/blog\/10-de-diciembre-dia-de-la-restauracion-de-la-democracia\/","url_meta":{"origin":35155,"position":5},"title":"10 de diciembre: D\u00eda de la Restauraci\u00f3n de la Democracia","author":"Alejandro Sosa Ruda","date":"10 diciembre, 2025","format":false,"excerpt":"Desde Chascom\u00fas Km0 de la Democracia, la tierra de Ra\u00fal Alfons\u00edn, honramos su legado y renovamos cada d\u00eda la construcci\u00f3n de una sociedad m\u00e1s justa, plural y solidaria. 10 de Diciembre de 2025 CHASCOM\u00daS -\u00a0 \u00a0Hoy es un d\u00eda muy importante, conmemoramos el D\u00eda de la Restauraci\u00f3n de la Democracia\u2026","rel":"","context":"En \u00abCHASCOM\u00daS\u00bb","block_context":{"text":"CHASCOM\u00daS","link":"https:\/\/larevistadigital.com.ar\/blog\/category\/chascomus\/"},"img":{"alt_text":"","src":"https:\/\/i0.wp.com\/larevistadigital.com.ar\/blog\/wp-content\/uploads\/6939b58701d5d.png?fit=668%2C445&ssl=1&resize=350%2C200","width":350,"height":200,"srcset":"https:\/\/i0.wp.com\/larevistadigital.com.ar\/blog\/wp-content\/uploads\/6939b58701d5d.png?fit=668%2C445&ssl=1&resize=350%2C200 1x, https:\/\/i0.wp.com\/larevistadigital.com.ar\/blog\/wp-content\/uploads\/6939b58701d5d.png?fit=668%2C445&ssl=1&resize=525%2C300 1.5x"},"classes":[]}],"_links":{"self":[{"href":"https:\/\/larevistadigital.com.ar\/blog\/wp-json\/wp\/v2\/posts\/35155","targetHints":{"allow":["GET"]}}],"collection":[{"href":"https:\/\/larevistadigital.com.ar\/blog\/wp-json\/wp\/v2\/posts"}],"about":[{"href":"https:\/\/larevistadigital.com.ar\/blog\/wp-json\/wp\/v2\/types\/post"}],"author":[{"embeddable":true,"href":"https:\/\/larevistadigital.com.ar\/blog\/wp-json\/wp\/v2\/users\/3"}],"replies":[{"embeddable":true,"href":"https:\/\/larevistadigital.com.ar\/blog\/wp-json\/wp\/v2\/comments?post=35155"}],"version-history":[{"count":1,"href":"https:\/\/larevistadigital.com.ar\/blog\/wp-json\/wp\/v2\/posts\/35155\/revisions"}],"predecessor-version":[{"id":35157,"href":"https:\/\/larevistadigital.com.ar\/blog\/wp-json\/wp\/v2\/posts\/35155\/revisions\/35157"}],"wp:featuredmedia":[{"embeddable":true,"href":"https:\/\/larevistadigital.com.ar\/blog\/wp-json\/wp\/v2\/media\/35156"}],"wp:attachment":[{"href":"https:\/\/larevistadigital.com.ar\/blog\/wp-json\/wp\/v2\/media?parent=35155"}],"wp:term":[{"taxonomy":"category","embeddable":true,"href":"https:\/\/larevistadigital.com.ar\/blog\/wp-json\/wp\/v2\/categories?post=35155"},{"taxonomy":"post_tag","embeddable":true,"href":"https:\/\/larevistadigital.com.ar\/blog\/wp-json\/wp\/v2\/tags?post=35155"}],"curies":[{"name":"wp","href":"https:\/\/api.w.org\/{rel}","templated":true}]}}