{"id":35162,"date":"2024-02-05T20:14:32","date_gmt":"2024-02-05T23:14:32","guid":{"rendered":"https:\/\/larevistadigital.com.ar\/blog\/?p=35162"},"modified":"2024-02-05T20:14:32","modified_gmt":"2024-02-05T23:14:32","slug":"aterrizo-de-emergencia-en-la-laguna-de-gomez-y-salio-ileso","status":"publish","type":"post","link":"https:\/\/larevistadigital.com.ar\/blog\/aterrizo-de-emergencia-en-la-laguna-de-gomez-y-salio-ileso\/","title":{"rendered":"ATERRIZ\u00d3 DE EMERGENCIA EN LA LAGUNA DE GOMEZ Y SALI\u00d3 ILESO"},"content":{"rendered":"<h2 class=\"fparrafo ctext fz18 lh25\">El piloto realiz\u00f3 el aterrizaje en plena laguna de G\u00f3mez, de Jun\u00edn, sin agua debido a la sequ\u00eda que afecta a la regi\u00f3n del noroeste bonaerense. Al tocar suelo, la aeronave se dio vuelta pero el piloto s\u00f3lo termin\u00f3 con algunos golpes.<\/h2>\n<p>5 de febrero de 2023<\/p>\n<p><strong>JUNIN &#8211;\u00a0 <\/strong>Si bien a\u00fan no se emiti\u00f3 parte oficial ni se conocen las causas, la peque\u00f1a aeronave, un Cessna 152 identificado con la matr\u00edcula\u00a0LV-BHM,\u00a0tuvo que realizar un aterrizaje de emergencia en la laguna de G\u00f3mez, en el sector comprendido entre el club N\u00e1utico y el complejo hotelero Posada del Sol.<\/p>\n<blockquote>\n<h3>Seg\u00fan da cuenta el medio local, Semanario, el joven linque\u00f1o que piloteaba el avi\u00f3n (y \u00fanico ocupante), habr\u00eda informado que ven\u00eda con fallas y\u00a0se desconoce si no pudo o no se le permiti\u00f3 aterrizar en el club de Planeadores, cuya pista est\u00e1 cerca del lugar donde logr\u00f3 tocar tierra.<\/h3>\n<\/blockquote>\n<p>Por fortuna, la falta de agua en la laguna de G\u00f3mez le permiti\u00f3 aterrizar sin mayores dificultades, aunque al tocar tierra, la aeronave &#8216;se clav\u00f3 de punta&#8217; y\u00a0termin\u00f3 dado vuelta.<\/p>\n<p>El piloto cuyos datos no trascendieron, solo recibi\u00f3 algunos golpes en sus brazos y fue asistido por bomberos y la ambulancia de Jun\u00edn -que tiene su base en la laguna-, quienes le brindaron asistencia en el lugar. (<b>InfoGEI<\/b>)Ac<\/p>\n","protected":false},"excerpt":{"rendered":"<div class=\"mh-excerpt\"><p>El piloto realiz\u00f3 el aterrizaje en plena laguna de G\u00f3mez, de Jun\u00edn, sin agua debido a la sequ\u00eda que afecta a la regi\u00f3n del noroeste bonaerense. Al tocar suelo, la aeronave se dio vuelta pero <a class=\"mh-excerpt-more\" href=\"https:\/\/larevistadigital.com.ar\/blog\/aterrizo-de-emergencia-en-la-laguna-de-gomez-y-salio-ileso\/\" title=\"ATERRIZ\u00d3 DE EMERGENCIA EN LA LAGUNA DE GOMEZ Y SALI\u00d3 ILESO\">[Leer M\u00e1s]<\/a><\/p>\n<\/div>","protected":false},"author":3,"featured_media":35163,"comment_status":"open","ping_status":"open","sticky":false,"template":"","format":"standard","meta":{"_jetpack_memberships_contains_paid_content":false,"footnotes":"","jetpack_publicize_message":"","jetpack_publicize_feature_enabled":true,"jetpack_social_post_already_shared":true,"jetpack_social_options":{"image_generator_settings":{"template":"highway","default_image_id":0,"font":"","enabled":false},"version":2}},"categories":[51],"tags":[],"class_list":{"0":"post-35162","1":"post","2":"type-post","3":"status-publish","4":"format-standard","5":"has-post-thumbnail","7":"category-regionales"},"jetpack_publicize_connections":[],"jetpack_featured_media_url":"https:\/\/i0.wp.com\/larevistadigital.com.ar\/blog\/wp-content\/uploads\/aterrizaje-en-laguna-de-gomez.jpg?fit=880%2C512&ssl=1","jetpack_sharing_enabled":true,"jetpack_shortlink":"https:\/\/wp.me\/p8qtrQ-998","jetpack-related-posts":[{"id":20792,"url":"https:\/\/larevistadigital.com.ar\/blog\/despisto-una-avioneta-y-cayo-en-la-autopista-buenos-aires-la-plata\/","url_meta":{"origin":35162,"position":0},"title":"DESPIST\u00d3 UNA AVIONETA Y CAY\u00d3 EN LA AUTOPISTA BUENOS AIRES-LA PLATA","author":"Alejandro Sosa Ruda","date":"21 junio, 2021","format":false,"excerpt":"Luego de despegar del Aer\u00f3dromo de Berazategui una avioneta despist\u00f3 y tuvo que aterrizar de emergencia en la colectora de la Autopista. Tras despegar del Aeroclub \u201cR\u00edo de la Plata\u201d, en Berazategui, una avioneta tuvo que realizar un aterrizaje de emergencia en la autopista Buenos Aires-La Plata, a la altura\u2026","rel":"","context":"En \u00abINTERES GENERAL\u00bb","block_context":{"text":"INTERES GENERAL","link":"https:\/\/larevistadigital.com.ar\/blog\/category\/interes-general\/"},"img":{"alt_text":"","src":"https:\/\/i0.wp.com\/larevistadigital.com.ar\/blog\/wp-content\/uploads\/72865d6acc5dbff99c673e8b6c465e1ed9c3bf3c.jpg?fit=1140%2C641&ssl=1&resize=350%2C200","width":350,"height":200,"srcset":"https:\/\/i0.wp.com\/larevistadigital.com.ar\/blog\/wp-content\/uploads\/72865d6acc5dbff99c673e8b6c465e1ed9c3bf3c.jpg?fit=1140%2C641&ssl=1&resize=350%2C200 1x, https:\/\/i0.wp.com\/larevistadigital.com.ar\/blog\/wp-content\/uploads\/72865d6acc5dbff99c673e8b6c465e1ed9c3bf3c.jpg?fit=1140%2C641&ssl=1&resize=525%2C300 1.5x, https:\/\/i0.wp.com\/larevistadigital.com.ar\/blog\/wp-content\/uploads\/72865d6acc5dbff99c673e8b6c465e1ed9c3bf3c.jpg?fit=1140%2C641&ssl=1&resize=700%2C400 2x, https:\/\/i0.wp.com\/larevistadigital.com.ar\/blog\/wp-content\/uploads\/72865d6acc5dbff99c673e8b6c465e1ed9c3bf3c.jpg?fit=1140%2C641&ssl=1&resize=1050%2C600 3x"},"classes":[]},{"id":13235,"url":"https:\/\/larevistadigital.com.ar\/blog\/cae-avioneta-en-general-rodriguez-muere-un-reconocido-piloto\/","url_meta":{"origin":35162,"position":1},"title":"CAE AVIONETA EN GENERAL RODRIGUEZ: MUERE UN RECONOCIDO PILOTO","author":"Alejandro Sosa Ruda","date":"17 noviembre, 2019","format":false,"excerpt":"La v\u00edctima fue identificada como Aldo Nicola, un reconocido piloto de 74 a\u00f1os. El hecho ocurri\u00f3 este tarde en el Aero Country Club Una avioneta se precipit\u00f3\u00a0este domingo cerca de las 18 en el Aero Country Club de General Rodr\u00edguez, provincia de Buenos Aires,\u00a0y su piloto muri\u00f3 en el acto.\u2026","rel":"","context":"En \u00abDESTACADAS\u00bb","block_context":{"text":"DESTACADAS","link":"https:\/\/larevistadigital.com.ar\/blog\/category\/destacadas\/"},"img":{"alt_text":"","src":"https:\/\/i0.wp.com\/larevistadigital.com.ar\/blog\/wp-content\/uploads\/0006370993.jpg?fit=993%2C725&ssl=1&resize=350%2C200","width":350,"height":200,"srcset":"https:\/\/i0.wp.com\/larevistadigital.com.ar\/blog\/wp-content\/uploads\/0006370993.jpg?fit=993%2C725&ssl=1&resize=350%2C200 1x, https:\/\/i0.wp.com\/larevistadigital.com.ar\/blog\/wp-content\/uploads\/0006370993.jpg?fit=993%2C725&ssl=1&resize=525%2C300 1.5x, https:\/\/i0.wp.com\/larevistadigital.com.ar\/blog\/wp-content\/uploads\/0006370993.jpg?fit=993%2C725&ssl=1&resize=700%2C400 2x"},"classes":[]},{"id":26021,"url":"https:\/\/larevistadigital.com.ar\/blog\/neymar-aterrorizado-su-avion-privado-debio-realizar-un-aterrizaje-de-emergencia\/","url_meta":{"origin":35162,"position":2},"title":"NEYMAR ATERRORIZADO: SU AVI\u00d3N PRIVADO DEBI\u00d3 REALIZAR UN ATERRIZAJE DE EMERGENCIA","author":"Alejandro Sosa Ruda","date":"21 junio, 2022","format":false,"excerpt":"El astro viajaba desde Estados Unidos hacia San Pablo cuando su aeronave privado tuvo un problema con el parabrisas y tuvo que interrumpir su vuelo. El brasile\u00f1o Neymar pas\u00f3 un fuerte susto este martes cuando su avi\u00f3n privado tuvo que aterrizar de emergencia en Boa Vista, en el estado de\u2026","rel":"","context":"En \u00abINTERES GENERAL\u00bb","block_context":{"text":"INTERES GENERAL","link":"https:\/\/larevistadigital.com.ar\/blog\/category\/interes-general\/"},"img":{"alt_text":"","src":"https:\/\/i0.wp.com\/larevistadigital.com.ar\/blog\/wp-content\/uploads\/16558292113879.jpg?fit=1200%2C675&ssl=1&resize=350%2C200","width":350,"height":200,"srcset":"https:\/\/i0.wp.com\/larevistadigital.com.ar\/blog\/wp-content\/uploads\/16558292113879.jpg?fit=1200%2C675&ssl=1&resize=350%2C200 1x, https:\/\/i0.wp.com\/larevistadigital.com.ar\/blog\/wp-content\/uploads\/16558292113879.jpg?fit=1200%2C675&ssl=1&resize=525%2C300 1.5x, https:\/\/i0.wp.com\/larevistadigital.com.ar\/blog\/wp-content\/uploads\/16558292113879.jpg?fit=1200%2C675&ssl=1&resize=700%2C400 2x, https:\/\/i0.wp.com\/larevistadigital.com.ar\/blog\/wp-content\/uploads\/16558292113879.jpg?fit=1200%2C675&ssl=1&resize=1050%2C600 3x"},"classes":[]},{"id":43513,"url":"https:\/\/larevistadigital.com.ar\/blog\/un-avion-tuvo-que-realizar-un-aterrizaje-de-emergencia-sobre-la-ruta-56\/","url_meta":{"origin":35162,"position":3},"title":"Un avi\u00f3n tuvo que realizar un aterrizaje de emergencia sobre la ruta 56","author":"Alejandro Sosa Ruda","date":"20 enero, 2026","format":false,"excerpt":"El incidente ocurri\u00f3 en a la altura del kil\u00f3metro 33, entre General Conesa y General Madariaga. El incidente dur\u00f3 poco tiempo y el tr\u00e1nsito se liber\u00f3 parcialmente con el accionar del personal de Seguridad Vial que se acerc\u00f3. 20 de enero de 2026 Una\u00a0avioneta\u00a0tuvo que aterrizar de emergencia sobre la\u2026","rel":"","context":"En \u00abINTERES GENERAL\u00bb","block_context":{"text":"INTERES GENERAL","link":"https:\/\/larevistadigital.com.ar\/blog\/category\/interes-general\/"},"img":{"alt_text":"","src":"https:\/\/i0.wp.com\/larevistadigital.com.ar\/blog\/wp-content\/uploads\/Captura-de-pantalla-2026-01-20-201338.jpg?fit=793%2C426&ssl=1&resize=350%2C200","width":350,"height":200,"srcset":"https:\/\/i0.wp.com\/larevistadigital.com.ar\/blog\/wp-content\/uploads\/Captura-de-pantalla-2026-01-20-201338.jpg?fit=793%2C426&ssl=1&resize=350%2C200 1x, https:\/\/i0.wp.com\/larevistadigital.com.ar\/blog\/wp-content\/uploads\/Captura-de-pantalla-2026-01-20-201338.jpg?fit=793%2C426&ssl=1&resize=525%2C300 1.5x, https:\/\/i0.wp.com\/larevistadigital.com.ar\/blog\/wp-content\/uploads\/Captura-de-pantalla-2026-01-20-201338.jpg?fit=793%2C426&ssl=1&resize=700%2C400 2x"},"classes":[]},{"id":10873,"url":"https:\/\/larevistadigital.com.ar\/blog\/amenaza-de-bomba-en-un-avion-en-ezeiza\/","url_meta":{"origin":35162,"position":4},"title":"AMENAZA DE BOMBA EN UN AVI\u00d3N EN EZEIZA","author":"Alejandro Sosa Ruda","date":"28 junio, 2019","format":false,"excerpt":"Se despleg\u00f3 un operativo de la PSA en la pista de aterrizaje. Un pasajero del vuelo de la compa\u00f1\u00eda Air France 229 amenaz\u00f3 al piloto cuando la aeronave estaba pr\u00f3xima a despegar esta mediod\u00eda del aeropuerto internacional de Ezeiza con destino a Par\u00eds, por lo que se activaron los protocolos\u2026","rel":"","context":"En \u00abDESTACADAS\u00bb","block_context":{"text":"DESTACADAS","link":"https:\/\/larevistadigital.com.ar\/blog\/category\/destacadas\/"},"img":{"alt_text":"","src":"https:\/\/i0.wp.com\/larevistadigital.com.ar\/blog\/wp-content\/uploads\/Airbus_A300B2-1C_Air_France_AN1091113.jpg?fit=1024%2C667&ssl=1&resize=350%2C200","width":350,"height":200,"srcset":"https:\/\/i0.wp.com\/larevistadigital.com.ar\/blog\/wp-content\/uploads\/Airbus_A300B2-1C_Air_France_AN1091113.jpg?fit=1024%2C667&ssl=1&resize=350%2C200 1x, https:\/\/i0.wp.com\/larevistadigital.com.ar\/blog\/wp-content\/uploads\/Airbus_A300B2-1C_Air_France_AN1091113.jpg?fit=1024%2C667&ssl=1&resize=525%2C300 1.5x, https:\/\/i0.wp.com\/larevistadigital.com.ar\/blog\/wp-content\/uploads\/Airbus_A300B2-1C_Air_France_AN1091113.jpg?fit=1024%2C667&ssl=1&resize=700%2C400 2x"},"classes":[]},{"id":24261,"url":"https:\/\/larevistadigital.com.ar\/blog\/peligro-de-intoxicacion-con-cianobacterias-en-la-laguna-de-gomez-en-junin\/","url_meta":{"origin":35162,"position":5},"title":"PEL\u00cdGRO DE INTOXICACI\u00d3N CON CIANOBACTERIAS EN LA LAGUNA DE G\u00d3MEZ EN JUNIN","author":"Alejandro Sosa Ruda","date":"28 febrero, 2022","format":false,"excerpt":"Los ministerios de Salud, Infraestructura, Seguridad y Ambiente de la Provincia de Buenos Aires, en conjunto con la Mesa Interinstitucional de Cianobacterias, alertaron a la comunidad, que en las \u00faltimas horas se detectaron cianobacterias en las aguas de la Laguna de G\u00f3mez- Bajada \u201cMar\u00eda Mar\u00eda\u201d, ubicada en el distrito de\u2026","rel":"","context":"En \u00abINTERES GENERAL\u00bb","block_context":{"text":"INTERES GENERAL","link":"https:\/\/larevistadigital.com.ar\/blog\/category\/interes-general\/"},"img":{"alt_text":"","src":"https:\/\/i0.wp.com\/larevistadigital.com.ar\/blog\/wp-content\/uploads\/20220227064939_laguna-gomez-cianobacterias-junin.jpg?fit=880%2C512&ssl=1&resize=350%2C200","width":350,"height":200,"srcset":"https:\/\/i0.wp.com\/larevistadigital.com.ar\/blog\/wp-content\/uploads\/20220227064939_laguna-gomez-cianobacterias-junin.jpg?fit=880%2C512&ssl=1&resize=350%2C200 1x, https:\/\/i0.wp.com\/larevistadigital.com.ar\/blog\/wp-content\/uploads\/20220227064939_laguna-gomez-cianobacterias-junin.jpg?fit=880%2C512&ssl=1&resize=525%2C300 1.5x, https:\/\/i0.wp.com\/larevistadigital.com.ar\/blog\/wp-content\/uploads\/20220227064939_laguna-gomez-cianobacterias-junin.jpg?fit=880%2C512&ssl=1&resize=700%2C400 2x"},"classes":[]}],"_links":{"self":[{"href":"https:\/\/larevistadigital.com.ar\/blog\/wp-json\/wp\/v2\/posts\/35162","targetHints":{"allow":["GET"]}}],"collection":[{"href":"https:\/\/larevistadigital.com.ar\/blog\/wp-json\/wp\/v2\/posts"}],"about":[{"href":"https:\/\/larevistadigital.com.ar\/blog\/wp-json\/wp\/v2\/types\/post"}],"author":[{"embeddable":true,"href":"https:\/\/larevistadigital.com.ar\/blog\/wp-json\/wp\/v2\/users\/3"}],"replies":[{"embeddable":true,"href":"https:\/\/larevistadigital.com.ar\/blog\/wp-json\/wp\/v2\/comments?post=35162"}],"version-history":[{"count":1,"href":"https:\/\/larevistadigital.com.ar\/blog\/wp-json\/wp\/v2\/posts\/35162\/revisions"}],"predecessor-version":[{"id":35164,"href":"https:\/\/larevistadigital.com.ar\/blog\/wp-json\/wp\/v2\/posts\/35162\/revisions\/35164"}],"wp:featuredmedia":[{"embeddable":true,"href":"https:\/\/larevistadigital.com.ar\/blog\/wp-json\/wp\/v2\/media\/35163"}],"wp:attachment":[{"href":"https:\/\/larevistadigital.com.ar\/blog\/wp-json\/wp\/v2\/media?parent=35162"}],"wp:term":[{"taxonomy":"category","embeddable":true,"href":"https:\/\/larevistadigital.com.ar\/blog\/wp-json\/wp\/v2\/categories?post=35162"},{"taxonomy":"post_tag","embeddable":true,"href":"https:\/\/larevistadigital.com.ar\/blog\/wp-json\/wp\/v2\/tags?post=35162"}],"curies":[{"name":"wp","href":"https:\/\/api.w.org\/{rel}","templated":true}]}}