{"id":35165,"date":"2024-02-05T20:33:22","date_gmt":"2024-02-05T23:33:22","guid":{"rendered":"https:\/\/larevistadigital.com.ar\/blog\/?p=35165"},"modified":"2024-02-05T20:33:22","modified_gmt":"2024-02-05T23:33:22","slug":"la-plata-como-no-pudo-matar-con-veneno-a-su-novio-decidio-apunalarlo","status":"publish","type":"post","link":"https:\/\/larevistadigital.com.ar\/blog\/la-plata-como-no-pudo-matar-con-veneno-a-su-novio-decidio-apunalarlo\/","title":{"rendered":"LA PLATA: COMO NO PUDO MATAR CON VENENO A SU NOVIO, DECIDI\u00d3 APU\u00d1ALARLO"},"content":{"rendered":"<h2>La v\u00edctima tiene 45 a\u00f1os y lleg\u00f3 a un hospital de La Plata con una gran herida en su pecho y signos de intoxicaci\u00f3n. Culpa a su novia de 36.<\/h2>\n<p>5 de febrero de 2023<\/p>\n<p><strong>LA PLATA\u00a0 \u00a0&#8211;\u00a0 Fue detenida<\/strong>\u00a0<strong>una mujer de 36 a\u00f1os\u00a0<\/strong>acusada de apu\u00f1alar a su novio luego de una discusi\u00f3n en la que el hombre la culpaba de haber intentado envenenarlo. Est\u00e1 internado en un hospital de <b>La Plata.<\/b><\/p>\n<div>\n<div id=\"Parallax\">El hecho ocurri\u00f3 en las \u00faltimas horas en una vivienda ubicada en 27 entre 156 y 157, en la localidad de<strong> Melchor Romero. <\/strong>Seg\u00fan informaron fuentes policiales, el hombre\u00a0<strong>lleg\u00f3 herido al nosocomio local, con un corte punzante a la altura del t\u00f3rax y con signos de intoxicaci\u00f3n.<\/strong><\/div>\n<\/div>\n<div>\n<article class=\"article-body article-body--third-paragraph\">\n<blockquote>\n<h3>Tras informar lo acontecido, las autoridades se dedicaron a ubicar a su pareja y efectivamente<strong>\u00a0la pudieron aprehender<\/strong>. Adem\u00e1s,<strong>\u00a0le secuestraron un cuchillo con manchas de sangre<\/strong>\u00a0con el que habr\u00eda apu\u00f1alado a su novio.<\/h3>\n<\/blockquote>\n<\/article>\n<article class=\"article-body article-body--fourth-paragraph\">A pesar de la gran herida, la v\u00edctima est\u00e1 actualmente\u00a0<strong>fuera de peligro<\/strong>. En paralelo, le realizan los estudios pertinentes para descubrir qu\u00e9 sustancia consumi\u00f3, la cual le gener\u00f3 el cuadro de intoxicaci\u00f3n.<\/p>\n<p>El caso qued\u00f3 caratulado como<strong>\u00a0\u00ablesiones graves\u00bb<\/strong>\u00a0mientras la Unidad Funcional de Instrucci\u00f3n (UFI) 16 investiga el hipot\u00e9tico intento de envenenamiento.<\/p>\n<\/article>\n<\/div>\n","protected":false},"excerpt":{"rendered":"<div class=\"mh-excerpt\"><p>La v\u00edctima tiene 45 a\u00f1os y lleg\u00f3 a un hospital de La Plata con una gran herida en su pecho y signos de intoxicaci\u00f3n. Culpa a su novia de 36. 5 de febrero de 2023 <a class=\"mh-excerpt-more\" href=\"https:\/\/larevistadigital.com.ar\/blog\/la-plata-como-no-pudo-matar-con-veneno-a-su-novio-decidio-apunalarlo\/\" title=\"LA PLATA: COMO NO PUDO MATAR CON VENENO A SU NOVIO, DECIDI\u00d3 APU\u00d1ALARLO\">[Leer M\u00e1s]<\/a><\/p>\n<\/div>","protected":false},"author":3,"featured_media":35166,"comment_status":"open","ping_status":"open","sticky":false,"template":"","format":"standard","meta":{"_jetpack_memberships_contains_paid_content":false,"footnotes":"","jetpack_publicize_message":"","jetpack_publicize_feature_enabled":true,"jetpack_social_post_already_shared":true,"jetpack_social_options":{"image_generator_settings":{"template":"highway","default_image_id":0,"font":"","enabled":false},"version":2}},"categories":[44,51],"tags":[],"class_list":{"0":"post-35165","1":"post","2":"type-post","3":"status-publish","4":"format-standard","5":"has-post-thumbnail","7":"category-policiales","8":"category-regionales"},"jetpack_publicize_connections":[],"jetpack_featured_media_url":"https:\/\/i0.wp.com\/larevistadigital.com.ar\/blog\/wp-content\/uploads\/Captura-de-pantalla-2024-02-05-202336.png?fit=906%2C508&ssl=1","jetpack_sharing_enabled":true,"jetpack_shortlink":"https:\/\/wp.me\/p8qtrQ-99b","jetpack-related-posts":[{"id":32899,"url":"https:\/\/larevistadigital.com.ar\/blog\/la-plata-conmocion-discutio-con-el-novio-de-su-hija-y-le-pego-un-tiro\/","url_meta":{"origin":35165,"position":0},"title":"LA PLATA: CONMOCI\u00d3N. DISCUTI\u00d3 CON EL NOVIO DE SU HIJA Y LE PEG\u00d3 UN TIRO.","author":"Alejandro Sosa Ruda","date":"16 agosto, 2023","format":false,"excerpt":"Las autoridades informaron que la bala impact\u00f3 en el muslo derecho de la v\u00edctima de 24 a\u00f1os. El joven fue trasladado a un hospital y est\u00e1 fuera de peligro. 16 de agosto de 2023 LA PLATA -\u00a0 La Polic\u00eda detuvo a un hombre que est\u00e1 acusado de\u00a0balear a la pareja\u2026","rel":"","context":"En \u00abPOLICIALES\u00bb","block_context":{"text":"POLICIALES","link":"https:\/\/larevistadigital.com.ar\/blog\/category\/policiales\/"},"img":{"alt_text":"","src":"https:\/\/i0.wp.com\/larevistadigital.com.ar\/blog\/wp-content\/uploads\/1586465615052.jpg?fit=1200%2C594&ssl=1&resize=350%2C200","width":350,"height":200,"srcset":"https:\/\/i0.wp.com\/larevistadigital.com.ar\/blog\/wp-content\/uploads\/1586465615052.jpg?fit=1200%2C594&ssl=1&resize=350%2C200 1x, https:\/\/i0.wp.com\/larevistadigital.com.ar\/blog\/wp-content\/uploads\/1586465615052.jpg?fit=1200%2C594&ssl=1&resize=525%2C300 1.5x, https:\/\/i0.wp.com\/larevistadigital.com.ar\/blog\/wp-content\/uploads\/1586465615052.jpg?fit=1200%2C594&ssl=1&resize=700%2C400 2x, https:\/\/i0.wp.com\/larevistadigital.com.ar\/blog\/wp-content\/uploads\/1586465615052.jpg?fit=1200%2C594&ssl=1&resize=1050%2C600 3x"},"classes":[]},{"id":13105,"url":"https:\/\/larevistadigital.com.ar\/blog\/la-plata-muere-nena-de-4-anos-en-accidente\/","url_meta":{"origin":35165,"position":1},"title":"LA PLATA: MUERE NENA DE 4 A\u00d1OS EN ACCIDENTE","author":"Alejandro Sosa Ruda","date":"7 noviembre, 2019","format":false,"excerpt":"Sucedi\u00f3 esta madrugada, en La Plata. Viajaba junto a su pap\u00e1 y su mam\u00e1 cuando el auto perdi\u00f3 el control y termin\u00f3 contra las rejas de una vivienda. El accidente se produjo alrededor de las 3:30 en la avenida 44 y 157 (en el oeste de la ciudad de La\u2026","rel":"","context":"En \u00abPOLICIALES\u00bb","block_context":{"text":"POLICIALES","link":"https:\/\/larevistadigital.com.ar\/blog\/category\/policiales\/"},"img":{"alt_text":"","src":"https:\/\/i0.wp.com\/larevistadigital.com.ar\/blog\/wp-content\/uploads\/a828ba3b5dd789f33232d191fb12dd290352d9c5.jpg?fit=1140%2C759&ssl=1&resize=350%2C200","width":350,"height":200,"srcset":"https:\/\/i0.wp.com\/larevistadigital.com.ar\/blog\/wp-content\/uploads\/a828ba3b5dd789f33232d191fb12dd290352d9c5.jpg?fit=1140%2C759&ssl=1&resize=350%2C200 1x, https:\/\/i0.wp.com\/larevistadigital.com.ar\/blog\/wp-content\/uploads\/a828ba3b5dd789f33232d191fb12dd290352d9c5.jpg?fit=1140%2C759&ssl=1&resize=525%2C300 1.5x, https:\/\/i0.wp.com\/larevistadigital.com.ar\/blog\/wp-content\/uploads\/a828ba3b5dd789f33232d191fb12dd290352d9c5.jpg?fit=1140%2C759&ssl=1&resize=700%2C400 2x, https:\/\/i0.wp.com\/larevistadigital.com.ar\/blog\/wp-content\/uploads\/a828ba3b5dd789f33232d191fb12dd290352d9c5.jpg?fit=1140%2C759&ssl=1&resize=1050%2C600 3x"},"classes":[]},{"id":33437,"url":"https:\/\/larevistadigital.com.ar\/blog\/mar-del-plata-apunalo-a-su-primo-con-un-destornillador\/","url_meta":{"origin":35165,"position":2},"title":"MAR DEL PLATA: APU\u00d1AL\u00d3 A SU PRIMO CON UN DESTORNILLADOR","author":"Alejandro Sosa Ruda","date":"11 septiembre, 2023","format":false,"excerpt":"El agresor de 27 a\u00f1os qued\u00f3 alojado en la Unidad Pena N\u00b044 de Bat\u00e1n imputado de homicidio en grado de tentativa. 11 de septiembre de 2023 MAR DEL PLATA -\u00a0 Un hombre de 27 a\u00f1os que el lunes por la tarde, apu\u00f1al\u00f3 con un destornillador a su primo fue aprehendido\u2026","rel":"","context":"En \u00abPOLICIALES\u00bb","block_context":{"text":"POLICIALES","link":"https:\/\/larevistadigital.com.ar\/blog\/category\/policiales\/"},"img":{"alt_text":"","src":"https:\/\/i0.wp.com\/larevistadigital.com.ar\/blog\/wp-content\/uploads\/Captura-de-pantalla-2023-09-11-232500.png?fit=795%2C437&ssl=1&resize=350%2C200","width":350,"height":200,"srcset":"https:\/\/i0.wp.com\/larevistadigital.com.ar\/blog\/wp-content\/uploads\/Captura-de-pantalla-2023-09-11-232500.png?fit=795%2C437&ssl=1&resize=350%2C200 1x, https:\/\/i0.wp.com\/larevistadigital.com.ar\/blog\/wp-content\/uploads\/Captura-de-pantalla-2023-09-11-232500.png?fit=795%2C437&ssl=1&resize=525%2C300 1.5x, https:\/\/i0.wp.com\/larevistadigital.com.ar\/blog\/wp-content\/uploads\/Captura-de-pantalla-2023-09-11-232500.png?fit=795%2C437&ssl=1&resize=700%2C400 2x"},"classes":[]},{"id":35402,"url":"https:\/\/larevistadigital.com.ar\/blog\/la-plata-doble-homicidio-sangriento-un-hombre-mato-a-una-nena-de-11-anos-e-hirio-a-la-mama-que-a-su-vez-lo-asesino-a-tiros\/","url_meta":{"origin":35165,"position":3},"title":"LA PLATA: DOBLE HOMICIDIO SANGRIENTO. UN HOMBRE MAT\u00d3 A UNA NENA DE 11 A\u00d1OS E HIRI\u00d3 A LA MAM\u00c1, QUE A SU VEZ LO ASESIN\u00d3 A TIROS","author":"Alejandro Sosa Ruda","date":"7 marzo, 2024","format":false,"excerpt":"El asesino irrumpi\u00f3 en la casa de su expareja y comenz\u00f3 a dispararle a ella, la peque\u00f1a y el actual novio de la mujer, quien le quit\u00f3 el arma y lo mat\u00f3. 6 de marzo de 2024 LA PLATA -\u00a0 \"Un brutal ataque en La Plata se convirti\u00f3 en tragedia\u2026","rel":"","context":"En \u00abINTERES GENERAL\u00bb","block_context":{"text":"INTERES GENERAL","link":"https:\/\/larevistadigital.com.ar\/blog\/category\/interes-general\/"},"img":{"alt_text":"","src":"https:\/\/i0.wp.com\/larevistadigital.com.ar\/blog\/wp-content\/uploads\/Captura-de-pantalla-2024-03-06-090715.png?fit=895%2C401&ssl=1&resize=350%2C200","width":350,"height":200,"srcset":"https:\/\/i0.wp.com\/larevistadigital.com.ar\/blog\/wp-content\/uploads\/Captura-de-pantalla-2024-03-06-090715.png?fit=895%2C401&ssl=1&resize=350%2C200 1x, https:\/\/i0.wp.com\/larevistadigital.com.ar\/blog\/wp-content\/uploads\/Captura-de-pantalla-2024-03-06-090715.png?fit=895%2C401&ssl=1&resize=525%2C300 1.5x, https:\/\/i0.wp.com\/larevistadigital.com.ar\/blog\/wp-content\/uploads\/Captura-de-pantalla-2024-03-06-090715.png?fit=895%2C401&ssl=1&resize=700%2C400 2x"},"classes":[]},{"id":2574,"url":"https:\/\/larevistadigital.com.ar\/blog\/jubilado-se-pego-un-tiro-en-anses\/","url_meta":{"origin":35165,"position":4},"title":"JUBILADO SE PEG\u00d3 UN TIRO EN ANSES","author":"Alejandro Sosa Ruda","date":"29 junio, 2017","format":false,"excerpt":"LAS IM\u00c1GENES PUEDEN HERIR LA SENSIBILIDAD DE LOS LECTORES Un\u00a0jubilado de unos 90 a\u00f1os\u00a0ingres\u00f3 a la\u00a0Udai de Anses\u00a0ubicada en la avenida\u00a0Independencia entre Avellaneda y San Lorenzo \u00a0de la ciudad de Mar del Plata\u00a0\u00a0y se\u00a0peg\u00f3 un tiro.\u00a0Una ambulancia lleg\u00f3 r\u00e1pidamente al lugar y el hombre fue trasladado al Hospital Interzonal General\u2026","rel":"","context":"En \u00abDESTACADAS\u00bb","block_context":{"text":"DESTACADAS","link":"https:\/\/larevistadigital.com.ar\/blog\/category\/destacadas\/"},"img":{"alt_text":"","src":"https:\/\/i0.wp.com\/larevistadigital.com.ar\/blog\/wp-content\/uploads\/2017\/06\/1498748240770.jpeg?fit=945%2C576&ssl=1&resize=350%2C200","width":350,"height":200,"srcset":"https:\/\/i0.wp.com\/larevistadigital.com.ar\/blog\/wp-content\/uploads\/2017\/06\/1498748240770.jpeg?fit=945%2C576&ssl=1&resize=350%2C200 1x, https:\/\/i0.wp.com\/larevistadigital.com.ar\/blog\/wp-content\/uploads\/2017\/06\/1498748240770.jpeg?fit=945%2C576&ssl=1&resize=525%2C300 1.5x, https:\/\/i0.wp.com\/larevistadigital.com.ar\/blog\/wp-content\/uploads\/2017\/06\/1498748240770.jpeg?fit=945%2C576&ssl=1&resize=700%2C400 2x"},"classes":[]},{"id":31228,"url":"https:\/\/larevistadigital.com.ar\/blog\/la-plata-se-atrinchero-con-su-hija-de-2-anos-no-entren-porque-hago-un-desastre\/","url_meta":{"origin":35165,"position":5},"title":"LA PLATA: SE ATRINCHER\u00d3 CON SU HIJA DE 2 A\u00d1OS \u00abNO ENTREN, PORQUE HAGO UN DESASTRE\u00bb","author":"Alejandro Sosa Ruda","date":"24 abril, 2023","format":false,"excerpt":"Ocurri\u00f3 este lunes por la tarde en Ringuelet. La nena est\u00e1 sana y salva. Antes, el acusado\u00a0hab\u00eda golpeado a su pareja y a su hijo de 9 a\u00f1os. 24 de abril de 2023 LA PLATA -\u00a0 Un joven de 27 a\u00f1os se atrincher\u00f3 en su casa junto a su hija\u2026","rel":"","context":"En \u00abPOLICIALES\u00bb","block_context":{"text":"POLICIALES","link":"https:\/\/larevistadigital.com.ar\/blog\/category\/policiales\/"},"img":{"alt_text":"","src":"https:\/\/i0.wp.com\/larevistadigital.com.ar\/blog\/wp-content\/uploads\/1543360457856.jpg?fit=1200%2C594&ssl=1&resize=350%2C200","width":350,"height":200,"srcset":"https:\/\/i0.wp.com\/larevistadigital.com.ar\/blog\/wp-content\/uploads\/1543360457856.jpg?fit=1200%2C594&ssl=1&resize=350%2C200 1x, https:\/\/i0.wp.com\/larevistadigital.com.ar\/blog\/wp-content\/uploads\/1543360457856.jpg?fit=1200%2C594&ssl=1&resize=525%2C300 1.5x, https:\/\/i0.wp.com\/larevistadigital.com.ar\/blog\/wp-content\/uploads\/1543360457856.jpg?fit=1200%2C594&ssl=1&resize=700%2C400 2x, https:\/\/i0.wp.com\/larevistadigital.com.ar\/blog\/wp-content\/uploads\/1543360457856.jpg?fit=1200%2C594&ssl=1&resize=1050%2C600 3x"},"classes":[]}],"_links":{"self":[{"href":"https:\/\/larevistadigital.com.ar\/blog\/wp-json\/wp\/v2\/posts\/35165","targetHints":{"allow":["GET"]}}],"collection":[{"href":"https:\/\/larevistadigital.com.ar\/blog\/wp-json\/wp\/v2\/posts"}],"about":[{"href":"https:\/\/larevistadigital.com.ar\/blog\/wp-json\/wp\/v2\/types\/post"}],"author":[{"embeddable":true,"href":"https:\/\/larevistadigital.com.ar\/blog\/wp-json\/wp\/v2\/users\/3"}],"replies":[{"embeddable":true,"href":"https:\/\/larevistadigital.com.ar\/blog\/wp-json\/wp\/v2\/comments?post=35165"}],"version-history":[{"count":1,"href":"https:\/\/larevistadigital.com.ar\/blog\/wp-json\/wp\/v2\/posts\/35165\/revisions"}],"predecessor-version":[{"id":35167,"href":"https:\/\/larevistadigital.com.ar\/blog\/wp-json\/wp\/v2\/posts\/35165\/revisions\/35167"}],"wp:featuredmedia":[{"embeddable":true,"href":"https:\/\/larevistadigital.com.ar\/blog\/wp-json\/wp\/v2\/media\/35166"}],"wp:attachment":[{"href":"https:\/\/larevistadigital.com.ar\/blog\/wp-json\/wp\/v2\/media?parent=35165"}],"wp:term":[{"taxonomy":"category","embeddable":true,"href":"https:\/\/larevistadigital.com.ar\/blog\/wp-json\/wp\/v2\/categories?post=35165"},{"taxonomy":"post_tag","embeddable":true,"href":"https:\/\/larevistadigital.com.ar\/blog\/wp-json\/wp\/v2\/tags?post=35165"}],"curies":[{"name":"wp","href":"https:\/\/api.w.org\/{rel}","templated":true}]}}