{"id":35168,"date":"2024-02-05T21:14:42","date_gmt":"2024-02-06T00:14:42","guid":{"rendered":"https:\/\/larevistadigital.com.ar\/blog\/?p=35168"},"modified":"2024-02-05T21:14:42","modified_gmt":"2024-02-06T00:14:42","slug":"mar-del-plata-matan-a-un-hombre-de-un-disparo-en-pleno-centro-cuando-regresaba-de-bailar-con-amigos","status":"publish","type":"post","link":"https:\/\/larevistadigital.com.ar\/blog\/mar-del-plata-matan-a-un-hombre-de-un-disparo-en-pleno-centro-cuando-regresaba-de-bailar-con-amigos\/","title":{"rendered":"MAR DEL PLATA: MATAN A UN HOMBRE DE UN DISPARO EN PLENO CENTRO, CUANDO REGRESABA DE BAILAR CON AMIGOS"},"content":{"rendered":"<div class=\"NoteHeader_topContent__B4_4L\">\n<div class=\"NoteCoverImage_copete__VwAAE\">\n<h2>La v\u00edctima es oriunda de Moreno. Iban a bordo de una camioneta cuando los atacaron desde dos motocicletas. \u00abEst\u00e1 descartado que se haya tratado de un hecho de inseguridad. Por ahora esto es un misterio\u00bb, asegur\u00f3 uno de los investigadores. Los detalles del hecho.<\/h2>\n<p>5 de febrero de 2023<\/p>\n<p><strong>MAR DEL PLATA &#8211;\u00a0 <\/strong>Un turista de 42 a\u00f1os fue asesinado durante la madrugada de este lunes al recibir un balazo en la cabeza. El hecho se produjo cuando el hombre sal\u00eda de un boliche de la zona c\u00e9ntrica de la ciudad de Mar del Plata y desde una moto dispararon contra la camioneta en la que se trasladaba, informaron hoy fuentes policiales.<\/p>\n<\/div>\n<p>Los investigadores procuraban determinar la causa del ataque y\u00a0<strong>una de las pistas que trabajan apunta a una frase que uno de los amigos del baleado les habr\u00eda dicho a los tripulantes de una de las motos desde la que efectuaron el disparo<\/strong>, a\u00f1adieron los voceros consultados por la Agencia T\u00e9lam.<\/p>\n<blockquote>\n<h3><strong>La v\u00edctima fue identificada por las fuentes como Mauricio Alejandro Grasso<\/strong>\u00a0(42), quien era\u00a0<strong>oriundo\u00a0<\/strong>del partido bonaerense de\u00a0<strong>Moreno\u00a0<\/strong>y se hallaba vacacionando con amigos en la ciudad balnearia.<\/h3>\n<\/blockquote>\n<p>El crimen ocurri\u00f3 alrededor de las 4.00 de la madrugada, luego de que Grasso y tres amigos, dos hombres y una mujer,\u00a0<strong>salieron del local bailable \u00abMomentos\u00bb<\/strong>, ubicado en las calles Bol\u00edvar y Santa Fe, a metros de la Plaza Col\u00f3n, en pleno centro marplatense.<\/p>\n<blockquote>\n<h3>Las cuatro personas circulaban en una camioneta Toyota Hilux por el cruce de las calles 20 de Septiembre y Moreno, a unos dos kil\u00f3metros del boliche, cuando se cruzaron con cuatro personas a bordo de dos motocicletas.<\/h3>\n<\/blockquote>\n<\/div>\n<div class=\"NoteHeader_bottomContent__E51dc\">\n<div class=\"NoteHeader_socialMedia__rVOqT\">\n<div class=\"d-flex alg-items-cntr \">\n<div class=\"SocialMedia_icon__BVx7w \">\n<p>Seg\u00fan lo que los investigadores reconstruyeron en base al relato de los testigos,<strong>\u00a0las motos estaban haciendo \u00abcortes\u00bb, por lo que cuando pasaron junto a ellos, la persona que iba sentada en el lado del acompa\u00f1ante de la camioneta les dijo a trav\u00e9s de la ventanilla: \u00abBien ah\u00ed, rey\u00bb<\/strong>.<\/p>\n<blockquote>\n<h3>Siempre seg\u00fan los dichos de testigos, tras ello, y por causas que se investigan,\u00a0<strong>uno de los ocupantes de una de las motos extrajo de entre sus ropas un arma de fuego y dispar\u00f3\u00a0<\/strong>con direcci\u00f3n a la Toyota Hilux.<\/h3>\n<\/blockquote>\n<p>Los amigos que viajaban en la camioneta se percataron instantes despu\u00e9s de ver el arma que Grasso hab\u00eda sido alcanzado por una bala en la cabeza al verlo herido en el asiento trasero derecho del veh\u00edculo.<\/p>\n<blockquote>\n<h3><strong><em>\u00abFue un \u00fanico disparo con un arma calibre 9 mil\u00edmetros.\u00a0Est\u00e1 descartado que se haya tratado de un hecho de inseguridad. Por ahora esto es un misterio\u00bb<\/em><\/strong>, dijo a T\u00e9lam un investigador consultado.<\/h3>\n<\/blockquote>\n<p>Tras el ataque, la v\u00edctima fue asistida en primer t\u00e9rmino por personal de la Unidad Policial de Prevenci\u00f3n Local, pero ante la llegada de los m\u00e9dicos del Sistema de Atenci\u00f3n M\u00e9dica de Emergencias (SAME), se constat\u00f3 que ya hab\u00eda fallecido.<\/p>\n<blockquote>\n<h3>En la causa, caratulada \u00abhomicidio\u00bb,\u00a0<strong>tom\u00f3 intervenci\u00f3n la fiscal Florencia Salas, de la Unidad Funcional de Instrucci\u00f3n (UFI) 1 en turno en Mar del Plata<\/strong>, quien orden\u00f3 a la polic\u00eda que se realicen diversas tareas investigativas para obtener m\u00e1s detalles de lo ocurrido e individualizar al autor del hecho.<\/h3>\n<\/blockquote>\n<p>Adem\u00e1s, instruy\u00f3 a los peritos de la Polic\u00eda Cient\u00edfica para que realicen en la escena los peritajes correspondientes. En tanto, se contin\u00faa buscando intensamente a los agresores que escaparon a toda velocidad luego del disparo.<\/p>\n<p>Para poder obtener alguna informaci\u00f3n sobre los sospechosos, los investigadores procuraban dar con alguna imagen que haya sido registrada por c\u00e1maras de seguridad de locales comerciales, de edificios y viviendas de la zona y hasta del Centro de Documentaci\u00f3n R\u00e1pida (CDR) del Registro Nacional de las Personas, ubicado a solo a 50 metros de donde ocurri\u00f3 el homicidio, aunque hasta el momento no se pudo dar con material preciso.<\/p>\n<blockquote>\n<h3>Los investigadores confirmaron a T\u00e9lam que los conductores de las dos motocicletas involucradas en el hecho eran hombres y que se intentaba determinar si quienes viajaban como acompa\u00f1antes en ellas eran mujeres o varones.<\/h3>\n<\/blockquote>\n<p>Para avanzar en la causa, se aguardaban tambi\u00e9n las declaraciones de los amigos de la v\u00edctima en la sede judicial, al tiempo que se trabajaba para dar con otros testigos presenciales del hecho y de la huida de los agresores.<\/p>\n<blockquote>\n<h3>En tanto, la fiscal Salas esperaba para las pr\u00f3ximas horas el resultado de la operaci\u00f3n de autopsia al cuerpo de Grasso, que se realizar\u00e1 en el transcurso de la jornada en la morgue judicial del Departamento Judicial de Mar del Plata.<\/h3>\n<\/blockquote>\n<p>El crimen de Grasso\u00a0<strong>es el quinto homicidio doloso cometido en la ciudad de Mar del Plata en lo que va del 2024,<\/strong>\u00a0seg\u00fan el relevamiento de casos realizado por T\u00e9lam en base a los hechos dados a conocer por fuentes policiales y judiciales.<\/p>\n<\/div>\n<\/div>\n<\/div>\n<\/div>\n","protected":false},"excerpt":{"rendered":"<div class=\"mh-excerpt\"><p>La v\u00edctima es oriunda de Moreno. Iban a bordo de una camioneta cuando los atacaron desde dos motocicletas. \u00abEst\u00e1 descartado que se haya tratado de un hecho de inseguridad. Por ahora esto es un misterio\u00bb, <a class=\"mh-excerpt-more\" href=\"https:\/\/larevistadigital.com.ar\/blog\/mar-del-plata-matan-a-un-hombre-de-un-disparo-en-pleno-centro-cuando-regresaba-de-bailar-con-amigos\/\" title=\"MAR DEL PLATA: MATAN A UN HOMBRE DE UN DISPARO EN PLENO CENTRO, CUANDO REGRESABA DE BAILAR CON AMIGOS\">[Leer M\u00e1s]<\/a><\/p>\n<\/div>","protected":false},"author":3,"featured_media":35169,"comment_status":"open","ping_status":"open","sticky":false,"template":"","format":"standard","meta":{"_jetpack_memberships_contains_paid_content":false,"footnotes":"","jetpack_publicize_message":"","jetpack_publicize_feature_enabled":true,"jetpack_social_post_already_shared":true,"jetpack_social_options":{"image_generator_settings":{"template":"highway","default_image_id":0,"font":"","enabled":false},"version":2}},"categories":[44,51],"tags":[],"class_list":{"0":"post-35168","1":"post","2":"type-post","3":"status-publish","4":"format-standard","5":"has-post-thumbnail","7":"category-policiales","8":"category-regionales"},"jetpack_publicize_connections":[],"jetpack_featured_media_url":"https:\/\/i0.wp.com\/larevistadigital.com.ar\/blog\/wp-content\/uploads\/Captura-de-pantalla-2024-02-05-211335.png?fit=1094%2C523&ssl=1","jetpack_sharing_enabled":true,"jetpack_shortlink":"https:\/\/wp.me\/p8qtrQ-99e","jetpack-related-posts":[{"id":42553,"url":"https:\/\/larevistadigital.com.ar\/blog\/persecucion-tiros-y-dos-detenidos-tras-el-robo-de-una-camioneta-en-mar-del-plata\/","url_meta":{"origin":35168,"position":0},"title":"Persecuci\u00f3n, tiros y dos detenidos tras el robo de una camioneta en Mar del Plata","author":"Alejandro Sosa Ruda","date":"20 noviembre, 2025","format":false,"excerpt":"La polic\u00eda recuper\u00f3 una Jeep sustra\u00edda en pleno centro marplatense luego de una intensa persecuci\u00f3n que dej\u00f3 a dos sospechosos detenidos y otros dos pr\u00f3fugos. El conductor asaltado habr\u00eda resultado herido. 20 de Noviembre de 2025 MAR DEL PLATA\u00a0 -\u00a0 \u00a0 Una incre\u00edble secuencia policial se registr\u00f3 este jueves por\u2026","rel":"","context":"En \u00abPOLICIALES\u00bb","block_context":{"text":"POLICIALES","link":"https:\/\/larevistadigital.com.ar\/blog\/category\/policiales\/"},"img":{"alt_text":"","src":"https:\/\/i0.wp.com\/larevistadigital.com.ar\/blog\/wp-content\/uploads\/Captura-de-pantalla-2025-11-20-185838.jpg?fit=723%2C414&ssl=1&resize=350%2C200","width":350,"height":200,"srcset":"https:\/\/i0.wp.com\/larevistadigital.com.ar\/blog\/wp-content\/uploads\/Captura-de-pantalla-2025-11-20-185838.jpg?fit=723%2C414&ssl=1&resize=350%2C200 1x, https:\/\/i0.wp.com\/larevistadigital.com.ar\/blog\/wp-content\/uploads\/Captura-de-pantalla-2025-11-20-185838.jpg?fit=723%2C414&ssl=1&resize=525%2C300 1.5x, https:\/\/i0.wp.com\/larevistadigital.com.ar\/blog\/wp-content\/uploads\/Captura-de-pantalla-2025-11-20-185838.jpg?fit=723%2C414&ssl=1&resize=700%2C400 2x"},"classes":[]},{"id":31834,"url":"https:\/\/larevistadigital.com.ar\/blog\/mar-del-plata-simulando-ser-policias-detuvieron-una-camioneta-y-robaron-22-mil-dolares\/","url_meta":{"origin":35168,"position":1},"title":"MAR DEL PLATA: SIMULANDO SER POLIC\u00cdAS, DETUVIERON UNA CAMIONETA Y ROBARON 22 MIL D\u00d3LARES.","author":"Alejandro Sosa Ruda","date":"31 mayo, 2023","format":false,"excerpt":"Sucedi\u00f3 el martes a la noche. Fue v\u00edctima una familia boliviana. 31 de mayo de 2023 MAR DEL PLATA -\u00a0 Una familia boliviana fue v\u00edctima de un robo mientras se desplazaba en una camioneta Toyota Hilux, cuando fueron abordados por individuos que se hac\u00edan pasar por agentes de polic\u00eda en\u2026","rel":"","context":"En \u00abPOLICIALES\u00bb","block_context":{"text":"POLICIALES","link":"https:\/\/larevistadigital.com.ar\/blog\/category\/policiales\/"},"img":{"alt_text":"","src":"https:\/\/i0.wp.com\/larevistadigital.com.ar\/blog\/wp-content\/uploads\/Captura-de-pantalla-2023-05-31-120450.jpg?fit=725%2C406&ssl=1&resize=350%2C200","width":350,"height":200,"srcset":"https:\/\/i0.wp.com\/larevistadigital.com.ar\/blog\/wp-content\/uploads\/Captura-de-pantalla-2023-05-31-120450.jpg?fit=725%2C406&ssl=1&resize=350%2C200 1x, https:\/\/i0.wp.com\/larevistadigital.com.ar\/blog\/wp-content\/uploads\/Captura-de-pantalla-2023-05-31-120450.jpg?fit=725%2C406&ssl=1&resize=525%2C300 1.5x, https:\/\/i0.wp.com\/larevistadigital.com.ar\/blog\/wp-content\/uploads\/Captura-de-pantalla-2023-05-31-120450.jpg?fit=725%2C406&ssl=1&resize=700%2C400 2x"},"classes":[]},{"id":20696,"url":"https:\/\/larevistadigital.com.ar\/blog\/la-plata-roban-casi-un-millon-de-pesos-de-una-camioneta\/","url_meta":{"origin":35168,"position":2},"title":"LA PLATA: ROBAN CASI UN MILL\u00d3N DE PESOS DE UNA CAMIONETA","author":"Alejandro Sosa Ruda","date":"9 junio, 2021","format":false,"excerpt":"Los delincuentes se trasladaban en un auto descapotable de alta gama. Hay testigos del hecho y ahora buscan intensamente. LA PLATA - Un particular y extra\u00f1o episodio se produjo durante las \u00faltimas horas en La Plata, cuando un grupo de ladrones accionaron contra una camioneta que se encontraba estacionada, rompieron\u2026","rel":"","context":"En \u00abPOLICIALES\u00bb","block_context":{"text":"POLICIALES","link":"https:\/\/larevistadigital.com.ar\/blog\/category\/policiales\/"},"img":{"alt_text":"","src":"https:\/\/i0.wp.com\/larevistadigital.com.ar\/blog\/wp-content\/uploads\/1584137425749.jpg?fit=1200%2C797&ssl=1&resize=350%2C200","width":350,"height":200,"srcset":"https:\/\/i0.wp.com\/larevistadigital.com.ar\/blog\/wp-content\/uploads\/1584137425749.jpg?fit=1200%2C797&ssl=1&resize=350%2C200 1x, https:\/\/i0.wp.com\/larevistadigital.com.ar\/blog\/wp-content\/uploads\/1584137425749.jpg?fit=1200%2C797&ssl=1&resize=525%2C300 1.5x, https:\/\/i0.wp.com\/larevistadigital.com.ar\/blog\/wp-content\/uploads\/1584137425749.jpg?fit=1200%2C797&ssl=1&resize=700%2C400 2x, https:\/\/i0.wp.com\/larevistadigital.com.ar\/blog\/wp-content\/uploads\/1584137425749.jpg?fit=1200%2C797&ssl=1&resize=1050%2C600 3x"},"classes":[]},{"id":23103,"url":"https:\/\/larevistadigital.com.ar\/blog\/mar-del-plata-se-ahogo-un-hombre-en-uno-de-los-balnearios-de-punta-mogotes\/","url_meta":{"origin":35168,"position":3},"title":"MAR DEL PLATA: SE AHOG\u00d3 UN HOMBRE EN UNO DE LOS BALNEARIOS DE PUNTA MOGOTES","author":"Alejandro Sosa Ruda","date":"29 diciembre, 2021","format":false,"excerpt":"Era un hombre de aproximadamente 70 a\u00f1os que se hallaba en la zona p\u00fablica cercana al balneario N\u00b05 de Mogotes. MAR DEL PLATA -\u00a0 Un hombre de avanzada edad falleci\u00f3 esta tarde ahogado en uno de los balnearios de Punta Mogotes en circunstancias que ahora investigan las autoridades judiciales y\u2026","rel":"","context":"En \u00abPOLICIALES\u00bb","block_context":{"text":"POLICIALES","link":"https:\/\/larevistadigital.com.ar\/blog\/category\/policiales\/"},"img":{"alt_text":"","src":"https:\/\/i0.wp.com\/larevistadigital.com.ar\/blog\/wp-content\/uploads\/punta-mogotes-1.jpg?fit=1010%2C615&ssl=1&resize=350%2C200","width":350,"height":200,"srcset":"https:\/\/i0.wp.com\/larevistadigital.com.ar\/blog\/wp-content\/uploads\/punta-mogotes-1.jpg?fit=1010%2C615&ssl=1&resize=350%2C200 1x, https:\/\/i0.wp.com\/larevistadigital.com.ar\/blog\/wp-content\/uploads\/punta-mogotes-1.jpg?fit=1010%2C615&ssl=1&resize=525%2C300 1.5x, https:\/\/i0.wp.com\/larevistadigital.com.ar\/blog\/wp-content\/uploads\/punta-mogotes-1.jpg?fit=1010%2C615&ssl=1&resize=700%2C400 2x"},"classes":[]},{"id":19727,"url":"https:\/\/larevistadigital.com.ar\/blog\/coloco-alambre-electrificado-para-proteger-sus-plantas-de-marihuana-murio-electrocutado\/","url_meta":{"origin":35168,"position":4},"title":"COLOC\u00d3 ALAMBRE ELECTRIFICADO PARA PROTEGER SUS PLANTAS DE MARIHUANA. MURI\u00d3 ELECTROCUTADO","author":"Alejandro Sosa Ruda","date":"19 abril, 2021","format":false,"excerpt":"El hecho ocurri\u00f3 en una vivienda del barrio General San Mart\u00edn. Dos amigos de la v\u00edctima lo cargaron en una camioneta para llevarlo a un centro asistencial, pero no pudieron salvarlo. MAR DEL PLATA - Un tr\u00e1gico episodio se produjo el domingo por la noche en una vivienda del\u00a0barrio General\u2026","rel":"","context":"En \u00abPOLICIALES\u00bb","block_context":{"text":"POLICIALES","link":"https:\/\/larevistadigital.com.ar\/blog\/category\/policiales\/"},"img":{"alt_text":"","src":"https:\/\/i0.wp.com\/larevistadigital.com.ar\/blog\/wp-content\/uploads\/PLANTAS-SECUESTRADAS.png?fit=1000%2C565&ssl=1&resize=350%2C200","width":350,"height":200,"srcset":"https:\/\/i0.wp.com\/larevistadigital.com.ar\/blog\/wp-content\/uploads\/PLANTAS-SECUESTRADAS.png?fit=1000%2C565&ssl=1&resize=350%2C200 1x, https:\/\/i0.wp.com\/larevistadigital.com.ar\/blog\/wp-content\/uploads\/PLANTAS-SECUESTRADAS.png?fit=1000%2C565&ssl=1&resize=525%2C300 1.5x, https:\/\/i0.wp.com\/larevistadigital.com.ar\/blog\/wp-content\/uploads\/PLANTAS-SECUESTRADAS.png?fit=1000%2C565&ssl=1&resize=700%2C400 2x"},"classes":[]},{"id":18604,"url":"https:\/\/larevistadigital.com.ar\/blog\/mar-del-plata-asesinan-de-un-tiro-en-la-cabeza-a-musico-cuando-bajaba-de-su-camioneta\/","url_meta":{"origin":35168,"position":5},"title":"MAR DEL PLATA: ASESINAN DE UN TIRO EN LA CABEZA A MUSICO CUANDO BAJABA DE SU CAMIONETA","author":"Alejandro Sosa Ruda","date":"14 enero, 2021","format":false,"excerpt":"Se trata de un hombre de 58 a\u00f1os que fue herido de un disparo en Gasc\u00f3n y Jujuy. Se desconocen las circunstancias del ataque y en un principio no se descarta la hip\u00f3tesis de un intento de robo. MAR DEL PLATA - Un m\u00fasico de 58 a\u00f1os oriundo de la\u2026","rel":"","context":"En \u00abPOLICIALES\u00bb","block_context":{"text":"POLICIALES","link":"https:\/\/larevistadigital.com.ar\/blog\/category\/policiales\/"},"img":{"alt_text":"","src":"https:\/\/i0.wp.com\/larevistadigital.com.ar\/blog\/wp-content\/uploads\/Screenshot_1-195.jpg?fit=1014%2C591&ssl=1&resize=350%2C200","width":350,"height":200,"srcset":"https:\/\/i0.wp.com\/larevistadigital.com.ar\/blog\/wp-content\/uploads\/Screenshot_1-195.jpg?fit=1014%2C591&ssl=1&resize=350%2C200 1x, https:\/\/i0.wp.com\/larevistadigital.com.ar\/blog\/wp-content\/uploads\/Screenshot_1-195.jpg?fit=1014%2C591&ssl=1&resize=525%2C300 1.5x, https:\/\/i0.wp.com\/larevistadigital.com.ar\/blog\/wp-content\/uploads\/Screenshot_1-195.jpg?fit=1014%2C591&ssl=1&resize=700%2C400 2x"},"classes":[]}],"_links":{"self":[{"href":"https:\/\/larevistadigital.com.ar\/blog\/wp-json\/wp\/v2\/posts\/35168","targetHints":{"allow":["GET"]}}],"collection":[{"href":"https:\/\/larevistadigital.com.ar\/blog\/wp-json\/wp\/v2\/posts"}],"about":[{"href":"https:\/\/larevistadigital.com.ar\/blog\/wp-json\/wp\/v2\/types\/post"}],"author":[{"embeddable":true,"href":"https:\/\/larevistadigital.com.ar\/blog\/wp-json\/wp\/v2\/users\/3"}],"replies":[{"embeddable":true,"href":"https:\/\/larevistadigital.com.ar\/blog\/wp-json\/wp\/v2\/comments?post=35168"}],"version-history":[{"count":1,"href":"https:\/\/larevistadigital.com.ar\/blog\/wp-json\/wp\/v2\/posts\/35168\/revisions"}],"predecessor-version":[{"id":35170,"href":"https:\/\/larevistadigital.com.ar\/blog\/wp-json\/wp\/v2\/posts\/35168\/revisions\/35170"}],"wp:featuredmedia":[{"embeddable":true,"href":"https:\/\/larevistadigital.com.ar\/blog\/wp-json\/wp\/v2\/media\/35169"}],"wp:attachment":[{"href":"https:\/\/larevistadigital.com.ar\/blog\/wp-json\/wp\/v2\/media?parent=35168"}],"wp:term":[{"taxonomy":"category","embeddable":true,"href":"https:\/\/larevistadigital.com.ar\/blog\/wp-json\/wp\/v2\/categories?post=35168"},{"taxonomy":"post_tag","embeddable":true,"href":"https:\/\/larevistadigital.com.ar\/blog\/wp-json\/wp\/v2\/tags?post=35168"}],"curies":[{"name":"wp","href":"https:\/\/api.w.org\/{rel}","templated":true}]}}