{"id":35171,"date":"2024-02-05T21:57:20","date_gmt":"2024-02-06T00:57:20","guid":{"rendered":"https:\/\/larevistadigital.com.ar\/blog\/?p=35171"},"modified":"2024-02-05T21:57:20","modified_gmt":"2024-02-06T00:57:20","slug":"mar-del-plata-detienen-a-una-pareja-que-asalto-a-un-taxista-a-mano-armada","status":"publish","type":"post","link":"https:\/\/larevistadigital.com.ar\/blog\/mar-del-plata-detienen-a-una-pareja-que-asalto-a-un-taxista-a-mano-armada\/","title":{"rendered":"MAR DEL PLATA: DETIENEN A UNA PAREJA QUE ASALT\u00d3 A UN TAXISTA A MANO ARMADA"},"content":{"rendered":"<h2>La v\u00edctima, de 51 a\u00f1os, no sufri\u00f3 lesiones. La polic\u00eda atrap\u00f3 a los acusados y recuper\u00f3 el tel\u00e9fono celular que le hab\u00eda sido robado al hombre.<\/h2>\n<p>5 de febrero de 2023<\/p>\n<p><strong>MAR DEL PLATA &#8211;\u00a0 \u00a0<\/strong>Una\u00a0<strong>pareja de ladrones fue detenida luego de que asaltara a mano armada a un taxista<\/strong>\u00a0en la zona de Avellaneda y Paula Albarrac\u00edn.<\/p>\n<p>Los acusados, un hombre de 26 a\u00f1os y una mujer de 27, quedaron aprehendidos a pocas cuadras de all\u00ed,\u00a0<strong>en Grecia, entre Roca y San Lorenzo<\/strong>.\u00a0All\u00ed,\u00a0seg\u00fan inform\u00f3 la\u00a0<strong>Jefatura Departamental<\/strong>\u00a0a la prensa, ambos estaban ocultos en el patio de una vivienda y ten\u00edan en su poder una mochila, una cuchilla, una tijera y un tel\u00e9fono celular (perteneciente a la v\u00edctima).<\/p>\n<p>Momentos antes, los delincuentes hab\u00edan abordado el un autom\u00f3vil de la empresa Servitaxi en\u00a0<strong>Col\u00f3n y Teodoro Bronzini<\/strong>. Desde all\u00ed, pidieron ser trasladados y al llegar hacia el sitio mencionado, exhibieron un arma blanca y sustrajeron un tel\u00e9fono celular marca Samsung A04.<\/p>\n<p>A pesar de la gravedad del caso,\u00a0<strong>el conductor de 51 a\u00f1os no result\u00f3 herido<\/strong>. De acuerdo a los datos que trascendieron, mediante\u00a0el sistema de geolocalizaci\u00f3n del tel\u00e9fono, la v\u00edctima pudo avisar al personal policial la ubicaci\u00f3n de los asaltantes.<\/p>\n<p><img data-recalc-dims=\"1\" loading=\"lazy\" decoding=\"async\" class=\"alignnone size-large wp-image-888467\" src=\"https:\/\/i0.wp.com\/storage.lacapitalmdp.com\/2024\/02\/patacho-3-1024x982.jpg?resize=1024%2C982&#038;ssl=1\" alt=\"patacho 3\" width=\"1024\" height=\"982\" \/><\/p>\n<p>Notificado del caso, el\u00a0<strong>fiscal de Flagrancia Gast\u00f3n De Marco<\/strong>\u00a0imput\u00f3 a los aprehendidos por el delito de \u201crobo agravado por el uso de arma blanca\u201d y orden\u00f3 que fueran trasladados a la\u00a0<strong>Alcaid\u00eda Penitenciaria N\u00ba 44 de Bat\u00e1n<\/strong>\u00a0y al\u00a0<strong>Destacamento Femenino<\/strong>, respectivamente.<\/p>\n","protected":false},"excerpt":{"rendered":"<div class=\"mh-excerpt\"><p>La v\u00edctima, de 51 a\u00f1os, no sufri\u00f3 lesiones. La polic\u00eda atrap\u00f3 a los acusados y recuper\u00f3 el tel\u00e9fono celular que le hab\u00eda sido robado al hombre. 5 de febrero de 2023 MAR DEL PLATA &#8211;\u00a0 <a class=\"mh-excerpt-more\" href=\"https:\/\/larevistadigital.com.ar\/blog\/mar-del-plata-detienen-a-una-pareja-que-asalto-a-un-taxista-a-mano-armada\/\" title=\"MAR DEL PLATA: DETIENEN A UNA PAREJA QUE ASALT\u00d3 A UN TAXISTA A MANO ARMADA\">[Leer M\u00e1s]<\/a><\/p>\n<\/div>","protected":false},"author":3,"featured_media":35172,"comment_status":"open","ping_status":"open","sticky":false,"template":"","format":"standard","meta":{"_jetpack_memberships_contains_paid_content":false,"footnotes":"","jetpack_publicize_message":"","jetpack_publicize_feature_enabled":true,"jetpack_social_post_already_shared":true,"jetpack_social_options":{"image_generator_settings":{"template":"highway","default_image_id":0,"font":"","enabled":false},"version":2}},"categories":[44,51],"tags":[],"class_list":{"0":"post-35171","1":"post","2":"type-post","3":"status-publish","4":"format-standard","5":"has-post-thumbnail","7":"category-policiales","8":"category-regionales"},"jetpack_publicize_connections":[],"jetpack_featured_media_url":"https:\/\/i0.wp.com\/larevistadigital.com.ar\/blog\/wp-content\/uploads\/Captura-de-pantalla-2024-02-05-213341.png?fit=810%2C491&ssl=1","jetpack_sharing_enabled":true,"jetpack_shortlink":"https:\/\/wp.me\/p8qtrQ-99h","jetpack-related-posts":[{"id":14386,"url":"https:\/\/larevistadigital.com.ar\/blog\/mar-del-plata-asaltan-heladeria-a-mano-armada-fueron-detenidos\/","url_meta":{"origin":35171,"position":0},"title":"MAR DEL PLATA: ASALTAN HELADER\u00cdA A MANO ARMADA. FUERON DETENIDOS","author":"Alejandro Sosa Ruda","date":"26 enero, 2020","format":false,"excerpt":"Tres hombres, de entre 28 y 43 a\u00f1os, fueron detenidos esta madrugada acusados de haber robado a mano armada una helader\u00eda en\u00a0Col\u00f3n y Buenos Aires\u00a0y escapado en dos autos tras una persecuci\u00f3n que termin\u00f3 a metros del\u00a0Parque Camet. El hecho se registr\u00f3 cerca de las 4 de la madrugada, cuando\u2026","rel":"","context":"En \u00abPOLICIALES\u00bb","block_context":{"text":"POLICIALES","link":"https:\/\/larevistadigital.com.ar\/blog\/category\/policiales\/"},"img":{"alt_text":"","src":"https:\/\/i0.wp.com\/larevistadigital.com.ar\/blog\/wp-content\/uploads\/Screenshot_2-74.jpg?fit=1010%2C720&ssl=1&resize=350%2C200","width":350,"height":200,"srcset":"https:\/\/i0.wp.com\/larevistadigital.com.ar\/blog\/wp-content\/uploads\/Screenshot_2-74.jpg?fit=1010%2C720&ssl=1&resize=350%2C200 1x, https:\/\/i0.wp.com\/larevistadigital.com.ar\/blog\/wp-content\/uploads\/Screenshot_2-74.jpg?fit=1010%2C720&ssl=1&resize=525%2C300 1.5x, https:\/\/i0.wp.com\/larevistadigital.com.ar\/blog\/wp-content\/uploads\/Screenshot_2-74.jpg?fit=1010%2C720&ssl=1&resize=700%2C400 2x"},"classes":[]},{"id":24925,"url":"https:\/\/larevistadigital.com.ar\/blog\/la-policia-pudo-evitar-un-robo-a-un-taxista-gracias-al-boton-de-panico\/","url_meta":{"origin":35171,"position":1},"title":"LA POLIC\u00cdA PUDO EVITAR UN ROBO A UN TAXISTA, GRACIAS AL BOT\u00d3N DE P\u00c1NICO","author":"Alejandro Sosa Ruda","date":"2 abril, 2022","format":false,"excerpt":"Ocurri\u00f3 esta madrugada en el barrio Libertad. Un adolescente fingi\u00f3 ser pasajero y luego, con otro hombre, amenazaron al taxista con un arma de fuego. Ambos quedaron detenidos. MAR DEL PLATA -\u00a0 Un\u00a0adolescente de 17 a\u00f1os y un joven de 28\u00a0fueron detenidos esta madrugada en el barrio Libertad tras asaltar\u2026","rel":"","context":"En \u00abPOLICIALES\u00bb","block_context":{"text":"POLICIALES","link":"https:\/\/larevistadigital.com.ar\/blog\/category\/policiales\/"},"img":{"alt_text":"","src":"https:\/\/i0.wp.com\/larevistadigital.com.ar\/blog\/wp-content\/uploads\/POLICIA-1.jpg?fit=792%2C436&ssl=1&resize=350%2C200","width":350,"height":200,"srcset":"https:\/\/i0.wp.com\/larevistadigital.com.ar\/blog\/wp-content\/uploads\/POLICIA-1.jpg?fit=792%2C436&ssl=1&resize=350%2C200 1x, https:\/\/i0.wp.com\/larevistadigital.com.ar\/blog\/wp-content\/uploads\/POLICIA-1.jpg?fit=792%2C436&ssl=1&resize=525%2C300 1.5x, https:\/\/i0.wp.com\/larevistadigital.com.ar\/blog\/wp-content\/uploads\/POLICIA-1.jpg?fit=792%2C436&ssl=1&resize=700%2C400 2x"},"classes":[]},{"id":38816,"url":"https:\/\/larevistadigital.com.ar\/blog\/duena-de-cerveceria-y-su-exmarido-acusados-por-un-violento-asalto-en-mar-del-plata\/","url_meta":{"origin":35171,"position":2},"title":"Due\u00f1a de cervecer\u00eda y su exmarido, acusados por un violento asalto en Mar del Plata","author":"Alejandro Sosa Ruda","date":"23 febrero, 2025","format":false,"excerpt":"Se trata de una pareja rusa que desde hace varios a\u00f1os regentea, con relativo \u00e9xito, una cervecer\u00eda en el paseo costanero. Un joven de 24 a\u00f1os, v\u00edctima del robo, los denunci\u00f3 como los autores. 23 de Febrero de 2025 LA PLATA -\u00a0 La Justicia local investiga un ins\u00f3lito caso de\u2026","rel":"","context":"En \u00abINTERES GENERAL\u00bb","block_context":{"text":"INTERES GENERAL","link":"https:\/\/larevistadigital.com.ar\/blog\/category\/interes-general\/"},"img":{"alt_text":"","src":"https:\/\/i0.wp.com\/larevistadigital.com.ar\/blog\/wp-content\/uploads\/Captura-de-pantalla-2025-02-23-194056.jpg?fit=766%2C482&ssl=1&resize=350%2C200","width":350,"height":200,"srcset":"https:\/\/i0.wp.com\/larevistadigital.com.ar\/blog\/wp-content\/uploads\/Captura-de-pantalla-2025-02-23-194056.jpg?fit=766%2C482&ssl=1&resize=350%2C200 1x, https:\/\/i0.wp.com\/larevistadigital.com.ar\/blog\/wp-content\/uploads\/Captura-de-pantalla-2025-02-23-194056.jpg?fit=766%2C482&ssl=1&resize=525%2C300 1.5x, https:\/\/i0.wp.com\/larevistadigital.com.ar\/blog\/wp-content\/uploads\/Captura-de-pantalla-2025-02-23-194056.jpg?fit=766%2C482&ssl=1&resize=700%2C400 2x"},"classes":[]},{"id":24731,"url":"https:\/\/larevistadigital.com.ar\/blog\/mar-del-plata-detienen-a-individuo-que-abuso-dos-anos-de-la-nieta-de-su-pareja\/","url_meta":{"origin":35171,"position":3},"title":"MAR DEL PLATA: DETIENEN A INDIVIDUO QUE ABUS\u00d3 DOS A\u00d1OS DE LA NIETA DE SU PAREJA","author":"Alejandro Sosa Ruda","date":"21 marzo, 2022","format":false,"excerpt":"Lo acusan de hechos cometidos entre 2014 y 2016 hasta que la v\u00edctima cumpli\u00f3 11 a\u00f1os. Qued\u00f3 alojado en la Unidad Penal 44 de Bat\u00e1n. MAR DEL PLATA -\u00a0 Un\u00a0hombre de 76 a\u00f1os\u00a0acusado de haber abusado sexualmente de la nieta de su pareja fue detenido en las \u00faltimas horas y\u2026","rel":"","context":"En \u00abPOLICIALES\u00bb","block_context":{"text":"POLICIALES","link":"https:\/\/larevistadigital.com.ar\/blog\/category\/policiales\/"},"img":{"alt_text":"","src":"https:\/\/i0.wp.com\/larevistadigital.com.ar\/blog\/wp-content\/uploads\/Captura-de-pantalla-2022-03-21-193550.jpg?fit=921%2C781&ssl=1&resize=350%2C200","width":350,"height":200,"srcset":"https:\/\/i0.wp.com\/larevistadigital.com.ar\/blog\/wp-content\/uploads\/Captura-de-pantalla-2022-03-21-193550.jpg?fit=921%2C781&ssl=1&resize=350%2C200 1x, https:\/\/i0.wp.com\/larevistadigital.com.ar\/blog\/wp-content\/uploads\/Captura-de-pantalla-2022-03-21-193550.jpg?fit=921%2C781&ssl=1&resize=525%2C300 1.5x, https:\/\/i0.wp.com\/larevistadigital.com.ar\/blog\/wp-content\/uploads\/Captura-de-pantalla-2022-03-21-193550.jpg?fit=921%2C781&ssl=1&resize=700%2C400 2x"},"classes":[]},{"id":29882,"url":"https:\/\/larevistadigital.com.ar\/blog\/mar-del-plata-retuvo-a-su-pareja-tres-dias-la-ato-en-el-bano-la-golpeo-y-la-electrocuto\/","url_meta":{"origin":35171,"position":4},"title":"MAR DEL PLATA: RETUVO A SU PAREJA TRES D\u00cdAS, LA AT\u00d3 EN EL BA\u00d1O, LA GOLPE\u00d3 Y LA ELECTROCUT\u00d3","author":"Alejandro Sosa Ruda","date":"21 enero, 2023","format":false,"excerpt":"Fueron 72 horas de horror. Detuvieron al sujeto que qued\u00f3 alojado en Batan. La situaci\u00f3n fue alertada por un llamado al 911. 21 de enero de 2023 MAR DEL PLATA -\u00a0 Un sujeto de 44 a\u00f1os fue detenido en las \u00faltimas horas en una casa del barrio Malvinas Argentinas de\u2026","rel":"","context":"En \u00abPOLICIALES\u00bb","block_context":{"text":"POLICIALES","link":"https:\/\/larevistadigital.com.ar\/blog\/category\/policiales\/"},"img":{"alt_text":"","src":"https:\/\/i0.wp.com\/larevistadigital.com.ar\/blog\/wp-content\/uploads\/21211f6e217617e399e6cae3eade5d7a48c184ff.jpg?fit=1140%2C656&ssl=1&resize=350%2C200","width":350,"height":200,"srcset":"https:\/\/i0.wp.com\/larevistadigital.com.ar\/blog\/wp-content\/uploads\/21211f6e217617e399e6cae3eade5d7a48c184ff.jpg?fit=1140%2C656&ssl=1&resize=350%2C200 1x, https:\/\/i0.wp.com\/larevistadigital.com.ar\/blog\/wp-content\/uploads\/21211f6e217617e399e6cae3eade5d7a48c184ff.jpg?fit=1140%2C656&ssl=1&resize=525%2C300 1.5x, https:\/\/i0.wp.com\/larevistadigital.com.ar\/blog\/wp-content\/uploads\/21211f6e217617e399e6cae3eade5d7a48c184ff.jpg?fit=1140%2C656&ssl=1&resize=700%2C400 2x, https:\/\/i0.wp.com\/larevistadigital.com.ar\/blog\/wp-content\/uploads\/21211f6e217617e399e6cae3eade5d7a48c184ff.jpg?fit=1140%2C656&ssl=1&resize=1050%2C600 3x"},"classes":[]},{"id":44141,"url":"https:\/\/larevistadigital.com.ar\/blog\/mar-del-plata-llamo-al-911-para-denunciar-el-hallazgo-de-su-pareja-y-quedo-detenido-por-femicidio\/","url_meta":{"origin":35171,"position":5},"title":"Mar del Plata: llam\u00f3 al 911 para denunciar el hallazgo de su pareja y qued\u00f3 detenido por femicidio","author":"Alejandro Sosa Ruda","date":"23 febrero, 2026","format":false,"excerpt":"La autopsia confirm\u00f3 que la mujer, de 57 a\u00f1os, muri\u00f3 por asfixia mec\u00e1nica. El acusado fue apresado tras un allanamiento en Punta Mogotes y se neg\u00f3 a declarar. 23 de febrero de 2026 MAR DEL PLATA -\u00a0 \u00a0Un hombre que hab\u00eda llamado al 911 para denunciar que encontr\u00f3 a su\u2026","rel":"","context":"En \u00abPOLICIALES\u00bb","block_context":{"text":"POLICIALES","link":"https:\/\/larevistadigital.com.ar\/blog\/category\/policiales\/"},"img":{"alt_text":"","src":"https:\/\/i0.wp.com\/larevistadigital.com.ar\/blog\/wp-content\/uploads\/9085a49a451a1009aec404689217ac0d1e18b4fe.png?fit=1140%2C655&ssl=1&resize=350%2C200","width":350,"height":200,"srcset":"https:\/\/i0.wp.com\/larevistadigital.com.ar\/blog\/wp-content\/uploads\/9085a49a451a1009aec404689217ac0d1e18b4fe.png?fit=1140%2C655&ssl=1&resize=350%2C200 1x, https:\/\/i0.wp.com\/larevistadigital.com.ar\/blog\/wp-content\/uploads\/9085a49a451a1009aec404689217ac0d1e18b4fe.png?fit=1140%2C655&ssl=1&resize=525%2C300 1.5x, https:\/\/i0.wp.com\/larevistadigital.com.ar\/blog\/wp-content\/uploads\/9085a49a451a1009aec404689217ac0d1e18b4fe.png?fit=1140%2C655&ssl=1&resize=700%2C400 2x, https:\/\/i0.wp.com\/larevistadigital.com.ar\/blog\/wp-content\/uploads\/9085a49a451a1009aec404689217ac0d1e18b4fe.png?fit=1140%2C655&ssl=1&resize=1050%2C600 3x"},"classes":[]}],"_links":{"self":[{"href":"https:\/\/larevistadigital.com.ar\/blog\/wp-json\/wp\/v2\/posts\/35171","targetHints":{"allow":["GET"]}}],"collection":[{"href":"https:\/\/larevistadigital.com.ar\/blog\/wp-json\/wp\/v2\/posts"}],"about":[{"href":"https:\/\/larevistadigital.com.ar\/blog\/wp-json\/wp\/v2\/types\/post"}],"author":[{"embeddable":true,"href":"https:\/\/larevistadigital.com.ar\/blog\/wp-json\/wp\/v2\/users\/3"}],"replies":[{"embeddable":true,"href":"https:\/\/larevistadigital.com.ar\/blog\/wp-json\/wp\/v2\/comments?post=35171"}],"version-history":[{"count":1,"href":"https:\/\/larevistadigital.com.ar\/blog\/wp-json\/wp\/v2\/posts\/35171\/revisions"}],"predecessor-version":[{"id":35173,"href":"https:\/\/larevistadigital.com.ar\/blog\/wp-json\/wp\/v2\/posts\/35171\/revisions\/35173"}],"wp:featuredmedia":[{"embeddable":true,"href":"https:\/\/larevistadigital.com.ar\/blog\/wp-json\/wp\/v2\/media\/35172"}],"wp:attachment":[{"href":"https:\/\/larevistadigital.com.ar\/blog\/wp-json\/wp\/v2\/media?parent=35171"}],"wp:term":[{"taxonomy":"category","embeddable":true,"href":"https:\/\/larevistadigital.com.ar\/blog\/wp-json\/wp\/v2\/categories?post=35171"},{"taxonomy":"post_tag","embeddable":true,"href":"https:\/\/larevistadigital.com.ar\/blog\/wp-json\/wp\/v2\/tags?post=35171"}],"curies":[{"name":"wp","href":"https:\/\/api.w.org\/{rel}","templated":true}]}}