{"id":35177,"date":"2024-02-06T18:52:40","date_gmt":"2024-02-06T21:52:40","guid":{"rendered":"https:\/\/larevistadigital.com.ar\/blog\/?p=35177"},"modified":"2024-02-06T18:52:40","modified_gmt":"2024-02-06T21:52:40","slug":"pesar-en-chile-y-toda-la-region-se-mato-en-un-accidente-aereo-el-ex-presidente-sebastian-pinera","status":"publish","type":"post","link":"https:\/\/larevistadigital.com.ar\/blog\/pesar-en-chile-y-toda-la-region-se-mato-en-un-accidente-aereo-el-ex-presidente-sebastian-pinera\/","title":{"rendered":"PESAR EN CHILE Y TODA LA REGI\u00d3N: SE MAT\u00d3 EN UN ACCIDENTE AEREO EL EX PRESIDENTE SEBASTI\u00c1N PI\u00d1ERA"},"content":{"rendered":"<h2>Volv\u00eda a su hogar, luego de visitar a un empresario amigo y su helic\u00f3ptero se precipit\u00f3 a un lago. Fue encontrado a 40 metros de profundidad.<\/h2>\n<p>6 de febrero de 2023<\/p>\n<p><strong>CHILE &#8211;\u00a0<\/strong> Gran conmoci\u00f3n mundial caus\u00f3 la noticia del fallecimiento del ex presidente chileno <strong>Sebasti\u00e1n Pi\u00f1era<\/strong>, luego de sufrir un accidente con su helic\u00f3ptero. Todo sucedi\u00f3<b>\u00a0en la comuna de Lago Ranco<\/b>, en la regi\u00f3n de Los R\u00edos, ubicada al sur del pa\u00eds transandino.<\/p>\n<p><strong><em>\u201cCon profundo pesar comunicamos el fallecimiento del expresidente de la Rep\u00fablica de Chile, Sebasti\u00e1n Pi\u00f1era Echenique. Durante la tarde de este martes 06 de febrero de 2024, el exmandatario sufri\u00f3 un accidente a\u00e9reo en la Regi\u00f3n de Los R\u00edos. Oportunamente se informar\u00e1 sobre sus funerales. Agradecemos las masivas muestras de cari\u00f1o y preocupaci\u00f3n que hemos recibido durante estas amargas horas\u201d<\/em><\/strong>, se\u00f1al\u00f3 la oficina del ex jefe de Estado en un comunicado.<\/p>\n<blockquote>\n<h3>El gobierno de <b>Gabriel Boric<\/b>\u00a0declara el duelo nacional, y anticip\u00f3 que habr\u00e1 funeral de Estado: <strong><em>\u201cTendr\u00e1 todos los honores y reconocimientos republicanos que merece. El presidente Boric ha instruido que se realice un funeral de Estado y que se declare duelo nacional\u201d.<\/em><\/strong><\/h3>\n<\/blockquote>\n<p>Seg\u00fan inform\u00f3 el portal Infobae, tambi\u00e9n iban a bordo <b>Magdalena Pi\u00f1era<\/b>\u00a0(hermana del ex presidente), el empresario\u00a0<b>Ignacio Guerrero y su hijo.<\/b>\u00a0Adem\u00e1s, fuentes de la Armada detallaron a este medio que el helic\u00f3ptero era piloteado por el ex jefe de Estado, quien no logr\u00f3 sacarse el cintur\u00f3n. Las otras tres personas, en tanto, lograron llegar a la orilla nadando.<\/p>\n<p><strong>Pi\u00f1era<\/strong>, de 74 a\u00f1os, y sus acompa\u00f1antes ven\u00edan de la casa del empresario\u00a0<b>Jos\u00e9 Cox<\/b>, ubicada en el sector Illihue de Lago Ranco. Los primeros reportes se\u00f1alan que el\u00a0<b>helic\u00f3ptero despeg\u00f3 en medio de una jornada de lluvia y neblina que afecta a la zona, lo que ocasion\u00f3 su ca\u00edda apenas unos minutos despu\u00e9s.<\/b>\u00a0Tras lo sucedido, acudieron al lugar agentes de emergencia, la Armada, los bomberos, Carabineros, y el\u00a0 Servicio de Atenci\u00f3n M\u00e9dica de Urgencia (Samu).<\/p>\n","protected":false},"excerpt":{"rendered":"<div class=\"mh-excerpt\"><p>Volv\u00eda a su hogar, luego de visitar a un empresario amigo y su helic\u00f3ptero se precipit\u00f3 a un lago. Fue encontrado a 40 metros de profundidad. 6 de febrero de 2023 CHILE &#8211;\u00a0 Gran conmoci\u00f3n <a class=\"mh-excerpt-more\" href=\"https:\/\/larevistadigital.com.ar\/blog\/pesar-en-chile-y-toda-la-region-se-mato-en-un-accidente-aereo-el-ex-presidente-sebastian-pinera\/\" title=\"PESAR EN CHILE Y TODA LA REGI\u00d3N: SE MAT\u00d3 EN UN ACCIDENTE AEREO EL EX PRESIDENTE SEBASTI\u00c1N PI\u00d1ERA\">[Leer M\u00e1s]<\/a><\/p>\n<\/div>","protected":false},"author":3,"featured_media":35178,"comment_status":"open","ping_status":"open","sticky":false,"template":"","format":"standard","meta":{"_jetpack_memberships_contains_paid_content":false,"footnotes":"","jetpack_publicize_message":"","jetpack_publicize_feature_enabled":true,"jetpack_social_post_already_shared":true,"jetpack_social_options":{"image_generator_settings":{"template":"highway","default_image_id":0,"font":"","enabled":false},"version":2}},"categories":[41],"tags":[],"class_list":{"0":"post-35177","1":"post","2":"type-post","3":"status-publish","4":"format-standard","5":"has-post-thumbnail","7":"category-destacadas"},"jetpack_publicize_connections":[],"jetpack_featured_media_url":"https:\/\/i0.wp.com\/larevistadigital.com.ar\/blog\/wp-content\/uploads\/sebastian_pinera.jpg?fit=1200%2C675&ssl=1","jetpack_sharing_enabled":true,"jetpack_shortlink":"https:\/\/wp.me\/p8qtrQ-99n","jetpack-related-posts":[{"id":14393,"url":"https:\/\/larevistadigital.com.ar\/blog\/luto-y-conmocion-en-el-mundo-murio-kobe-bryant-estrella-del-basquet-en-un-accidente-aereo\/","url_meta":{"origin":35177,"position":0},"title":"LUTO Y CONMOCI\u00d3N EN EL MUNDO: MURI\u00d3 KOBE BRYANT, ESTRELLA DEL B\u00c1SQUET EN UN ACCIDENTE A\u00c9REO","author":"Alejandro Sosa Ruda","date":"26 enero, 2020","format":false,"excerpt":"Falleci\u00f3 al caer su helic\u00f3ptero, donde viajaba con su hijita mayor y ocho personas m\u00e1s. Kobe Bryant, uno de los mejores jugadores de la historia de la\u00a0NBA,\u00a0muri\u00f3 esta ma\u00f1ana en un accidente a\u00e9reo\u00a0luego de que el helic\u00f3ptero en el que viajaba junto a otras ochos personas (una era Gianna, una\u2026","rel":"","context":"En \u00abDEPORTES\u00bb","block_context":{"text":"DEPORTES","link":"https:\/\/larevistadigital.com.ar\/blog\/category\/deportes\/"},"img":{"alt_text":"","src":"https:\/\/i0.wp.com\/larevistadigital.com.ar\/blog\/wp-content\/uploads\/kobe-bryant_1440x810.jpg?fit=1200%2C674&ssl=1&resize=350%2C200","width":350,"height":200,"srcset":"https:\/\/i0.wp.com\/larevistadigital.com.ar\/blog\/wp-content\/uploads\/kobe-bryant_1440x810.jpg?fit=1200%2C674&ssl=1&resize=350%2C200 1x, https:\/\/i0.wp.com\/larevistadigital.com.ar\/blog\/wp-content\/uploads\/kobe-bryant_1440x810.jpg?fit=1200%2C674&ssl=1&resize=525%2C300 1.5x, https:\/\/i0.wp.com\/larevistadigital.com.ar\/blog\/wp-content\/uploads\/kobe-bryant_1440x810.jpg?fit=1200%2C674&ssl=1&resize=700%2C400 2x, https:\/\/i0.wp.com\/larevistadigital.com.ar\/blog\/wp-content\/uploads\/kobe-bryant_1440x810.jpg?fit=1200%2C674&ssl=1&resize=1050%2C600 3x"},"classes":[]},{"id":7354,"url":"https:\/\/larevistadigital.com.ar\/blog\/mexico-muere-la-gobernadora-de-puebla-y-su-marido-en-accidente-en-helicoptero\/","url_meta":{"origin":35177,"position":1},"title":"MEXICO: MUERE LA GOBERNADORA DE PUEBLA Y SU MARIDO EN ACCIDENTE EN HELIC\u00d3PTERO","author":"Alejandro Sosa Ruda","date":"25 diciembre, 2018","format":false,"excerpt":"La mandataria Martha Erika Alonso y su esposo, senador y exgobernador, Rafael Moreno Valle iban en una aeronave que se desplom\u00f3 a 10 minutos de haber despegado, provocando el fallecimiento de ambos. La aeronave en la que viajaba la\u00a0gobernadora\u00a0de Puebla, M\u00e9xico,\u00a0Martha Erika Alonso\u00a0y su esposo elsenador y exgobernador Rafael Moreno\u2026","rel":"","context":"En \u00abPOLITICA\u00bb","block_context":{"text":"POLITICA","link":"https:\/\/larevistadigital.com.ar\/blog\/category\/politica\/"},"img":{"alt_text":"","src":"https:\/\/i0.wp.com\/larevistadigital.com.ar\/blog\/wp-content\/uploads\/2018\/12\/f800x450-496320_547766_0.jpg?fit=800%2C450&ssl=1&resize=350%2C200","width":350,"height":200,"srcset":"https:\/\/i0.wp.com\/larevistadigital.com.ar\/blog\/wp-content\/uploads\/2018\/12\/f800x450-496320_547766_0.jpg?fit=800%2C450&ssl=1&resize=350%2C200 1x, https:\/\/i0.wp.com\/larevistadigital.com.ar\/blog\/wp-content\/uploads\/2018\/12\/f800x450-496320_547766_0.jpg?fit=800%2C450&ssl=1&resize=525%2C300 1.5x, https:\/\/i0.wp.com\/larevistadigital.com.ar\/blog\/wp-content\/uploads\/2018\/12\/f800x450-496320_547766_0.jpg?fit=800%2C450&ssl=1&resize=700%2C400 2x"},"classes":[]},{"id":21840,"url":"https:\/\/larevistadigital.com.ar\/blog\/santa-teresita-dolor-por-el-fallecimiento-del-doctor-helmer-jara-en-un-tragico-accidente-en-ruta-11\/","url_meta":{"origin":35177,"position":2},"title":"SANTA TERESITA: DOLOR POR EL FALLECIMIENTO DEL DOCTOR HELMER JARA EN UN TR\u00c1GICO ACCIDENTE EN RUTA 11","author":"Alejandro Sosa Ruda","date":"2 septiembre, 2021","format":false,"excerpt":"Choc\u00f3 de frente con su camioneta VW Amarok contra un cami\u00f3n en el kil\u00f3metro 447 a la altura de Mar Azul, partido de Villa Gesell. Ten\u00eda 57 a\u00f1os y atend\u00eda a los afiliados a Pami y docentes. SANTA TERESITA - En un tr\u00e1gico accidente de tr\u00e1nsito en el kil\u00f3metro 447\u2026","rel":"","context":"En \u00abREGIONALES\u00bb","block_context":{"text":"REGIONALES","link":"https:\/\/larevistadigital.com.ar\/blog\/category\/regionales\/"},"img":{"alt_text":"","src":"https:\/\/i0.wp.com\/larevistadigital.com.ar\/blog\/wp-content\/uploads\/2c2a4362cd6c530c5f69d8144f941494ca5825cc.jpg?fit=927%2C900&ssl=1&resize=350%2C200","width":350,"height":200,"srcset":"https:\/\/i0.wp.com\/larevistadigital.com.ar\/blog\/wp-content\/uploads\/2c2a4362cd6c530c5f69d8144f941494ca5825cc.jpg?fit=927%2C900&ssl=1&resize=350%2C200 1x, https:\/\/i0.wp.com\/larevistadigital.com.ar\/blog\/wp-content\/uploads\/2c2a4362cd6c530c5f69d8144f941494ca5825cc.jpg?fit=927%2C900&ssl=1&resize=525%2C300 1.5x, https:\/\/i0.wp.com\/larevistadigital.com.ar\/blog\/wp-content\/uploads\/2c2a4362cd6c530c5f69d8144f941494ca5825cc.jpg?fit=927%2C900&ssl=1&resize=700%2C400 2x"},"classes":[]},{"id":12224,"url":"https:\/\/larevistadigital.com.ar\/blog\/chascomus-dolor-por-el-fallecimiento-de-un-joven-en-un-accidente-con-su-moto\/","url_meta":{"origin":35177,"position":3},"title":"CHASCOM\u00daS: DOLOR POR EL FALLECIMIENTO DE UN J\u00d3VEN EN UN ACCIDENTE CON SU MOTO","author":"Alejandro Sosa Ruda","date":"22 septiembre, 2019","format":false,"excerpt":"El hecho sucedi\u00f3 ayer, y el protagonista fue el joven Lucas Romero, de tan solo 17 a\u00f1os, quien de manera inexplicable perdi\u00f3 el control de su motocicleta, impactando contra un poste de luz cerca de la intersecci\u00f3n de las calles Yrigoyen y Neuqu\u00e9n. Desde las redes sociales se puede apreciar\u2026","rel":"","context":"En \u00abINTERES GENERAL\u00bb","block_context":{"text":"INTERES GENERAL","link":"https:\/\/larevistadigital.com.ar\/blog\/category\/interes-general\/"},"img":{"alt_text":"","src":"https:\/\/i0.wp.com\/larevistadigital.com.ar\/blog\/wp-content\/uploads\/2017\/10\/CRESP%C3%93N-NEGRO.jpg?fit=900%2C900&ssl=1&resize=350%2C200","width":350,"height":200,"srcset":"https:\/\/i0.wp.com\/larevistadigital.com.ar\/blog\/wp-content\/uploads\/2017\/10\/CRESP%C3%93N-NEGRO.jpg?fit=900%2C900&ssl=1&resize=350%2C200 1x, https:\/\/i0.wp.com\/larevistadigital.com.ar\/blog\/wp-content\/uploads\/2017\/10\/CRESP%C3%93N-NEGRO.jpg?fit=900%2C900&ssl=1&resize=525%2C300 1.5x, https:\/\/i0.wp.com\/larevistadigital.com.ar\/blog\/wp-content\/uploads\/2017\/10\/CRESP%C3%93N-NEGRO.jpg?fit=900%2C900&ssl=1&resize=700%2C400 2x"},"classes":[]},{"id":27526,"url":"https:\/\/larevistadigital.com.ar\/blog\/pesar-por-el-fallecimiento-del-ex-intendente-de-tordillo-juan-ismael-ferrari\/","url_meta":{"origin":35177,"position":4},"title":"PESAR POR EL FALLECIMIENTO DEL EX INTENDENTE DE TORDILLO JUAN ISMAEL FERRARI","author":"Alejandro Sosa Ruda","date":"3 septiembre, 2022","format":false,"excerpt":"Este viernes falleci\u00f3 el ex intendente del municipio de Tordillo\u00a0Juan Ismael Ferrari. 03 de septiembre de 2022 Hab\u00eda desempe\u00f1ado su cargo\u00a0durante 12 a\u00f1os -entre 1983 y 1995-\u00a0elegido por la Uni\u00f3n C\u00edvica Radical. La noticia fue confirmada por el Municipio de Tordillo desde donde lamentaron su fallecimiento y manifestaron: \u201cElevamos una\u2026","rel":"","context":"En \u00abREGIONALES\u00bb","block_context":{"text":"REGIONALES","link":"https:\/\/larevistadigital.com.ar\/blog\/category\/regionales\/"},"img":{"alt_text":"","src":"https:\/\/i0.wp.com\/larevistadigital.com.ar\/blog\/wp-content\/uploads\/caa8f9771c3bed3bcfdeb8e996ecc58173e436d8.jpg?fit=1140%2C760&ssl=1&resize=350%2C200","width":350,"height":200,"srcset":"https:\/\/i0.wp.com\/larevistadigital.com.ar\/blog\/wp-content\/uploads\/caa8f9771c3bed3bcfdeb8e996ecc58173e436d8.jpg?fit=1140%2C760&ssl=1&resize=350%2C200 1x, https:\/\/i0.wp.com\/larevistadigital.com.ar\/blog\/wp-content\/uploads\/caa8f9771c3bed3bcfdeb8e996ecc58173e436d8.jpg?fit=1140%2C760&ssl=1&resize=525%2C300 1.5x, https:\/\/i0.wp.com\/larevistadigital.com.ar\/blog\/wp-content\/uploads\/caa8f9771c3bed3bcfdeb8e996ecc58173e436d8.jpg?fit=1140%2C760&ssl=1&resize=700%2C400 2x, https:\/\/i0.wp.com\/larevistadigital.com.ar\/blog\/wp-content\/uploads\/caa8f9771c3bed3bcfdeb8e996ecc58173e436d8.jpg?fit=1140%2C760&ssl=1&resize=1050%2C600 3x"},"classes":[]},{"id":22425,"url":"https:\/\/larevistadigital.com.ar\/blog\/mueren-tres-jovenes-en-un-accidente-en-la-ruta-en-los-toldos\/","url_meta":{"origin":35177,"position":5},"title":"MUEREN TRES JOVENES EN UN ACCIDENTE EN LA RUTA EN LOS TOLDOS","author":"Alejandro Sosa Ruda","date":"21 octubre, 2021","format":false,"excerpt":"Un lamentable hecho vial se conoci\u00f3 el domingo por ma\u00f1ana cuando el servicio de emergencia de General Viamonte fue alertado aproximadamente a las 06:30hs que en ruta provincial\u00a0 65 a unos mil metros del Monasterio Benedectino de Los Toldos se hab\u00eda producido una colisi\u00f3n entre dos veh\u00edculos y que dej\u00f3\u2026","rel":"","context":"En \u00abPOLICIALES\u00bb","block_context":{"text":"POLICIALES","link":"https:\/\/larevistadigital.com.ar\/blog\/category\/policiales\/"},"img":{"alt_text":"","src":"https:\/\/i0.wp.com\/larevistadigital.com.ar\/blog\/wp-content\/uploads\/choque-los-toldos-20-10-2021.jpg?fit=880%2C512&ssl=1&resize=350%2C200","width":350,"height":200,"srcset":"https:\/\/i0.wp.com\/larevistadigital.com.ar\/blog\/wp-content\/uploads\/choque-los-toldos-20-10-2021.jpg?fit=880%2C512&ssl=1&resize=350%2C200 1x, https:\/\/i0.wp.com\/larevistadigital.com.ar\/blog\/wp-content\/uploads\/choque-los-toldos-20-10-2021.jpg?fit=880%2C512&ssl=1&resize=525%2C300 1.5x, https:\/\/i0.wp.com\/larevistadigital.com.ar\/blog\/wp-content\/uploads\/choque-los-toldos-20-10-2021.jpg?fit=880%2C512&ssl=1&resize=700%2C400 2x"},"classes":[]}],"_links":{"self":[{"href":"https:\/\/larevistadigital.com.ar\/blog\/wp-json\/wp\/v2\/posts\/35177","targetHints":{"allow":["GET"]}}],"collection":[{"href":"https:\/\/larevistadigital.com.ar\/blog\/wp-json\/wp\/v2\/posts"}],"about":[{"href":"https:\/\/larevistadigital.com.ar\/blog\/wp-json\/wp\/v2\/types\/post"}],"author":[{"embeddable":true,"href":"https:\/\/larevistadigital.com.ar\/blog\/wp-json\/wp\/v2\/users\/3"}],"replies":[{"embeddable":true,"href":"https:\/\/larevistadigital.com.ar\/blog\/wp-json\/wp\/v2\/comments?post=35177"}],"version-history":[{"count":1,"href":"https:\/\/larevistadigital.com.ar\/blog\/wp-json\/wp\/v2\/posts\/35177\/revisions"}],"predecessor-version":[{"id":35179,"href":"https:\/\/larevistadigital.com.ar\/blog\/wp-json\/wp\/v2\/posts\/35177\/revisions\/35179"}],"wp:featuredmedia":[{"embeddable":true,"href":"https:\/\/larevistadigital.com.ar\/blog\/wp-json\/wp\/v2\/media\/35178"}],"wp:attachment":[{"href":"https:\/\/larevistadigital.com.ar\/blog\/wp-json\/wp\/v2\/media?parent=35177"}],"wp:term":[{"taxonomy":"category","embeddable":true,"href":"https:\/\/larevistadigital.com.ar\/blog\/wp-json\/wp\/v2\/categories?post=35177"},{"taxonomy":"post_tag","embeddable":true,"href":"https:\/\/larevistadigital.com.ar\/blog\/wp-json\/wp\/v2\/tags?post=35177"}],"curies":[{"name":"wp","href":"https:\/\/api.w.org\/{rel}","templated":true}]}}