{"id":35181,"date":"2024-02-06T21:28:03","date_gmt":"2024-02-07T00:28:03","guid":{"rendered":"https:\/\/larevistadigital.com.ar\/blog\/?p=35181"},"modified":"2024-02-06T21:28:38","modified_gmt":"2024-02-07T00:28:38","slug":"chascomus-choque-entre-moto-y-automovil-un-herido-de-consideracion","status":"publish","type":"post","link":"https:\/\/larevistadigital.com.ar\/blog\/chascomus-choque-entre-moto-y-automovil-un-herido-de-consideracion\/","title":{"rendered":"CHASCOM\u00daS: CHOQUE ENTRE MOTO Y AUTOM\u00d3VIL. UN HERIDO DE CONSIDERACI\u00d3N"},"content":{"rendered":"<h2>El muchacho que conduc\u00eda la motocicleta, se encuentra en estado muy delicado en la Terapia Intensiva del Hospital Municipal.<\/h2>\n<p>6 de enero de 2023<\/p>\n<p><strong>CHASCOM\u00daS &#8211;\u00a0<\/strong> \u00a0En el dia de la fecha y siendo Alrededor de las 15:00 hs. personal policial se traslad\u00f3 hasta la intersecci\u00f3n de la calle Jorge newbery y presidente per\u00f3n en virtud de que en el lugar se hab\u00eda producido Una colisi\u00f3n entre un veh\u00edculo y una motocicleta.<\/p>\n<blockquote>\n<h3>En el lugar se pudo comprobar que una motocicleta marca Honda tornado 250 conducida por un joven de 21 a\u00f1os hab\u00eda colisionado con un veh\u00edculo Renault Sandero conducido por una mujer de 47 a\u00f1os de edad.<\/h3>\n<\/blockquote>\n<p>Producto de la colisi\u00f3n el joven conductor de la motocicleta fue derivado al hospital municipal de chascom\u00fas, lugar en el que se encuentra en terapia intensiva con riesgo de vida por presentar Traumatismo de cr\u00e1neo con p\u00e9rdida de conocimiento (TEC), deterioro neurol\u00f3gico, Glasgow.<\/p>\n<blockquote>\n<h3>Es dable mencionar que el joven conductor al momento de la colision llevaba el casco de seguridad obligatorio en uno de sus brazos, explic\u00e1ndose asi el riesgo de vida que posee dado que sufre el mayor golpe sobre su cabeza.<\/h3>\n<\/blockquote>\n<p>La unidad funcional de instrucci\u00f3n descentralizada n\u00famero 9 a cargo la doctora <strong>Daniela Bertoletti<\/strong> interviene en la investigaci\u00f3n. Polic\u00eda Cientifica Chascom\u00fas trabajo en el lugar realizando las pericias de rigor.<\/p>\n<p>imagen ilustrativa<\/p>\n","protected":false},"excerpt":{"rendered":"<div class=\"mh-excerpt\"><p>El muchacho que conduc\u00eda la motocicleta, se encuentra en estado muy delicado en la Terapia Intensiva del Hospital Municipal. 6 de enero de 2023 CHASCOM\u00daS &#8211;\u00a0 \u00a0En el dia de la fecha y siendo Alrededor <a class=\"mh-excerpt-more\" href=\"https:\/\/larevistadigital.com.ar\/blog\/chascomus-choque-entre-moto-y-automovil-un-herido-de-consideracion\/\" title=\"CHASCOM\u00daS: CHOQUE ENTRE MOTO Y AUTOM\u00d3VIL. UN HERIDO DE CONSIDERACI\u00d3N\">[Leer M\u00e1s]<\/a><\/p>\n<\/div>","protected":false},"author":3,"featured_media":3171,"comment_status":"open","ping_status":"open","sticky":false,"template":"","format":"standard","meta":{"_jetpack_memberships_contains_paid_content":false,"footnotes":"","jetpack_publicize_message":"","jetpack_publicize_feature_enabled":true,"jetpack_social_post_already_shared":true,"jetpack_social_options":{"image_generator_settings":{"template":"highway","default_image_id":0,"font":"","enabled":false},"version":2}},"categories":[50,44],"tags":[],"class_list":{"0":"post-35181","1":"post","2":"type-post","3":"status-publish","4":"format-standard","5":"has-post-thumbnail","7":"category-interes-general","8":"category-policiales"},"jetpack_publicize_connections":[],"jetpack_featured_media_url":"https:\/\/i0.wp.com\/larevistadigital.com.ar\/blog\/wp-content\/uploads\/2017\/08\/ambulancia-chascomus.jpg?fit=960%2C540&ssl=1","jetpack_sharing_enabled":true,"jetpack_shortlink":"https:\/\/wp.me\/p8qtrQ-99r","jetpack-related-posts":[{"id":27832,"url":"https:\/\/larevistadigital.com.ar\/blog\/27832-2\/","url_meta":{"origin":35181,"position":0},"title":"CHASCOM\u00daS: AGREDEN A UN MENOR CON ARMA DE FUEGO Y LE ROBAN LA MOTO. LA POLIC\u00cdA LOS IDENTIFIC\u00d3 Y RECUPER\u00d3 EL VEH\u00cdCULO","author":"Alejandro Sosa Ruda","date":"18 septiembre, 2022","format":false,"excerpt":"Sucedi\u00f3 ayer, en la Costanera. El menor que hab\u00eda sido internado, afortunadamente ya recibi\u00f3 el alta 18 de septiembre de 2022 CHASCOM\u00daS -\u00a0 El d\u00eda de ayer, la Polic\u00eda Comunal tom\u00f3 conocimiento de una persona herida en la Costanera, por lo que se dirigi\u00f3 al lugar, y se encontr\u00f3 con\u2026","rel":"","context":"En \u00abINTERES GENERAL\u00bb","block_context":{"text":"INTERES GENERAL","link":"https:\/\/larevistadigital.com.ar\/blog\/category\/interes-general\/"},"img":{"alt_text":"","src":"https:\/\/i0.wp.com\/larevistadigital.com.ar\/blog\/wp-content\/uploads\/WhatsApp-Image-2022-09-17-at-16.33.46.jpeg?fit=1200%2C900&ssl=1&resize=350%2C200","width":350,"height":200,"srcset":"https:\/\/i0.wp.com\/larevistadigital.com.ar\/blog\/wp-content\/uploads\/WhatsApp-Image-2022-09-17-at-16.33.46.jpeg?fit=1200%2C900&ssl=1&resize=350%2C200 1x, https:\/\/i0.wp.com\/larevistadigital.com.ar\/blog\/wp-content\/uploads\/WhatsApp-Image-2022-09-17-at-16.33.46.jpeg?fit=1200%2C900&ssl=1&resize=525%2C300 1.5x, https:\/\/i0.wp.com\/larevistadigital.com.ar\/blog\/wp-content\/uploads\/WhatsApp-Image-2022-09-17-at-16.33.46.jpeg?fit=1200%2C900&ssl=1&resize=700%2C400 2x, https:\/\/i0.wp.com\/larevistadigital.com.ar\/blog\/wp-content\/uploads\/WhatsApp-Image-2022-09-17-at-16.33.46.jpeg?fit=1200%2C900&ssl=1&resize=1050%2C600 3x"},"classes":[]},{"id":28459,"url":"https:\/\/larevistadigital.com.ar\/blog\/denuncia-por-robo-de-motocicleta\/","url_meta":{"origin":35181,"position":1},"title":"DENUNCIA POR ROBO DE MOTOCICLETA","author":"Alejandro Sosa Ruda","date":"15 octubre, 2022","format":false,"excerpt":"Fue sustra\u00edda en el frente de la Escuela Municipal N\u00b02. 14 de octubre de 2022 CHASCOM\u00daS -\u00a0 Durante la jornada, una mujer denunci\u00f3 que su motocicleta marca Gilera, Modelo Smash, 110cc dominio colocado A-134-VMV que se encontraba en el frente de la Escuela Secundaria Municipal N\u00b002 sita en calle Juli\u00e1n\u2026","rel":"","context":"En \u00abCHASCOM\u00daS\u00bb","block_context":{"text":"CHASCOM\u00daS","link":"https:\/\/larevistadigital.com.ar\/blog\/category\/chascomus\/"},"img":{"alt_text":"","src":"https:\/\/i0.wp.com\/larevistadigital.com.ar\/blog\/wp-content\/uploads\/2019\/01\/bbx_755050019_comisaria_chasco_01.jpg?fit=800%2C579&ssl=1&resize=350%2C200","width":350,"height":200,"srcset":"https:\/\/i0.wp.com\/larevistadigital.com.ar\/blog\/wp-content\/uploads\/2019\/01\/bbx_755050019_comisaria_chasco_01.jpg?fit=800%2C579&ssl=1&resize=350%2C200 1x, https:\/\/i0.wp.com\/larevistadigital.com.ar\/blog\/wp-content\/uploads\/2019\/01\/bbx_755050019_comisaria_chasco_01.jpg?fit=800%2C579&ssl=1&resize=525%2C300 1.5x, https:\/\/i0.wp.com\/larevistadigital.com.ar\/blog\/wp-content\/uploads\/2019\/01\/bbx_755050019_comisaria_chasco_01.jpg?fit=800%2C579&ssl=1&resize=700%2C400 2x"},"classes":[]},{"id":25245,"url":"https:\/\/larevistadigital.com.ar\/blog\/joven-se-accidento-con-su-moto-en-la-rotonda-frente-al-hospital-y-fue-internado\/","url_meta":{"origin":35181,"position":2},"title":"JOVEN SE ACCIDENT\u00d3 CON SU MOTO EN LA ROTONDA FRENTE AL HOSPITAL Y FUE INTERNADO.","author":"Alejandro Sosa Ruda","date":"23 abril, 2022","format":false,"excerpt":"CHASCOM\u00daS -\u00a0 Durante la ma\u00f1ana de hoy, se dio aviso que hab\u00eda un joven tirado con su moto en la intersecci\u00f3n de Lastra e Yrigoyen, por lo que se hizo presente personal policial, observando que en el lugar, m\u00e1s precisamente en la rotonda\u00a0 se encontraba tirada una moto marca Yamaha\u2026","rel":"","context":"En \u00abCHASCOM\u00daS\u00bb","block_context":{"text":"CHASCOM\u00daS","link":"https:\/\/larevistadigital.com.ar\/blog\/category\/chascomus\/"},"img":{"alt_text":"","src":"https:\/\/i0.wp.com\/larevistadigital.com.ar\/blog\/wp-content\/uploads\/2021_12_24_00_14_26_8514094.jpeg?fit=600%2C450&ssl=1&resize=350%2C200","width":350,"height":200,"srcset":"https:\/\/i0.wp.com\/larevistadigital.com.ar\/blog\/wp-content\/uploads\/2021_12_24_00_14_26_8514094.jpeg?fit=600%2C450&ssl=1&resize=350%2C200 1x, https:\/\/i0.wp.com\/larevistadigital.com.ar\/blog\/wp-content\/uploads\/2021_12_24_00_14_26_8514094.jpeg?fit=600%2C450&ssl=1&resize=525%2C300 1.5x"},"classes":[]},{"id":32942,"url":"https:\/\/larevistadigital.com.ar\/blog\/32942-2\/","url_meta":{"origin":35181,"position":3},"title":"CHASCOM\u00daS: LO SACAN DE UN BOLICHE, SE MOLEST\u00d3 Y ROMPI\u00d3 UN VIDRIO DE UNA TROMPADA Y SE CORT\u00d3 GRAVEMENTE EL BRAZO.","author":"Alejandro Sosa Ruda","date":"20 agosto, 2023","format":false,"excerpt":"La Polic\u00eda Comunal emiti\u00f3 un comunicado que narra los acontecimientos de p\u00fablico conocimiento, donde un joven result\u00f3 herido tras romper un vidrio en el local comercial \"Ringo\", ubicado en calle Belgrano. 20 de agosto de 2023 CHASCOM\u00daS -\u00a0\u00a0Durante el fin de semana, se hizo conocido un lamentable incidene protagonizado por\u2026","rel":"","context":"En \u00abINTERES GENERAL\u00bb","block_context":{"text":"INTERES GENERAL","link":"https:\/\/larevistadigital.com.ar\/blog\/category\/interes-general\/"},"img":{"alt_text":"","src":"https:\/\/i0.wp.com\/larevistadigital.com.ar\/blog\/wp-content\/uploads\/INCIDENTE-RINGO.jpg?fit=800%2C821&ssl=1&resize=350%2C200","width":350,"height":200,"srcset":"https:\/\/i0.wp.com\/larevistadigital.com.ar\/blog\/wp-content\/uploads\/INCIDENTE-RINGO.jpg?fit=800%2C821&ssl=1&resize=350%2C200 1x, https:\/\/i0.wp.com\/larevistadigital.com.ar\/blog\/wp-content\/uploads\/INCIDENTE-RINGO.jpg?fit=800%2C821&ssl=1&resize=525%2C300 1.5x, https:\/\/i0.wp.com\/larevistadigital.com.ar\/blog\/wp-content\/uploads\/INCIDENTE-RINGO.jpg?fit=800%2C821&ssl=1&resize=700%2C400 2x"},"classes":[]},{"id":17886,"url":"https:\/\/larevistadigital.com.ar\/blog\/chascomus-otro-robo-de-motocicleta-denunciado-en-fm-por-siempre\/","url_meta":{"origin":35181,"position":4},"title":"CHASCOM\u00daS: OTRO ROBO DE MOTOCICLETA DENUNCIADO EN FM POR SIEMPRE","author":"Alejandro Sosa Ruda","date":"30 noviembre, 2020","format":false,"excerpt":"Durante la noche del Jueves, entre las 21:30 y 22:30hs. Aldana Etchepare sufri\u00f3 el robo de su motocicleta, la misma de 110cc. Del a\u00f1o 2014 marca honda wave de color negra y con caracter\u00edsticas muy reconocibles por su propietaria fue robada de \u201ccasa esmeralda\u201d que es un restaurant vegano que\u2026","rel":"","context":"En \u00abINTERES GENERAL\u00bb","block_context":{"text":"INTERES GENERAL","link":"https:\/\/larevistadigital.com.ar\/blog\/category\/interes-general\/"},"img":{"alt_text":"","src":"https:\/\/i0.wp.com\/larevistadigital.com.ar\/blog\/wp-content\/uploads\/robos-de-motos-mercado-negro-internet.jpg?fit=1075%2C609&ssl=1&resize=350%2C200","width":350,"height":200,"srcset":"https:\/\/i0.wp.com\/larevistadigital.com.ar\/blog\/wp-content\/uploads\/robos-de-motos-mercado-negro-internet.jpg?fit=1075%2C609&ssl=1&resize=350%2C200 1x, https:\/\/i0.wp.com\/larevistadigital.com.ar\/blog\/wp-content\/uploads\/robos-de-motos-mercado-negro-internet.jpg?fit=1075%2C609&ssl=1&resize=525%2C300 1.5x, https:\/\/i0.wp.com\/larevistadigital.com.ar\/blog\/wp-content\/uploads\/robos-de-motos-mercado-negro-internet.jpg?fit=1075%2C609&ssl=1&resize=700%2C400 2x, https:\/\/i0.wp.com\/larevistadigital.com.ar\/blog\/wp-content\/uploads\/robos-de-motos-mercado-negro-internet.jpg?fit=1075%2C609&ssl=1&resize=1050%2C600 3x"},"classes":[]},{"id":40025,"url":"https:\/\/larevistadigital.com.ar\/blog\/chascomus-la-intervencion-de-la-patrulla-municipal-permitio-recuperar-una-moto-robada\/","url_meta":{"origin":35181,"position":5},"title":"Chascom\u00fas:  La intervenci\u00f3n de la Patrulla Municipal permiti\u00f3 recuperar una moto robada","author":"Alejandro Sosa Ruda","date":"9 junio, 2025","format":false,"excerpt":"El hecho ocurri\u00f3 el \u00faltimo fin de semana y fue resuelto gracias al trabajo coordinado entre la patrulla, el Centro de Monitoreo, Seguridad Urbana y la Polic\u00eda Comunal. 09 de Junio de 20254 CHASCOM\u00daS\u00a0 -\u00a0 La Patrulla de Prevenci\u00f3n Municipal intervino en un hecho ocurrido durante el fin de semana,\u2026","rel":"","context":"En \u00abCHASCOM\u00daS\u00bb","block_context":{"text":"CHASCOM\u00daS","link":"https:\/\/larevistadigital.com.ar\/blog\/category\/chascomus\/"},"img":{"alt_text":"","src":"https:\/\/i0.wp.com\/larevistadigital.com.ar\/blog\/wp-content\/uploads\/684715ca76ee9.png?fit=668%2C445&ssl=1&resize=350%2C200","width":350,"height":200,"srcset":"https:\/\/i0.wp.com\/larevistadigital.com.ar\/blog\/wp-content\/uploads\/684715ca76ee9.png?fit=668%2C445&ssl=1&resize=350%2C200 1x, https:\/\/i0.wp.com\/larevistadigital.com.ar\/blog\/wp-content\/uploads\/684715ca76ee9.png?fit=668%2C445&ssl=1&resize=525%2C300 1.5x"},"classes":[]}],"_links":{"self":[{"href":"https:\/\/larevistadigital.com.ar\/blog\/wp-json\/wp\/v2\/posts\/35181","targetHints":{"allow":["GET"]}}],"collection":[{"href":"https:\/\/larevistadigital.com.ar\/blog\/wp-json\/wp\/v2\/posts"}],"about":[{"href":"https:\/\/larevistadigital.com.ar\/blog\/wp-json\/wp\/v2\/types\/post"}],"author":[{"embeddable":true,"href":"https:\/\/larevistadigital.com.ar\/blog\/wp-json\/wp\/v2\/users\/3"}],"replies":[{"embeddable":true,"href":"https:\/\/larevistadigital.com.ar\/blog\/wp-json\/wp\/v2\/comments?post=35181"}],"version-history":[{"count":2,"href":"https:\/\/larevistadigital.com.ar\/blog\/wp-json\/wp\/v2\/posts\/35181\/revisions"}],"predecessor-version":[{"id":35183,"href":"https:\/\/larevistadigital.com.ar\/blog\/wp-json\/wp\/v2\/posts\/35181\/revisions\/35183"}],"wp:featuredmedia":[{"embeddable":true,"href":"https:\/\/larevistadigital.com.ar\/blog\/wp-json\/wp\/v2\/media\/3171"}],"wp:attachment":[{"href":"https:\/\/larevistadigital.com.ar\/blog\/wp-json\/wp\/v2\/media?parent=35181"}],"wp:term":[{"taxonomy":"category","embeddable":true,"href":"https:\/\/larevistadigital.com.ar\/blog\/wp-json\/wp\/v2\/categories?post=35181"},{"taxonomy":"post_tag","embeddable":true,"href":"https:\/\/larevistadigital.com.ar\/blog\/wp-json\/wp\/v2\/tags?post=35181"}],"curies":[{"name":"wp","href":"https:\/\/api.w.org\/{rel}","templated":true}]}}