{"id":35187,"date":"2024-02-07T09:19:32","date_gmt":"2024-02-07T12:19:32","guid":{"rendered":"https:\/\/larevistadigital.com.ar\/blog\/?p=35187"},"modified":"2024-02-07T09:19:32","modified_gmt":"2024-02-07T12:19:32","slug":"la-plata-el-municipio-clausuro-oficinas-de-una-delegacion-por-peligro-de-derrumbe-y-paredes-electrificadas","status":"publish","type":"post","link":"https:\/\/larevistadigital.com.ar\/blog\/la-plata-el-municipio-clausuro-oficinas-de-una-delegacion-por-peligro-de-derrumbe-y-paredes-electrificadas\/","title":{"rendered":"LA PLATA: EL MUNICIPIO CLAUSUR\u00d3 OFICINAS DE UNA DELEGACI\u00d3N POR PELIGRO DE DERRUMBE Y PAREDES ELECTRIFICADAS"},"content":{"rendered":"<h2>La Municipalidad revel\u00f3 que el edificio tiene serios signos de abandono y cerr\u00f3 varios espacios para evitar poner en riesgo a los trabajadores.<\/h2>\n<p>7 de febrero de 2023<\/p>\n<p><strong>LA PLATA &#8211;\u00a0<\/strong> La <strong>Municipalidad de La Plata<\/strong> clausur\u00f3 en las \u00faltimas horas la cocina, los ba\u00f1os y varias oficinas de la Delegaci\u00f3n de Los Hornos luego\u00a0 de constatar que las condiciones edilicias de esos espacios pon\u00edan en riesgo la integridad de los m\u00e1s de 100 trabajadores que se desempe\u00f1an en esa sede todos los d\u00edas.<\/p>\n<div>\n<div id=\"Parallax\">Las autoridades locales apuntaron que <strong><em>\u00abel evidente estado de abandono del espacio ubicado en 137 entre 64 y 65 refleja los a\u00f1os de desidia al que estuvo sometido durante la gesti\u00f3n anterior\u00bb<\/em><\/strong> y agregaron que para intentar revertirlo el Gobierno que encabeza el intendente <strong>Julio Alak<\/strong>\u00a0pondr\u00e1 en marcha un plan de obras.<\/div>\n<\/div>\n<div>\n<article class=\"article-body article-body--third-paragraph\">Seg\u00fan se detall\u00f3,\u00a0<strong>los expertos pudieron constatar que existe un peligro de derrumbe en la cocina, en dos oficinas y en los pisos de madera<\/strong>. A su vez, las cloacas se encuentran en mal estado y no hay agua en ning\u00fan sector del edificio.<\/p>\n<\/article>\n<article class=\"article-body article-body--fourth-paragraph\">\n<div id=\"459318-Libre-2098693804_wrap\" class=\"embed_cont type_imagen\">\n<div id=\"459318-Libre-2098693804_content\" class=\"embed_content\"><img data-recalc-dims=\"1\" decoding=\"async\" id=\"459318-Libre-2098693804_embed\" title=\"El suministro el\u00e9ctrico en la Delegaci\u00f3n de Los Hornos fue suspendido por la electrificaci\u00f3n de una pared.\" src=\"https:\/\/i0.wp.com\/media.0221.com.ar\/p\/9f5d9de6d9c10d01f57e90c4623a32f2\/adjuntos\/357\/imagenes\/100\/142\/0100142195\/1400x0\/smart\/whatsapp-image-2024-02-07-at-073704-1jpeg.jpeg?w=1400&#038;ssl=1\" alt=\"El suministro el\u00e9ctrico en la Delegaci\u00f3n de Los Hornos fue suspendido por la electrificaci\u00f3n de una pared.\"   data-td-src-property=\"https:\/\/media.0221.com.ar\/p\/9f5d9de6d9c10d01f57e90c4623a32f2\/adjuntos\/357\/imagenes\/100\/142\/0100142195\/1400x0\/smart\/whatsapp-image-2024-02-07-at-073704-1jpeg.jpeg\" \/><\/div>\n<div id=\"459318-Libre-2098693804_epigrafe\" class=\"embed_epigrafe\">\n<p>El suministro el\u00e9ctrico en la Delegaci\u00f3n de Los Hornos fue suspendido por la electrificaci\u00f3n de una pared.<\/p>\n<\/div>\n<div id=\"459318-Libre-2098693804_copyright\" class=\"embed_copyright\">Foto:\u00a0<a class=\"agrupador\" href=\"https:\/\/www.0221.com.ar\/tag\/municipalidad-de-la-plata\" rel=\"999\">Municipalidad de La Plata<\/a><\/div>\n<\/div>\n<p>Los agentes comunales que inspeccionaron las instalaciones\u00a0<strong>tambi\u00e9n encontraron que las escaleras se encuentran agrietadas, el gas debi\u00f3 ser clausurado por una fuga y el servicio el\u00e9ctrico fue suspendido debido a que provocaba la electrificaci\u00f3n de una pared<\/strong>, poniendo en severo riesgo a los trabajadores de la delegaci\u00f3n.<\/p>\n<\/article>\n<article class=\"article-body article-body--fifth-paragraph\">En este contexto, solo quedaron habilitados temporalmente el patio y la oficina de atenci\u00f3n al p\u00fablico y \u00abse eval\u00faan los pasos a seguir para garantizar la seguridad y el bienestar tanto de la planta de trabajadores como de los vecinos que asisten asiduamente al lugar\u00bb, cerraron los voceros municipales.<\/p>\n<\/article>\n<\/div>\n","protected":false},"excerpt":{"rendered":"<div class=\"mh-excerpt\"><p>La Municipalidad revel\u00f3 que el edificio tiene serios signos de abandono y cerr\u00f3 varios espacios para evitar poner en riesgo a los trabajadores. 7 de febrero de 2023 LA PLATA &#8211;\u00a0 La Municipalidad de La <a class=\"mh-excerpt-more\" href=\"https:\/\/larevistadigital.com.ar\/blog\/la-plata-el-municipio-clausuro-oficinas-de-una-delegacion-por-peligro-de-derrumbe-y-paredes-electrificadas\/\" title=\"LA PLATA: EL MUNICIPIO CLAUSUR\u00d3 OFICINAS DE UNA DELEGACI\u00d3N POR PELIGRO DE DERRUMBE Y PAREDES ELECTRIFICADAS\">[Leer M\u00e1s]<\/a><\/p>\n<\/div>","protected":false},"author":3,"featured_media":35188,"comment_status":"open","ping_status":"open","sticky":false,"template":"","format":"standard","meta":{"_jetpack_memberships_contains_paid_content":false,"footnotes":"","jetpack_publicize_message":"","jetpack_publicize_feature_enabled":true,"jetpack_social_post_already_shared":true,"jetpack_social_options":{"image_generator_settings":{"template":"highway","default_image_id":0,"font":"","enabled":false},"version":2}},"categories":[12,24,51],"tags":[242,241,243],"class_list":{"0":"post-35187","1":"post","2":"type-post","3":"status-publish","4":"format-standard","5":"has-post-thumbnail","7":"category-politica","8":"category-politica-provincial","9":"category-regionales","10":"tag-abandono","11":"tag-edificio-clausurado","12":"tag-municipalidad-de-la-plata"},"jetpack_publicize_connections":[],"jetpack_featured_media_url":"https:\/\/i0.wp.com\/larevistadigital.com.ar\/blog\/wp-content\/uploads\/edificio-clausurado.png?fit=904%2C505&ssl=1","jetpack_sharing_enabled":true,"jetpack_shortlink":"https:\/\/wp.me\/p8qtrQ-99x","jetpack-related-posts":[{"id":35275,"url":"https:\/\/larevistadigital.com.ar\/blog\/la-plata-por-el-grave-estado-de-abandono-cierran-definitivamente-una-delegacion\/","url_meta":{"origin":35187,"position":0},"title":"LA PLATA: POR EL GRAVE ESTADO DE ABANDONO, CIERRAN DEFINITIVAMENTE UNA DELEGACI\u00d3N","author":"Alejandro Sosa Ruda","date":"20 febrero, 2024","format":false,"excerpt":"Se trata de la delegaci\u00f3n de Los Hornos. La Municipalidad de La Plata decidi\u00f3 clausurarla y comparti\u00f3 impactantes im\u00e1genes del estado en el que se encontraba. 20 de febrero de 2024 LA PLATA -\u00a0 La\u00a0Municipalidad de La Plata clausur\u00f3 la delegaci\u00f3n de Los Hornos tras constatar que sus condiciones edilicias\u2026","rel":"","context":"En \u00abPOLITICA PROVINCIAL\u00bb","block_context":{"text":"POLITICA PROVINCIAL","link":"https:\/\/larevistadigital.com.ar\/blog\/category\/politica\/politica-provincial\/"},"img":{"alt_text":"","src":"https:\/\/i0.wp.com\/larevistadigital.com.ar\/blog\/wp-content\/uploads\/Captura-de-pantalla-2024-02-20-095354.png?fit=896%2C511&ssl=1&resize=350%2C200","width":350,"height":200,"srcset":"https:\/\/i0.wp.com\/larevistadigital.com.ar\/blog\/wp-content\/uploads\/Captura-de-pantalla-2024-02-20-095354.png?fit=896%2C511&ssl=1&resize=350%2C200 1x, https:\/\/i0.wp.com\/larevistadigital.com.ar\/blog\/wp-content\/uploads\/Captura-de-pantalla-2024-02-20-095354.png?fit=896%2C511&ssl=1&resize=525%2C300 1.5x, https:\/\/i0.wp.com\/larevistadigital.com.ar\/blog\/wp-content\/uploads\/Captura-de-pantalla-2024-02-20-095354.png?fit=896%2C511&ssl=1&resize=700%2C400 2x"},"classes":[]},{"id":8556,"url":"https:\/\/larevistadigital.com.ar\/blog\/la-plata-clausuraron-siete-fiestas-electronicas-durante-el-fin-de-semana\/","url_meta":{"origin":35187,"position":1},"title":"LA PLATA: CLAUSURARON SIETE FIESTAS ELECTR\u00d3NICAS DURANTE EL FIN DE SEMANA","author":"Alejandro Sosa Ruda","date":"18 febrero, 2019","format":false,"excerpt":"En el municipio de La Plata suspendieron\u00a0siete fiestas clandestinas desarrolladas en\u00a0casa quintas de Villa Elisa, Gonnet y El Peligro, entre otros barrios. La clausura fue llevada a cabo por agentes de la Municipalidad y efectivos policiales. Entre las fiestas, se destacaba una\u00a0fiesta electr\u00f3nica celebrada en el barrio Aeropuerto, donde unos\u2026","rel":"","context":"En \u00abPOLICIALES\u00bb","block_context":{"text":"POLICIALES","link":"https:\/\/larevistadigital.com.ar\/blog\/category\/policiales\/"},"img":{"alt_text":"","src":"https:\/\/i0.wp.com\/larevistadigital.com.ar\/blog\/wp-content\/uploads\/2019\/02\/0024518018.jpg?fit=1140%2C640&ssl=1&resize=350%2C200","width":350,"height":200,"srcset":"https:\/\/i0.wp.com\/larevistadigital.com.ar\/blog\/wp-content\/uploads\/2019\/02\/0024518018.jpg?fit=1140%2C640&ssl=1&resize=350%2C200 1x, https:\/\/i0.wp.com\/larevistadigital.com.ar\/blog\/wp-content\/uploads\/2019\/02\/0024518018.jpg?fit=1140%2C640&ssl=1&resize=525%2C300 1.5x, https:\/\/i0.wp.com\/larevistadigital.com.ar\/blog\/wp-content\/uploads\/2019\/02\/0024518018.jpg?fit=1140%2C640&ssl=1&resize=700%2C400 2x, https:\/\/i0.wp.com\/larevistadigital.com.ar\/blog\/wp-content\/uploads\/2019\/02\/0024518018.jpg?fit=1140%2C640&ssl=1&resize=1050%2C600 3x"},"classes":[]},{"id":8625,"url":"https:\/\/larevistadigital.com.ar\/blog\/mar-del-plata-nuevo-derrumbe-en-los-acantilados\/","url_meta":{"origin":35187,"position":2},"title":"MAR DEL PLATA: NUEVO DERRUMBE EN LOS ACANTILADOS.","author":"Alejandro Sosa Ruda","date":"21 febrero, 2019","format":false,"excerpt":"Desde la Asamblea por los Espacios P\u00fablicos reflejaron el estado de abandono en la zona y la negligencia del municipio. Si bien el hecho ocurri\u00f3 en la madrugada del martes, trascendi\u00f3 reci\u00e9n este mi\u00e9rcoles. Luego de los numerosos desprendimientos que acontecieron en diferentes playas de Mar del Plata a lo\u2026","rel":"","context":"En \u00abPOLITICA\u00bb","block_context":{"text":"POLITICA","link":"https:\/\/larevistadigital.com.ar\/blog\/category\/politica\/"},"img":{"alt_text":"","src":"https:\/\/i0.wp.com\/larevistadigital.com.ar\/blog\/wp-content\/uploads\/2019\/02\/1550699169671.jpeg?fit=1200%2C731&ssl=1&resize=350%2C200","width":350,"height":200,"srcset":"https:\/\/i0.wp.com\/larevistadigital.com.ar\/blog\/wp-content\/uploads\/2019\/02\/1550699169671.jpeg?fit=1200%2C731&ssl=1&resize=350%2C200 1x, https:\/\/i0.wp.com\/larevistadigital.com.ar\/blog\/wp-content\/uploads\/2019\/02\/1550699169671.jpeg?fit=1200%2C731&ssl=1&resize=525%2C300 1.5x, https:\/\/i0.wp.com\/larevistadigital.com.ar\/blog\/wp-content\/uploads\/2019\/02\/1550699169671.jpeg?fit=1200%2C731&ssl=1&resize=700%2C400 2x, https:\/\/i0.wp.com\/larevistadigital.com.ar\/blog\/wp-content\/uploads\/2019\/02\/1550699169671.jpeg?fit=1200%2C731&ssl=1&resize=1050%2C600 3x"},"classes":[]},{"id":17623,"url":"https:\/\/larevistadigital.com.ar\/blog\/la-plata-el-municipio-precariza-a-los-trabajadores-de-seguridad\/","url_meta":{"origin":35187,"position":3},"title":"LA PLATA: \u00abEL MUNICIPIO PRECARIZA A LOS TRABAJADORES DE SEGURIDAD\u00bb","author":"Alejandro Sosa Ruda","date":"11 noviembre, 2020","format":false,"excerpt":"Seg\u00fan (U.P.S.R.A.) uni\u00f3n del Personal de Seguridad de la Rep\u00fablica Argentina, Garro los tiene contratados como cooperativa. Este mi\u00e9rcoles, la concejal Victoria Tolosa Paz, presenta un pedido de informe al Concejo Deliberante en reclamo de detalles sobre la situaci\u00f3n de quienes tienen a cargo la seguridad de los edificios de\u2026","rel":"","context":"En \u00abGREMIALES\u00bb","block_context":{"text":"GREMIALES","link":"https:\/\/larevistadigital.com.ar\/blog\/category\/gremiales\/"},"img":{"alt_text":"","src":"https:\/\/i0.wp.com\/larevistadigital.com.ar\/blog\/wp-content\/uploads\/5-2-2-768x427-1.jpg?fit=1000%2C556&ssl=1&resize=350%2C200","width":350,"height":200,"srcset":"https:\/\/i0.wp.com\/larevistadigital.com.ar\/blog\/wp-content\/uploads\/5-2-2-768x427-1.jpg?fit=1000%2C556&ssl=1&resize=350%2C200 1x, https:\/\/i0.wp.com\/larevistadigital.com.ar\/blog\/wp-content\/uploads\/5-2-2-768x427-1.jpg?fit=1000%2C556&ssl=1&resize=525%2C300 1.5x, https:\/\/i0.wp.com\/larevistadigital.com.ar\/blog\/wp-content\/uploads\/5-2-2-768x427-1.jpg?fit=1000%2C556&ssl=1&resize=700%2C400 2x"},"classes":[]},{"id":29446,"url":"https:\/\/larevistadigital.com.ar\/blog\/mar-del-plata-la-justicia-condeno-al-municipio\/","url_meta":{"origin":35187,"position":4},"title":"MAR DEL PLATA: LA JUSTICIA CONDEN\u00d3 AL MUNICIPIO","author":"Alejandro Sosa Ruda","date":"13 diciembre, 2022","format":false,"excerpt":"Es por pr\u00e1cticas antisindicales contra los trabajadores de la salud de CICOP. 13 de diciembre de 2022 MAR DEL PLATA -\u00a0 La Asociaci\u00f3n Sindical de Profesionales de la Salud de la Provincia de Buenos Aires (CICOP) celebr\u00f3 hoy el fallo del Tribunal del Trabajo Nro. 2 de Mar del Plata\u2026","rel":"","context":"En \u00abGREMIALES\u00bb","block_context":{"text":"GREMIALES","link":"https:\/\/larevistadigital.com.ar\/blog\/category\/gremiales\/"},"img":{"alt_text":"","src":"https:\/\/i0.wp.com\/larevistadigital.com.ar\/blog\/wp-content\/uploads\/cicop-e1664475102144.jpg?fit=1199%2C677&ssl=1&resize=350%2C200","width":350,"height":200,"srcset":"https:\/\/i0.wp.com\/larevistadigital.com.ar\/blog\/wp-content\/uploads\/cicop-e1664475102144.jpg?fit=1199%2C677&ssl=1&resize=350%2C200 1x, https:\/\/i0.wp.com\/larevistadigital.com.ar\/blog\/wp-content\/uploads\/cicop-e1664475102144.jpg?fit=1199%2C677&ssl=1&resize=525%2C300 1.5x, https:\/\/i0.wp.com\/larevistadigital.com.ar\/blog\/wp-content\/uploads\/cicop-e1664475102144.jpg?fit=1199%2C677&ssl=1&resize=700%2C400 2x, https:\/\/i0.wp.com\/larevistadigital.com.ar\/blog\/wp-content\/uploads\/cicop-e1664475102144.jpg?fit=1199%2C677&ssl=1&resize=1050%2C600 3x"},"classes":[]},{"id":35284,"url":"https:\/\/larevistadigital.com.ar\/blog\/la-plata-fumigacion-corte-de-pasto-y-repelente-propio-son-las-armas-del-municipio-contra-la-invasion-de-mosquitos\/","url_meta":{"origin":35187,"position":5},"title":"LA PLATA: FUMIGACI\u00d3N, CORTE DE PASTO Y REPELENTE PROPIO SON LAS ARMAS DEL MUNICIPIO CONTRA LA INVASI\u00d3N DE MOSQUITOS","author":"Alejandro Sosa Ruda","date":"20 febrero, 2024","format":false,"excerpt":"La Municipalidad de La Plata realiza un trabajo integral en medio de la invasi\u00f3n de mosquitos. Corte de pasto, repelente, fumigaci\u00f3n y m\u00e1s. 20 de febrero de 2024 LA PLATA -\u00a0 La\u00a0Municipalidad de La Plata realiza distintas tareas por la invasion de mosquitos que atormenta a los vecinos de todas\u2026","rel":"","context":"En \u00abREGIONALES\u00bb","block_context":{"text":"REGIONALES","link":"https:\/\/larevistadigital.com.ar\/blog\/category\/regionales\/"},"img":{"alt_text":"","src":"https:\/\/i0.wp.com\/larevistadigital.com.ar\/blog\/wp-content\/uploads\/Captura-de-pantalla-2024-02-20-105504.png?fit=893%2C429&ssl=1&resize=350%2C200","width":350,"height":200,"srcset":"https:\/\/i0.wp.com\/larevistadigital.com.ar\/blog\/wp-content\/uploads\/Captura-de-pantalla-2024-02-20-105504.png?fit=893%2C429&ssl=1&resize=350%2C200 1x, https:\/\/i0.wp.com\/larevistadigital.com.ar\/blog\/wp-content\/uploads\/Captura-de-pantalla-2024-02-20-105504.png?fit=893%2C429&ssl=1&resize=525%2C300 1.5x, https:\/\/i0.wp.com\/larevistadigital.com.ar\/blog\/wp-content\/uploads\/Captura-de-pantalla-2024-02-20-105504.png?fit=893%2C429&ssl=1&resize=700%2C400 2x"},"classes":[]}],"_links":{"self":[{"href":"https:\/\/larevistadigital.com.ar\/blog\/wp-json\/wp\/v2\/posts\/35187","targetHints":{"allow":["GET"]}}],"collection":[{"href":"https:\/\/larevistadigital.com.ar\/blog\/wp-json\/wp\/v2\/posts"}],"about":[{"href":"https:\/\/larevistadigital.com.ar\/blog\/wp-json\/wp\/v2\/types\/post"}],"author":[{"embeddable":true,"href":"https:\/\/larevistadigital.com.ar\/blog\/wp-json\/wp\/v2\/users\/3"}],"replies":[{"embeddable":true,"href":"https:\/\/larevistadigital.com.ar\/blog\/wp-json\/wp\/v2\/comments?post=35187"}],"version-history":[{"count":1,"href":"https:\/\/larevistadigital.com.ar\/blog\/wp-json\/wp\/v2\/posts\/35187\/revisions"}],"predecessor-version":[{"id":35189,"href":"https:\/\/larevistadigital.com.ar\/blog\/wp-json\/wp\/v2\/posts\/35187\/revisions\/35189"}],"wp:featuredmedia":[{"embeddable":true,"href":"https:\/\/larevistadigital.com.ar\/blog\/wp-json\/wp\/v2\/media\/35188"}],"wp:attachment":[{"href":"https:\/\/larevistadigital.com.ar\/blog\/wp-json\/wp\/v2\/media?parent=35187"}],"wp:term":[{"taxonomy":"category","embeddable":true,"href":"https:\/\/larevistadigital.com.ar\/blog\/wp-json\/wp\/v2\/categories?post=35187"},{"taxonomy":"post_tag","embeddable":true,"href":"https:\/\/larevistadigital.com.ar\/blog\/wp-json\/wp\/v2\/tags?post=35187"}],"curies":[{"name":"wp","href":"https:\/\/api.w.org\/{rel}","templated":true}]}}