{"id":35190,"date":"2024-02-07T09:30:30","date_gmt":"2024-02-07T12:30:30","guid":{"rendered":"https:\/\/larevistadigital.com.ar\/blog\/?p=35190"},"modified":"2024-02-07T09:30:30","modified_gmt":"2024-02-07T12:30:30","slug":"la-plata-clausuran-una-estacion-de-servicio-por-contaminar-las-napas-de-la-zona","status":"publish","type":"post","link":"https:\/\/larevistadigital.com.ar\/blog\/la-plata-clausuran-una-estacion-de-servicio-por-contaminar-las-napas-de-la-zona\/","title":{"rendered":"LA PLATA: CLAUSURAN UNA ESTACI\u00d3N DE SERVICIO POR CONTAMINAR LAS NAPAS DE LA ZONA"},"content":{"rendered":"<h2>La Polic\u00eda Ecol\u00f3gica determin\u00f3 la clausura de la estaci\u00f3n de servicios a partir del testimonio de los vecinos que sufrieron problemas de salud.<\/h2>\n<p>7 de febrero de 2023<\/p>\n<p><strong>LA PLATA\u00a0 &#8211;\u00a0<\/strong> Luego de registrar p\u00e9rdidas en las ca\u00f1er\u00edas de combustible de una estaci\u00f3n de servicio de\u00a0<strong>Villa Elvira<\/strong>, la\u00a0<strong>Polic\u00eda Ecol\u00f3gica<\/strong>, la\u00a0<strong>Municipalidad de La Plata<\/strong>\u00a0y la\u00a0<strong>Autoridad del Agua<\/strong>, avanz\u00f3 en la clausura del punto de abastecimiento. Aunque el operativo tuvo lugar el pasado martes, la decisi\u00f3n se conoci\u00f3 reci\u00e9n en las \u00faltimas horas.<\/p>\n<div>\n<blockquote>\n<h3 id=\"Parallax\">De acuerdo con fuentes oficiales, <strong>al momento de la inspecci\u00f3n se detect\u00f3 una fuga en el sistema de almacenamiento de hidrocarburos, que contamin\u00f3 las napas de la zona provocando graves afecciones al sistema digestivo y la piel de las personas que viven en los alrededores de la estaci\u00f3n de servicio<\/strong>.<\/h3>\n<\/blockquote>\n<div>\n<article class=\"article-body article-body--third-paragraph\">La Polic\u00eda Ecol\u00f3gica no solo tom\u00f3 muestras del agua que sal\u00eda de las canillas entremezclada con nafta y gasoil, sino que tambi\u00e9n tom\u00f3 declaraci\u00f3n a los vecinos que reportaron s\u00edntomas de malestar y problemas de salud como resultado de la contaminaci\u00f3n. En ese marco,\u00a0<strong>se inici\u00f3 una investigaci\u00f3n para determinar la magnitud del da\u00f1o ambiental causado\u00a0<\/strong>y las posibles responsabilidades legales que le correspondan a la estaci\u00f3n de servicio por no controlar el estado de los pozos de combustible que habr\u00edan afectado la la circulaci\u00f3n del agua potable de red.<\/p>\n<\/article>\n<article class=\"article-body article-body--fourth-paragraph\">\n<blockquote>\n<h3><em>\u00bb ABSA vino una vez y sac\u00f3 una muestra para despu\u00e9s analizar. Pero qued\u00f3 en eso. Ahora hicimos la denuncia y vino la Polic\u00eda Ecol\u00f3gica al barrio. Es un asco todo y quedamos con un olor a nafta insoportable\u00bb<\/em>, expres\u00f3 uno de los vecinos de la localidad platense en di\u00e1logo con <strong><em>Diario Hoy<\/em><\/strong>.<\/h3>\n<\/blockquote>\n<\/article>\n<article class=\"article-body article-body--fifth-paragraph\">Los testimonios y las muestras aportadas por los vecinos de la estaci\u00f3n de servicio\u00a0<strong>Axion\u00a0<\/strong>ubicada en la esquina de\u00a0<strong>7 y 85\u00a0<\/strong>ser\u00e1n fundamentales en el transcurso de la investigaci\u00f3n, que se inici\u00f3 a partir de una denuncia penal realizada por uno de los frentistas.<\/p>\n<blockquote>\n<h3>De acuerdo a lo informado por las autoridades, esta situaci\u00f3n provoc\u00f3 diferentes problemas de salud como dolor abdominal, diarrea, ardor en los ojos y salpullido en la piel.<\/h3>\n<\/blockquote>\n<p><strong>En las pr\u00f3ximas horas, los vecinos afectados por la contaminaci\u00f3n de las napas ser\u00e1n llamados para realizarse estudios m\u00e9dicos que ser\u00e1n utilizados como prueba en la citada causa.\u00a0<\/strong>A modo de prevenci\u00f3n, quienes viven en las zonas aleda\u00f1as a la estaci\u00f3n de servicio est\u00e1n consumiendo agua embotellada para evitar nuevos inconvenientes de salud.<\/p>\n<\/article>\n<\/div>\n<\/div>\n","protected":false},"excerpt":{"rendered":"<div class=\"mh-excerpt\"><p>La Polic\u00eda Ecol\u00f3gica determin\u00f3 la clausura de la estaci\u00f3n de servicios a partir del testimonio de los vecinos que sufrieron problemas de salud. 7 de febrero de 2023 LA PLATA\u00a0 &#8211;\u00a0 Luego de registrar p\u00e9rdidas <a class=\"mh-excerpt-more\" href=\"https:\/\/larevistadigital.com.ar\/blog\/la-plata-clausuran-una-estacion-de-servicio-por-contaminar-las-napas-de-la-zona\/\" title=\"LA PLATA: CLAUSURAN UNA ESTACI\u00d3N DE SERVICIO POR CONTAMINAR LAS NAPAS DE LA ZONA\">[Leer M\u00e1s]<\/a><\/p>\n<\/div>","protected":false},"author":3,"featured_media":35191,"comment_status":"open","ping_status":"open","sticky":false,"template":"","format":"standard","meta":{"_jetpack_memberships_contains_paid_content":false,"footnotes":"","jetpack_publicize_message":"","jetpack_publicize_feature_enabled":true,"jetpack_social_post_already_shared":true,"jetpack_social_options":{"image_generator_settings":{"template":"highway","default_image_id":0,"font":"","enabled":false},"version":2}},"categories":[51,29],"tags":[],"class_list":{"0":"post-35190","1":"post","2":"type-post","3":"status-publish","4":"format-standard","5":"has-post-thumbnail","7":"category-regionales","8":"category-sociedad"},"jetpack_publicize_connections":[],"jetpack_featured_media_url":"https:\/\/i0.wp.com\/larevistadigital.com.ar\/blog\/wp-content\/uploads\/Captura-de-pantalla-2024-02-07-092909.png?fit=865%2C491&ssl=1","jetpack_sharing_enabled":true,"jetpack_shortlink":"https:\/\/wp.me\/p8qtrQ-99A","jetpack-related-posts":[{"id":19471,"url":"https:\/\/larevistadigital.com.ar\/blog\/galeria-de-fotos-chascomus-las-lluvias-provocaron-desastres-de-distinta-magnitud\/","url_meta":{"origin":35190,"position":0},"title":"[GALER\u00cdA DE FOTOS Y VIDEO] CHASCOM\u00daS: LAS LLUVIAS PROVOCARON DESASTRES DE DISTINTA MAGNITUD","author":"Alejandro Sosa Ruda","date":"28 marzo, 2021","format":false,"excerpt":"CHASCOMUS -\u00a0 Las lluvias que cayeron desde ayer, y se mantuvieron en casi toda la jornada de hoy, provocaron da\u00f1os en distintos lugares de la ciudad, adem\u00e1s de que en la zona de la ruta provoc\u00f3 la voladura de techos en la estaci\u00f3n de Servicio Shell conocida como El Campanario,\u2026","rel":"","context":"En \u00abCHASCOM\u00daS\u00bb","block_context":{"text":"CHASCOM\u00daS","link":"https:\/\/larevistadigital.com.ar\/blog\/category\/chascomus\/"},"img":{"alt_text":"","src":"https:\/\/i0.wp.com\/larevistadigital.com.ar\/blog\/wp-content\/uploads\/TECHO-VOLADO-MEXICO-Y-GENERAL-PAZ.jpeg?fit=720%2C960&ssl=1&resize=350%2C200","width":350,"height":200,"srcset":"https:\/\/i0.wp.com\/larevistadigital.com.ar\/blog\/wp-content\/uploads\/TECHO-VOLADO-MEXICO-Y-GENERAL-PAZ.jpeg?fit=720%2C960&ssl=1&resize=350%2C200 1x, https:\/\/i0.wp.com\/larevistadigital.com.ar\/blog\/wp-content\/uploads\/TECHO-VOLADO-MEXICO-Y-GENERAL-PAZ.jpeg?fit=720%2C960&ssl=1&resize=525%2C300 1.5x, https:\/\/i0.wp.com\/larevistadigital.com.ar\/blog\/wp-content\/uploads\/TECHO-VOLADO-MEXICO-Y-GENERAL-PAZ.jpeg?fit=720%2C960&ssl=1&resize=700%2C400 2x"},"classes":[]},{"id":19697,"url":"https:\/\/larevistadigital.com.ar\/blog\/la-plata-cambian-los-accesos-de-la-estacion-de-tren\/","url_meta":{"origin":35190,"position":1},"title":"LA PLATA: CAMBIAN LOS ACCESOS DE LA ESTACI\u00d3N DE TREN","author":"Alejandro Sosa Ruda","date":"16 abril, 2021","format":false,"excerpt":"Esto se debe a las obras que son llevadas adelante por Trenes Argentinos Infraestructura en la parte del techo LA PLATA - Trenes Argentinos inform\u00f3 que, a partir de este viernes, el ingreso y egreso a la Estaci\u00f3n de La Plata ser\u00e1 por Diagonal 80. Esto se debe al inicio\u2026","rel":"","context":"En \u00abREGIONALES\u00bb","block_context":{"text":"REGIONALES","link":"https:\/\/larevistadigital.com.ar\/blog\/category\/regionales\/"},"img":{"alt_text":"","src":"https:\/\/i0.wp.com\/larevistadigital.com.ar\/blog\/wp-content\/uploads\/Captura-de-pantalla-2021-04-16-195722.png?fit=1200%2C599&ssl=1&resize=350%2C200","width":350,"height":200,"srcset":"https:\/\/i0.wp.com\/larevistadigital.com.ar\/blog\/wp-content\/uploads\/Captura-de-pantalla-2021-04-16-195722.png?fit=1200%2C599&ssl=1&resize=350%2C200 1x, https:\/\/i0.wp.com\/larevistadigital.com.ar\/blog\/wp-content\/uploads\/Captura-de-pantalla-2021-04-16-195722.png?fit=1200%2C599&ssl=1&resize=525%2C300 1.5x, https:\/\/i0.wp.com\/larevistadigital.com.ar\/blog\/wp-content\/uploads\/Captura-de-pantalla-2021-04-16-195722.png?fit=1200%2C599&ssl=1&resize=700%2C400 2x, https:\/\/i0.wp.com\/larevistadigital.com.ar\/blog\/wp-content\/uploads\/Captura-de-pantalla-2021-04-16-195722.png?fit=1200%2C599&ssl=1&resize=1050%2C600 3x"},"classes":[]},{"id":44147,"url":"https:\/\/larevistadigital.com.ar\/blog\/miramar-vecinos-vuelven-a-reclamar-el-regreso-del-tren-que-los-une-con-mar-del-plata\/","url_meta":{"origin":35190,"position":2},"title":"Miramar: vecinos vuelven a reclamar el regreso del tren que los une con Mar del Plata","author":"Alejandro Sosa Ruda","date":"23 febrero, 2026","format":false,"excerpt":"Retomaron d\u00edas atr\u00e1s el reclamo por la vuelta del servicio ferroviario entre Mar del Plata y Miramar, suspendido en el verano de 2013. 23 de febrero de 2026 Con una mateada en la estaci\u00f3n de trenes de\u00a0Miramar,\u00a0vecinos y referentes locales retomaron d\u00edas atr\u00e1s el reclamo por la vuelta del servicio\u2026","rel":"","context":"En \u00abREGIONALES\u00bb","block_context":{"text":"REGIONALES","link":"https:\/\/larevistadigital.com.ar\/blog\/category\/regionales\/"},"img":{"alt_text":"","src":"https:\/\/i0.wp.com\/larevistadigital.com.ar\/blog\/wp-content\/uploads\/Captura-de-pantalla-2026-02-23-232814.jpg?fit=622%2C351&ssl=1&resize=350%2C200","width":350,"height":200,"srcset":"https:\/\/i0.wp.com\/larevistadigital.com.ar\/blog\/wp-content\/uploads\/Captura-de-pantalla-2026-02-23-232814.jpg?fit=622%2C351&ssl=1&resize=350%2C200 1x, https:\/\/i0.wp.com\/larevistadigital.com.ar\/blog\/wp-content\/uploads\/Captura-de-pantalla-2026-02-23-232814.jpg?fit=622%2C351&ssl=1&resize=525%2C300 1.5x"},"classes":[]},{"id":40934,"url":"https:\/\/larevistadigital.com.ar\/blog\/tragedia-en-chascomus-muere-un-joven-de-20-anos-luego-de-ser-atropellado-en-la-ruta-2\/","url_meta":{"origin":35190,"position":3},"title":"Tragedia en Chascom\u00fas: Muere un joven de 20 a\u00f1os, luego de ser atropellado en la ruta 2","author":"Alejandro Sosa Ruda","date":"15 agosto, 2025","format":false,"excerpt":"El hecho ocurri\u00f3 en el kil\u00f3metro 116, mano a Mar del Plata. La v\u00edctima fue trasladada de urgencia al hospital, pero falleci\u00f3 horas despu\u00e9s. El tr\u00e1nsito estuvo parcialmente interrumpido mientras trabajaban los peritos. 15 de Agosto de 2025 CHASCOM\u00daS\u00a0 -\u00a0 \u00a0Un tr\u00e1gico accidente conmocion\u00f3 la noche del jueves en la\u2026","rel":"","context":"En \u00abDESTACADAS\u00bb","block_context":{"text":"DESTACADAS","link":"https:\/\/larevistadigital.com.ar\/blog\/category\/destacadas\/"},"img":{"alt_text":"","src":"https:\/\/i0.wp.com\/larevistadigital.com.ar\/blog\/wp-content\/uploads\/Screenshot_1-121.jpg?fit=1007%2C565&ssl=1&resize=350%2C200","width":350,"height":200,"srcset":"https:\/\/i0.wp.com\/larevistadigital.com.ar\/blog\/wp-content\/uploads\/Screenshot_1-121.jpg?fit=1007%2C565&ssl=1&resize=350%2C200 1x, https:\/\/i0.wp.com\/larevistadigital.com.ar\/blog\/wp-content\/uploads\/Screenshot_1-121.jpg?fit=1007%2C565&ssl=1&resize=525%2C300 1.5x, https:\/\/i0.wp.com\/larevistadigital.com.ar\/blog\/wp-content\/uploads\/Screenshot_1-121.jpg?fit=1007%2C565&ssl=1&resize=700%2C400 2x"},"classes":[]},{"id":22701,"url":"https:\/\/larevistadigital.com.ar\/blog\/conmocion-en-la-plata-una-nena-dijo-que-la-raptaron-antes-de-entrar-al-colegio-y-que-abusaron-de-ella\/","url_meta":{"origin":35190,"position":4},"title":"CONMOCI\u00d3N EN LA PLATA: UNA NENA DIJO QUE LA RAPTARON ANTES DE ENTRAR AL COLEGIO Y QUE ABUSARON DE ELLA","author":"Alejandro Sosa Ruda","date":"17 noviembre, 2021","format":false,"excerpt":"Las autoridades investigan un hecho en el que una alumna habr\u00eda sido raptada en diagonal 80, abusada y abandonada en la zona de la cantera de Gorina. Una adolescente denunci\u00f3 que fue secuestrada en pleno centro de La Plata por dos hombres que la amenazaron con armas, la manosearon y\u2026","rel":"","context":"En \u00abPOLICIALES\u00bb","block_context":{"text":"POLICIALES","link":"https:\/\/larevistadigital.com.ar\/blog\/category\/policiales\/"},"img":{"alt_text":"","src":"https:\/\/i0.wp.com\/larevistadigital.com.ar\/blog\/wp-content\/uploads\/POLICIA.png?fit=1002%2C658&ssl=1&resize=350%2C200","width":350,"height":200,"srcset":"https:\/\/i0.wp.com\/larevistadigital.com.ar\/blog\/wp-content\/uploads\/POLICIA.png?fit=1002%2C658&ssl=1&resize=350%2C200 1x, https:\/\/i0.wp.com\/larevistadigital.com.ar\/blog\/wp-content\/uploads\/POLICIA.png?fit=1002%2C658&ssl=1&resize=525%2C300 1.5x, https:\/\/i0.wp.com\/larevistadigital.com.ar\/blog\/wp-content\/uploads\/POLICIA.png?fit=1002%2C658&ssl=1&resize=700%2C400 2x"},"classes":[]},{"id":17911,"url":"https:\/\/larevistadigital.com.ar\/blog\/trenes-todos-los-horarios-y-servicios-a-chascomus-y-a-mar-del-plata\/","url_meta":{"origin":35190,"position":5},"title":"TRENES: TODOS LOS HORARIOS Y SERVICIOS A CHASCOM\u00daS Y A MAR DEL PLATA","author":"Alejandro Sosa Ruda","date":"1 diciembre, 2020","format":false,"excerpt":"Trenes Argentinos brind\u00f3 el detalle al portal antinoticias.com.ar de los servicios de larga distancia y de cercan\u00eda que desde este martes 1 de diciembre llegar\u00e1n y parar\u00e1n en Chascom\u00fas. Respecto del servicio de larga distancia entre Plaza Constituci\u00f3n y Mar del Plata, desde prensa de Trenes Argentinos le informaron a\u2026","rel":"","context":"En \u00abINTERES GENERAL\u00bb","block_context":{"text":"INTERES GENERAL","link":"https:\/\/larevistadigital.com.ar\/blog\/category\/interes-general\/"},"img":{"alt_text":"","src":"https:\/\/i0.wp.com\/larevistadigital.com.ar\/blog\/wp-content\/uploads\/2017\/12\/estacion-chascomusnva.jpg?fit=960%2C539&ssl=1&resize=350%2C200","width":350,"height":200,"srcset":"https:\/\/i0.wp.com\/larevistadigital.com.ar\/blog\/wp-content\/uploads\/2017\/12\/estacion-chascomusnva.jpg?fit=960%2C539&ssl=1&resize=350%2C200 1x, https:\/\/i0.wp.com\/larevistadigital.com.ar\/blog\/wp-content\/uploads\/2017\/12\/estacion-chascomusnva.jpg?fit=960%2C539&ssl=1&resize=525%2C300 1.5x, https:\/\/i0.wp.com\/larevistadigital.com.ar\/blog\/wp-content\/uploads\/2017\/12\/estacion-chascomusnva.jpg?fit=960%2C539&ssl=1&resize=700%2C400 2x"},"classes":[]}],"_links":{"self":[{"href":"https:\/\/larevistadigital.com.ar\/blog\/wp-json\/wp\/v2\/posts\/35190","targetHints":{"allow":["GET"]}}],"collection":[{"href":"https:\/\/larevistadigital.com.ar\/blog\/wp-json\/wp\/v2\/posts"}],"about":[{"href":"https:\/\/larevistadigital.com.ar\/blog\/wp-json\/wp\/v2\/types\/post"}],"author":[{"embeddable":true,"href":"https:\/\/larevistadigital.com.ar\/blog\/wp-json\/wp\/v2\/users\/3"}],"replies":[{"embeddable":true,"href":"https:\/\/larevistadigital.com.ar\/blog\/wp-json\/wp\/v2\/comments?post=35190"}],"version-history":[{"count":1,"href":"https:\/\/larevistadigital.com.ar\/blog\/wp-json\/wp\/v2\/posts\/35190\/revisions"}],"predecessor-version":[{"id":35192,"href":"https:\/\/larevistadigital.com.ar\/blog\/wp-json\/wp\/v2\/posts\/35190\/revisions\/35192"}],"wp:featuredmedia":[{"embeddable":true,"href":"https:\/\/larevistadigital.com.ar\/blog\/wp-json\/wp\/v2\/media\/35191"}],"wp:attachment":[{"href":"https:\/\/larevistadigital.com.ar\/blog\/wp-json\/wp\/v2\/media?parent=35190"}],"wp:term":[{"taxonomy":"category","embeddable":true,"href":"https:\/\/larevistadigital.com.ar\/blog\/wp-json\/wp\/v2\/categories?post=35190"},{"taxonomy":"post_tag","embeddable":true,"href":"https:\/\/larevistadigital.com.ar\/blog\/wp-json\/wp\/v2\/tags?post=35190"}],"curies":[{"name":"wp","href":"https:\/\/api.w.org\/{rel}","templated":true}]}}