{"id":35193,"date":"2024-02-07T10:18:35","date_gmt":"2024-02-07T13:18:35","guid":{"rendered":"https:\/\/larevistadigital.com.ar\/blog\/?p=35193"},"modified":"2024-02-07T10:18:35","modified_gmt":"2024-02-07T13:18:35","slug":"mar-del-plata-cuidacoches-rompio-el-capo-de-un-taxi-tras-una-discusion","status":"publish","type":"post","link":"https:\/\/larevistadigital.com.ar\/blog\/mar-del-plata-cuidacoches-rompio-el-capo-de-un-taxi-tras-una-discusion\/","title":{"rendered":"MAR DEL PLATA: CUIDACOCHES ROMPI\u00d3 EL CAPO DE UN TAXI TRAS UNA DISCUSI\u00d3N"},"content":{"rendered":"<div class=\"item is-12\">\n<h2 class=\"intro\">Sucedi\u00f3 en la zona de la vieja terminal. Qued\u00f3 alojado en el Centro Especializado en Aprehensi\u00f3n (CEA).<\/h2>\n<p><strong>MAR DEL PLATA &#8211;\u00a0 <\/strong>Un adolescente de 17 a\u00f1os\u00a0que cuida autos en la zona de la vieja terminal fue aprehendido el martes a la tarde por personal policial luego de da\u00f1ar el capot de un taxi.<\/p>\n<blockquote>\n<h3>Personal del Grupo de Control Urbano tom\u00f3 conocimiento sobre una discusi\u00f3n de tr\u00e1nsito en la zona de la ex terminal. Al arribar a\u00a0<strong>Sarmiento entre Garay y Rawson<\/strong>\u00a0aprehendieron al menor que hab\u00eda da\u00f1ado el capot del rodado.<\/h3>\n<\/blockquote>\n<p>Los oficiales tambi\u00e9n\u00a0<strong>aprehendieron a otro cuidacoches de 40 a\u00f1os<\/strong>\u00a0que estaba incitando a pelear a la v\u00edctima y que no acataba las \u00f3rdenes policiales.<\/p>\n<p>La fiscal Mariana Baqueiro del Fuero de Responsabilidad Penal Juvenil dispuso la formaci\u00f3n de una causa por da\u00f1o y el traslado del menor al CEA de Bat\u00e1n.<\/p>\n<p>PUBLICADO EN 0223<\/p>\n<\/div>\n<div class=\"item is-8\">\n<div class=\"media\"><\/div>\n<\/div>\n","protected":false},"excerpt":{"rendered":"<div class=\"mh-excerpt\"><p>Sucedi\u00f3 en la zona de la vieja terminal. Qued\u00f3 alojado en el Centro Especializado en Aprehensi\u00f3n (CEA). MAR DEL PLATA &#8211;\u00a0 Un adolescente de 17 a\u00f1os\u00a0que cuida autos en la zona de la vieja terminal <a class=\"mh-excerpt-more\" href=\"https:\/\/larevistadigital.com.ar\/blog\/mar-del-plata-cuidacoches-rompio-el-capo-de-un-taxi-tras-una-discusion\/\" title=\"MAR DEL PLATA: CUIDACOCHES ROMPI\u00d3 EL CAPO DE UN TAXI TRAS UNA DISCUSI\u00d3N\">[Leer M\u00e1s]<\/a><\/p>\n<\/div>","protected":false},"author":3,"featured_media":35194,"comment_status":"open","ping_status":"open","sticky":false,"template":"","format":"standard","meta":{"_jetpack_memberships_contains_paid_content":false,"footnotes":"","jetpack_publicize_message":"","jetpack_publicize_feature_enabled":true,"jetpack_social_post_already_shared":true,"jetpack_social_options":{"image_generator_settings":{"template":"highway","default_image_id":0,"font":"","enabled":false},"version":2}},"categories":[44,51],"tags":[],"class_list":{"0":"post-35193","1":"post","2":"type-post","3":"status-publish","4":"format-standard","5":"has-post-thumbnail","7":"category-policiales","8":"category-regionales"},"jetpack_publicize_connections":[],"jetpack_featured_media_url":"https:\/\/i0.wp.com\/larevistadigital.com.ar\/blog\/wp-content\/uploads\/Captura-de-pantalla-2024-02-07-101425.png?fit=810%2C332&ssl=1","jetpack_sharing_enabled":true,"jetpack_shortlink":"https:\/\/wp.me\/p8qtrQ-99D","jetpack-related-posts":[{"id":14527,"url":"https:\/\/larevistadigital.com.ar\/blog\/mar-del-plata-apunalan-a-un-cuidacoches-en-la-puerta-del-hospital-materno\/","url_meta":{"origin":35193,"position":0},"title":"MAR DEL PLATA: APU\u00d1ALAN A UN CUIDACOCHES EN LA PUERTA DEL HOSPITAL MATERNO","author":"Alejandro Sosa Ruda","date":"2 febrero, 2020","format":false,"excerpt":"Fue durante una pelea con otros hombres. La v\u00edctima recibi\u00f3 dos puntazos y fue trasladada al Hospital Interzonal General de Agudos: se encuentra en grave estado. Un cuidacoches de 20 a\u00f1os fue apu\u00f1alado este domingo a la tarde en las inmediaciones del Hospital Materno Infantil durante una violenta confrontaci\u00f3n con\u2026","rel":"","context":"En \u00abPOLICIALES\u00bb","block_context":{"text":"POLICIALES","link":"https:\/\/larevistadigital.com.ar\/blog\/category\/policiales\/"},"img":{"alt_text":"","src":"https:\/\/i0.wp.com\/larevistadigital.com.ar\/blog\/wp-content\/uploads\/Screenshot_3-39.jpg?fit=600%2C684&ssl=1&resize=350%2C200","width":350,"height":200,"srcset":"https:\/\/i0.wp.com\/larevistadigital.com.ar\/blog\/wp-content\/uploads\/Screenshot_3-39.jpg?fit=600%2C684&ssl=1&resize=350%2C200 1x, https:\/\/i0.wp.com\/larevistadigital.com.ar\/blog\/wp-content\/uploads\/Screenshot_3-39.jpg?fit=600%2C684&ssl=1&resize=525%2C300 1.5x"},"classes":[]},{"id":30919,"url":"https:\/\/larevistadigital.com.ar\/blog\/mar-del-plata-pelea-de-cuidacoches-termina-con-uno-de-ellos-con-un-corte-en-la-yugular\/","url_meta":{"origin":35193,"position":1},"title":"MAR DEL PLATA: PELEA DE CUIDACOCHES TERMINA CON UNO DE ELLOS CON UN CORTE EN LA YUGULAR","author":"Alejandro Sosa Ruda","date":"6 abril, 2023","format":false,"excerpt":"Ocurri\u00f3 el mi\u00e9rcoles a la noche en Moreno y Entre R\u00edos. La v\u00edctima fue caminando hasta la casa de la ex pareja y lo trasladaron al hospital. 6 de abril de 2023 MAR DEL PLATA -\u00a0 Una pelea entre cuidacoches en el centro termin\u00f3 con uno de ellos gravemente herido\u2026","rel":"","context":"En \u00abPOLICIALES\u00bb","block_context":{"text":"POLICIALES","link":"https:\/\/larevistadigital.com.ar\/blog\/category\/policiales\/"},"img":{"alt_text":"","src":"https:\/\/i0.wp.com\/larevistadigital.com.ar\/blog\/wp-content\/uploads\/Guardia-Higa-0311.jpg?fit=790%2C444&ssl=1&resize=350%2C200","width":350,"height":200,"srcset":"https:\/\/i0.wp.com\/larevistadigital.com.ar\/blog\/wp-content\/uploads\/Guardia-Higa-0311.jpg?fit=790%2C444&ssl=1&resize=350%2C200 1x, https:\/\/i0.wp.com\/larevistadigital.com.ar\/blog\/wp-content\/uploads\/Guardia-Higa-0311.jpg?fit=790%2C444&ssl=1&resize=525%2C300 1.5x, https:\/\/i0.wp.com\/larevistadigital.com.ar\/blog\/wp-content\/uploads\/Guardia-Higa-0311.jpg?fit=790%2C444&ssl=1&resize=700%2C400 2x"},"classes":[]},{"id":31000,"url":"https:\/\/larevistadigital.com.ar\/blog\/mar-del-plata-turistas-encontraron-el-cadaver-de-un-hombre-que-se-habia-tirado-al-mar\/","url_meta":{"origin":35193,"position":2},"title":"MAR DEL PLATA: TURISTAS ENCONTRARON EL CADAVER DE UN HOMBRE QUE SE HAB\u00cdA TIRADO AL MAR","author":"Alejandro Sosa Ruda","date":"12 abril, 2023","format":false,"excerpt":"MAR DEL PLATA -\u00a0 Luego de m\u00e1s de 24 hs. de b\u00fasqueda, finalmente encontraron en Mar del Plata el cuerpo de un hombre de 33 a\u00f1os de edad, que el d\u00eda viernes a la madrugada se arroj\u00f3 al mar para escapar de la polic\u00eda, que lo persegu\u00eda por el robo\u2026","rel":"","context":"En \u00abPOLICIALES\u00bb","block_context":{"text":"POLICIALES","link":"https:\/\/larevistadigital.com.ar\/blog\/category\/policiales\/"},"img":{"alt_text":"","src":"https:\/\/i0.wp.com\/larevistadigital.com.ar\/blog\/wp-content\/uploads\/fotojet_x98x_1.jpg_1833193316.jpg?fit=720%2C406&ssl=1&resize=350%2C200","width":350,"height":200,"srcset":"https:\/\/i0.wp.com\/larevistadigital.com.ar\/blog\/wp-content\/uploads\/fotojet_x98x_1.jpg_1833193316.jpg?fit=720%2C406&ssl=1&resize=350%2C200 1x, https:\/\/i0.wp.com\/larevistadigital.com.ar\/blog\/wp-content\/uploads\/fotojet_x98x_1.jpg_1833193316.jpg?fit=720%2C406&ssl=1&resize=525%2C300 1.5x, https:\/\/i0.wp.com\/larevistadigital.com.ar\/blog\/wp-content\/uploads\/fotojet_x98x_1.jpg_1833193316.jpg?fit=720%2C406&ssl=1&resize=700%2C400 2x"},"classes":[]},{"id":43436,"url":"https:\/\/larevistadigital.com.ar\/blog\/aprehendieron-a-dos-hombres-tras-el-abuso-de-una-joven-en-pleno-microcentro-de-mar-del-plata\/","url_meta":{"origin":35193,"position":3},"title":"Aprehendieron a dos hombres tras el abuso de una joven en pleno microcentro de Mar del Plata","author":"Alejandro Sosa Ruda","date":"18 enero, 2026","format":false,"excerpt":"El hecho ocurri\u00f3 en una zona muy concurrida por turistas. Uno de los acusados qued\u00f3 imputado por abuso sexual simple y fue trasladado a la Unidad Penal de Bat\u00e1n. 18 de enero de 2026 MAR DEL PLATA -\u00a0 \u00a0Dos hombres en situaci\u00f3n de calle fueron aprehendidos por personal policial minutos\u2026","rel":"","context":"En \u00abPOLICIALES\u00bb","block_context":{"text":"POLICIALES","link":"https:\/\/larevistadigital.com.ar\/blog\/category\/policiales\/"},"img":{"alt_text":"","src":"https:\/\/i0.wp.com\/larevistadigital.com.ar\/blog\/wp-content\/uploads\/Captura-de-pantalla-2026-01-18-140153.jpg?fit=814%2C419&ssl=1&resize=350%2C200","width":350,"height":200,"srcset":"https:\/\/i0.wp.com\/larevistadigital.com.ar\/blog\/wp-content\/uploads\/Captura-de-pantalla-2026-01-18-140153.jpg?fit=814%2C419&ssl=1&resize=350%2C200 1x, https:\/\/i0.wp.com\/larevistadigital.com.ar\/blog\/wp-content\/uploads\/Captura-de-pantalla-2026-01-18-140153.jpg?fit=814%2C419&ssl=1&resize=525%2C300 1.5x, https:\/\/i0.wp.com\/larevistadigital.com.ar\/blog\/wp-content\/uploads\/Captura-de-pantalla-2026-01-18-140153.jpg?fit=814%2C419&ssl=1&resize=700%2C400 2x"},"classes":[]},{"id":30469,"url":"https:\/\/larevistadigital.com.ar\/blog\/mar-del-plata-un-jubilado-atropello-a-un-cuidacohes-en-el-centro\/","url_meta":{"origin":35193,"position":4},"title":"MAR DEL PLATA: UN JUBILADO ATROPELL\u00d3 A UN CUIDACOHES EN EL CENTRO","author":"Alejandro Sosa Ruda","date":"8 marzo, 2023","format":false,"excerpt":"Un autom\u00f3vil conducido por un jubilado de 84 a\u00f1os\u00a0pis\u00f3 a un cuidacoches\u00a0de 21 en el centro de la ciudad. 8 de marzo de 2023 MAR DEL PLATA -\u00a0 El hecho ocurri\u00f3 en Entre R\u00edos, entre Bol\u00edvar y Moreno, y la v\u00edctima sufri\u00f3 lesiones leves, producto de las cuales recibi\u00f3 atenci\u00f3n\u2026","rel":"","context":"En \u00abPOLICIALES\u00bb","block_context":{"text":"POLICIALES","link":"https:\/\/larevistadigital.com.ar\/blog\/category\/policiales\/"},"img":{"alt_text":"","src":"https:\/\/i0.wp.com\/larevistadigital.com.ar\/blog\/wp-content\/uploads\/Captura-de-pantalla-2023-03-08-130303.png?fit=798%2C446&ssl=1&resize=350%2C200","width":350,"height":200,"srcset":"https:\/\/i0.wp.com\/larevistadigital.com.ar\/blog\/wp-content\/uploads\/Captura-de-pantalla-2023-03-08-130303.png?fit=798%2C446&ssl=1&resize=350%2C200 1x, https:\/\/i0.wp.com\/larevistadigital.com.ar\/blog\/wp-content\/uploads\/Captura-de-pantalla-2023-03-08-130303.png?fit=798%2C446&ssl=1&resize=525%2C300 1.5x, https:\/\/i0.wp.com\/larevistadigital.com.ar\/blog\/wp-content\/uploads\/Captura-de-pantalla-2023-03-08-130303.png?fit=798%2C446&ssl=1&resize=700%2C400 2x"},"classes":[]},{"id":28869,"url":"https:\/\/larevistadigital.com.ar\/blog\/mar-del-tuyu-aprehendieron-a-un-hombre-que-le-enviaba-fotos-sexuales-a-una-nena-de-11-anos\/","url_meta":{"origin":35193,"position":5},"title":"MAR DEL TUY\u00da: APREHENDIERON A UN HOMBRE QUE LE ENVIABA FOTOS SEXUALES A UNA NENA DE 11 A\u00d1OS","author":"Alejandro Sosa Ruda","date":"18 noviembre, 2022","format":false,"excerpt":"La denuncia la hicieron los padres de la menor, y el operativo estuvo a cargo de la Polic\u00eda Federal. 18 de noviembre de 2022 MAR DEL TUY\u00da -\u00a0 Un hombre de\u00a037 a\u00f1os\u00a0fue aprehendido en\u00a0Mar del Tuy\u00fa, Partido de La Costa, por enviarle fotos con contenido sexual a una\u00a0nena de 11\u2026","rel":"","context":"En \u00abPOLICIALES\u00bb","block_context":{"text":"POLICIALES","link":"https:\/\/larevistadigital.com.ar\/blog\/category\/policiales\/"},"img":{"alt_text":"","src":"https:\/\/i0.wp.com\/larevistadigital.com.ar\/blog\/wp-content\/uploads\/ab023409918d9c6df585b4d46db4fb8d94a97a12.jpg?fit=1140%2C735&ssl=1&resize=350%2C200","width":350,"height":200,"srcset":"https:\/\/i0.wp.com\/larevistadigital.com.ar\/blog\/wp-content\/uploads\/ab023409918d9c6df585b4d46db4fb8d94a97a12.jpg?fit=1140%2C735&ssl=1&resize=350%2C200 1x, https:\/\/i0.wp.com\/larevistadigital.com.ar\/blog\/wp-content\/uploads\/ab023409918d9c6df585b4d46db4fb8d94a97a12.jpg?fit=1140%2C735&ssl=1&resize=525%2C300 1.5x, https:\/\/i0.wp.com\/larevistadigital.com.ar\/blog\/wp-content\/uploads\/ab023409918d9c6df585b4d46db4fb8d94a97a12.jpg?fit=1140%2C735&ssl=1&resize=700%2C400 2x, https:\/\/i0.wp.com\/larevistadigital.com.ar\/blog\/wp-content\/uploads\/ab023409918d9c6df585b4d46db4fb8d94a97a12.jpg?fit=1140%2C735&ssl=1&resize=1050%2C600 3x"},"classes":[]}],"_links":{"self":[{"href":"https:\/\/larevistadigital.com.ar\/blog\/wp-json\/wp\/v2\/posts\/35193","targetHints":{"allow":["GET"]}}],"collection":[{"href":"https:\/\/larevistadigital.com.ar\/blog\/wp-json\/wp\/v2\/posts"}],"about":[{"href":"https:\/\/larevistadigital.com.ar\/blog\/wp-json\/wp\/v2\/types\/post"}],"author":[{"embeddable":true,"href":"https:\/\/larevistadigital.com.ar\/blog\/wp-json\/wp\/v2\/users\/3"}],"replies":[{"embeddable":true,"href":"https:\/\/larevistadigital.com.ar\/blog\/wp-json\/wp\/v2\/comments?post=35193"}],"version-history":[{"count":1,"href":"https:\/\/larevistadigital.com.ar\/blog\/wp-json\/wp\/v2\/posts\/35193\/revisions"}],"predecessor-version":[{"id":35195,"href":"https:\/\/larevistadigital.com.ar\/blog\/wp-json\/wp\/v2\/posts\/35193\/revisions\/35195"}],"wp:featuredmedia":[{"embeddable":true,"href":"https:\/\/larevistadigital.com.ar\/blog\/wp-json\/wp\/v2\/media\/35194"}],"wp:attachment":[{"href":"https:\/\/larevistadigital.com.ar\/blog\/wp-json\/wp\/v2\/media?parent=35193"}],"wp:term":[{"taxonomy":"category","embeddable":true,"href":"https:\/\/larevistadigital.com.ar\/blog\/wp-json\/wp\/v2\/categories?post=35193"},{"taxonomy":"post_tag","embeddable":true,"href":"https:\/\/larevistadigital.com.ar\/blog\/wp-json\/wp\/v2\/tags?post=35193"}],"curies":[{"name":"wp","href":"https:\/\/api.w.org\/{rel}","templated":true}]}}