{"id":35201,"date":"2024-02-08T14:19:25","date_gmt":"2024-02-08T17:19:25","guid":{"rendered":"https:\/\/larevistadigital.com.ar\/blog\/?p=35201"},"modified":"2024-02-08T14:19:25","modified_gmt":"2024-02-08T17:19:25","slug":"chascomus-un-comerciante-denuncio-un-robo-y-la-policia-lo-resolvio-rapidamente-y-hay-un-aprehendido","status":"publish","type":"post","link":"https:\/\/larevistadigital.com.ar\/blog\/chascomus-un-comerciante-denuncio-un-robo-y-la-policia-lo-resolvio-rapidamente-y-hay-un-aprehendido\/","title":{"rendered":"CHASCOM\u00daS: UN COMERCIANTE DENUNCI\u00d3 UN ROBO Y LA POLIC\u00cdA LO RESOLVI\u00d3 RAPIDAMENTE, Y HAY UN APREHENDIDO"},"content":{"rendered":"<h2>Las autoridades trabajaron con rapidez y consiguieron resolver el il\u00edcito, aprehendiendo al responsable, que luego fue liberado por la justicia.<\/h2>\n<p>8 de febrero de 2023<\/p>\n<p><strong>CHASCOM\u00daS &#8211;\u00a0<\/strong> \u00a0Luego de recibida una denuncia en la Estaci\u00f3n de Polic\u00eda Comunal, donde un comerciante que se dedica a la \u00abreparaci\u00f3n de tel\u00e9fonos celulares\u00bb en el centro de la ciudad, inform\u00f3 que le fueron sustra\u00eddos 5 tel\u00e9fonos celulares marca iphone, un notebook, y dos parlantes portatiles.<\/p>\n<blockquote>\n<h3>La Polic\u00eda, procedi\u00f3 a allanar y recuperar la vestimenta usada por dos individuos que violentaron la ventana y habr\u00edan cometido el robo.<\/h3>\n<\/blockquote>\n<p>El Grupo Operativo, recepcion\u00f3 declaraciones respecto del hecho, donde se logr\u00f3 determinar la autor\u00eda de quien entreg\u00f3 informaci\u00f3n para cometer el il\u00edcito.<\/p>\n","protected":false},"excerpt":{"rendered":"<div class=\"mh-excerpt\"><p>Las autoridades trabajaron con rapidez y consiguieron resolver el il\u00edcito, aprehendiendo al responsable, que luego fue liberado por la justicia. 8 de febrero de 2023 CHASCOM\u00daS &#8211;\u00a0 \u00a0Luego de recibida una denuncia en la Estaci\u00f3n <a class=\"mh-excerpt-more\" href=\"https:\/\/larevistadigital.com.ar\/blog\/chascomus-un-comerciante-denuncio-un-robo-y-la-policia-lo-resolvio-rapidamente-y-hay-un-aprehendido\/\" title=\"CHASCOM\u00daS: UN COMERCIANTE DENUNCI\u00d3 UN ROBO Y LA POLIC\u00cdA LO RESOLVI\u00d3 RAPIDAMENTE, Y HAY UN APREHENDIDO\">[Leer M\u00e1s]<\/a><\/p>\n<\/div>","protected":false},"author":3,"featured_media":35202,"comment_status":"open","ping_status":"open","sticky":false,"template":"","format":"standard","meta":{"_jetpack_memberships_contains_paid_content":false,"footnotes":"","jetpack_publicize_message":"","jetpack_publicize_feature_enabled":true,"jetpack_social_post_already_shared":true,"jetpack_social_options":{"image_generator_settings":{"template":"highway","default_image_id":0,"font":"","enabled":false},"version":2}},"categories":[41],"tags":[],"class_list":{"0":"post-35201","1":"post","2":"type-post","3":"status-publish","4":"format-standard","5":"has-post-thumbnail","7":"category-destacadas"},"jetpack_publicize_connections":[],"jetpack_featured_media_url":"https:\/\/i0.wp.com\/larevistadigital.com.ar\/blog\/wp-content\/uploads\/WhatsApp-Image-2024-02-08-at-10.15.42.jpeg?fit=1082%2C1280&ssl=1","jetpack_sharing_enabled":true,"jetpack_shortlink":"https:\/\/wp.me\/p8qtrQ-99L","jetpack-related-posts":[{"id":31669,"url":"https:\/\/larevistadigital.com.ar\/blog\/chascomus-por-un-llamado-la-policia-logro-evitar-un-robo-en-el-gallo-blanco\/","url_meta":{"origin":35201,"position":0},"title":"CHASCOM\u00daS: POR UN LLAMADO LA POLIC\u00cdA LOGR\u00d3 EVITAR UN ROBO EN EL GALLO BLANCO","author":"Alejandro Sosa Ruda","date":"21 mayo, 2023","format":false,"excerpt":"Eran dos sujetos que escaparon en una moto. Luego de una persecuci\u00f3n cayeron de la misma y lograron hu\u00edr a pi\u00e9. Se incaut\u00f3 el veh\u00edculo y dos mochilas. 21 de mayo de 2023 CHASCOM\u00daS -\u00a0 Con motivo de un llamado telef\u00f3nico, la polic\u00eda comunal se hizo presente en el barrio\u2026","rel":"","context":"En \u00abCHASCOM\u00daS\u00bb","block_context":{"text":"CHASCOM\u00daS","link":"https:\/\/larevistadigital.com.ar\/blog\/category\/chascomus\/"},"img":{"alt_text":"","src":"https:\/\/i0.wp.com\/larevistadigital.com.ar\/blog\/wp-content\/uploads\/WhatsApp-Image-2023-05-20-at-19.52.20.jpeg?fit=899%2C1081&ssl=1&resize=350%2C200","width":350,"height":200,"srcset":"https:\/\/i0.wp.com\/larevistadigital.com.ar\/blog\/wp-content\/uploads\/WhatsApp-Image-2023-05-20-at-19.52.20.jpeg?fit=899%2C1081&ssl=1&resize=350%2C200 1x, https:\/\/i0.wp.com\/larevistadigital.com.ar\/blog\/wp-content\/uploads\/WhatsApp-Image-2023-05-20-at-19.52.20.jpeg?fit=899%2C1081&ssl=1&resize=525%2C300 1.5x, https:\/\/i0.wp.com\/larevistadigital.com.ar\/blog\/wp-content\/uploads\/WhatsApp-Image-2023-05-20-at-19.52.20.jpeg?fit=899%2C1081&ssl=1&resize=700%2C400 2x"},"classes":[]},{"id":32363,"url":"https:\/\/larevistadigital.com.ar\/blog\/chascomus-2\/","url_meta":{"origin":35201,"position":1},"title":"CHASCOM\u00daS: EN UN ALLANAMIENTO, LA POLIC\u00cdA RECUPER\u00d3 UNA MOTO ROBADA Y SECUESTR\u00d3 MARIHUANA","author":"Alejandro Sosa Ruda","date":"11 julio, 2023","format":false,"excerpt":"Fue en el barrio La Noria, se recuper\u00f3 una motocicleta, tel\u00e9fonos celulares y marihuana. 11 de julio de 2023 CHASCOM\u00daS -\u00a0 En horas de la tarde del d\u00eda domingo 9 de Julio, se recibieron \u00f3rdenes de allanamiento para dos Domicilios de este medio en una investigaci\u00f3n iniciada por la Polic\u00eda\u2026","rel":"","context":"En \u00abPOLICIALES\u00bb","block_context":{"text":"POLICIALES","link":"https:\/\/larevistadigital.com.ar\/blog\/category\/policiales\/"},"img":{"alt_text":"","src":"https:\/\/i0.wp.com\/larevistadigital.com.ar\/blog\/wp-content\/uploads\/WhatsApp-Image-2023-07-10-at-20.17.10-e1689045734269.jpeg?fit=604%2C832&ssl=1&resize=350%2C200","width":350,"height":200,"srcset":"https:\/\/i0.wp.com\/larevistadigital.com.ar\/blog\/wp-content\/uploads\/WhatsApp-Image-2023-07-10-at-20.17.10-e1689045734269.jpeg?fit=604%2C832&ssl=1&resize=350%2C200 1x, https:\/\/i0.wp.com\/larevistadigital.com.ar\/blog\/wp-content\/uploads\/WhatsApp-Image-2023-07-10-at-20.17.10-e1689045734269.jpeg?fit=604%2C832&ssl=1&resize=525%2C300 1.5x"},"classes":[]},{"id":27822,"url":"https:\/\/larevistadigital.com.ar\/blog\/chascomus-detienen-a-un-individuo-por-robo-agravado-por-el-uso-de-arma-de-fuego\/","url_meta":{"origin":35201,"position":2},"title":"CHASCOM\u00daS: DETIENEN A UN INDIVIDUO POR ROBO AGRAVADO POR EL USO DE ARMA DE FUEGO","author":"Alejandro Sosa Ruda","date":"17 septiembre, 2022","format":false,"excerpt":"CHASCOM\u00daS -\u00a0 Inform\u00f3 la Polic\u00eda Comunal, que durante la jornada de hoy se cumpliment\u00f3 una orden de allanamiento y detenci\u00f3n emanada del Juzgado de Garant\u00edas n\u00b0 5, en relaci\u00f3n a un hecho que fuera denunciado ante la UFI N\u00b0 9 de Chascom\u00fas. El mismo se llev\u00f3 a cabo en calles\u2026","rel":"","context":"En \u00abDESTACADAS\u00bb","block_context":{"text":"DESTACADAS","link":"https:\/\/larevistadigital.com.ar\/blog\/category\/destacadas\/"},"img":{"alt_text":"","src":"https:\/\/i0.wp.com\/larevistadigital.com.ar\/blog\/wp-content\/uploads\/WhatsApp-Image-2022-09-16-at-20.24.19.jpeg?fit=539%2C1200&ssl=1&resize=350%2C200","width":350,"height":200,"srcset":"https:\/\/i0.wp.com\/larevistadigital.com.ar\/blog\/wp-content\/uploads\/WhatsApp-Image-2022-09-16-at-20.24.19.jpeg?fit=539%2C1200&ssl=1&resize=350%2C200 1x, https:\/\/i0.wp.com\/larevistadigital.com.ar\/blog\/wp-content\/uploads\/WhatsApp-Image-2022-09-16-at-20.24.19.jpeg?fit=539%2C1200&ssl=1&resize=525%2C300 1.5x"},"classes":[]},{"id":35437,"url":"https:\/\/larevistadigital.com.ar\/blog\/chascomus-robo-en-un-corralon-y-fue-detenido-por-la-policia\/","url_meta":{"origin":35201,"position":3},"title":"CHASCOM\u00daS: ROB\u00d3 EN UN CORRAL\u00d3N Y FUE DETENIDO POR LA POLIC\u00cdA","author":"Alejandro Sosa Ruda","date":"9 marzo, 2024","format":false,"excerpt":"El sujeto oriundo de Dolores, intent\u00f3 escapar, pero fue aprehendido a pocas cuadras del lugar, con todos los elementos robados. 9 de marzo de 2024 CHASCOM\u00daS -\u00a0 Durante las primeras horas de la madrugada del dia de la fecha, personal policial de E.P.C. Chascomus 1ra., procedi\u00f3 a la aprehensi\u00f3n de\u2026","rel":"","context":"En \u00abCHASCOM\u00daS\u00bb","block_context":{"text":"CHASCOM\u00daS","link":"https:\/\/larevistadigital.com.ar\/blog\/category\/chascomus\/"},"img":{"alt_text":"","src":"https:\/\/i0.wp.com\/larevistadigital.com.ar\/blog\/wp-content\/uploads\/1620734311775.jpg?fit=1200%2C777&ssl=1&resize=350%2C200","width":350,"height":200,"srcset":"https:\/\/i0.wp.com\/larevistadigital.com.ar\/blog\/wp-content\/uploads\/1620734311775.jpg?fit=1200%2C777&ssl=1&resize=350%2C200 1x, https:\/\/i0.wp.com\/larevistadigital.com.ar\/blog\/wp-content\/uploads\/1620734311775.jpg?fit=1200%2C777&ssl=1&resize=525%2C300 1.5x, https:\/\/i0.wp.com\/larevistadigital.com.ar\/blog\/wp-content\/uploads\/1620734311775.jpg?fit=1200%2C777&ssl=1&resize=700%2C400 2x, https:\/\/i0.wp.com\/larevistadigital.com.ar\/blog\/wp-content\/uploads\/1620734311775.jpg?fit=1200%2C777&ssl=1&resize=1050%2C600 3x"},"classes":[]},{"id":31116,"url":"https:\/\/larevistadigital.com.ar\/blog\/chascomus-detienen-al-autor-de-un-robo-a-una-mujer-en-juarez-y-escribano\/","url_meta":{"origin":35201,"position":4},"title":"CHASCOM\u00daS: DETIENEN AL AUTOR DE UN ROBO A UNA MUJER EN JUAREZ Y ESCRIBANO","author":"Alejandro Sosa Ruda","date":"19 abril, 2023","format":false,"excerpt":"El sujeto detenido fue identificado como autor del robo de una cartera a una se\u00f1ora el lunes 17\/4 pasado. 19 de abril de 2023 CHASCOM\u00daS -\u00a0 En horas de la tarde del d\u00eda de hoy, se llev\u00f3 a cabo una detenci\u00f3n en la v\u00eda p\u00fablica por personal del Gabinete T\u00e9cnico\u2026","rel":"","context":"En \u00abDESTACADAS\u00bb","block_context":{"text":"DESTACADAS","link":"https:\/\/larevistadigital.com.ar\/blog\/category\/destacadas\/"},"img":{"alt_text":"","src":"https:\/\/i0.wp.com\/larevistadigital.com.ar\/blog\/wp-content\/uploads\/WhatsApp-Image-2023-04-19-at-18.23.58-e1681941378946.jpeg?fit=899%2C952&ssl=1&resize=350%2C200","width":350,"height":200,"srcset":"https:\/\/i0.wp.com\/larevistadigital.com.ar\/blog\/wp-content\/uploads\/WhatsApp-Image-2023-04-19-at-18.23.58-e1681941378946.jpeg?fit=899%2C952&ssl=1&resize=350%2C200 1x, https:\/\/i0.wp.com\/larevistadigital.com.ar\/blog\/wp-content\/uploads\/WhatsApp-Image-2023-04-19-at-18.23.58-e1681941378946.jpeg?fit=899%2C952&ssl=1&resize=525%2C300 1.5x, https:\/\/i0.wp.com\/larevistadigital.com.ar\/blog\/wp-content\/uploads\/WhatsApp-Image-2023-04-19-at-18.23.58-e1681941378946.jpeg?fit=899%2C952&ssl=1&resize=700%2C400 2x"},"classes":[]},{"id":28471,"url":"https:\/\/larevistadigital.com.ar\/blog\/chascomus-le-pidio-para-comer-y-cuando-la-comerciante-se-descuido-le-robo-el-celular-es-menor-de-edad-y-esta-identificado\/","url_meta":{"origin":35201,"position":5},"title":"CHASCOM\u00daS: LE PIDI\u00d3 PARA COMER Y CUANDO LA COMERCIANTE SE DESCUID\u00d3 LE ROB\u00d3 EL CELULAR. ES MENOR DE EDAD Y EST\u00c1 IDENTIFICADO","author":"Alejandro Sosa Ruda","date":"18 octubre, 2022","format":false,"excerpt":"Aprovech\u00f3 la buena voluntad de la comerciante y le rob\u00f3 el celular. 18 de octubre de 2022 CHASCOM\u00daS -\u00a0 Durante la jornada de ayer en horas del mediod\u00eda, una mujer se encontraba atendiendo su negocio en calle Garay, cuando un menor ingres\u00f3 y le pidi\u00f3 algo para comer. El muchacho,\u2026","rel":"","context":"En \u00abINTERES GENERAL\u00bb","block_context":{"text":"INTERES GENERAL","link":"https:\/\/larevistadigital.com.ar\/blog\/category\/interes-general\/"},"img":{"alt_text":"","src":"https:\/\/i0.wp.com\/larevistadigital.com.ar\/blog\/wp-content\/uploads\/2019\/01\/bbx_755050019_comisaria_chasco_01.jpg?fit=800%2C579&ssl=1&resize=350%2C200","width":350,"height":200,"srcset":"https:\/\/i0.wp.com\/larevistadigital.com.ar\/blog\/wp-content\/uploads\/2019\/01\/bbx_755050019_comisaria_chasco_01.jpg?fit=800%2C579&ssl=1&resize=350%2C200 1x, https:\/\/i0.wp.com\/larevistadigital.com.ar\/blog\/wp-content\/uploads\/2019\/01\/bbx_755050019_comisaria_chasco_01.jpg?fit=800%2C579&ssl=1&resize=525%2C300 1.5x, https:\/\/i0.wp.com\/larevistadigital.com.ar\/blog\/wp-content\/uploads\/2019\/01\/bbx_755050019_comisaria_chasco_01.jpg?fit=800%2C579&ssl=1&resize=700%2C400 2x"},"classes":[]}],"_links":{"self":[{"href":"https:\/\/larevistadigital.com.ar\/blog\/wp-json\/wp\/v2\/posts\/35201","targetHints":{"allow":["GET"]}}],"collection":[{"href":"https:\/\/larevistadigital.com.ar\/blog\/wp-json\/wp\/v2\/posts"}],"about":[{"href":"https:\/\/larevistadigital.com.ar\/blog\/wp-json\/wp\/v2\/types\/post"}],"author":[{"embeddable":true,"href":"https:\/\/larevistadigital.com.ar\/blog\/wp-json\/wp\/v2\/users\/3"}],"replies":[{"embeddable":true,"href":"https:\/\/larevistadigital.com.ar\/blog\/wp-json\/wp\/v2\/comments?post=35201"}],"version-history":[{"count":1,"href":"https:\/\/larevistadigital.com.ar\/blog\/wp-json\/wp\/v2\/posts\/35201\/revisions"}],"predecessor-version":[{"id":35203,"href":"https:\/\/larevistadigital.com.ar\/blog\/wp-json\/wp\/v2\/posts\/35201\/revisions\/35203"}],"wp:featuredmedia":[{"embeddable":true,"href":"https:\/\/larevistadigital.com.ar\/blog\/wp-json\/wp\/v2\/media\/35202"}],"wp:attachment":[{"href":"https:\/\/larevistadigital.com.ar\/blog\/wp-json\/wp\/v2\/media?parent=35201"}],"wp:term":[{"taxonomy":"category","embeddable":true,"href":"https:\/\/larevistadigital.com.ar\/blog\/wp-json\/wp\/v2\/categories?post=35201"},{"taxonomy":"post_tag","embeddable":true,"href":"https:\/\/larevistadigital.com.ar\/blog\/wp-json\/wp\/v2\/tags?post=35201"}],"curies":[{"name":"wp","href":"https:\/\/api.w.org\/{rel}","templated":true}]}}