{"id":35207,"date":"2024-02-09T13:08:17","date_gmt":"2024-02-09T16:08:17","guid":{"rendered":"https:\/\/larevistadigital.com.ar\/blog\/?p=35207"},"modified":"2024-02-09T13:08:17","modified_gmt":"2024-02-09T16:08:17","slug":"crimen-de-nicolas-ricardi-se-transformo-en-prision-preventiva-la-detencion-del-mayor-detenido-en-relacion-a-la-causa-por-homicidio-criminis-causa","status":"publish","type":"post","link":"https:\/\/larevistadigital.com.ar\/blog\/crimen-de-nicolas-ricardi-se-transformo-en-prision-preventiva-la-detencion-del-mayor-detenido-en-relacion-a-la-causa-por-homicidio-criminis-causa\/","title":{"rendered":"CRIMEN DE NICOLAS RICARDI: SE TRANSFORM\u00d3 EN PRISI\u00d3N PREVENTIVA LA DETENCI\u00d3N DEL MAYOR DETENIDO EN RELACI\u00d3N A LA CAUSA POR HOMICIDIO CRIMINIS CAUSA"},"content":{"rendered":"<h2>Novedades en el caso que conmocion\u00f3 a Chascom\u00fas y por el que todos pedimos justicia.<\/h2>\n<p>9 de febrero de 2023<\/p>\n<p><strong>CHASCOM\u00daS &#8211;\u00a0<\/strong> Se tomo conocimiento que en la fecha y por pedido de la Dra. <strong>Daniela Bertoletti<\/strong> titular de U.F.I.D. N 9 de Chascomus, el Juzgado de Garantias n 5 de Chascom\u00fas <strong>Chirsitian Gasquet<\/strong> orden\u00f3 convertir en Prisi\u00f3n Preventiva la detenci\u00f3n de la persona mayor de edad detenida en la causa que se sigue por el delito de Homicidio Crimins Causa, en la que resultara v\u00edctima el joven de 16 a\u00f1os <strong>Nicolas Ricardi<\/strong>.<\/p>\n<p>Adem\u00e1s, se tomo conocimiento por parte del Fuero de Responsabilidad Penal Juvenil a cargo de la Dra. <strong>M\u00f3nica Ferre<\/strong> que luego de la audiencia efectuada en la fecha, por pedido de la misma y convalidado por el Juzgado de Menores de Dolores, el menor de 15 a\u00f1os y el menor de 17 a\u00f1os ya detenidos por el delito de Homicidio Criminis Causa en perjuicio de <strong>Nicol\u00e1s Ricardi<\/strong> <strong>continuaran detenidos y alojados en el Centro Cerrado de Menores de Dolores<\/strong> por 120 dias mas contando desde le 14 de Febrero del a\u00f1o en curso, donde se efectuara una nueva audiencia.<\/p>\n","protected":false},"excerpt":{"rendered":"<div class=\"mh-excerpt\"><p>Novedades en el caso que conmocion\u00f3 a Chascom\u00fas y por el que todos pedimos justicia. 9 de febrero de 2023 CHASCOM\u00daS &#8211;\u00a0 Se tomo conocimiento que en la fecha y por pedido de la Dra. <a class=\"mh-excerpt-more\" href=\"https:\/\/larevistadigital.com.ar\/blog\/crimen-de-nicolas-ricardi-se-transformo-en-prision-preventiva-la-detencion-del-mayor-detenido-en-relacion-a-la-causa-por-homicidio-criminis-causa\/\" title=\"CRIMEN DE NICOLAS RICARDI: SE TRANSFORM\u00d3 EN PRISI\u00d3N PREVENTIVA LA DETENCI\u00d3N DEL MAYOR DETENIDO EN RELACI\u00d3N A LA CAUSA POR HOMICIDIO CRIMINIS CAUSA\">[Leer M\u00e1s]<\/a><\/p>\n<\/div>","protected":false},"author":3,"featured_media":35208,"comment_status":"open","ping_status":"open","sticky":false,"template":"","format":"standard","meta":{"_jetpack_memberships_contains_paid_content":false,"footnotes":"","jetpack_publicize_message":"","jetpack_publicize_feature_enabled":true,"jetpack_social_post_already_shared":true,"jetpack_social_options":{"image_generator_settings":{"template":"highway","default_image_id":0,"font":"","enabled":false},"version":2}},"categories":[41],"tags":[],"class_list":{"0":"post-35207","1":"post","2":"type-post","3":"status-publish","4":"format-standard","5":"has-post-thumbnail","7":"category-destacadas"},"jetpack_publicize_connections":[],"jetpack_featured_media_url":"https:\/\/i0.wp.com\/larevistadigital.com.ar\/blog\/wp-content\/uploads\/424784101_10231858592392295_6129313729880495626_n.jpg?fit=602%2C602&ssl=1","jetpack_sharing_enabled":true,"jetpack_shortlink":"https:\/\/wp.me\/p8qtrQ-99R","jetpack-related-posts":[{"id":33048,"url":"https:\/\/larevistadigital.com.ar\/blog\/chascomus-contiene-video-la-policia-comunal-investigo-y-detuvo-a-un-individuo-acusado-de\/","url_meta":{"origin":35207,"position":0},"title":"CHASCOM\u00daS: (CONTIENE VIDEO) LA POLIC\u00cdA COMUNAL INVESTIG\u00d3 Y DETUVO A UN INDIVIDUO ACUSADO DE","author":"Alejandro Sosa Ruda","date":"26 agosto, 2023","format":false,"excerpt":"Se realiz\u00f3 una r\u00e1pida tarea investigativa y detencion del imputado. 26 de enero de 2023 CHASCOM\u00daS -\u00a0 En el d\u00eda de ayer en horas de la ma\u00f1ana personal de EPC Chascomus Primera tomo conocimiento un hecho de abuso sexual. Inmediatamente y ya con el equipo interdisciplinario de la Comisaria de\u2026","rel":"","context":"En \u00abDESTACADAS\u00bb","block_context":{"text":"DESTACADAS","link":"https:\/\/larevistadigital.com.ar\/blog\/category\/destacadas\/"},"img":{"alt_text":"","src":"https:\/\/i0.wp.com\/larevistadigital.com.ar\/blog\/wp-content\/uploads\/WhatsApp-Image-2023-08-26-at-13.52.15-e1693075825723.jpeg?fit=866%2C909&ssl=1&resize=350%2C200","width":350,"height":200,"srcset":"https:\/\/i0.wp.com\/larevistadigital.com.ar\/blog\/wp-content\/uploads\/WhatsApp-Image-2023-08-26-at-13.52.15-e1693075825723.jpeg?fit=866%2C909&ssl=1&resize=350%2C200 1x, https:\/\/i0.wp.com\/larevistadigital.com.ar\/blog\/wp-content\/uploads\/WhatsApp-Image-2023-08-26-at-13.52.15-e1693075825723.jpeg?fit=866%2C909&ssl=1&resize=525%2C300 1.5x, https:\/\/i0.wp.com\/larevistadigital.com.ar\/blog\/wp-content\/uploads\/WhatsApp-Image-2023-08-26-at-13.52.15-e1693075825723.jpeg?fit=866%2C909&ssl=1&resize=700%2C400 2x"},"classes":[]},{"id":24830,"url":"https:\/\/larevistadigital.com.ar\/blog\/chascomus-detienen-individuo-por-el-robo-de-un-vehiculo\/","url_meta":{"origin":35207,"position":1},"title":"CHASCOM\u00daS: DETIENEN INDIVIDUO POR EL ROBO DE UN VEH\u00cdCULO","author":"Alejandro Sosa Ruda","date":"26 marzo, 2022","format":false,"excerpt":"CHASCOM\u00daS -\u00a0 Luego de las actuaciones que se realizaron a ra\u00edz de una denuncia realizada d\u00edas atr\u00e1s, en relaci\u00f3n al robo de un veh\u00edculo, personal del servicio de calle local, como consecuencia de las investigaciones, procedieron a la detenci\u00f3n de Lucas Cardozo. Cabe se\u00f1alar que pesaba sobre el mismo, un\u2026","rel":"","context":"En \u00abDESTACADAS\u00bb","block_context":{"text":"DESTACADAS","link":"https:\/\/larevistadigital.com.ar\/blog\/category\/destacadas\/"},"img":{"alt_text":"","src":"https:\/\/i0.wp.com\/larevistadigital.com.ar\/blog\/wp-content\/uploads\/WhatsApp-Image-2022-03-26-at-2.31.08-PM.jpeg?fit=900%2C1200&ssl=1&resize=350%2C200","width":350,"height":200,"srcset":"https:\/\/i0.wp.com\/larevistadigital.com.ar\/blog\/wp-content\/uploads\/WhatsApp-Image-2022-03-26-at-2.31.08-PM.jpeg?fit=900%2C1200&ssl=1&resize=350%2C200 1x, https:\/\/i0.wp.com\/larevistadigital.com.ar\/blog\/wp-content\/uploads\/WhatsApp-Image-2022-03-26-at-2.31.08-PM.jpeg?fit=900%2C1200&ssl=1&resize=525%2C300 1.5x, https:\/\/i0.wp.com\/larevistadigital.com.ar\/blog\/wp-content\/uploads\/WhatsApp-Image-2022-03-26-at-2.31.08-PM.jpeg?fit=900%2C1200&ssl=1&resize=700%2C400 2x"},"classes":[]},{"id":39142,"url":"https:\/\/larevistadigital.com.ar\/blog\/cae-la-ultima-profuga-del-asalto-a-una-inmobiliaria-en-chascomus\/","url_meta":{"origin":35207,"position":2},"title":"Cae la \u00faltima pr\u00f3fuga del asalto a una inmobiliaria en Chascom\u00fas","author":"Alejandro Sosa Ruda","date":"26 marzo, 2025","format":false,"excerpt":"Tras semanas de investigaci\u00f3n, una mujer fue capturada en la zona rural de Estaci\u00f3n Camet 26 de Marzo de 2025 CHASCOM\u00daS -\u00a0 \u00a0El d\u00eda s\u00e1bado, personal de la SUBDDI CHASCOM\u00daS, procedi\u00f3 a la detenci\u00f3n de la \u00faltima persona que se halla sindicada como participe en el Robo acontecido el d\u00eda\u2026","rel":"","context":"En \u00abDESTACADAS\u00bb","block_context":{"text":"DESTACADAS","link":"https:\/\/larevistadigital.com.ar\/blog\/category\/destacadas\/"},"img":{"alt_text":"","src":"https:\/\/i0.wp.com\/larevistadigital.com.ar\/blog\/wp-content\/uploads\/WhatsApp-Image-2025-03-25-at-23.14.28.jpeg?fit=1011%2C1200&ssl=1&resize=350%2C200","width":350,"height":200,"srcset":"https:\/\/i0.wp.com\/larevistadigital.com.ar\/blog\/wp-content\/uploads\/WhatsApp-Image-2025-03-25-at-23.14.28.jpeg?fit=1011%2C1200&ssl=1&resize=350%2C200 1x, https:\/\/i0.wp.com\/larevistadigital.com.ar\/blog\/wp-content\/uploads\/WhatsApp-Image-2025-03-25-at-23.14.28.jpeg?fit=1011%2C1200&ssl=1&resize=525%2C300 1.5x, https:\/\/i0.wp.com\/larevistadigital.com.ar\/blog\/wp-content\/uploads\/WhatsApp-Image-2025-03-25-at-23.14.28.jpeg?fit=1011%2C1200&ssl=1&resize=700%2C400 2x"},"classes":[]},{"id":15742,"url":"https:\/\/larevistadigital.com.ar\/blog\/allanamientos-y-detencion-en-chascomus-por-la-policia-federal\/","url_meta":{"origin":35207,"position":3},"title":"ALLANAMIENTOS Y DETENCI\u00d3N EN CHASCOM\u00daS POR LA POLIC\u00cdA FEDERAL","author":"Alejandro Sosa Ruda","date":"22 junio, 2020","format":false,"excerpt":"El d\u00eda s\u00e1bado por la ma\u00f1ana, efectivos de la Subdelegaci\u00f3n Chascom\u00fas de la Polic\u00eda Federal Argentina, procedieron a la detenci\u00f3n de dos sujetos mayores de edad, oriundos nuestra ciudad, quienes circulaban a bordo de un veh\u00edculo particular Chevrolet Prisma, transportando gran cantidad de clorhidrato de coca\u00edna, picadura de marihuana y\u2026","rel":"","context":"En \u00abINTERES GENERAL\u00bb","block_context":{"text":"INTERES GENERAL","link":"https:\/\/larevistadigital.com.ar\/blog\/category\/interes-general\/"},"img":{"alt_text":"","src":"https:\/\/i0.wp.com\/larevistadigital.com.ar\/blog\/wp-content\/uploads\/a-12.png?fit=737%2C415&ssl=1&resize=350%2C200","width":350,"height":200,"srcset":"https:\/\/i0.wp.com\/larevistadigital.com.ar\/blog\/wp-content\/uploads\/a-12.png?fit=737%2C415&ssl=1&resize=350%2C200 1x, https:\/\/i0.wp.com\/larevistadigital.com.ar\/blog\/wp-content\/uploads\/a-12.png?fit=737%2C415&ssl=1&resize=525%2C300 1.5x, https:\/\/i0.wp.com\/larevistadigital.com.ar\/blog\/wp-content\/uploads\/a-12.png?fit=737%2C415&ssl=1&resize=700%2C400 2x"},"classes":[]},{"id":44823,"url":"https:\/\/larevistadigital.com.ar\/blog\/detuvieron-en-santa-clara-del-mar-a-un-hombre-con-pedido-de-captura-por-homicidio\/","url_meta":{"origin":35207,"position":4},"title":"Detuvieron en Santa Clara del Mar a un hombre con pedido de captura por homicidio","author":"Alejandro Sosa Ruda","date":"30 marzo, 2026","format":false,"excerpt":"Fue interceptado en la v\u00eda p\u00fablica tras tareas investigativas. La Justicia orden\u00f3 su traslado y qued\u00f3 alojado en la Unidad Penal de Bat\u00e1n. 30 de marzo de 2026 Santa Clara del Mar,- BUENOS AIRES -\u00a0 Un hombre de 39 a\u00f1os, sobre quien pesaba un pedido de captura activo por una\u2026","rel":"","context":"En \u00abPOLICIALES\u00bb","block_context":{"text":"POLICIALES","link":"https:\/\/larevistadigital.com.ar\/blog\/category\/policiales\/"},"img":{"alt_text":"","src":"https:\/\/i0.wp.com\/larevistadigital.com.ar\/blog\/wp-content\/uploads\/Captura-de-pantalla-2026-03-30-202935.jpg?fit=798%2C425&ssl=1&resize=350%2C200","width":350,"height":200,"srcset":"https:\/\/i0.wp.com\/larevistadigital.com.ar\/blog\/wp-content\/uploads\/Captura-de-pantalla-2026-03-30-202935.jpg?fit=798%2C425&ssl=1&resize=350%2C200 1x, https:\/\/i0.wp.com\/larevistadigital.com.ar\/blog\/wp-content\/uploads\/Captura-de-pantalla-2026-03-30-202935.jpg?fit=798%2C425&ssl=1&resize=525%2C300 1.5x, https:\/\/i0.wp.com\/larevistadigital.com.ar\/blog\/wp-content\/uploads\/Captura-de-pantalla-2026-03-30-202935.jpg?fit=798%2C425&ssl=1&resize=700%2C400 2x"},"classes":[]},{"id":37194,"url":"https:\/\/larevistadigital.com.ar\/blog\/chascomus-detienen-a-un-profugo-por-homicidio-y-a-uns-sujeto-por-trafico-de-drogas-en-dos-allanamientos\/","url_meta":{"origin":35207,"position":5},"title":"CHASCOM\u00daS: DETIENEN A UN PR\u00d3FUGO POR HOMICIDIO Y A UN SUJETO POR TR\u00c1FICO DE DROGAS EN DOS ALLANAMIENTOS","author":"Alejandro Sosa Ruda","date":"11 septiembre, 2024","format":false,"excerpt":"El primero fue en el barrio San Cayetano, el segundo detr\u00e1s del cementerio. 11 de Septiembre de 2024 CHASCOM\u00daS -\u00a0 Luego de aproximadamente dos meses de investigacion, de tareas y vigilancias encubiertas, personal policial del Gabinete Tecnico Operativo, logro establecer la identidad de una persona de sexo masculino oriundo de\u2026","rel":"","context":"En \u00abDESTACADAS\u00bb","block_context":{"text":"DESTACADAS","link":"https:\/\/larevistadigital.com.ar\/blog\/category\/destacadas\/"},"img":{"alt_text":"","src":"https:\/\/i0.wp.com\/larevistadigital.com.ar\/blog\/wp-content\/uploads\/Patrullero-La-Plata-Berisso-Policia.jpg?fit=882%2C492&ssl=1&resize=350%2C200","width":350,"height":200,"srcset":"https:\/\/i0.wp.com\/larevistadigital.com.ar\/blog\/wp-content\/uploads\/Patrullero-La-Plata-Berisso-Policia.jpg?fit=882%2C492&ssl=1&resize=350%2C200 1x, https:\/\/i0.wp.com\/larevistadigital.com.ar\/blog\/wp-content\/uploads\/Patrullero-La-Plata-Berisso-Policia.jpg?fit=882%2C492&ssl=1&resize=525%2C300 1.5x, https:\/\/i0.wp.com\/larevistadigital.com.ar\/blog\/wp-content\/uploads\/Patrullero-La-Plata-Berisso-Policia.jpg?fit=882%2C492&ssl=1&resize=700%2C400 2x"},"classes":[]}],"_links":{"self":[{"href":"https:\/\/larevistadigital.com.ar\/blog\/wp-json\/wp\/v2\/posts\/35207","targetHints":{"allow":["GET"]}}],"collection":[{"href":"https:\/\/larevistadigital.com.ar\/blog\/wp-json\/wp\/v2\/posts"}],"about":[{"href":"https:\/\/larevistadigital.com.ar\/blog\/wp-json\/wp\/v2\/types\/post"}],"author":[{"embeddable":true,"href":"https:\/\/larevistadigital.com.ar\/blog\/wp-json\/wp\/v2\/users\/3"}],"replies":[{"embeddable":true,"href":"https:\/\/larevistadigital.com.ar\/blog\/wp-json\/wp\/v2\/comments?post=35207"}],"version-history":[{"count":2,"href":"https:\/\/larevistadigital.com.ar\/blog\/wp-json\/wp\/v2\/posts\/35207\/revisions"}],"predecessor-version":[{"id":35210,"href":"https:\/\/larevistadigital.com.ar\/blog\/wp-json\/wp\/v2\/posts\/35207\/revisions\/35210"}],"wp:featuredmedia":[{"embeddable":true,"href":"https:\/\/larevistadigital.com.ar\/blog\/wp-json\/wp\/v2\/media\/35208"}],"wp:attachment":[{"href":"https:\/\/larevistadigital.com.ar\/blog\/wp-json\/wp\/v2\/media?parent=35207"}],"wp:term":[{"taxonomy":"category","embeddable":true,"href":"https:\/\/larevistadigital.com.ar\/blog\/wp-json\/wp\/v2\/categories?post=35207"},{"taxonomy":"post_tag","embeddable":true,"href":"https:\/\/larevistadigital.com.ar\/blog\/wp-json\/wp\/v2\/tags?post=35207"}],"curies":[{"name":"wp","href":"https:\/\/api.w.org\/{rel}","templated":true}]}}