{"id":35213,"date":"2024-02-10T23:27:33","date_gmt":"2024-02-11T02:27:33","guid":{"rendered":"https:\/\/larevistadigital.com.ar\/blog\/?p=35213"},"modified":"2024-02-10T23:27:33","modified_gmt":"2024-02-11T02:27:33","slug":"choque-de-frente-entre-auto-y-camion-hay-dos-muertos","status":"publish","type":"post","link":"https:\/\/larevistadigital.com.ar\/blog\/choque-de-frente-entre-auto-y-camion-hay-dos-muertos\/","title":{"rendered":"CHOQUE DE FRENTE ENTRE AUTO Y CAMI\u00d3N&#8230; HAY DOS MUERTOS"},"content":{"rendered":"<h2 dir=\"auto\">Se investigan las razones del siniestro, donde los dos ocupantes del autom\u00f3vil perdieron la vida.<\/h2>\n<div dir=\"auto\">10 de febrero de 2023<\/div>\n<div dir=\"auto\"><\/div>\n<div dir=\"auto\"><strong>MISIONES &#8211;<\/strong>\u00a0 \u00a0Siendo a las 4:20 Am del d\u00eda de hoy, se registr\u00f3 siniestro vial en Ruta Nacional. N\u00b0 12 km 1.445, donde por causas que se tratan de establecer, un Cami\u00f3n Marca Iveco de color blanco, de la empresa Central Argentino, conducido por un joven de 26 a\u00f1os domiciliado en la Ciudad de Posadas,\u00a0 y acompa\u00f1ado por otros dos cuidanos de 42 y 30 a\u00f1os tambi\u00e9n domiciliado en dicha Ciudad circulaban sentido Norte-Sur (Capiovi-Jard\u00edn Am\u00e9rica) cuando\u00a0 impactan\u00a0 frontalmente, contra un veh\u00edculo marca FIAT modelo Uno, color gris, al mando de <strong>J. A. ALEJANDRO<\/strong>, Domiciliado en la ciudad de Pto Rico, y como acompa\u00f1ante <strong>YANET A<\/strong>. donde lamentablemente como consecuencia del impacto ambos ocupantes del rodado menor perdieron la vida, quienes circulaban sentido Sur-Norte J. America -Capiovi.<\/div>\n<div dir=\"auto\"><\/div>\n<div dir=\"auto\">Actu\u00f3 en el lugar la Ambulancia de los Bomberos Voluntariosm quienes procedieron al traslado de las v\u00edctimas de transporte mayor al Hospital de \u00c1rea Jard\u00edn.<\/div>\n","protected":false},"excerpt":{"rendered":"<div class=\"mh-excerpt\"><p>Se investigan las razones del siniestro, donde los dos ocupantes del autom\u00f3vil perdieron la vida. 10 de febrero de 2023 MISIONES &#8211;\u00a0 \u00a0Siendo a las 4:20 Am del d\u00eda de hoy, se registr\u00f3 siniestro vial <a class=\"mh-excerpt-more\" href=\"https:\/\/larevistadigital.com.ar\/blog\/choque-de-frente-entre-auto-y-camion-hay-dos-muertos\/\" title=\"CHOQUE DE FRENTE ENTRE AUTO Y CAMI\u00d3N&#8230; HAY DOS MUERTOS\">[Leer M\u00e1s]<\/a><\/p>\n<\/div>","protected":false},"author":3,"featured_media":35214,"comment_status":"open","ping_status":"open","sticky":false,"template":"","format":"standard","meta":{"_jetpack_memberships_contains_paid_content":false,"footnotes":"","jetpack_publicize_message":"","jetpack_publicize_feature_enabled":true,"jetpack_social_post_already_shared":true,"jetpack_social_options":{"image_generator_settings":{"template":"highway","default_image_id":0,"font":"","enabled":false},"version":2}},"categories":[41],"tags":[],"class_list":{"0":"post-35213","1":"post","2":"type-post","3":"status-publish","4":"format-standard","5":"has-post-thumbnail","7":"category-destacadas"},"jetpack_publicize_connections":[],"jetpack_featured_media_url":"https:\/\/i0.wp.com\/larevistadigital.com.ar\/blog\/wp-content\/uploads\/426851927_798326112332523_1332665347490834388_n.jpg?fit=720%2C405&ssl=1","jetpack_sharing_enabled":true,"jetpack_shortlink":"https:\/\/wp.me\/p8qtrQ-99X","jetpack-related-posts":[{"id":44894,"url":"https:\/\/larevistadigital.com.ar\/blog\/tragedia-en-la-ruta-3-cinco-muertos-tras-un-choque-frontal-cerca-de-las-flores\/","url_meta":{"origin":35213,"position":0},"title":"Tragedia en la Ruta 3: cinco muertos tras un choque frontal cerca de Las Flores","author":"Alejandro Sosa Ruda","date":"2 abril, 2026","format":false,"excerpt":"El violento impacto entre dos autos dej\u00f3 adem\u00e1s dos personas heridas. Ocurri\u00f3 a la altura del kil\u00f3metro 210. 02 de abril de 2026 Una tragedia sacudi\u00f3 la noche del mi\u00e9rcoles en la Ruta Nacional 3, a la altura del kil\u00f3metro 210, en cercan\u00edas de la localidad de Las Flores, donde\u2026","rel":"","context":"En \u00abREGIONALES\u00bb","block_context":{"text":"REGIONALES","link":"https:\/\/larevistadigital.com.ar\/blog\/category\/regionales\/"},"img":{"alt_text":"","src":"https:\/\/i0.wp.com\/larevistadigital.com.ar\/blog\/wp-content\/uploads\/Captura-de-pantalla-2026-04-02-120653.jpg?fit=812%2C372&ssl=1&resize=350%2C200","width":350,"height":200,"srcset":"https:\/\/i0.wp.com\/larevistadigital.com.ar\/blog\/wp-content\/uploads\/Captura-de-pantalla-2026-04-02-120653.jpg?fit=812%2C372&ssl=1&resize=350%2C200 1x, https:\/\/i0.wp.com\/larevistadigital.com.ar\/blog\/wp-content\/uploads\/Captura-de-pantalla-2026-04-02-120653.jpg?fit=812%2C372&ssl=1&resize=525%2C300 1.5x, https:\/\/i0.wp.com\/larevistadigital.com.ar\/blog\/wp-content\/uploads\/Captura-de-pantalla-2026-04-02-120653.jpg?fit=812%2C372&ssl=1&resize=700%2C400 2x"},"classes":[]},{"id":43396,"url":"https:\/\/larevistadigital.com.ar\/blog\/choque-entre-un-auto-y-una-moto-en-la-ruta-2-dos-personas-hospitalizadas\/","url_meta":{"origin":35213,"position":1},"title":"Choque entre un auto y una moto en la Ruta 2: dos personas hospitalizadas","author":"Alejandro Sosa Ruda","date":"16 enero, 2026","format":false,"excerpt":"El siniestro ocurri\u00f3 a la altura del kil\u00f3metro 203, en el carril ascendente. Los ocupantes de la motocicleta fueron trasladados al Hospital de Dolores. 16 de enero de 2026 DOLORES -\u00a0 \u00a0Un accidente de tr\u00e1nsito se registr\u00f3 este jueves en la Ruta 2, a la altura del kil\u00f3metro 203, en\u2026","rel":"","context":"En \u00abDOLORES\u00bb","block_context":{"text":"DOLORES","link":"https:\/\/larevistadigital.com.ar\/blog\/category\/dolores\/"},"img":{"alt_text":"","src":"https:\/\/i0.wp.com\/larevistadigital.com.ar\/blog\/wp-content\/uploads\/choque-r2-15-1-26.jpeg?fit=800%2C360&ssl=1&resize=350%2C200","width":350,"height":200,"srcset":"https:\/\/i0.wp.com\/larevistadigital.com.ar\/blog\/wp-content\/uploads\/choque-r2-15-1-26.jpeg?fit=800%2C360&ssl=1&resize=350%2C200 1x, https:\/\/i0.wp.com\/larevistadigital.com.ar\/blog\/wp-content\/uploads\/choque-r2-15-1-26.jpeg?fit=800%2C360&ssl=1&resize=525%2C300 1.5x, https:\/\/i0.wp.com\/larevistadigital.com.ar\/blog\/wp-content\/uploads\/choque-r2-15-1-26.jpeg?fit=800%2C360&ssl=1&resize=700%2C400 2x"},"classes":[]},{"id":30213,"url":"https:\/\/larevistadigital.com.ar\/blog\/ruta-2-volco-auto-con-cinco-jovenes-a-la-altura-de-gral-guido\/","url_meta":{"origin":35213,"position":2},"title":"RUTA 2: VOLC\u00d3 AUTO CON CINCO JOVENES A LA ALTURA DE GRAL. GUIDO","author":"Alejandro Sosa Ruda","date":"22 febrero, 2023","format":false,"excerpt":"Cinco personas de entre 26 y 27 a\u00f1os protagonizaron un siniestro vial a bordo de un veh\u00edculo utilitario y fueron derivados para su atenci\u00f3n m\u00e9dica. 21 de febrero de 2023 Nacieron de nuevo... Es lo que se puede decir de los\u00a0cinco j\u00f3venes que protagonizaron un siniestro, volcando con su veh\u00edculo\u2026","rel":"","context":"En \u00abPOLICIALES\u00bb","block_context":{"text":"POLICIALES","link":"https:\/\/larevistadigital.com.ar\/blog\/category\/policiales\/"},"img":{"alt_text":"","src":"https:\/\/i0.wp.com\/larevistadigital.com.ar\/blog\/wp-content\/uploads\/vuelco-3.jpg?fit=799%2C376&ssl=1&resize=350%2C200","width":350,"height":200,"srcset":"https:\/\/i0.wp.com\/larevistadigital.com.ar\/blog\/wp-content\/uploads\/vuelco-3.jpg?fit=799%2C376&ssl=1&resize=350%2C200 1x, https:\/\/i0.wp.com\/larevistadigital.com.ar\/blog\/wp-content\/uploads\/vuelco-3.jpg?fit=799%2C376&ssl=1&resize=525%2C300 1.5x, https:\/\/i0.wp.com\/larevistadigital.com.ar\/blog\/wp-content\/uploads\/vuelco-3.jpg?fit=799%2C376&ssl=1&resize=700%2C400 2x"},"classes":[]},{"id":43265,"url":"https:\/\/larevistadigital.com.ar\/blog\/tres-jovenes-resultaron-heridos-tras-un-vuelco-en-la-ruta-2-a-la-altura-de-maipu\/","url_meta":{"origin":35213,"position":3},"title":"Tres j\u00f3venes resultaron heridos tras un vuelco en la Ruta 2 a la altura de Maip\u00fa","author":"Alejandro Sosa Ruda","date":"10 enero, 2026","format":false,"excerpt":"El siniestro ocurri\u00f3 en la ma\u00f1ana del s\u00e1bado, en el kil\u00f3metro 259, mano a Mar del Plata. Los ocupantes, oriundos de La Matanza, fueron trasladados de manera preventiva al hospital local. 10 de enero de 2026 Un siniestro vial se registr\u00f3 este s\u00e1bado por la ma\u00f1ana sobre la Ruta 2,\u2026","rel":"","context":"En \u00abPOLICIALES\u00bb","block_context":{"text":"POLICIALES","link":"https:\/\/larevistadigital.com.ar\/blog\/category\/policiales\/"},"img":{"alt_text":"","src":"https:\/\/i0.wp.com\/larevistadigital.com.ar\/blog\/wp-content\/uploads\/vuelco-2-1.jpg?fit=592%2C349&ssl=1&resize=350%2C200","width":350,"height":200,"srcset":"https:\/\/i0.wp.com\/larevistadigital.com.ar\/blog\/wp-content\/uploads\/vuelco-2-1.jpg?fit=592%2C349&ssl=1&resize=350%2C200 1x, https:\/\/i0.wp.com\/larevistadigital.com.ar\/blog\/wp-content\/uploads\/vuelco-2-1.jpg?fit=592%2C349&ssl=1&resize=525%2C300 1.5x"},"classes":[]},{"id":37343,"url":"https:\/\/larevistadigital.com.ar\/blog\/terrible-accidente-en-la-ruta-11-con-el-saldo-de-un-muerto-y-un-herido\/","url_meta":{"origin":35213,"position":4},"title":"Terrible accidente en la ruta 11 con el saldo de un muerto y un herido","author":"Alejandro Sosa Ruda","date":"29 septiembre, 2024","format":false,"excerpt":"Se investigan las causas que originaron el siniestro. 29 de Septiembre de 2024 BUENOS AIRES -\u00a0 Todo ocurri\u00f3 hoy, domingo entre las localidades de Nueva Atlantis y Punta M\u00e9danos en el Partido de la Costa, en la ruta 11 a la altura del kil\u00f3metro 359. Se investigan las causas que\u2026","rel":"","context":"En \u00abPOLICIALES\u00bb","block_context":{"text":"POLICIALES","link":"https:\/\/larevistadigital.com.ar\/blog\/category\/policiales\/"},"img":{"alt_text":"","src":"https:\/\/i0.wp.com\/larevistadigital.com.ar\/blog\/wp-content\/uploads\/b3aac0b0bdde8dd8bc9f955bad1d16499fed129e.jpg?fit=1140%2C670&ssl=1&resize=350%2C200","width":350,"height":200,"srcset":"https:\/\/i0.wp.com\/larevistadigital.com.ar\/blog\/wp-content\/uploads\/b3aac0b0bdde8dd8bc9f955bad1d16499fed129e.jpg?fit=1140%2C670&ssl=1&resize=350%2C200 1x, https:\/\/i0.wp.com\/larevistadigital.com.ar\/blog\/wp-content\/uploads\/b3aac0b0bdde8dd8bc9f955bad1d16499fed129e.jpg?fit=1140%2C670&ssl=1&resize=525%2C300 1.5x, https:\/\/i0.wp.com\/larevistadigital.com.ar\/blog\/wp-content\/uploads\/b3aac0b0bdde8dd8bc9f955bad1d16499fed129e.jpg?fit=1140%2C670&ssl=1&resize=700%2C400 2x, https:\/\/i0.wp.com\/larevistadigital.com.ar\/blog\/wp-content\/uploads\/b3aac0b0bdde8dd8bc9f955bad1d16499fed129e.jpg?fit=1140%2C670&ssl=1&resize=1050%2C600 3x"},"classes":[]},{"id":28207,"url":"https:\/\/larevistadigital.com.ar\/blog\/cnel-vidal-un-muerto-tras-choque-en-la-ruta-55\/","url_meta":{"origin":35213,"position":5},"title":"CNEL. VIDAL: UN MUERTO TRAS CHOQUE EN LA RUTA 55","author":"Alejandro Sosa Ruda","date":"2 octubre, 2022","format":false,"excerpt":"Fue entre una camioneta y un cami\u00f3n. Pudo ser como consecuencia de la gran niebla. 02 de Octubre de 2022 CORONEL VIDAL -\u00a0 El accidente sucedi\u00f3 durante la ma\u00f1ana de ayer, a la altura de Coronel Vidal en la\u00a0 ruta 55, donde un hombre de 65 a\u00f1os de edad, result\u00f3\u2026","rel":"","context":"En \u00abPOLICIALES\u00bb","block_context":{"text":"POLICIALES","link":"https:\/\/larevistadigital.com.ar\/blog\/category\/policiales\/"},"img":{"alt_text":"","src":"https:\/\/i0.wp.com\/larevistadigital.com.ar\/blog\/wp-content\/uploads\/f837c0c7427de0636a5e002abf5c8a555fa2a72a.jpg?fit=1140%2C641&ssl=1&resize=350%2C200","width":350,"height":200,"srcset":"https:\/\/i0.wp.com\/larevistadigital.com.ar\/blog\/wp-content\/uploads\/f837c0c7427de0636a5e002abf5c8a555fa2a72a.jpg?fit=1140%2C641&ssl=1&resize=350%2C200 1x, https:\/\/i0.wp.com\/larevistadigital.com.ar\/blog\/wp-content\/uploads\/f837c0c7427de0636a5e002abf5c8a555fa2a72a.jpg?fit=1140%2C641&ssl=1&resize=525%2C300 1.5x, https:\/\/i0.wp.com\/larevistadigital.com.ar\/blog\/wp-content\/uploads\/f837c0c7427de0636a5e002abf5c8a555fa2a72a.jpg?fit=1140%2C641&ssl=1&resize=700%2C400 2x, https:\/\/i0.wp.com\/larevistadigital.com.ar\/blog\/wp-content\/uploads\/f837c0c7427de0636a5e002abf5c8a555fa2a72a.jpg?fit=1140%2C641&ssl=1&resize=1050%2C600 3x"},"classes":[]}],"_links":{"self":[{"href":"https:\/\/larevistadigital.com.ar\/blog\/wp-json\/wp\/v2\/posts\/35213","targetHints":{"allow":["GET"]}}],"collection":[{"href":"https:\/\/larevistadigital.com.ar\/blog\/wp-json\/wp\/v2\/posts"}],"about":[{"href":"https:\/\/larevistadigital.com.ar\/blog\/wp-json\/wp\/v2\/types\/post"}],"author":[{"embeddable":true,"href":"https:\/\/larevistadigital.com.ar\/blog\/wp-json\/wp\/v2\/users\/3"}],"replies":[{"embeddable":true,"href":"https:\/\/larevistadigital.com.ar\/blog\/wp-json\/wp\/v2\/comments?post=35213"}],"version-history":[{"count":1,"href":"https:\/\/larevistadigital.com.ar\/blog\/wp-json\/wp\/v2\/posts\/35213\/revisions"}],"predecessor-version":[{"id":35215,"href":"https:\/\/larevistadigital.com.ar\/blog\/wp-json\/wp\/v2\/posts\/35213\/revisions\/35215"}],"wp:featuredmedia":[{"embeddable":true,"href":"https:\/\/larevistadigital.com.ar\/blog\/wp-json\/wp\/v2\/media\/35214"}],"wp:attachment":[{"href":"https:\/\/larevistadigital.com.ar\/blog\/wp-json\/wp\/v2\/media?parent=35213"}],"wp:term":[{"taxonomy":"category","embeddable":true,"href":"https:\/\/larevistadigital.com.ar\/blog\/wp-json\/wp\/v2\/categories?post=35213"},{"taxonomy":"post_tag","embeddable":true,"href":"https:\/\/larevistadigital.com.ar\/blog\/wp-json\/wp\/v2\/tags?post=35213"}],"curies":[{"name":"wp","href":"https:\/\/api.w.org\/{rel}","templated":true}]}}